{"id":235712,"date":"2022-06-30T10:53:56","date_gmt":"2022-06-30T08:53:56","guid":{"rendered":"https:\/\/www.intoscana.it\/it\/?p=235712"},"modified":"2022-06-30T11:16:09","modified_gmt":"2022-06-30T09:16:09","slug":"la-nave-piu-bella-del-mondo-pronta-a-salpare-da-livorno-143-allievi-a-bordo-dellamerigo-vespucci","status":"publish","type":"post","link":"https:\/\/www.intoscana.it\/it\/la-nave-piu-bella-del-mondo-pronta-a-salpare-da-livorno-143-allievi-a-bordo-dellamerigo-vespucci\/","title":{"rendered":"La nave pi\u00f9 bella del mondo pronta a salpare da Livorno: 143 allievi a bordo dell&#8217;Amerigo Vespucci"},"content":{"rendered":"<p>La nave pi\u00f9 bella del mondo \u00e8 pronta a salpare dal porto di <strong>Livorno<\/strong> per la campagna di istruzione allievi 2022. Il 2 luglio, dalle 10.30, la nave scuola <strong>Amerigo Vespucci<\/strong> accoglier\u00e0 a bordo <mark>143 allievi, di cui 33 ragazze e 13 stranieri provenienti da sei paesi. Una cerimonia ufficiale a cui parteciper\u00e0 il capo di Stato Maggiore della Marina Militare, Enrico Credendino.<\/mark><\/p>\n<h3><em>L&#8217;itinerario della Vespucci<\/em><\/h3>\n<p>La tradizionale campagna d&#8217;istruzione della nave Vespucci quest&#8217;anno far\u00e0 tappa in Spagna, Portogallo, Malta, Tunisia e Marocco, per concludersi a Taranto il 3 settembre. <mark>Sosta speciale a Palarmo, per le celebrazioni legate al trentennale delle stragi mafiose.<\/mark><\/p>\n<p>La partenza della Vespucci segna anche l&#8217;avvio delle altre campagne d&#8217;istruzione delle navi scuola a vela della Marina Militare: l&#8217;Orsa Maggiore, la Stella Polare, Gemini e Antares che, a partire dalla prima settimana di luglio, salperanno con gli aspiranti guardiamarina della terza classe e i guardiamarina della quarta classe dell&#8217;Accademia per svolgere l&#8217;addestramento estivo.<\/p>\n<p>Ecco l&#8217;itinerario completo:<\/p>\n<ul>\n<li>Sosta Palermo, 6 \u2013 9 luglio per il 30\u00b0 anniversario stragi mafiose<\/li>\n<li>Sosta Tunisi, 12 \u2013 15 luglio<\/li>\n<li>Sosta Lisbona (riserva Cadice), 28 \u2013 31 luglio<\/li>\n<li>Sosta Casablanca, 6 \u2013 9 agosto<\/li>\n<li>Sosta Trapani, 23 \u2013 24 agosto<\/li>\n<li>Sosta Malta, 27 \u2013 30 agosto<\/li>\n<li>Arrivo 3 settembre Taranto e sbarco allievi<\/li>\n<\/ul>\n<p>&nbsp;<\/p>\n<figure id=\"post-235754 media-235754\" class=\"align-none\"><img decoding=\"async\" src=\"https:\/\/www.intoscana.it\/wp-content\/uploads\/shutterstock_1800969091-scaled.jpg\" alt=\"\" \/><\/figure>\n<div class=\"titleimg\" style=\"text-align: center;\"><em>Nave scuola Amerigo Vespucci &#8211; \u00a9 photostock360<\/em><\/div>\n<h3><em>La storia della nave<\/em><\/h3>\n<p>Una storia che \u00e8 gi\u00e0 leggenda. Nel 1962 una portaerei Usa incroci\u00f2 la Vespucci nel Mediterraneo. Gli americani chiesero alla nave italiana di identificarsi e senza indugi aggiunsero: <mark><em>&#8220;Siete la nave pi\u00f9 bella del mondo&#8221;<\/em>.<\/mark><\/p>\n<p>La nave scuola Amerigo Vespucci \u00e8 l&#8217;unit\u00e0 pi\u00f9 anziana in servizio nella Marina Militare. Costruita a Castellamare di Stabia, \u00e8 stata varata il 22 febbraio 1931. Entr\u00f2 in servizio come nave scuola il successivo 6 giugno, aggiungendosi alla gemella Cristoforo Colombo (in realt\u00e0 leggermente pi\u00f9 piccola) e costituendo cos\u00ec la &#8220;Divisione Navi Scuola&#8221; al comando dell&#8217;Ammiraglio Cavagnari.<\/p>\n<p>Il motto della nave \u00e8 &#8220;Non chi comincia ma quel che persevera&#8221;, assegnato nel 1978 e sostituedo quello precedente\u00a0 &#8220;Per la Patria e per il Re&#8221;.<\/p>\n<h3><em>Un equipaggio di oltre 400 persone<\/em><\/h3>\n<p>L&#8217;Amerigo Vespucci \u00e8 una nave a vela con motore, con tre alberi verticali, trinchetto, maestra e mezzana, tutti dotati di pennoni e vele quadre, pi\u00f9 il bompresso sporgente a prora, a tutti gli effetti un quarto albero.<\/p>\n<p>L&#8217;equipaggio \u00e8 composto da 264 militari: 15 ufficiali, 30 sottufficiali, 34 sergenti e 185 sottocapi e comuni. <mark>Durante la campagna di istruzione l&#8217;equipaggio viene a tutti gli effetti integrato dagli allievi (circa 100 l\u2019anno) e dal personale di supporto dell&#8217;Accademia Navale, raggiungendo quindi circa 400 unit\u00e0.<\/mark><\/p>\n","protected":false},"excerpt":{"rendered":"<p>La cerimonia ufficiale del prossimo 2 luglio aprir\u00e0 la campagna di istruzione 2022. Un itinerario che durer\u00e0 tutta l&#8217;estate e che arriver\u00e0 anche a Palermo per il trentennale delle stragi mafiose<\/p>\n","protected":false},"author":545,"featured_media":235756,"comment_status":"open","ping_status":"open","sticky":false,"template":"","format":"standard","meta":{"_acf_changed":false,"footnotes":""},"categories":[494],"tags":[273,4756],"class_list":["post-235712","post","type-post","status-publish","format-standard","has-post-thumbnail","hentry","category-attualita","tag-livorno","tag-marina-militare"],"acf":[],"yoast_head":"<!-- This site is optimized with the Yoast SEO Premium plugin v24.2 (Yoast SEO v25.6) - https:\/\/yoast.com\/wordpress\/plugins\/seo\/ -->\n<title>La nave pi\u00f9 bella del mondo pronta a salpare da Livorno: 143 allievi a bordo dell&#039;Amerigo Vespucci - intoscana<\/title>\n<meta name=\"description\" content=\"La cerimonia ufficiale del prossimo 2 luglio aprir\u00e0 la campagna di istruzione 2022. Un itinerario che durer\u00e0 tutta l&#039;estate e che arriver\u00e0 anche a Palermo per il trentennale delle stragi mafiose\" \/>\n<meta name=\"robots\" content=\"index, follow, max-snippet:-1, max-image-preview:large, max-video-preview:-1\" \/>\n<link rel=\"canonical\" href=\"https:\/\/www.intoscana.it\/it\/la-nave-piu-bella-del-mondo-pronta-a-salpare-da-livorno-143-allievi-a-bordo-dellamerigo-vespucci\/\" \/>\n<meta property=\"og:locale\" content=\"it_IT\" \/>\n<meta property=\"og:type\" content=\"article\" \/>\n<meta property=\"og:title\" content=\"La nave pi\u00f9 bella del mondo pronta a salpare da Livorno: 143 allievi a bordo dell&#039;Amerigo Vespucci\" \/>\n<meta property=\"og:description\" content=\"La cerimonia ufficiale del prossimo 2 luglio aprir\u00e0 la campagna di istruzione 2022. Un itinerario che durer\u00e0 tutta l&#039;estate e che arriver\u00e0 anche a Palermo per il trentennale delle stragi mafiose\" \/>\n<meta property=\"og:url\" content=\"https:\/\/www.intoscana.it\/it\/la-nave-piu-bella-del-mondo-pronta-a-salpare-da-livorno-143-allievi-a-bordo-dellamerigo-vespucci\/\" \/>\n<meta property=\"og:site_name\" content=\"intoscana\" \/>\n<meta property=\"article:publisher\" content=\"https:\/\/www.facebook.com\/intoscana.it\" \/>\n<meta property=\"article:published_time\" content=\"2022-06-30T08:53:56+00:00\" \/>\n<meta property=\"article:modified_time\" content=\"2022-06-30T09:16:09+00:00\" \/>\n<meta property=\"og:image\" content=\"https:\/\/www.intoscana.it\/wp-content\/uploads\/shutterstock_2033488751-scaled-e1656580503301.jpg\" \/>\n\t<meta property=\"og:image:width\" content=\"2048\" \/>\n\t<meta property=\"og:image:height\" content=\"1121\" \/>\n\t<meta property=\"og:image:type\" content=\"image\/jpeg\" \/>\n<meta name=\"author\" content=\"Clara D&#039;Acunto\" \/>\n<meta name=\"twitter:card\" content=\"summary_large_image\" \/>\n<meta name=\"twitter:creator\" content=\"@intoscana\" \/>\n<meta name=\"twitter:site\" content=\"@intoscana\" \/>\n<meta name=\"twitter:label1\" content=\"Written by\" \/>\n\t<meta name=\"twitter:data1\" content=\"Clara D&#039;Acunto\" \/>\n\t<meta name=\"twitter:label2\" content=\"Est. reading time\" \/>\n\t<meta name=\"twitter:data2\" content=\"2 minuti\" \/>\n<script type=\"application\/ld+json\" class=\"yoast-schema-graph\">{\"@context\":\"https:\/\/schema.org\",\"@graph\":[{\"@type\":\"WebPage\",\"@id\":\"https:\/\/www.intoscana.it\/it\/la-nave-piu-bella-del-mondo-pronta-a-salpare-da-livorno-143-allievi-a-bordo-dellamerigo-vespucci\/\",\"url\":\"https:\/\/www.intoscana.it\/it\/la-nave-piu-bella-del-mondo-pronta-a-salpare-da-livorno-143-allievi-a-bordo-dellamerigo-vespucci\/\",\"name\":\"La nave pi\u00f9 bella del mondo pronta a salpare da Livorno: 143 allievi a bordo dell'Amerigo Vespucci - intoscana\",\"isPartOf\":{\"@id\":\"https:\/\/www.intoscana.it\/it\/#website\"},\"primaryImageOfPage\":{\"@id\":\"https:\/\/www.intoscana.it\/it\/la-nave-piu-bella-del-mondo-pronta-a-salpare-da-livorno-143-allievi-a-bordo-dellamerigo-vespucci\/#primaryimage\"},\"image\":{\"@id\":\"https:\/\/www.intoscana.it\/it\/la-nave-piu-bella-del-mondo-pronta-a-salpare-da-livorno-143-allievi-a-bordo-dellamerigo-vespucci\/#primaryimage\"},\"thumbnailUrl\":\"https:\/\/www.intoscana.it\/wp-content\/uploads\/shutterstock_2033488751-scaled-e1656580503301.jpg\",\"datePublished\":\"2022-06-30T08:53:56+00:00\",\"dateModified\":\"2022-06-30T09:16:09+00:00\",\"author\":{\"@id\":\"https:\/\/www.intoscana.it\/it\/#\/schema\/person\/137419af9ef5d385bde52864a841e6ce\"},\"description\":\"La cerimonia ufficiale del prossimo 2 luglio aprir\u00e0 la campagna di istruzione 2022. Un itinerario che durer\u00e0 tutta l'estate e che arriver\u00e0 anche a Palermo per il trentennale delle stragi mafiose\",\"breadcrumb\":{\"@id\":\"https:\/\/www.intoscana.it\/it\/la-nave-piu-bella-del-mondo-pronta-a-salpare-da-livorno-143-allievi-a-bordo-dellamerigo-vespucci\/#breadcrumb\"},\"inLanguage\":\"it-IT\",\"potentialAction\":[{\"@type\":\"ReadAction\",\"target\":[\"https:\/\/www.intoscana.it\/it\/la-nave-piu-bella-del-mondo-pronta-a-salpare-da-livorno-143-allievi-a-bordo-dellamerigo-vespucci\/\"]}]},{\"@type\":\"ImageObject\",\"inLanguage\":\"it-IT\",\"@id\":\"https:\/\/www.intoscana.it\/it\/la-nave-piu-bella-del-mondo-pronta-a-salpare-da-livorno-143-allievi-a-bordo-dellamerigo-vespucci\/#primaryimage\",\"url\":\"https:\/\/www.intoscana.it\/wp-content\/uploads\/shutterstock_2033488751-scaled-e1656580503301.jpg\",\"contentUrl\":\"https:\/\/www.intoscana.it\/wp-content\/uploads\/shutterstock_2033488751-scaled-e1656580503301.jpg\",\"width\":2048,\"height\":1121},{\"@type\":\"BreadcrumbList\",\"@id\":\"https:\/\/www.intoscana.it\/it\/la-nave-piu-bella-del-mondo-pronta-a-salpare-da-livorno-143-allievi-a-bordo-dellamerigo-vespucci\/#breadcrumb\",\"itemListElement\":[{\"@type\":\"ListItem\",\"position\":1,\"name\":\"Home\",\"item\":\"https:\/\/www.intoscana.it\/it\/\"},{\"@type\":\"ListItem\",\"position\":2,\"name\":\"La nave pi\u00f9 bella del mondo pronta a salpare da Livorno: 143 allievi a bordo dell&#8217;Amerigo Vespucci\"}]},{\"@type\":\"WebSite\",\"@id\":\"https:\/\/www.intoscana.it\/it\/#website\",\"url\":\"https:\/\/www.intoscana.it\/it\/\",\"name\":\"intoscana\",\"description\":\"\",\"potentialAction\":[{\"@type\":\"SearchAction\",\"target\":{\"@type\":\"EntryPoint\",\"urlTemplate\":\"https:\/\/www.intoscana.it\/it\/?s={search_term_string}\"},\"query-input\":{\"@type\":\"PropertyValueSpecification\",\"valueRequired\":true,\"valueName\":\"search_term_string\"}}],\"inLanguage\":\"it-IT\"},{\"@type\":\"Person\",\"@id\":\"https:\/\/www.intoscana.it\/it\/#\/schema\/person\/137419af9ef5d385bde52864a841e6ce\",\"name\":\"Clara D'Acunto\",\"url\":\"https:\/\/www.intoscana.it\/it\/author\/clara-d_acunto\/\"}]}<\/script>\n<!-- \/ Yoast SEO Premium plugin. -->","yoast_head_json":{"title":"La nave pi\u00f9 bella del mondo pronta a salpare da Livorno: 143 allievi a bordo dell'Amerigo Vespucci - intoscana","description":"La cerimonia ufficiale del prossimo 2 luglio aprir\u00e0 la campagna di istruzione 2022. Un itinerario che durer\u00e0 tutta l'estate e che arriver\u00e0 anche a Palermo per il trentennale delle stragi mafiose","robots":{"index":"index","follow":"follow","max-snippet":"max-snippet:-1","max-image-preview":"max-image-preview:large","max-video-preview":"max-video-preview:-1"},"canonical":"https:\/\/www.intoscana.it\/it\/la-nave-piu-bella-del-mondo-pronta-a-salpare-da-livorno-143-allievi-a-bordo-dellamerigo-vespucci\/","og_locale":"it_IT","og_type":"article","og_title":"La nave pi\u00f9 bella del mondo pronta a salpare da Livorno: 143 allievi a bordo dell'Amerigo Vespucci","og_description":"La cerimonia ufficiale del prossimo 2 luglio aprir\u00e0 la campagna di istruzione 2022. Un itinerario che durer\u00e0 tutta l'estate e che arriver\u00e0 anche a Palermo per il trentennale delle stragi mafiose","og_url":"https:\/\/www.intoscana.it\/it\/la-nave-piu-bella-del-mondo-pronta-a-salpare-da-livorno-143-allievi-a-bordo-dellamerigo-vespucci\/","og_site_name":"intoscana","article_publisher":"https:\/\/www.facebook.com\/intoscana.it","article_published_time":"2022-06-30T08:53:56+00:00","article_modified_time":"2022-06-30T09:16:09+00:00","og_image":[{"width":2048,"height":1121,"url":"https:\/\/www.intoscana.it\/wp-content\/uploads\/shutterstock_2033488751-scaled-e1656580503301.jpg","type":"image\/jpeg"}],"author":"Clara D'Acunto","twitter_card":"summary_large_image","twitter_creator":"@intoscana","twitter_site":"@intoscana","twitter_misc":{"Written by":"Clara D'Acunto","Est. reading time":"2 minuti"},"schema":{"@context":"https:\/\/schema.org","@graph":[{"@type":"WebPage","@id":"https:\/\/www.intoscana.it\/it\/la-nave-piu-bella-del-mondo-pronta-a-salpare-da-livorno-143-allievi-a-bordo-dellamerigo-vespucci\/","url":"https:\/\/www.intoscana.it\/it\/la-nave-piu-bella-del-mondo-pronta-a-salpare-da-livorno-143-allievi-a-bordo-dellamerigo-vespucci\/","name":"La nave pi\u00f9 bella del mondo pronta a salpare da Livorno: 143 allievi a bordo dell'Amerigo Vespucci - intoscana","isPartOf":{"@id":"https:\/\/www.intoscana.it\/it\/#website"},"primaryImageOfPage":{"@id":"https:\/\/www.intoscana.it\/it\/la-nave-piu-bella-del-mondo-pronta-a-salpare-da-livorno-143-allievi-a-bordo-dellamerigo-vespucci\/#primaryimage"},"image":{"@id":"https:\/\/www.intoscana.it\/it\/la-nave-piu-bella-del-mondo-pronta-a-salpare-da-livorno-143-allievi-a-bordo-dellamerigo-vespucci\/#primaryimage"},"thumbnailUrl":"https:\/\/www.intoscana.it\/wp-content\/uploads\/shutterstock_2033488751-scaled-e1656580503301.jpg","datePublished":"2022-06-30T08:53:56+00:00","dateModified":"2022-06-30T09:16:09+00:00","author":{"@id":"https:\/\/www.intoscana.it\/it\/#\/schema\/person\/137419af9ef5d385bde52864a841e6ce"},"description":"La cerimonia ufficiale del prossimo 2 luglio aprir\u00e0 la campagna di istruzione 2022. Un itinerario che durer\u00e0 tutta l'estate e che arriver\u00e0 anche a Palermo per il trentennale delle stragi mafiose","breadcrumb":{"@id":"https:\/\/www.intoscana.it\/it\/la-nave-piu-bella-del-mondo-pronta-a-salpare-da-livorno-143-allievi-a-bordo-dellamerigo-vespucci\/#breadcrumb"},"inLanguage":"it-IT","potentialAction":[{"@type":"ReadAction","target":["https:\/\/www.intoscana.it\/it\/la-nave-piu-bella-del-mondo-pronta-a-salpare-da-livorno-143-allievi-a-bordo-dellamerigo-vespucci\/"]}]},{"@type":"ImageObject","inLanguage":"it-IT","@id":"https:\/\/www.intoscana.it\/it\/la-nave-piu-bella-del-mondo-pronta-a-salpare-da-livorno-143-allievi-a-bordo-dellamerigo-vespucci\/#primaryimage","url":"https:\/\/www.intoscana.it\/wp-content\/uploads\/shutterstock_2033488751-scaled-e1656580503301.jpg","contentUrl":"https:\/\/www.intoscana.it\/wp-content\/uploads\/shutterstock_2033488751-scaled-e1656580503301.jpg","width":2048,"height":1121},{"@type":"BreadcrumbList","@id":"https:\/\/www.intoscana.it\/it\/la-nave-piu-bella-del-mondo-pronta-a-salpare-da-livorno-143-allievi-a-bordo-dellamerigo-vespucci\/#breadcrumb","itemListElement":[{"@type":"ListItem","position":1,"name":"Home","item":"https:\/\/www.intoscana.it\/it\/"},{"@type":"ListItem","position":2,"name":"La nave pi\u00f9 bella del mondo pronta a salpare da Livorno: 143 allievi a bordo dell&#8217;Amerigo Vespucci"}]},{"@type":"WebSite","@id":"https:\/\/www.intoscana.it\/it\/#website","url":"https:\/\/www.intoscana.it\/it\/","name":"intoscana","description":"","potentialAction":[{"@type":"SearchAction","target":{"@type":"EntryPoint","urlTemplate":"https:\/\/www.intoscana.it\/it\/?s={search_term_string}"},"query-input":{"@type":"PropertyValueSpecification","valueRequired":true,"valueName":"search_term_string"}}],"inLanguage":"it-IT"},{"@type":"Person","@id":"https:\/\/www.intoscana.it\/it\/#\/schema\/person\/137419af9ef5d385bde52864a841e6ce","name":"Clara D'Acunto","url":"https:\/\/www.intoscana.it\/it\/author\/clara-d_acunto\/"}]}},"_links":{"self":[{"href":"https:\/\/www.intoscana.it\/it\/wp-json\/wp\/v2\/posts\/235712","targetHints":{"allow":["GET"]}}],"collection":[{"href":"https:\/\/www.intoscana.it\/it\/wp-json\/wp\/v2\/posts"}],"about":[{"href":"https:\/\/www.intoscana.it\/it\/wp-json\/wp\/v2\/types\/post"}],"author":[{"embeddable":true,"href":"https:\/\/www.intoscana.it\/it\/wp-json\/wp\/v2\/users\/545"}],"replies":[{"embeddable":true,"href":"https:\/\/www.intoscana.it\/it\/wp-json\/wp\/v2\/comments?post=235712"}],"version-history":[{"count":0,"href":"https:\/\/www.intoscana.it\/it\/wp-json\/wp\/v2\/posts\/235712\/revisions"}],"wp:featuredmedia":[{"embeddable":true,"href":"https:\/\/www.intoscana.it\/it\/wp-json\/wp\/v2\/media\/235756"}],"wp:attachment":[{"href":"https:\/\/www.intoscana.it\/it\/wp-json\/wp\/v2\/media?parent=235712"}],"wp:term":[{"taxonomy":"category","embeddable":true,"href":"https:\/\/www.intoscana.it\/it\/wp-json\/wp\/v2\/categories?post=235712"},{"taxonomy":"post_tag","embeddable":true,"href":"https:\/\/www.intoscana.it\/it\/wp-json\/wp\/v2\/tags?post=235712"}],"curies":[{"name":"wp","href":"https:\/\/api.w.org\/{rel}","templated":true}]}}