{"id":235844,"date":"2022-06-30T14:33:11","date_gmt":"2022-06-30T12:33:11","guid":{"rendered":"https:\/\/www.intoscana.it\/it\/?p=235844"},"modified":"2022-06-30T14:36:59","modified_gmt":"2022-06-30T12:36:59","slug":"miracoli-dei-la-notte-una-canzone-per-scoprire-ogni-giorno-la-bellezza-intorno-a-noi","status":"publish","type":"post","link":"https:\/\/www.intoscana.it\/it\/miracoli-dei-la-notte-una-canzone-per-scoprire-ogni-giorno-la-bellezza-intorno-a-noi\/","title":{"rendered":"&#8220;Miracoli&#8221; dei La Notte: una canzone per riscoprire ogni giorno la bellezza intorno a noi"},"content":{"rendered":"<p><strong>Alessio Bambi, Yuri Salihi, Tommaso Carl\u00e0 e Tommaso Brandini <\/strong>sono i<strong> La Notte<\/strong> un gruppo di amici che nel 2015 ha dato vita a un progetto musicale che li ha portati negli anni a suonare in tutta Italia,\u00a0collezionando aperture anche ad alcuni dei migliori artisti in circolazione, band del calibro di: <strong>The Zen Circus,\u00a0Fast Animals and Slow Kids, Ministri, Ghemon, Giovanni Truppi.<\/strong><\/p>\n<p>Dopo l&#8217;uscita del disco omonimo, nel 2017 inizia la produzione del secondo disco<em><strong>\u00a0\u201cVolevo Fare Bene\u201d<\/strong>\u00a0<\/em>curata e confezionata da Andrea Marmorini e uscito a marzo 2018 per <strong>Woodworm Label.<\/strong><\/p>\n<p>Dopo <em><strong>Amami Sempre<\/strong><\/em>, singolo uscito a fine maggio, la band fiorentina torna con un nuovo singolo <em><strong>&#8216;Miracoli&#8217;<\/strong> <\/em>la seconda parte di questo dittico che segna passaggio tra ci\u00f2 che la band \u00e8 stata ed <strong>il nuovo album,<\/strong> che uscir\u00e0 prima della fine dell\u2019anno.<\/p>\n<p>Tutto \u00e8 iniziato nell&#8217;ormai lontano 2014 &#8211; <strong>ci ha raccontato il batterista Alessio Bambi<\/strong> &#8211; eravamo un gruppo di amici e poi per una serie di eventi abbiamo deciso di buttare gi\u00f9 un progetto e delle idee. Da l\u00ec abbiamo deciso di registrare il nostro primo disco nel 2015. Il nome viene da un&#8217;intuizione del <strong>batterista degli Zen Circus Karim<\/strong> che cur\u00f2 la produzione artistica del primo disco. Ce lo siamo sentiti addosso e abbiamo deciso di chiamarci cos\u00ec, \u00e8 un nome un po&#8217; impegnativo da portare a volte perch\u00e8 rimanda a un immaginario un po&#8217; oscuro e dark.<\/p>\n<p><strong>Siete al lavoro sul terzo disco, ci avete lavorato durante la pandemia?<\/strong><\/p>\n<p>E&#8217; stato un percorso complicato. Pensa che stavamo per iniziare a registrarlo, avevamo gi\u00e0 in tasca il biglietto del treno per Milano.<strong> Il giorno prima della partenza Conte decret\u00f2 il primo lockdown<\/strong> e la chiusura delle regioni quindi si \u00e8 fermato il processo. Comunque <strong>abbiamo continuato a lavorare e a buttare gi\u00f9 idee per pezzi.<\/strong> Alla fine tra l&#8217;estate scorsa e l&#8217;inverno siamo riusciti a registrare tutto e il disco uscir\u00e0 il prossimo autunno.<\/p>\n<p><iframe loading=\"lazy\" style=\"border-radius: 12px;\" src=\"https:\/\/open.spotify.com\/embed\/track\/0UrTCq4r5LGsZcMH5r9ESF?utm_source=generator\" width=\"100%\" height=\"380\" frameborder=\"0\" allowfullscreen=\"allowfullscreen\"><\/iframe><\/p>\n<p><strong>Cosa sono per voi i &#8220;Miracoli&#8221;?<\/strong><\/p>\n<p>Il significato che abbiamo voluto dare a questa canzone parte dal presupposto che <strong>spesso cerchiamo un miracolo, un qualcosa di straordinario<\/strong> e perdiamo di vista quei piccoli &#8216;miracoli&#8217; che invece accadono nella vita di tutti i giorni nel nostro quotidiano e che sono quelli che rendono la vita pi\u00f9 colorata.<\/p>\n<p><strong>I giapponesi dicono che le cose pi\u00f9 importanti sono proprio le piccole cose, i dettagli, anche una bella colazione pu\u00f2 essere a modo su un &#8216;miracolo&#8217;<\/strong><\/p>\n<p>Esatto, bisogna riuscire ad apprezzarle per quello che sono <strong>\u00e8 quello il vero miracolo,<\/strong> senza per forza cercare sempre la svolta o la situazione straordinaria che ti cambia completamente la vita. Piuttosto <strong>bisogna imparare ad apprezzare le piccole cose che la vita ci riserva.<\/strong><\/p>\n<figure id=\"post-235851 media-235851\" class=\"align-none\"><img decoding=\"async\" src=\"https:\/\/www.intoscana.it\/wp-content\/uploads\/289703777_5756529584361505_2141617243456187176_n.jpg\" alt=\"\" \/><\/figure>\n<div class=\"titleimg\">La Notte<\/div>\n<div class=\"titleimg\"><\/div>\n","protected":false},"excerpt":{"rendered":"<p>Intervista al batterista Alessio Bambi che ci racconta la genesi del singolo, il nuovo disco della band fiorentina uscir\u00e0 il prossimo autunno<\/p>\n","protected":false},"author":518,"featured_media":235849,"comment_status":"open","ping_status":"open","sticky":false,"template":"","format":"standard","meta":{"_acf_changed":false,"footnotes":""},"categories":[14],"tags":[3138],"class_list":["post-235844","post","type-post","status-publish","format-standard","has-post-thumbnail","hentry","category-musica","tag-interviste-agli-artisti"],"acf":[],"yoast_head":"<!-- This site is optimized with the Yoast SEO Premium plugin v24.2 (Yoast SEO v25.6) - https:\/\/yoast.com\/wordpress\/plugins\/seo\/ -->\n<title>&quot;Miracoli&quot; dei La Notte: una canzone per riscoprire ogni giorno la bellezza intorno a noi - intoscana<\/title>\n<meta name=\"description\" content=\"Intervista al batterista Alessio Bambi che ci racconta la genesi del singolo, il nuovo disco della band fiorentina uscir\u00e0 il prossimo autunno\u00a0\" \/>\n<meta name=\"robots\" content=\"index, follow, max-snippet:-1, max-image-preview:large, max-video-preview:-1\" \/>\n<link rel=\"canonical\" href=\"https:\/\/www.intoscana.it\/it\/miracoli-dei-la-notte-una-canzone-per-scoprire-ogni-giorno-la-bellezza-intorno-a-noi\/\" \/>\n<meta property=\"og:locale\" content=\"it_IT\" \/>\n<meta property=\"og:type\" content=\"article\" \/>\n<meta property=\"og:title\" content=\"&quot;Miracoli&quot; dei La Notte: una canzone per riscoprire ogni giorno la bellezza intorno a noi\" \/>\n<meta property=\"og:description\" content=\"Intervista al batterista Alessio Bambi che ci racconta la genesi del singolo, il nuovo disco della band fiorentina uscir\u00e0 il prossimo autunno\u00a0\" \/>\n<meta property=\"og:url\" content=\"https:\/\/www.intoscana.it\/it\/miracoli-dei-la-notte-una-canzone-per-scoprire-ogni-giorno-la-bellezza-intorno-a-noi\/\" \/>\n<meta property=\"og:site_name\" content=\"intoscana\" \/>\n<meta property=\"article:publisher\" content=\"https:\/\/www.facebook.com\/intoscana.it\" \/>\n<meta property=\"article:published_time\" content=\"2022-06-30T12:33:11+00:00\" \/>\n<meta property=\"article:modified_time\" content=\"2022-06-30T12:36:59+00:00\" \/>\n<meta property=\"og:image\" content=\"https:\/\/www.intoscana.it\/wp-content\/uploads\/289661515_5756530074361456_8531819232544928114_n-2.jpg\" \/>\n\t<meta property=\"og:image:width\" content=\"819\" \/>\n\t<meta property=\"og:image:height\" content=\"498\" \/>\n\t<meta property=\"og:image:type\" content=\"image\/jpeg\" \/>\n<meta name=\"author\" content=\"Costanza Baldini\" \/>\n<meta name=\"twitter:card\" content=\"summary_large_image\" \/>\n<meta name=\"twitter:creator\" content=\"@intoscana\" \/>\n<meta name=\"twitter:site\" content=\"@intoscana\" \/>\n<meta name=\"twitter:label1\" content=\"Written by\" \/>\n\t<meta name=\"twitter:data1\" content=\"Costanza Baldini\" \/>\n\t<meta name=\"twitter:label2\" content=\"Est. reading time\" \/>\n\t<meta name=\"twitter:data2\" content=\"2 minuti\" \/>\n<script type=\"application\/ld+json\" class=\"yoast-schema-graph\">{\"@context\":\"https:\/\/schema.org\",\"@graph\":[{\"@type\":\"WebPage\",\"@id\":\"https:\/\/www.intoscana.it\/it\/miracoli-dei-la-notte-una-canzone-per-scoprire-ogni-giorno-la-bellezza-intorno-a-noi\/\",\"url\":\"https:\/\/www.intoscana.it\/it\/miracoli-dei-la-notte-una-canzone-per-scoprire-ogni-giorno-la-bellezza-intorno-a-noi\/\",\"name\":\"\\\"Miracoli\\\" dei La Notte: una canzone per riscoprire ogni giorno la bellezza intorno a noi - intoscana\",\"isPartOf\":{\"@id\":\"https:\/\/www.intoscana.it\/it\/#website\"},\"primaryImageOfPage\":{\"@id\":\"https:\/\/www.intoscana.it\/it\/miracoli-dei-la-notte-una-canzone-per-scoprire-ogni-giorno-la-bellezza-intorno-a-noi\/#primaryimage\"},\"image\":{\"@id\":\"https:\/\/www.intoscana.it\/it\/miracoli-dei-la-notte-una-canzone-per-scoprire-ogni-giorno-la-bellezza-intorno-a-noi\/#primaryimage\"},\"thumbnailUrl\":\"https:\/\/www.intoscana.it\/wp-content\/uploads\/289661515_5756530074361456_8531819232544928114_n-2.jpg\",\"datePublished\":\"2022-06-30T12:33:11+00:00\",\"dateModified\":\"2022-06-30T12:36:59+00:00\",\"author\":{\"@id\":\"https:\/\/www.intoscana.it\/it\/#\/schema\/person\/d469f35f09739bdf00bf5dd3f0647a82\"},\"description\":\"Intervista al batterista Alessio Bambi che ci racconta la genesi del singolo, il nuovo disco della band fiorentina uscir\u00e0 il prossimo autunno\u00a0\",\"breadcrumb\":{\"@id\":\"https:\/\/www.intoscana.it\/it\/miracoli-dei-la-notte-una-canzone-per-scoprire-ogni-giorno-la-bellezza-intorno-a-noi\/#breadcrumb\"},\"inLanguage\":\"it-IT\",\"potentialAction\":[{\"@type\":\"ReadAction\",\"target\":[\"https:\/\/www.intoscana.it\/it\/miracoli-dei-la-notte-una-canzone-per-scoprire-ogni-giorno-la-bellezza-intorno-a-noi\/\"]}]},{\"@type\":\"ImageObject\",\"inLanguage\":\"it-IT\",\"@id\":\"https:\/\/www.intoscana.it\/it\/miracoli-dei-la-notte-una-canzone-per-scoprire-ogni-giorno-la-bellezza-intorno-a-noi\/#primaryimage\",\"url\":\"https:\/\/www.intoscana.it\/wp-content\/uploads\/289661515_5756530074361456_8531819232544928114_n-2.jpg\",\"contentUrl\":\"https:\/\/www.intoscana.it\/wp-content\/uploads\/289661515_5756530074361456_8531819232544928114_n-2.jpg\",\"width\":819,\"height\":498},{\"@type\":\"BreadcrumbList\",\"@id\":\"https:\/\/www.intoscana.it\/it\/miracoli-dei-la-notte-una-canzone-per-scoprire-ogni-giorno-la-bellezza-intorno-a-noi\/#breadcrumb\",\"itemListElement\":[{\"@type\":\"ListItem\",\"position\":1,\"name\":\"Home\",\"item\":\"https:\/\/www.intoscana.it\/it\/\"},{\"@type\":\"ListItem\",\"position\":2,\"name\":\"&#8220;Miracoli&#8221; dei La Notte: una canzone per riscoprire ogni giorno la bellezza intorno a noi\"}]},{\"@type\":\"WebSite\",\"@id\":\"https:\/\/www.intoscana.it\/it\/#website\",\"url\":\"https:\/\/www.intoscana.it\/it\/\",\"name\":\"intoscana\",\"description\":\"\",\"potentialAction\":[{\"@type\":\"SearchAction\",\"target\":{\"@type\":\"EntryPoint\",\"urlTemplate\":\"https:\/\/www.intoscana.it\/it\/?s={search_term_string}\"},\"query-input\":{\"@type\":\"PropertyValueSpecification\",\"valueRequired\":true,\"valueName\":\"search_term_string\"}}],\"inLanguage\":\"it-IT\"},{\"@type\":\"Person\",\"@id\":\"https:\/\/www.intoscana.it\/it\/#\/schema\/person\/d469f35f09739bdf00bf5dd3f0647a82\",\"name\":\"Costanza Baldini\",\"url\":\"https:\/\/www.intoscana.it\/it\/author\/costanza-baldini\/\"}]}<\/script>\n<!-- \/ Yoast SEO Premium plugin. -->","yoast_head_json":{"title":"\"Miracoli\" dei La Notte: una canzone per riscoprire ogni giorno la bellezza intorno a noi - intoscana","description":"Intervista al batterista Alessio Bambi che ci racconta la genesi del singolo, il nuovo disco della band fiorentina uscir\u00e0 il prossimo autunno\u00a0","robots":{"index":"index","follow":"follow","max-snippet":"max-snippet:-1","max-image-preview":"max-image-preview:large","max-video-preview":"max-video-preview:-1"},"canonical":"https:\/\/www.intoscana.it\/it\/miracoli-dei-la-notte-una-canzone-per-scoprire-ogni-giorno-la-bellezza-intorno-a-noi\/","og_locale":"it_IT","og_type":"article","og_title":"\"Miracoli\" dei La Notte: una canzone per riscoprire ogni giorno la bellezza intorno a noi","og_description":"Intervista al batterista Alessio Bambi che ci racconta la genesi del singolo, il nuovo disco della band fiorentina uscir\u00e0 il prossimo autunno\u00a0","og_url":"https:\/\/www.intoscana.it\/it\/miracoli-dei-la-notte-una-canzone-per-scoprire-ogni-giorno-la-bellezza-intorno-a-noi\/","og_site_name":"intoscana","article_publisher":"https:\/\/www.facebook.com\/intoscana.it","article_published_time":"2022-06-30T12:33:11+00:00","article_modified_time":"2022-06-30T12:36:59+00:00","og_image":[{"width":819,"height":498,"url":"https:\/\/www.intoscana.it\/wp-content\/uploads\/289661515_5756530074361456_8531819232544928114_n-2.jpg","type":"image\/jpeg"}],"author":"Costanza Baldini","twitter_card":"summary_large_image","twitter_creator":"@intoscana","twitter_site":"@intoscana","twitter_misc":{"Written by":"Costanza Baldini","Est. reading time":"2 minuti"},"schema":{"@context":"https:\/\/schema.org","@graph":[{"@type":"WebPage","@id":"https:\/\/www.intoscana.it\/it\/miracoli-dei-la-notte-una-canzone-per-scoprire-ogni-giorno-la-bellezza-intorno-a-noi\/","url":"https:\/\/www.intoscana.it\/it\/miracoli-dei-la-notte-una-canzone-per-scoprire-ogni-giorno-la-bellezza-intorno-a-noi\/","name":"\"Miracoli\" dei La Notte: una canzone per riscoprire ogni giorno la bellezza intorno a noi - intoscana","isPartOf":{"@id":"https:\/\/www.intoscana.it\/it\/#website"},"primaryImageOfPage":{"@id":"https:\/\/www.intoscana.it\/it\/miracoli-dei-la-notte-una-canzone-per-scoprire-ogni-giorno-la-bellezza-intorno-a-noi\/#primaryimage"},"image":{"@id":"https:\/\/www.intoscana.it\/it\/miracoli-dei-la-notte-una-canzone-per-scoprire-ogni-giorno-la-bellezza-intorno-a-noi\/#primaryimage"},"thumbnailUrl":"https:\/\/www.intoscana.it\/wp-content\/uploads\/289661515_5756530074361456_8531819232544928114_n-2.jpg","datePublished":"2022-06-30T12:33:11+00:00","dateModified":"2022-06-30T12:36:59+00:00","author":{"@id":"https:\/\/www.intoscana.it\/it\/#\/schema\/person\/d469f35f09739bdf00bf5dd3f0647a82"},"description":"Intervista al batterista Alessio Bambi che ci racconta la genesi del singolo, il nuovo disco della band fiorentina uscir\u00e0 il prossimo autunno\u00a0","breadcrumb":{"@id":"https:\/\/www.intoscana.it\/it\/miracoli-dei-la-notte-una-canzone-per-scoprire-ogni-giorno-la-bellezza-intorno-a-noi\/#breadcrumb"},"inLanguage":"it-IT","potentialAction":[{"@type":"ReadAction","target":["https:\/\/www.intoscana.it\/it\/miracoli-dei-la-notte-una-canzone-per-scoprire-ogni-giorno-la-bellezza-intorno-a-noi\/"]}]},{"@type":"ImageObject","inLanguage":"it-IT","@id":"https:\/\/www.intoscana.it\/it\/miracoli-dei-la-notte-una-canzone-per-scoprire-ogni-giorno-la-bellezza-intorno-a-noi\/#primaryimage","url":"https:\/\/www.intoscana.it\/wp-content\/uploads\/289661515_5756530074361456_8531819232544928114_n-2.jpg","contentUrl":"https:\/\/www.intoscana.it\/wp-content\/uploads\/289661515_5756530074361456_8531819232544928114_n-2.jpg","width":819,"height":498},{"@type":"BreadcrumbList","@id":"https:\/\/www.intoscana.it\/it\/miracoli-dei-la-notte-una-canzone-per-scoprire-ogni-giorno-la-bellezza-intorno-a-noi\/#breadcrumb","itemListElement":[{"@type":"ListItem","position":1,"name":"Home","item":"https:\/\/www.intoscana.it\/it\/"},{"@type":"ListItem","position":2,"name":"&#8220;Miracoli&#8221; dei La Notte: una canzone per riscoprire ogni giorno la bellezza intorno a noi"}]},{"@type":"WebSite","@id":"https:\/\/www.intoscana.it\/it\/#website","url":"https:\/\/www.intoscana.it\/it\/","name":"intoscana","description":"","potentialAction":[{"@type":"SearchAction","target":{"@type":"EntryPoint","urlTemplate":"https:\/\/www.intoscana.it\/it\/?s={search_term_string}"},"query-input":{"@type":"PropertyValueSpecification","valueRequired":true,"valueName":"search_term_string"}}],"inLanguage":"it-IT"},{"@type":"Person","@id":"https:\/\/www.intoscana.it\/it\/#\/schema\/person\/d469f35f09739bdf00bf5dd3f0647a82","name":"Costanza Baldini","url":"https:\/\/www.intoscana.it\/it\/author\/costanza-baldini\/"}]}},"_links":{"self":[{"href":"https:\/\/www.intoscana.it\/it\/wp-json\/wp\/v2\/posts\/235844","targetHints":{"allow":["GET"]}}],"collection":[{"href":"https:\/\/www.intoscana.it\/it\/wp-json\/wp\/v2\/posts"}],"about":[{"href":"https:\/\/www.intoscana.it\/it\/wp-json\/wp\/v2\/types\/post"}],"author":[{"embeddable":true,"href":"https:\/\/www.intoscana.it\/it\/wp-json\/wp\/v2\/users\/518"}],"replies":[{"embeddable":true,"href":"https:\/\/www.intoscana.it\/it\/wp-json\/wp\/v2\/comments?post=235844"}],"version-history":[{"count":0,"href":"https:\/\/www.intoscana.it\/it\/wp-json\/wp\/v2\/posts\/235844\/revisions"}],"wp:featuredmedia":[{"embeddable":true,"href":"https:\/\/www.intoscana.it\/it\/wp-json\/wp\/v2\/media\/235849"}],"wp:attachment":[{"href":"https:\/\/www.intoscana.it\/it\/wp-json\/wp\/v2\/media?parent=235844"}],"wp:term":[{"taxonomy":"category","embeddable":true,"href":"https:\/\/www.intoscana.it\/it\/wp-json\/wp\/v2\/categories?post=235844"},{"taxonomy":"post_tag","embeddable":true,"href":"https:\/\/www.intoscana.it\/it\/wp-json\/wp\/v2\/tags?post=235844"}],"curies":[{"name":"wp","href":"https:\/\/api.w.org\/{rel}","templated":true}]}}