{"id":235991,"date":"2022-06-30T18:06:58","date_gmt":"2022-06-30T16:06:58","guid":{"rendered":"https:\/\/www.intoscana.it\/it\/?p=235991"},"modified":"2022-06-30T18:52:18","modified_gmt":"2022-06-30T16:52:18","slug":"strage-viareggio-la-sentenza-dellappello-bis-lex-ad-moretti-condattano-a-cinque-anni","status":"publish","type":"post","link":"https:\/\/www.intoscana.it\/it\/strage-viareggio-la-sentenza-dellappello-bis-lex-ad-moretti-condattano-a-cinque-anni\/","title":{"rendered":"Strage di Viareggio, la sentenza dell&#8217;appello bis: l&#8217;ex ad Moretti condannato a cinque anni"},"content":{"rendered":"<p>L&#8217;appello bis per la strage ferroviaria di <strong>Viareggio<\/strong> del 29 giugno 2009, che cost\u00f2 la vita a 32 persone, si chiude con la <mark>condanna a 5 anni per l&#8217;ex amminisratore delegato di FS e Rfi <strong>Mauro Moretti<\/strong>. Una pena ridotta rispetto al primo appello, che prevedeva una condanna a 7 anni.<\/mark> Nel nuovo processo disposto dalla Cassazione, nelle aule del tribunale di Firenze,\u00a0 la procura generale aveva chiesto 6 anni e 9 mesi. Rispetto ai precedenti gradi di giudizio, per la prima volta Moretti non ha rinunciato ad avvalersi della prescrizione.<\/p>\n<p>La sentenza arriva dopo circa sei ore di camera di consiglio. La Corte di appello di Firenze si \u00e8 ritirata verso le 11 di mattina e al momento della lettura, Moretti non era presente in aula. <mark>L&#8217;ex ad \u00e8 stato condannato per i reati di disastro ferroviario, incendio e lesioni colpose. Dichiarata estinta per prescrizione il reato di omicidio colposo, seguendo le indicazioni della Cassazione. Esclusa poi la colpa dell&#8217;omessa disposizione della riduzione della velocit\u00e0 dei convogli merci. Il solo reato di disastro ferroviario \u00e8 contestato agli altri imputati.<\/mark><\/p>\n<p>In totale sono 13 condanne e 3 assoluzioni. <mark>Condannati i manager del gruppo Fs: Michele Mario Elia (ex ad Rfi) e Vincenzo Soprano (ex ad Trenitalia) a 4 anni, 2 mesi e 20 giorni, Mario Castaldo (direttore Divisione Cargo Trenitalia) a 4 anni.<\/mark> Condannati anche gli altri imputati tedeschi: 6 anni a Rainer Kogelheide ad di Gatx Rail Germania e a Peter Linoswki responsabile manutenzione Gatx; 5 anni e 4 mesi a Johannes Mansbart (ad Gatx Rail Austria), 5 anni 6 mesi e 20 giorni a Roman Mayer (responsabile manutenzione Gatx Austria); 4 anni 5 mesi e 20 giorni a Helmut Brodel (responsabile officina Jugenthal); 4 anni e 5 mesi a Uwe Kriebel operatore di sala alla Jugenthal; 4 anni e 8 mesi a Andrea Schroter tecnico di Jugenthal.<\/p>\n<p>Ridotte rispetto alla prima sentenza,\u00a0 le condanne per due manager della impresa ferroviaria Cima Riparazioni. La corte ha stabilito una pena di 2 anni 10 mesi e 20 giorni per Paolo Pizzadini (capo commessa) e Daniele Gobbi Frattini (responsabile tecnico). Il tribunale di Lucca li aveva condannati a 6 anni e e 6 mesi, il primo appello aveva gi\u00e0 diminuito la condanna a 4 anni.<\/p>\n<p>Assolti Joachim Lehmann, supervisore e responsabile esami Jungenthal, Francesco Favo, certificatore per la sicurezza di Rfi, e Emilio Maestrini, responsabile dell&#8217;unit\u00e0 produttiva direzione ingegneria, sicurezza e qualit\u00e0 di sistema di Trenitalia. Per Junghenthal la procura generale aveva chiesto una condanna a 6 anni e 9 mesi, mentre per Favo a 3 anni e 9 mesi e per Maestrini 3 anni e 8 mesi.<\/p>\n<div class=\"focuson\"><a href=\"https:\/\/www.intoscana.it\/it\/articolo\/strage-di-viareggio-13-anni-dopo-lanniversario-alla-vigilia-della-sentenza-di-appello\/\"><img decoding=\"async\" class=\"lazy\" src=\"https:\/\/www.intoscana.it\/wp-content\/uploads\/16358968_10212135296682380_1224352430_n.jpg\" style=\"\">\n                <div class=\"cat\">Il ricordo della strage alla vigilia del processo<\/div>\n                <h4><\/h4><\/a>\n              <\/div>\n<p><em><mark>&#8220;La sentenza restaura la verit\u00e0 negata anche oggi in udienza, lenisce i patimenti di tanti offesi e sanziona in modo proporzionato alla gravit\u00e0 dei fatti i responsabili&#8221;<\/em>,<\/mark> commenta l&#8217;avvocato Francesco Bevacqua, parte civile per la <strong>Regione Toscana<\/strong>.<\/p>\n<h3><em>L&#8217;udienza a Firenze e le dichiarazioni (contestate) di Moretti<\/em><\/h3>\n<p>A conclusione dell&#8217;udienza, Mauro Moretti ha rilasciato dichiarazioni spontanee molto contestate dai familiari delle <strong>vittime<\/strong> presenti in aula. <em>&#8220;Trasforma l&#8217;aula di un tribunale in un consiglio di amministrazione&#8221;, <\/em>affermano in un post su Facebook i familiari delle vittime della strage di Viareggio.<\/p>\n<p><em>&#8220;Moretti<\/em> &#8211; ha detto <strong>Marco Piagentini<\/strong> in un video prima della sentenza &#8211; <em>al momento in cui ha citato le vittime e le loro famiglie, ha fatto indignare noi familiari perch\u00e9 non pu\u00f2 citare i familiari delle vittime dopo 13 anni, strumentalizzandoli per un proprio tornaconto. Questo \u00e8 vergognoso, \u00e8 di basso profilo&#8221;.<\/em> Inoltre<em> &#8220;ha confermato che lui \u00e8 responsabile della sicurezza in ferrovia, proprio come dicono i nostri avvocati da 12 anni. Infine, Moretti ha detto che lui ha avuto la disponibilit\u00e0 economica pi\u00f9 grande in ferrovie e che lui ha fatto molto per la sicurezza ferroviaria. Allora come \u00e8 possibile che con tutte le procedure, tutti i soldi che hanno messo in sicurezza, a Viareggio sia transitato un treno come una bomba&#8221;.<\/em><\/p>\n","protected":false},"excerpt":{"rendered":"<p>La decisione della Corte di appello di Firenze dopo circa sei ore di camera di consiglio: 13 condanne e 3 assoluzioni<\/p>\n","protected":false},"author":525,"featured_media":102391,"comment_status":"open","ping_status":"open","sticky":false,"template":"","format":"standard","meta":{"_acf_changed":false,"footnotes":""},"categories":[494],"tags":[5081],"class_list":["post-235991","post","type-post","status-publish","format-standard","has-post-thumbnail","hentry","category-attualita","tag-strage-di-viareggio"],"acf":[],"yoast_head":"<!-- This site is optimized with the Yoast SEO Premium plugin v24.2 (Yoast SEO v25.6) - https:\/\/yoast.com\/wordpress\/plugins\/seo\/ -->\n<title>Strage di Viareggio, la sentenza dell&#039;appello bis: l&#039;ex ad Moretti condannato a cinque anni - intoscana<\/title>\n<meta name=\"description\" content=\"La decisione della Corte di appello di Firenze dopo circa sei ore di camera di consiglio: 13 condanne e 3 assoluzioni\" \/>\n<meta name=\"robots\" content=\"index, follow, max-snippet:-1, max-image-preview:large, max-video-preview:-1\" \/>\n<link rel=\"canonical\" href=\"https:\/\/www.intoscana.it\/it\/strage-viareggio-la-sentenza-dellappello-bis-lex-ad-moretti-condattano-a-cinque-anni\/\" \/>\n<meta property=\"og:locale\" content=\"it_IT\" \/>\n<meta property=\"og:type\" content=\"article\" \/>\n<meta property=\"og:title\" content=\"Strage di Viareggio, la sentenza dell&#039;appello bis: l&#039;ex ad Moretti condannato a cinque anni\" \/>\n<meta property=\"og:description\" content=\"La decisione della Corte di appello di Firenze dopo circa sei ore di camera di consiglio: 13 condanne e 3 assoluzioni\" \/>\n<meta property=\"og:url\" content=\"https:\/\/www.intoscana.it\/it\/strage-viareggio-la-sentenza-dellappello-bis-lex-ad-moretti-condattano-a-cinque-anni\/\" \/>\n<meta property=\"og:site_name\" content=\"intoscana\" \/>\n<meta property=\"article:publisher\" content=\"https:\/\/www.facebook.com\/intoscana.it\" \/>\n<meta property=\"article:published_time\" content=\"2022-06-30T16:06:58+00:00\" \/>\n<meta property=\"article:modified_time\" content=\"2022-06-30T16:52:18+00:00\" \/>\n<meta property=\"og:image\" content=\"https:\/\/www.intoscana.it\/wp-content\/uploads\/strage-viareggio-4.jpg\" \/>\n\t<meta property=\"og:image:width\" content=\"660\" \/>\n\t<meta property=\"og:image:height\" content=\"431\" \/>\n\t<meta property=\"og:image:type\" content=\"image\/jpeg\" \/>\n<meta name=\"author\" content=\"Redazione\" \/>\n<meta name=\"twitter:card\" content=\"summary_large_image\" \/>\n<meta name=\"twitter:creator\" content=\"@intoscana\" \/>\n<meta name=\"twitter:site\" content=\"@intoscana\" \/>\n<meta name=\"twitter:label1\" content=\"Written by\" \/>\n\t<meta name=\"twitter:data1\" content=\"Redazione\" \/>\n\t<meta name=\"twitter:label2\" content=\"Est. reading time\" \/>\n\t<meta name=\"twitter:data2\" content=\"3 minuti\" \/>\n<script type=\"application\/ld+json\" class=\"yoast-schema-graph\">{\"@context\":\"https:\/\/schema.org\",\"@graph\":[{\"@type\":\"WebPage\",\"@id\":\"https:\/\/www.intoscana.it\/it\/strage-viareggio-la-sentenza-dellappello-bis-lex-ad-moretti-condattano-a-cinque-anni\/\",\"url\":\"https:\/\/www.intoscana.it\/it\/strage-viareggio-la-sentenza-dellappello-bis-lex-ad-moretti-condattano-a-cinque-anni\/\",\"name\":\"Strage di Viareggio, la sentenza dell'appello bis: l'ex ad Moretti condannato a cinque anni - intoscana\",\"isPartOf\":{\"@id\":\"https:\/\/www.intoscana.it\/it\/#website\"},\"primaryImageOfPage\":{\"@id\":\"https:\/\/www.intoscana.it\/it\/strage-viareggio-la-sentenza-dellappello-bis-lex-ad-moretti-condattano-a-cinque-anni\/#primaryimage\"},\"image\":{\"@id\":\"https:\/\/www.intoscana.it\/it\/strage-viareggio-la-sentenza-dellappello-bis-lex-ad-moretti-condattano-a-cinque-anni\/#primaryimage\"},\"thumbnailUrl\":\"https:\/\/www.intoscana.it\/wp-content\/uploads\/strage-viareggio-4.jpg\",\"datePublished\":\"2022-06-30T16:06:58+00:00\",\"dateModified\":\"2022-06-30T16:52:18+00:00\",\"author\":{\"@id\":\"https:\/\/www.intoscana.it\/it\/#\/schema\/person\/9223810753230f20bd670fdd322661f8\"},\"description\":\"La decisione della Corte di appello di Firenze dopo circa sei ore di camera di consiglio: 13 condanne e 3 assoluzioni\",\"breadcrumb\":{\"@id\":\"https:\/\/www.intoscana.it\/it\/strage-viareggio-la-sentenza-dellappello-bis-lex-ad-moretti-condattano-a-cinque-anni\/#breadcrumb\"},\"inLanguage\":\"it-IT\",\"potentialAction\":[{\"@type\":\"ReadAction\",\"target\":[\"https:\/\/www.intoscana.it\/it\/strage-viareggio-la-sentenza-dellappello-bis-lex-ad-moretti-condattano-a-cinque-anni\/\"]}]},{\"@type\":\"ImageObject\",\"inLanguage\":\"it-IT\",\"@id\":\"https:\/\/www.intoscana.it\/it\/strage-viareggio-la-sentenza-dellappello-bis-lex-ad-moretti-condattano-a-cinque-anni\/#primaryimage\",\"url\":\"https:\/\/www.intoscana.it\/wp-content\/uploads\/strage-viareggio-4.jpg\",\"contentUrl\":\"https:\/\/www.intoscana.it\/wp-content\/uploads\/strage-viareggio-4.jpg\",\"width\":660,\"height\":431,\"caption\":\"Strage di Viareggio\"},{\"@type\":\"BreadcrumbList\",\"@id\":\"https:\/\/www.intoscana.it\/it\/strage-viareggio-la-sentenza-dellappello-bis-lex-ad-moretti-condattano-a-cinque-anni\/#breadcrumb\",\"itemListElement\":[{\"@type\":\"ListItem\",\"position\":1,\"name\":\"Home\",\"item\":\"https:\/\/www.intoscana.it\/it\/\"},{\"@type\":\"ListItem\",\"position\":2,\"name\":\"Strage di Viareggio, la sentenza dell&#8217;appello bis: l&#8217;ex ad Moretti condannato a cinque anni\"}]},{\"@type\":\"WebSite\",\"@id\":\"https:\/\/www.intoscana.it\/it\/#website\",\"url\":\"https:\/\/www.intoscana.it\/it\/\",\"name\":\"intoscana\",\"description\":\"\",\"potentialAction\":[{\"@type\":\"SearchAction\",\"target\":{\"@type\":\"EntryPoint\",\"urlTemplate\":\"https:\/\/www.intoscana.it\/it\/?s={search_term_string}\"},\"query-input\":{\"@type\":\"PropertyValueSpecification\",\"valueRequired\":true,\"valueName\":\"search_term_string\"}}],\"inLanguage\":\"it-IT\"},{\"@type\":\"Person\",\"@id\":\"https:\/\/www.intoscana.it\/it\/#\/schema\/person\/9223810753230f20bd670fdd322661f8\",\"name\":\"Redazione\",\"url\":\"https:\/\/www.intoscana.it\/it\/author\/redazione\/\"}]}<\/script>\n<!-- \/ Yoast SEO Premium plugin. -->","yoast_head_json":{"title":"Strage di Viareggio, la sentenza dell'appello bis: l'ex ad Moretti condannato a cinque anni - intoscana","description":"La decisione della Corte di appello di Firenze dopo circa sei ore di camera di consiglio: 13 condanne e 3 assoluzioni","robots":{"index":"index","follow":"follow","max-snippet":"max-snippet:-1","max-image-preview":"max-image-preview:large","max-video-preview":"max-video-preview:-1"},"canonical":"https:\/\/www.intoscana.it\/it\/strage-viareggio-la-sentenza-dellappello-bis-lex-ad-moretti-condattano-a-cinque-anni\/","og_locale":"it_IT","og_type":"article","og_title":"Strage di Viareggio, la sentenza dell'appello bis: l'ex ad Moretti condannato a cinque anni","og_description":"La decisione della Corte di appello di Firenze dopo circa sei ore di camera di consiglio: 13 condanne e 3 assoluzioni","og_url":"https:\/\/www.intoscana.it\/it\/strage-viareggio-la-sentenza-dellappello-bis-lex-ad-moretti-condattano-a-cinque-anni\/","og_site_name":"intoscana","article_publisher":"https:\/\/www.facebook.com\/intoscana.it","article_published_time":"2022-06-30T16:06:58+00:00","article_modified_time":"2022-06-30T16:52:18+00:00","og_image":[{"width":660,"height":431,"url":"https:\/\/www.intoscana.it\/wp-content\/uploads\/strage-viareggio-4.jpg","type":"image\/jpeg"}],"author":"Redazione","twitter_card":"summary_large_image","twitter_creator":"@intoscana","twitter_site":"@intoscana","twitter_misc":{"Written by":"Redazione","Est. reading time":"3 minuti"},"schema":{"@context":"https:\/\/schema.org","@graph":[{"@type":"WebPage","@id":"https:\/\/www.intoscana.it\/it\/strage-viareggio-la-sentenza-dellappello-bis-lex-ad-moretti-condattano-a-cinque-anni\/","url":"https:\/\/www.intoscana.it\/it\/strage-viareggio-la-sentenza-dellappello-bis-lex-ad-moretti-condattano-a-cinque-anni\/","name":"Strage di Viareggio, la sentenza dell'appello bis: l'ex ad Moretti condannato a cinque anni - intoscana","isPartOf":{"@id":"https:\/\/www.intoscana.it\/it\/#website"},"primaryImageOfPage":{"@id":"https:\/\/www.intoscana.it\/it\/strage-viareggio-la-sentenza-dellappello-bis-lex-ad-moretti-condattano-a-cinque-anni\/#primaryimage"},"image":{"@id":"https:\/\/www.intoscana.it\/it\/strage-viareggio-la-sentenza-dellappello-bis-lex-ad-moretti-condattano-a-cinque-anni\/#primaryimage"},"thumbnailUrl":"https:\/\/www.intoscana.it\/wp-content\/uploads\/strage-viareggio-4.jpg","datePublished":"2022-06-30T16:06:58+00:00","dateModified":"2022-06-30T16:52:18+00:00","author":{"@id":"https:\/\/www.intoscana.it\/it\/#\/schema\/person\/9223810753230f20bd670fdd322661f8"},"description":"La decisione della Corte di appello di Firenze dopo circa sei ore di camera di consiglio: 13 condanne e 3 assoluzioni","breadcrumb":{"@id":"https:\/\/www.intoscana.it\/it\/strage-viareggio-la-sentenza-dellappello-bis-lex-ad-moretti-condattano-a-cinque-anni\/#breadcrumb"},"inLanguage":"it-IT","potentialAction":[{"@type":"ReadAction","target":["https:\/\/www.intoscana.it\/it\/strage-viareggio-la-sentenza-dellappello-bis-lex-ad-moretti-condattano-a-cinque-anni\/"]}]},{"@type":"ImageObject","inLanguage":"it-IT","@id":"https:\/\/www.intoscana.it\/it\/strage-viareggio-la-sentenza-dellappello-bis-lex-ad-moretti-condattano-a-cinque-anni\/#primaryimage","url":"https:\/\/www.intoscana.it\/wp-content\/uploads\/strage-viareggio-4.jpg","contentUrl":"https:\/\/www.intoscana.it\/wp-content\/uploads\/strage-viareggio-4.jpg","width":660,"height":431,"caption":"Strage di Viareggio"},{"@type":"BreadcrumbList","@id":"https:\/\/www.intoscana.it\/it\/strage-viareggio-la-sentenza-dellappello-bis-lex-ad-moretti-condattano-a-cinque-anni\/#breadcrumb","itemListElement":[{"@type":"ListItem","position":1,"name":"Home","item":"https:\/\/www.intoscana.it\/it\/"},{"@type":"ListItem","position":2,"name":"Strage di Viareggio, la sentenza dell&#8217;appello bis: l&#8217;ex ad Moretti condannato a cinque anni"}]},{"@type":"WebSite","@id":"https:\/\/www.intoscana.it\/it\/#website","url":"https:\/\/www.intoscana.it\/it\/","name":"intoscana","description":"","potentialAction":[{"@type":"SearchAction","target":{"@type":"EntryPoint","urlTemplate":"https:\/\/www.intoscana.it\/it\/?s={search_term_string}"},"query-input":{"@type":"PropertyValueSpecification","valueRequired":true,"valueName":"search_term_string"}}],"inLanguage":"it-IT"},{"@type":"Person","@id":"https:\/\/www.intoscana.it\/it\/#\/schema\/person\/9223810753230f20bd670fdd322661f8","name":"Redazione","url":"https:\/\/www.intoscana.it\/it\/author\/redazione\/"}]}},"_links":{"self":[{"href":"https:\/\/www.intoscana.it\/it\/wp-json\/wp\/v2\/posts\/235991","targetHints":{"allow":["GET"]}}],"collection":[{"href":"https:\/\/www.intoscana.it\/it\/wp-json\/wp\/v2\/posts"}],"about":[{"href":"https:\/\/www.intoscana.it\/it\/wp-json\/wp\/v2\/types\/post"}],"author":[{"embeddable":true,"href":"https:\/\/www.intoscana.it\/it\/wp-json\/wp\/v2\/users\/525"}],"replies":[{"embeddable":true,"href":"https:\/\/www.intoscana.it\/it\/wp-json\/wp\/v2\/comments?post=235991"}],"version-history":[{"count":0,"href":"https:\/\/www.intoscana.it\/it\/wp-json\/wp\/v2\/posts\/235991\/revisions"}],"wp:featuredmedia":[{"embeddable":true,"href":"https:\/\/www.intoscana.it\/it\/wp-json\/wp\/v2\/media\/102391"}],"wp:attachment":[{"href":"https:\/\/www.intoscana.it\/it\/wp-json\/wp\/v2\/media?parent=235991"}],"wp:term":[{"taxonomy":"category","embeddable":true,"href":"https:\/\/www.intoscana.it\/it\/wp-json\/wp\/v2\/categories?post=235991"},{"taxonomy":"post_tag","embeddable":true,"href":"https:\/\/www.intoscana.it\/it\/wp-json\/wp\/v2\/tags?post=235991"}],"curies":[{"name":"wp","href":"https:\/\/api.w.org\/{rel}","templated":true}]}}