{"id":236051,"date":"2022-07-02T14:25:58","date_gmt":"2022-07-02T12:25:58","guid":{"rendered":"https:\/\/www.intoscana.it\/it\/?p=236051"},"modified":"2022-07-02T15:18:40","modified_gmt":"2022-07-02T13:18:40","slug":"saldi-estivi-toscana","status":"publish","type":"post","link":"https:\/\/www.intoscana.it\/it\/saldi-estivi-toscana\/","title":{"rendered":"Saldi estivi al via anche in Toscana: prevista una spesa di 170 euro a famiglia"},"content":{"rendered":"<p>Saldi al via in Toscana domani, sabato 2 luglio. I primi saldi estivi senza restrizioni sono carichi di aspettative. A livello nazionale, secondo Confcommercio il valore complessivo del giro d&#8217;affari si attester\u00e0 intorno a <strong>3,1 miliardi<\/strong> e ogni famiglia spender\u00e0 <strong>202 euro<\/strong>.<\/p>\n<p>La spesa media pro-capite dei consumatori toscani nei giorni di saldi invece sar\u00e0 tra i <strong>150<\/strong> ed i <strong>170<\/strong> euro secondo Confesercenti Toscana.<\/p>\n<p><mark>I saldi possono durare fino a 60 giorni, e la maggior parte dei negozi sembra orientata a tenere gli sconti per tutto il periodo cos\u00ec come emerge da un&#8217;indagine condotta da SWG per Confesercenti Toscana <\/mark>.<\/p>\n<p>\u201c<em>Dopo il flop dei saldi di gennaio 2022, dove anche in Toscana si \u00e8 registrato un trend negativo dato anche dalle restrizioni last minute a causa dell\u2019aumento dei contagi da Covid-19, per i saldi estivi ci aspettiamo una buona partenza<\/em>\u201d ha detto <strong>Nico Gronchi<\/strong>, presidente di Confesercenti Toscana \u201c<em>ma registriamo una forte preoccupazione da parte delle imprese per il loro proseguimento per l\u2019effetto dell\u2019aumento dell\u2019inflazione e del caro bollette, oltre che delle tensioni internazionali<\/em>\u201d.<\/p>\n<p>La stessa indagine, non a caso, ha evidenziato che il 74% degli intervistati nel campione preso in esame ha acquistato la merce ad un <strong>costo pi\u00f9 alto<\/strong> rispetto agli anni scorsi per effetto del <strong>rincaro<\/strong> generalizzato. Il 57%, inoltre, nei primi sei mesi del 2022 ha registrato una diminuzione delle vendite rispetto allo stesso periodo dello scorso anno. Questi saldi in partenza saranno sicuramente una bussola fondamentale per i commercianti per parlare effettivamente di ripresa del comparto vendite.<\/p>\n<h3>La spinta che arriva dai turisti<\/h3>\n<p>I turisti che gi\u00e0 da aprile affollano le citt\u00e0 d&#8217;arte e i borghi della Toscana daranno sicuramente una spinta positiva alle vendite durante i saldi. Confartigianato Firenze ha stimato un <strong>+5%<\/strong> di vendite rispetto al 2021, siamo ancora lontani dai livelli pre-Covid, ma la fiducia non manca soprattutto vedendo le strade del capoluogo affollate di visitatori: &#8220;<em>Sono tornati i turisti e questo \u00e8 un dato di fatto<\/em> &#8211; ha commentato <strong>Paolo Gori, <\/strong>vicepresidente di Confartigianato Imprese Firenze &#8211;\u00a0 <em>Magari la provenienza \u00e8 diversa: per ora abbiamo tanti europei e diversi americani<\/em>&#8220;.<\/p>\n<h3>I capi pi\u00f9 richiesti duranti i saldi<\/h3>\n<p>Il <strong>settore moda<\/strong> sar\u00e0 quello pi\u00f9 preso d\u2019assalto: il caldo anomalo che interessa anche la Toscana, sta favorendo un aumento delle vendite nel settore dell\u2019abbigliamento gi\u00e0 dal mese di maggio e si stima che il trend sar\u00e0 confermato anche durante i saldi in partenza.<\/p>\n<p><mark>Cosa si comprer\u00e0? Moda mare su tutto, quindi infradito, costumi, borse da spiaggia in parte anche per via del grande caldo di questi mesi che ci hanno fatto saltare a pi\u00f9 pari la primavera. Un grande classico sono le T-shirt sempre le pi\u00f9 richieste, ma anche sandali e sopratutto gli abiti da cerimonia <\/mark>, questi ultimi incentivati dalla ripartenza delle cerimonie e del settore wedding che quest&#8217;anno si sta rimettendo in pari dopo i numerosi rinvi del 2020 e del 2021.<\/p>\n<h3>Saldi, istruzioni per l&#8217;uso<\/h3>\n<p>In vista dell&#8217;apertura dei saldi, ecco qui una breve guida sempre utile:<\/p>\n<ul>\n<li><strong>Cambi<\/strong>: la possibilit\u00e0 di cambiare il capo acquistato \u00e8 generalmente lasciata alla discrezionalit\u00e0 del negoziante. Tuttavia, se il prodotto \u00e8 danneggiato o non conforme (d.lgs. 6 settembre 2005, n. 206, Codice del Consumo), scatta l\u2019obbligo per il negoziante di riparazione o sostituzione entro un congruo periodo di tempo, e nel caso ci\u00f2 risulti impossibile, o se i costi che il venditore dovrebbe sostenere siano sproporzionati, la riduzione o la restituzione del prezzo pagato. Il compratore \u00e8 per\u00f2 tenuto a denunciare il vizio del capo entro due mesi dalla data della scoperta del difetto (entro due anni).<\/li>\n<li><strong>Prova dei capi:<\/strong> non c&#8217;\u00e8 obbligo. \u00c8 rimessa alla discrezionalit\u00e0 del negoziante (non sono pi\u00f9 previsti obblighi di effettuare la prova dei prodotti previa disinfezione delle mani e di utilizzo delle mascherine, anche nei camerini).<\/li>\n<li><strong>Pagamenti<\/strong>: le carte di credito devono essere accettate da parte del negoziante. Dal 30 giugno per chi non accetta pagamenti con bancomat e carta di credito (decreto legge n. 36 del 30 aprile 2022) scatteranno sanzioni pari ad una quota fissa di 30 euro, cui va aggiunta una quota pari al 4% del valore della transazione rifiutata.<\/li>\n<li><strong>Prodotti in vendita:\u00a0<\/strong>i capi che vengono proposti in saldo devono avere carattere stagionale o di moda ed essere suscettibili di notevole deprezzamento se non venduti entro un certo periodo di tempo.<\/li>\n<li><strong>Indicazione del prezzo:<\/strong> obbligo del negoziante di indicare prezzo normale di vendita, sconto e prezzo finale.<\/li>\n<li><strong>Riparazioni<\/strong>: in caso di modifiche e\/o adattamenti sartoriali alle esigenze della clientela (es: orli, maniche, asole), il costo \u00e8 a carico del cliente, salvo diversa pattuizione. A questo proposito \u00e8 opportuno dare preventiva informazione al cliente.<\/li>\n<\/ul>\n","protected":false},"excerpt":{"rendered":"<p>Mancano poche ore all&#8217;apertura dei saldi estivi nella nostra regione. Alte le speranze per far ripartire il commercio in parte anche per la presenza dei turisti che affollano gi\u00e0 le nostre citt\u00e0. I capi pi\u00f9 richiesti? La moda mare<\/p>\n","protected":false},"author":503,"featured_media":182550,"comment_status":"open","ping_status":"open","sticky":false,"template":"","format":"standard","meta":{"_acf_changed":false,"footnotes":""},"categories":[494],"tags":[4419,5744,211,5186,3500],"class_list":["post-236051","post","type-post","status-publish","format-standard","has-post-thumbnail","hentry","category-attualita","tag-commercio","tag-confcommercio","tag-economia","tag-famiglie","tag-saldi"],"acf":[],"yoast_head":"<!-- This site is optimized with the Yoast SEO Premium plugin v24.2 (Yoast SEO v25.6) - https:\/\/yoast.com\/wordpress\/plugins\/seo\/ -->\n<title>Saldi estivi al via in Toscana: prevista una spesa di 170 euro a famiglia<\/title>\n<meta name=\"description\" content=\"Il 2 luglio al via i saldi estivi in Toscana dove c&#039;\u00e8 grande aspettativa. I capi pi\u00f9 richiesti durante i saldi? La moda mare\" \/>\n<meta name=\"robots\" content=\"index, follow, max-snippet:-1, max-image-preview:large, max-video-preview:-1\" \/>\n<link rel=\"canonical\" href=\"https:\/\/www.intoscana.it\/it\/saldi-estivi-toscana\/\" \/>\n<meta property=\"og:locale\" content=\"it_IT\" \/>\n<meta property=\"og:type\" content=\"article\" \/>\n<meta property=\"og:title\" content=\"Saldi estivi al via anche in Toscana: prevista una spesa di 170 euro a famiglia\" \/>\n<meta property=\"og:description\" content=\"Il 2 luglio al via i saldi estivi in Toscana dove c&#039;\u00e8 grande aspettativa. I capi pi\u00f9 richiesti durante i saldi? La moda mare\" \/>\n<meta property=\"og:url\" content=\"https:\/\/www.intoscana.it\/it\/saldi-estivi-toscana\/\" \/>\n<meta property=\"og:site_name\" content=\"intoscana\" \/>\n<meta property=\"article:publisher\" content=\"https:\/\/www.facebook.com\/intoscana.it\" \/>\n<meta property=\"article:published_time\" content=\"2022-07-02T12:25:58+00:00\" \/>\n<meta property=\"article:modified_time\" content=\"2022-07-02T13:18:40+00:00\" \/>\n<meta property=\"og:image\" content=\"https:\/\/www.intoscana.it\/wp-content\/uploads\/saldi-estivi-scaled.jpg\" \/>\n\t<meta property=\"og:image:width\" content=\"2048\" \/>\n\t<meta property=\"og:image:height\" content=\"1365\" \/>\n\t<meta property=\"og:image:type\" content=\"image\/jpeg\" \/>\n<meta name=\"author\" content=\"Giulia Rafanelli\" \/>\n<meta name=\"twitter:card\" content=\"summary_large_image\" \/>\n<meta name=\"twitter:creator\" content=\"@intoscana\" \/>\n<meta name=\"twitter:site\" content=\"@intoscana\" \/>\n<meta name=\"twitter:label1\" content=\"Written by\" \/>\n\t<meta name=\"twitter:data1\" content=\"Giulia Rafanelli\" \/>\n\t<meta name=\"twitter:label2\" content=\"Est. reading time\" \/>\n\t<meta name=\"twitter:data2\" content=\"4 minuti\" \/>\n<script type=\"application\/ld+json\" class=\"yoast-schema-graph\">{\"@context\":\"https:\/\/schema.org\",\"@graph\":[{\"@type\":\"WebPage\",\"@id\":\"https:\/\/www.intoscana.it\/it\/saldi-estivi-toscana\/\",\"url\":\"https:\/\/www.intoscana.it\/it\/saldi-estivi-toscana\/\",\"name\":\"Saldi estivi al via in Toscana: prevista una spesa di 170 euro a famiglia\",\"isPartOf\":{\"@id\":\"https:\/\/www.intoscana.it\/it\/#website\"},\"primaryImageOfPage\":{\"@id\":\"https:\/\/www.intoscana.it\/it\/saldi-estivi-toscana\/#primaryimage\"},\"image\":{\"@id\":\"https:\/\/www.intoscana.it\/it\/saldi-estivi-toscana\/#primaryimage\"},\"thumbnailUrl\":\"https:\/\/www.intoscana.it\/wp-content\/uploads\/saldi-estivi-scaled.jpg\",\"datePublished\":\"2022-07-02T12:25:58+00:00\",\"dateModified\":\"2022-07-02T13:18:40+00:00\",\"author\":{\"@id\":\"https:\/\/www.intoscana.it\/it\/#\/schema\/person\/333569b367b301e30262defcea56c939\"},\"description\":\"Il 2 luglio al via i saldi estivi in Toscana dove c'\u00e8 grande aspettativa. I capi pi\u00f9 richiesti durante i saldi? La moda mare\",\"breadcrumb\":{\"@id\":\"https:\/\/www.intoscana.it\/it\/saldi-estivi-toscana\/#breadcrumb\"},\"inLanguage\":\"it-IT\",\"potentialAction\":[{\"@type\":\"ReadAction\",\"target\":[\"https:\/\/www.intoscana.it\/it\/saldi-estivi-toscana\/\"]}]},{\"@type\":\"ImageObject\",\"inLanguage\":\"it-IT\",\"@id\":\"https:\/\/www.intoscana.it\/it\/saldi-estivi-toscana\/#primaryimage\",\"url\":\"https:\/\/www.intoscana.it\/wp-content\/uploads\/saldi-estivi-scaled.jpg\",\"contentUrl\":\"https:\/\/www.intoscana.it\/wp-content\/uploads\/saldi-estivi-scaled.jpg\",\"width\":2048,\"height\":1365,\"caption\":\"saldi-estivi\"},{\"@type\":\"BreadcrumbList\",\"@id\":\"https:\/\/www.intoscana.it\/it\/saldi-estivi-toscana\/#breadcrumb\",\"itemListElement\":[{\"@type\":\"ListItem\",\"position\":1,\"name\":\"Home\",\"item\":\"https:\/\/www.intoscana.it\/it\/\"},{\"@type\":\"ListItem\",\"position\":2,\"name\":\"Saldi estivi al via anche in Toscana: prevista una spesa di 170 euro a famiglia\"}]},{\"@type\":\"WebSite\",\"@id\":\"https:\/\/www.intoscana.it\/it\/#website\",\"url\":\"https:\/\/www.intoscana.it\/it\/\",\"name\":\"intoscana\",\"description\":\"\",\"potentialAction\":[{\"@type\":\"SearchAction\",\"target\":{\"@type\":\"EntryPoint\",\"urlTemplate\":\"https:\/\/www.intoscana.it\/it\/?s={search_term_string}\"},\"query-input\":{\"@type\":\"PropertyValueSpecification\",\"valueRequired\":true,\"valueName\":\"search_term_string\"}}],\"inLanguage\":\"it-IT\"},{\"@type\":\"Person\",\"@id\":\"https:\/\/www.intoscana.it\/it\/#\/schema\/person\/333569b367b301e30262defcea56c939\",\"name\":\"Giulia Rafanelli\",\"url\":\"https:\/\/www.intoscana.it\/it\/author\/giulia-rafanelli\/\"}]}<\/script>\n<!-- \/ Yoast SEO Premium plugin. -->","yoast_head_json":{"title":"Saldi estivi al via in Toscana: prevista una spesa di 170 euro a famiglia","description":"Il 2 luglio al via i saldi estivi in Toscana dove c'\u00e8 grande aspettativa. I capi pi\u00f9 richiesti durante i saldi? La moda mare","robots":{"index":"index","follow":"follow","max-snippet":"max-snippet:-1","max-image-preview":"max-image-preview:large","max-video-preview":"max-video-preview:-1"},"canonical":"https:\/\/www.intoscana.it\/it\/saldi-estivi-toscana\/","og_locale":"it_IT","og_type":"article","og_title":"Saldi estivi al via anche in Toscana: prevista una spesa di 170 euro a famiglia","og_description":"Il 2 luglio al via i saldi estivi in Toscana dove c'\u00e8 grande aspettativa. I capi pi\u00f9 richiesti durante i saldi? La moda mare","og_url":"https:\/\/www.intoscana.it\/it\/saldi-estivi-toscana\/","og_site_name":"intoscana","article_publisher":"https:\/\/www.facebook.com\/intoscana.it","article_published_time":"2022-07-02T12:25:58+00:00","article_modified_time":"2022-07-02T13:18:40+00:00","og_image":[{"width":2048,"height":1365,"url":"https:\/\/www.intoscana.it\/wp-content\/uploads\/saldi-estivi-scaled.jpg","type":"image\/jpeg"}],"author":"Giulia Rafanelli","twitter_card":"summary_large_image","twitter_creator":"@intoscana","twitter_site":"@intoscana","twitter_misc":{"Written by":"Giulia Rafanelli","Est. reading time":"4 minuti"},"schema":{"@context":"https:\/\/schema.org","@graph":[{"@type":"WebPage","@id":"https:\/\/www.intoscana.it\/it\/saldi-estivi-toscana\/","url":"https:\/\/www.intoscana.it\/it\/saldi-estivi-toscana\/","name":"Saldi estivi al via in Toscana: prevista una spesa di 170 euro a famiglia","isPartOf":{"@id":"https:\/\/www.intoscana.it\/it\/#website"},"primaryImageOfPage":{"@id":"https:\/\/www.intoscana.it\/it\/saldi-estivi-toscana\/#primaryimage"},"image":{"@id":"https:\/\/www.intoscana.it\/it\/saldi-estivi-toscana\/#primaryimage"},"thumbnailUrl":"https:\/\/www.intoscana.it\/wp-content\/uploads\/saldi-estivi-scaled.jpg","datePublished":"2022-07-02T12:25:58+00:00","dateModified":"2022-07-02T13:18:40+00:00","author":{"@id":"https:\/\/www.intoscana.it\/it\/#\/schema\/person\/333569b367b301e30262defcea56c939"},"description":"Il 2 luglio al via i saldi estivi in Toscana dove c'\u00e8 grande aspettativa. I capi pi\u00f9 richiesti durante i saldi? La moda mare","breadcrumb":{"@id":"https:\/\/www.intoscana.it\/it\/saldi-estivi-toscana\/#breadcrumb"},"inLanguage":"it-IT","potentialAction":[{"@type":"ReadAction","target":["https:\/\/www.intoscana.it\/it\/saldi-estivi-toscana\/"]}]},{"@type":"ImageObject","inLanguage":"it-IT","@id":"https:\/\/www.intoscana.it\/it\/saldi-estivi-toscana\/#primaryimage","url":"https:\/\/www.intoscana.it\/wp-content\/uploads\/saldi-estivi-scaled.jpg","contentUrl":"https:\/\/www.intoscana.it\/wp-content\/uploads\/saldi-estivi-scaled.jpg","width":2048,"height":1365,"caption":"saldi-estivi"},{"@type":"BreadcrumbList","@id":"https:\/\/www.intoscana.it\/it\/saldi-estivi-toscana\/#breadcrumb","itemListElement":[{"@type":"ListItem","position":1,"name":"Home","item":"https:\/\/www.intoscana.it\/it\/"},{"@type":"ListItem","position":2,"name":"Saldi estivi al via anche in Toscana: prevista una spesa di 170 euro a famiglia"}]},{"@type":"WebSite","@id":"https:\/\/www.intoscana.it\/it\/#website","url":"https:\/\/www.intoscana.it\/it\/","name":"intoscana","description":"","potentialAction":[{"@type":"SearchAction","target":{"@type":"EntryPoint","urlTemplate":"https:\/\/www.intoscana.it\/it\/?s={search_term_string}"},"query-input":{"@type":"PropertyValueSpecification","valueRequired":true,"valueName":"search_term_string"}}],"inLanguage":"it-IT"},{"@type":"Person","@id":"https:\/\/www.intoscana.it\/it\/#\/schema\/person\/333569b367b301e30262defcea56c939","name":"Giulia Rafanelli","url":"https:\/\/www.intoscana.it\/it\/author\/giulia-rafanelli\/"}]}},"_links":{"self":[{"href":"https:\/\/www.intoscana.it\/it\/wp-json\/wp\/v2\/posts\/236051","targetHints":{"allow":["GET"]}}],"collection":[{"href":"https:\/\/www.intoscana.it\/it\/wp-json\/wp\/v2\/posts"}],"about":[{"href":"https:\/\/www.intoscana.it\/it\/wp-json\/wp\/v2\/types\/post"}],"author":[{"embeddable":true,"href":"https:\/\/www.intoscana.it\/it\/wp-json\/wp\/v2\/users\/503"}],"replies":[{"embeddable":true,"href":"https:\/\/www.intoscana.it\/it\/wp-json\/wp\/v2\/comments?post=236051"}],"version-history":[{"count":0,"href":"https:\/\/www.intoscana.it\/it\/wp-json\/wp\/v2\/posts\/236051\/revisions"}],"wp:featuredmedia":[{"embeddable":true,"href":"https:\/\/www.intoscana.it\/it\/wp-json\/wp\/v2\/media\/182550"}],"wp:attachment":[{"href":"https:\/\/www.intoscana.it\/it\/wp-json\/wp\/v2\/media?parent=236051"}],"wp:term":[{"taxonomy":"category","embeddable":true,"href":"https:\/\/www.intoscana.it\/it\/wp-json\/wp\/v2\/categories?post=236051"},{"taxonomy":"post_tag","embeddable":true,"href":"https:\/\/www.intoscana.it\/it\/wp-json\/wp\/v2\/tags?post=236051"}],"curies":[{"name":"wp","href":"https:\/\/api.w.org\/{rel}","templated":true}]}}