{"id":236122,"date":"2022-07-01T14:44:13","date_gmt":"2022-07-01T12:44:13","guid":{"rendered":"https:\/\/www.intoscana.it\/it\/?p=236122"},"modified":"2022-07-02T15:12:11","modified_gmt":"2022-07-02T13:12:11","slug":"covid-4-547-nuovi-casi","status":"publish","type":"post","link":"https:\/\/www.intoscana.it\/it\/covid-4-547-nuovi-casi\/","title":{"rendered":"Covid, 4.547 nuovi casi e 6 decessi"},"content":{"rendered":"<p>In Toscana sono 1.217.125 i casi di positivit\u00e0 al Coronavirus,<strong> 4.547 in pi\u00f9 rispetto a ieri: <\/strong>923 confermati con tampone molecolare e 3.624 da test rapido antigenico.<\/p>\n<h3>I nuovi casi<\/h3>\n<p>I nuovi casi sono lo <strong>0,4<\/strong>% in pi\u00f9 rispetto al totale del giorno precedente. Oggi sono stati eseguiti 1.875 tamponi molecolari e 15.346 tamponi antigenici rapidi, di questi il 26,4% \u00e8 risultato positivo. Sono invece 5.562 i soggetti testati oggi (con tampone antigenico e\/o molecolare, escludendo i tamponi di controllo), di cui l&#8217;81,8% \u00e8 risultato positivo. Gli attualmente positivi sono oggi 57.027, +6,9% rispetto a ieri. I ricoverati sono 449 (23 in pi\u00f9 rispetto a ieri), di cui 12 in terapia intensiva (1 in meno).<\/p>\n<p>L&#8217;et\u00e0 media dei 4.547 nuovi positivi odierni \u00e8 di <strong>49 anni circa<\/strong> (10% ha meno di 20 anni, 22% tra 20 e 39 anni, 32% tra 40 e 59 anni, 28% tra 60 e 79 anni, 8% ha 80 anni o pi\u00f9).<\/p>\n<h3>I casi di positivit\u00e0 sul territorio<\/h3>\n<p>Di seguito i casi di positivit\u00e0 sul territorio con la variazione rispetto a ieri (923 confermati con tampone molecolare e 3.624 da test rapido antigenico). Sono 338.415 i casi complessivi ad oggi a Firenze (1.325 in pi\u00f9 rispetto a ieri), 82.719 a Prato (288 in pi\u00f9), 96.792 a Pistoia (309 in pi\u00f9), 59.603 a Massa (199 in pi\u00f9), 127.891 a Lucca (547 in pi\u00f9), 141.368 a Pisa (515 in pi\u00f9), 108.523 a Livorno (389 in pi\u00f9), 110.295 ad Arezzo (400 in pi\u00f9), 85.917 a Siena (329 in pi\u00f9), 65.047 a Grosseto (246 in pi\u00f9). Sono 555 i casi positivi notificati in Toscana, ma residenti in altre regioni.<\/p>\n<p>Sono 1.973 i casi riscontrati oggi nell&#8217;Asl Centro, 1.599 nella Nord Ovest, 975 nella Sud est.<\/p>\n<h3>Il dettaglio della situazione in Toscana<\/h3>\n<p>La Toscana si trova al 8\u00b0 posto in Italia come numerosit\u00e0 di casi (comprensivi di residenti e non residenti), con circa 32.959 casi per 100.000 abitanti (media italiana circa 31.270 x100.000, dato di ieri). Le province di notifica con il tasso pi\u00f9 alto sono Firenze con 33.895 casi x100.000 abitanti, Pisa con 33.821, Pistoia con 33.348, la pi\u00f9 bassa Grosseto con 29.859.<\/p>\n<p>Complessivamente, <strong>56.578<\/strong> persone sono in isolamento a casa, poich\u00e9 presentano sintomi lievi che non richiedono cure ospedaliere, o risultano prive di sintomi (3.667 in pi\u00f9 rispetto a ieri, pi\u00f9 6,9%).<\/p>\n<p>Le persone <strong>ricoverate<\/strong> nei posti letto dedicati ai pazienti Covid oggi sono complessivamente 449 (23 in pi\u00f9 rispetto a ieri, pi\u00f9 5,4%), 12 in terapia intensiva (1 in meno rispetto a ieri, meno 7,7%).<\/p>\n<p>Le persone complessivamente <strong>guarite<\/strong> sono 1.149.911 (851 in pi\u00f9 rispetto a ieri, pi\u00f9 0,1%): 0 persone clinicamente guarite (stabili rispetto a ieri), divenute cio\u00e8 asintomatiche dopo aver presentato manifestazioni cliniche associate all&#8217;infezione e 1.149.911 (851 in pi\u00f9 rispetto a ieri, pi\u00f9 0,1%) dichiarate guarite a tutti gli effetti, le cosiddette guarigioni virali, con tampone negativo.<\/p>\n<h3>Mortalit\u00e0<\/h3>\n<p>Oggi si registrano <strong>6 nuovi decessi<\/strong>: 3 uomini e 3 donne con un&#8217;et\u00e0 media di 92 anni. Relativamente alla provincia di residenza, le persone decedute sono: 3 a Firenze, 1 a Pistoia, 2 a Siena.<\/p>\n<p>Sono 10.187 i deceduti dall&#8217;inizio dell&#8217;epidemia cosi ripartiti: 3.206 a Firenze, 841 a Prato, 918 a Pistoia, 656 a Massa Carrara, 955 a Lucca, 1.131 a Pisa, 748 a Livorno, 662 ad Arezzo, 539 a Siena, 391 a Grosseto, 140 persone sono decedute sul suolo toscano ma erano residenti fuori regione.<\/p>\n<p>Il tasso grezzo di mortalit\u00e0 toscano (numero di deceduti\/popolazione residente) per Covid-19 \u00e8 di 275,9 x100.000 residenti contro il 284,2 x100.000 della media italiana (10\u00b0 regione). Per quanto riguarda le province, il tasso di mortalit\u00e0 pi\u00f9 alto si riscontra a Massa Carrara (345,6 x100.000), Firenze (321,1 x100.000) e Prato (317,0 x100.000), il pi\u00f9 basso a Grosseto (179,5 x100.000).<\/p>\n","protected":false},"excerpt":{"rendered":"<p>I nuovi casi sono lo 0,4% in pi\u00f9 rispetto al totale del giorno precedente mentre sono 23 in pi\u00f9 rispetto a ieri le persone ricoverate nei reparti ordinari, 1 in meno in terapia intensiva<\/p>\n","protected":false},"author":525,"featured_media":157827,"comment_status":"open","ping_status":"open","sticky":false,"template":"","format":"standard","meta":{"_acf_changed":false,"footnotes":""},"categories":[494],"tags":[4868,5149,134,349],"class_list":["post-236122","post","type-post","status-publish","format-standard","has-post-thumbnail","hentry","category-attualita","tag-bollettino-covid-toscana","tag-pandemia","tag-salute","tag-sanita"],"acf":[],"yoast_head":"<!-- This site is optimized with the Yoast SEO Premium plugin v24.2 (Yoast SEO v25.6) - https:\/\/yoast.com\/wordpress\/plugins\/seo\/ -->\n<title>Covid, 4.547 nuovi casi e 6 decessi<\/title>\n<meta name=\"description\" content=\"Sono 23 in pi\u00f9 rispetto a ieri le persone ricoverate nei reparti ordinari, 1 in meno in terapia intensiva. Questo il bollettino Covid odiern\" \/>\n<meta name=\"robots\" content=\"index, follow, max-snippet:-1, max-image-preview:large, max-video-preview:-1\" \/>\n<link rel=\"canonical\" href=\"https:\/\/www.intoscana.it\/it\/covid-4-547-nuovi-casi\/\" \/>\n<meta property=\"og:locale\" content=\"it_IT\" \/>\n<meta property=\"og:type\" content=\"article\" \/>\n<meta property=\"og:title\" content=\"Covid, 4.547 nuovi casi e 6 decessi\" \/>\n<meta property=\"og:description\" content=\"Sono 23 in pi\u00f9 rispetto a ieri le persone ricoverate nei reparti ordinari, 1 in meno in terapia intensiva. Questo il bollettino Covid odiern\" \/>\n<meta property=\"og:url\" content=\"https:\/\/www.intoscana.it\/it\/covid-4-547-nuovi-casi\/\" \/>\n<meta property=\"og:site_name\" content=\"intoscana\" \/>\n<meta property=\"article:publisher\" content=\"https:\/\/www.facebook.com\/intoscana.it\" \/>\n<meta property=\"article:published_time\" content=\"2022-07-01T12:44:13+00:00\" \/>\n<meta property=\"article:modified_time\" content=\"2022-07-02T13:12:11+00:00\" \/>\n<meta property=\"og:image\" content=\"https:\/\/www.intoscana.it\/wp-content\/uploads\/Personale-sanitario-Covid-Il-Vagabiondo-Unsplash.jpg\" \/>\n\t<meta property=\"og:image:width\" content=\"1920\" \/>\n\t<meta property=\"og:image:height\" content=\"1280\" \/>\n\t<meta property=\"og:image:type\" content=\"image\/jpeg\" \/>\n<meta name=\"author\" content=\"Redazione\" \/>\n<meta name=\"twitter:card\" content=\"summary_large_image\" \/>\n<meta name=\"twitter:creator\" content=\"@intoscana\" \/>\n<meta name=\"twitter:site\" content=\"@intoscana\" \/>\n<meta name=\"twitter:label1\" content=\"Written by\" \/>\n\t<meta name=\"twitter:data1\" content=\"Redazione\" \/>\n\t<meta name=\"twitter:label2\" content=\"Est. reading time\" \/>\n\t<meta name=\"twitter:data2\" content=\"3 minuti\" \/>\n<script type=\"application\/ld+json\" class=\"yoast-schema-graph\">{\"@context\":\"https:\/\/schema.org\",\"@graph\":[{\"@type\":\"WebPage\",\"@id\":\"https:\/\/www.intoscana.it\/it\/covid-4-547-nuovi-casi\/\",\"url\":\"https:\/\/www.intoscana.it\/it\/covid-4-547-nuovi-casi\/\",\"name\":\"Covid, 4.547 nuovi casi e 6 decessi\",\"isPartOf\":{\"@id\":\"https:\/\/www.intoscana.it\/it\/#website\"},\"primaryImageOfPage\":{\"@id\":\"https:\/\/www.intoscana.it\/it\/covid-4-547-nuovi-casi\/#primaryimage\"},\"image\":{\"@id\":\"https:\/\/www.intoscana.it\/it\/covid-4-547-nuovi-casi\/#primaryimage\"},\"thumbnailUrl\":\"https:\/\/www.intoscana.it\/wp-content\/uploads\/Personale-sanitario-Covid-Il-Vagabiondo-Unsplash.jpg\",\"datePublished\":\"2022-07-01T12:44:13+00:00\",\"dateModified\":\"2022-07-02T13:12:11+00:00\",\"author\":{\"@id\":\"https:\/\/www.intoscana.it\/it\/#\/schema\/person\/9223810753230f20bd670fdd322661f8\"},\"description\":\"Sono 23 in pi\u00f9 rispetto a ieri le persone ricoverate nei reparti ordinari, 1 in meno in terapia intensiva. Questo il bollettino Covid odiern\",\"breadcrumb\":{\"@id\":\"https:\/\/www.intoscana.it\/it\/covid-4-547-nuovi-casi\/#breadcrumb\"},\"inLanguage\":\"it-IT\",\"potentialAction\":[{\"@type\":\"ReadAction\",\"target\":[\"https:\/\/www.intoscana.it\/it\/covid-4-547-nuovi-casi\/\"]}]},{\"@type\":\"ImageObject\",\"inLanguage\":\"it-IT\",\"@id\":\"https:\/\/www.intoscana.it\/it\/covid-4-547-nuovi-casi\/#primaryimage\",\"url\":\"https:\/\/www.intoscana.it\/wp-content\/uploads\/Personale-sanitario-Covid-Il-Vagabiondo-Unsplash.jpg\",\"contentUrl\":\"https:\/\/www.intoscana.it\/wp-content\/uploads\/Personale-sanitario-Covid-Il-Vagabiondo-Unsplash.jpg\",\"width\":1920,\"height\":1280,\"caption\":\"Personale sanitario Covid\"},{\"@type\":\"BreadcrumbList\",\"@id\":\"https:\/\/www.intoscana.it\/it\/covid-4-547-nuovi-casi\/#breadcrumb\",\"itemListElement\":[{\"@type\":\"ListItem\",\"position\":1,\"name\":\"Home\",\"item\":\"https:\/\/www.intoscana.it\/it\/\"},{\"@type\":\"ListItem\",\"position\":2,\"name\":\"Covid, 4.547 nuovi casi e 6 decessi\"}]},{\"@type\":\"WebSite\",\"@id\":\"https:\/\/www.intoscana.it\/it\/#website\",\"url\":\"https:\/\/www.intoscana.it\/it\/\",\"name\":\"intoscana\",\"description\":\"\",\"potentialAction\":[{\"@type\":\"SearchAction\",\"target\":{\"@type\":\"EntryPoint\",\"urlTemplate\":\"https:\/\/www.intoscana.it\/it\/?s={search_term_string}\"},\"query-input\":{\"@type\":\"PropertyValueSpecification\",\"valueRequired\":true,\"valueName\":\"search_term_string\"}}],\"inLanguage\":\"it-IT\"},{\"@type\":\"Person\",\"@id\":\"https:\/\/www.intoscana.it\/it\/#\/schema\/person\/9223810753230f20bd670fdd322661f8\",\"name\":\"Redazione\",\"url\":\"https:\/\/www.intoscana.it\/it\/author\/redazione\/\"}]}<\/script>\n<!-- \/ Yoast SEO Premium plugin. -->","yoast_head_json":{"title":"Covid, 4.547 nuovi casi e 6 decessi","description":"Sono 23 in pi\u00f9 rispetto a ieri le persone ricoverate nei reparti ordinari, 1 in meno in terapia intensiva. Questo il bollettino Covid odiern","robots":{"index":"index","follow":"follow","max-snippet":"max-snippet:-1","max-image-preview":"max-image-preview:large","max-video-preview":"max-video-preview:-1"},"canonical":"https:\/\/www.intoscana.it\/it\/covid-4-547-nuovi-casi\/","og_locale":"it_IT","og_type":"article","og_title":"Covid, 4.547 nuovi casi e 6 decessi","og_description":"Sono 23 in pi\u00f9 rispetto a ieri le persone ricoverate nei reparti ordinari, 1 in meno in terapia intensiva. Questo il bollettino Covid odiern","og_url":"https:\/\/www.intoscana.it\/it\/covid-4-547-nuovi-casi\/","og_site_name":"intoscana","article_publisher":"https:\/\/www.facebook.com\/intoscana.it","article_published_time":"2022-07-01T12:44:13+00:00","article_modified_time":"2022-07-02T13:12:11+00:00","og_image":[{"width":1920,"height":1280,"url":"https:\/\/www.intoscana.it\/wp-content\/uploads\/Personale-sanitario-Covid-Il-Vagabiondo-Unsplash.jpg","type":"image\/jpeg"}],"author":"Redazione","twitter_card":"summary_large_image","twitter_creator":"@intoscana","twitter_site":"@intoscana","twitter_misc":{"Written by":"Redazione","Est. reading time":"3 minuti"},"schema":{"@context":"https:\/\/schema.org","@graph":[{"@type":"WebPage","@id":"https:\/\/www.intoscana.it\/it\/covid-4-547-nuovi-casi\/","url":"https:\/\/www.intoscana.it\/it\/covid-4-547-nuovi-casi\/","name":"Covid, 4.547 nuovi casi e 6 decessi","isPartOf":{"@id":"https:\/\/www.intoscana.it\/it\/#website"},"primaryImageOfPage":{"@id":"https:\/\/www.intoscana.it\/it\/covid-4-547-nuovi-casi\/#primaryimage"},"image":{"@id":"https:\/\/www.intoscana.it\/it\/covid-4-547-nuovi-casi\/#primaryimage"},"thumbnailUrl":"https:\/\/www.intoscana.it\/wp-content\/uploads\/Personale-sanitario-Covid-Il-Vagabiondo-Unsplash.jpg","datePublished":"2022-07-01T12:44:13+00:00","dateModified":"2022-07-02T13:12:11+00:00","author":{"@id":"https:\/\/www.intoscana.it\/it\/#\/schema\/person\/9223810753230f20bd670fdd322661f8"},"description":"Sono 23 in pi\u00f9 rispetto a ieri le persone ricoverate nei reparti ordinari, 1 in meno in terapia intensiva. Questo il bollettino Covid odiern","breadcrumb":{"@id":"https:\/\/www.intoscana.it\/it\/covid-4-547-nuovi-casi\/#breadcrumb"},"inLanguage":"it-IT","potentialAction":[{"@type":"ReadAction","target":["https:\/\/www.intoscana.it\/it\/covid-4-547-nuovi-casi\/"]}]},{"@type":"ImageObject","inLanguage":"it-IT","@id":"https:\/\/www.intoscana.it\/it\/covid-4-547-nuovi-casi\/#primaryimage","url":"https:\/\/www.intoscana.it\/wp-content\/uploads\/Personale-sanitario-Covid-Il-Vagabiondo-Unsplash.jpg","contentUrl":"https:\/\/www.intoscana.it\/wp-content\/uploads\/Personale-sanitario-Covid-Il-Vagabiondo-Unsplash.jpg","width":1920,"height":1280,"caption":"Personale sanitario Covid"},{"@type":"BreadcrumbList","@id":"https:\/\/www.intoscana.it\/it\/covid-4-547-nuovi-casi\/#breadcrumb","itemListElement":[{"@type":"ListItem","position":1,"name":"Home","item":"https:\/\/www.intoscana.it\/it\/"},{"@type":"ListItem","position":2,"name":"Covid, 4.547 nuovi casi e 6 decessi"}]},{"@type":"WebSite","@id":"https:\/\/www.intoscana.it\/it\/#website","url":"https:\/\/www.intoscana.it\/it\/","name":"intoscana","description":"","potentialAction":[{"@type":"SearchAction","target":{"@type":"EntryPoint","urlTemplate":"https:\/\/www.intoscana.it\/it\/?s={search_term_string}"},"query-input":{"@type":"PropertyValueSpecification","valueRequired":true,"valueName":"search_term_string"}}],"inLanguage":"it-IT"},{"@type":"Person","@id":"https:\/\/www.intoscana.it\/it\/#\/schema\/person\/9223810753230f20bd670fdd322661f8","name":"Redazione","url":"https:\/\/www.intoscana.it\/it\/author\/redazione\/"}]}},"_links":{"self":[{"href":"https:\/\/www.intoscana.it\/it\/wp-json\/wp\/v2\/posts\/236122","targetHints":{"allow":["GET"]}}],"collection":[{"href":"https:\/\/www.intoscana.it\/it\/wp-json\/wp\/v2\/posts"}],"about":[{"href":"https:\/\/www.intoscana.it\/it\/wp-json\/wp\/v2\/types\/post"}],"author":[{"embeddable":true,"href":"https:\/\/www.intoscana.it\/it\/wp-json\/wp\/v2\/users\/525"}],"replies":[{"embeddable":true,"href":"https:\/\/www.intoscana.it\/it\/wp-json\/wp\/v2\/comments?post=236122"}],"version-history":[{"count":0,"href":"https:\/\/www.intoscana.it\/it\/wp-json\/wp\/v2\/posts\/236122\/revisions"}],"wp:featuredmedia":[{"embeddable":true,"href":"https:\/\/www.intoscana.it\/it\/wp-json\/wp\/v2\/media\/157827"}],"wp:attachment":[{"href":"https:\/\/www.intoscana.it\/it\/wp-json\/wp\/v2\/media?parent=236122"}],"wp:term":[{"taxonomy":"category","embeddable":true,"href":"https:\/\/www.intoscana.it\/it\/wp-json\/wp\/v2\/categories?post=236122"},{"taxonomy":"post_tag","embeddable":true,"href":"https:\/\/www.intoscana.it\/it\/wp-json\/wp\/v2\/tags?post=236122"}],"curies":[{"name":"wp","href":"https:\/\/api.w.org\/{rel}","templated":true}]}}