{"id":236267,"date":"2022-07-02T20:50:46","date_gmt":"2022-07-02T18:50:46","guid":{"rendered":"https:\/\/www.intoscana.it\/it\/?p=236267"},"modified":"2022-07-02T20:52:54","modified_gmt":"2022-07-02T18:52:54","slug":"il-drago-vince-il-palio-di-siena-la-carriera-corsa-da-solo-6-contrade","status":"publish","type":"post","link":"https:\/\/www.intoscana.it\/it\/il-drago-vince-il-palio-di-siena-la-carriera-corsa-da-solo-6-contrade\/","title":{"rendered":"Il Drago vince il Palio di Siena, la carriera corsa da solo 6 contrade"},"content":{"rendered":"<p><strong>Il Drago, battendo in uno scatto al fotofinish la Torre, ha vinto il Palio di Siena del 2 luglio,<\/strong> che \u00e8 stato quello del ritorno della corsa in Piazza del Campo dopo due anni di stop causati dalla pandemia ma sar\u00e0 anche ricordato come l\u2019unico, almeno in et\u00e0 contemporanea, in cui <strong>hanno partecipato alla carriera solo sei contrade e non dieci.<\/strong><\/p>\n<h3>Fuori per infortuni Leocorno e Bruco<\/h3>\n<p>Questa mattina<strong> <a href=\"https:\/\/www.intoscana.it\/it\/articolo\/tutto-pronto-per-il-palio-di-siena-il-valdimontone-vince-la-prova-generale\/\" target=\"_blank\" rel=\"noopener\">Istrice e Civetta<\/a> erano state escluse<\/strong> dal Palio in onore della Madonna di Provenzano per lievi infortuni ai cavalli che, come aveva spiegato il sindaco di Siena Luigi De Mossi, <em>\u201cnon pregiudicano la vita dei cavalli\u201d.<br \/>\n<\/em><br \/>\nSul tufo di Piazza del Campo sono entrate cos\u00ec in <strong>otto<\/strong>, in questo ordine: Valdimontone, Bruco, Lupa, Torre, Chiocciola, Drago e Pantera tra i canapi e Leocorno di rincorsa.<\/p>\n<p><strong>Ma durante la lunghissima mossa, durata oltre 40 minuti, prima ha abbandonato la piazza proprio il Leocorno<\/strong>, sempre a quanto pare per un leggero infortunio al cavallo. Poi <strong>il fantino del Bruco, Stefano Piras detto Scangeo, \u00e8 caduto al canape<\/strong> durante una falsa mossa ed \u00e8 stato portato via in barella, cos\u00ec anche questa contrada ha lasciato la carriera.<\/p>\n<h3>La vittoria del Drago con Giovanni Atzeni detto Tittia<\/h3>\n<p>Tra i canapi si sono ritrovati cos\u00ec in cinque, pi\u00f9 la Pantera di rincorsa. Sin dal primo giro di piazza \u00e8 stato in testa il Drago, con l&#8217;accoppiata formata dal castrone baio Zio Frac, esordiente in piazza, e il fantino<strong> Giovanni Atzeni detto Tittia, che oggi arriva cos\u00ec al suo ottavo palio vinto.\u00a0<\/strong><\/p>\n<p>A tenere testa al Drago per un po&#8217; sono state la Pantera e la Torre, poi solo quest&#8217;ultima, con Viso d\u2019Angelo e il fantino Jonatan Bartoletti detto Scompiglio, \u00e8 rimasta a tenere testa, con un finale veramente vinto da Tittia per un pelo.<\/p>\n<p><strong>Il Drago si porta a casa cos\u00ec il drappellone firmato dalla pittrice inglese Emma Sergeant,<\/strong> dal grande impatto visivo, con la testa di un cavallo che domina tutta la parte centrale.<\/p>\n","protected":false},"excerpt":{"rendered":"<p>Giovanni Atzeni detto Tittia vince il Palio dedicato alla Madonna di Provenzano, battendo per pochi secondi la Torre<\/p>\n","protected":false},"author":502,"featured_media":232082,"comment_status":"open","ping_status":"open","sticky":false,"template":"","format":"standard","meta":{"_acf_changed":false,"footnotes":""},"categories":[494],"tags":[4432,164],"class_list":["post-236267","post","type-post","status-publish","format-standard","has-post-thumbnail","hentry","category-attualita","tag-palio-di-siena","tag-siena"],"acf":[],"yoast_head":"<!-- This site is optimized with the Yoast SEO Premium plugin v24.2 (Yoast SEO v25.6) - https:\/\/yoast.com\/wordpress\/plugins\/seo\/ -->\n<title>Il Drago vince il Palio di Siena, la carriera corsa da solo 6 contrade - intoscana<\/title>\n<meta name=\"description\" content=\"Il Drago ha vinto il Palio di Siena battendo per pochi secondi la Torre, dopo vari abbadoni per infortuni hanno corso solo in sei contrade.\" \/>\n<meta name=\"robots\" content=\"index, follow, max-snippet:-1, max-image-preview:large, max-video-preview:-1\" \/>\n<link rel=\"canonical\" href=\"https:\/\/www.intoscana.it\/it\/il-drago-vince-il-palio-di-siena-la-carriera-corsa-da-solo-6-contrade\/\" \/>\n<meta property=\"og:locale\" content=\"it_IT\" \/>\n<meta property=\"og:type\" content=\"article\" \/>\n<meta property=\"og:title\" content=\"Il Drago vince il Palio di Siena, la carriera corsa da solo 6 contrade\" \/>\n<meta property=\"og:description\" content=\"Il Drago ha vinto il Palio di Siena battendo per pochi secondi la Torre, dopo vari abbadoni per infortuni hanno corso solo in sei contrade.\" \/>\n<meta property=\"og:url\" content=\"https:\/\/www.intoscana.it\/it\/il-drago-vince-il-palio-di-siena-la-carriera-corsa-da-solo-6-contrade\/\" \/>\n<meta property=\"og:site_name\" content=\"intoscana\" \/>\n<meta property=\"article:publisher\" content=\"https:\/\/www.facebook.com\/intoscana.it\" \/>\n<meta property=\"article:published_time\" content=\"2022-07-02T18:50:46+00:00\" \/>\n<meta property=\"article:modified_time\" content=\"2022-07-02T18:52:54+00:00\" \/>\n<meta property=\"og:image\" content=\"https:\/\/www.intoscana.it\/wp-content\/uploads\/shutterstock_14218435-scaled.jpg\" \/>\n\t<meta property=\"og:image:width\" content=\"2048\" \/>\n\t<meta property=\"og:image:height\" content=\"1367\" \/>\n\t<meta property=\"og:image:type\" content=\"image\/jpeg\" \/>\n<meta name=\"author\" content=\"Ilaria Giannini\" \/>\n<meta name=\"twitter:card\" content=\"summary_large_image\" \/>\n<meta name=\"twitter:creator\" content=\"@i.giannini@fst.it\" \/>\n<meta name=\"twitter:site\" content=\"@intoscana\" \/>\n<meta name=\"twitter:label1\" content=\"Written by\" \/>\n\t<meta name=\"twitter:data1\" content=\"Ilaria Giannini\" \/>\n\t<meta name=\"twitter:label2\" content=\"Est. reading time\" \/>\n\t<meta name=\"twitter:data2\" content=\"2 minuti\" \/>\n<script type=\"application\/ld+json\" class=\"yoast-schema-graph\">{\"@context\":\"https:\/\/schema.org\",\"@graph\":[{\"@type\":\"WebPage\",\"@id\":\"https:\/\/www.intoscana.it\/it\/il-drago-vince-il-palio-di-siena-la-carriera-corsa-da-solo-6-contrade\/\",\"url\":\"https:\/\/www.intoscana.it\/it\/il-drago-vince-il-palio-di-siena-la-carriera-corsa-da-solo-6-contrade\/\",\"name\":\"Il Drago vince il Palio di Siena, la carriera corsa da solo 6 contrade - intoscana\",\"isPartOf\":{\"@id\":\"https:\/\/www.intoscana.it\/it\/#website\"},\"primaryImageOfPage\":{\"@id\":\"https:\/\/www.intoscana.it\/it\/il-drago-vince-il-palio-di-siena-la-carriera-corsa-da-solo-6-contrade\/#primaryimage\"},\"image\":{\"@id\":\"https:\/\/www.intoscana.it\/it\/il-drago-vince-il-palio-di-siena-la-carriera-corsa-da-solo-6-contrade\/#primaryimage\"},\"thumbnailUrl\":\"https:\/\/www.intoscana.it\/wp-content\/uploads\/shutterstock_14218435-scaled.jpg\",\"datePublished\":\"2022-07-02T18:50:46+00:00\",\"dateModified\":\"2022-07-02T18:52:54+00:00\",\"author\":{\"@id\":\"https:\/\/www.intoscana.it\/it\/#\/schema\/person\/de95e1ed2c1c8c30a6922bbba3a90185\"},\"description\":\"Il Drago ha vinto il Palio di Siena battendo per pochi secondi la Torre, dopo vari abbadoni per infortuni hanno corso solo in sei contrade.\",\"breadcrumb\":{\"@id\":\"https:\/\/www.intoscana.it\/it\/il-drago-vince-il-palio-di-siena-la-carriera-corsa-da-solo-6-contrade\/#breadcrumb\"},\"inLanguage\":\"it-IT\",\"potentialAction\":[{\"@type\":\"ReadAction\",\"target\":[\"https:\/\/www.intoscana.it\/it\/il-drago-vince-il-palio-di-siena-la-carriera-corsa-da-solo-6-contrade\/\"]}]},{\"@type\":\"ImageObject\",\"inLanguage\":\"it-IT\",\"@id\":\"https:\/\/www.intoscana.it\/it\/il-drago-vince-il-palio-di-siena-la-carriera-corsa-da-solo-6-contrade\/#primaryimage\",\"url\":\"https:\/\/www.intoscana.it\/wp-content\/uploads\/shutterstock_14218435-scaled.jpg\",\"contentUrl\":\"https:\/\/www.intoscana.it\/wp-content\/uploads\/shutterstock_14218435-scaled.jpg\",\"width\":2048,\"height\":1367,\"caption\":\"Palio di Siena\"},{\"@type\":\"BreadcrumbList\",\"@id\":\"https:\/\/www.intoscana.it\/it\/il-drago-vince-il-palio-di-siena-la-carriera-corsa-da-solo-6-contrade\/#breadcrumb\",\"itemListElement\":[{\"@type\":\"ListItem\",\"position\":1,\"name\":\"Home\",\"item\":\"https:\/\/www.intoscana.it\/it\/\"},{\"@type\":\"ListItem\",\"position\":2,\"name\":\"Il Drago vince il Palio di Siena, la carriera corsa da solo 6 contrade\"}]},{\"@type\":\"WebSite\",\"@id\":\"https:\/\/www.intoscana.it\/it\/#website\",\"url\":\"https:\/\/www.intoscana.it\/it\/\",\"name\":\"intoscana\",\"description\":\"\",\"potentialAction\":[{\"@type\":\"SearchAction\",\"target\":{\"@type\":\"EntryPoint\",\"urlTemplate\":\"https:\/\/www.intoscana.it\/it\/?s={search_term_string}\"},\"query-input\":{\"@type\":\"PropertyValueSpecification\",\"valueRequired\":true,\"valueName\":\"search_term_string\"}}],\"inLanguage\":\"it-IT\"},{\"@type\":\"Person\",\"@id\":\"https:\/\/www.intoscana.it\/it\/#\/schema\/person\/de95e1ed2c1c8c30a6922bbba3a90185\",\"name\":\"Ilaria Giannini\",\"sameAs\":[\"https:\/\/x.com\/i.giannini@fst.it\"],\"url\":\"https:\/\/www.intoscana.it\/it\/author\/ilaria-giannini\/\"}]}<\/script>\n<!-- \/ Yoast SEO Premium plugin. -->","yoast_head_json":{"title":"Il Drago vince il Palio di Siena, la carriera corsa da solo 6 contrade - intoscana","description":"Il Drago ha vinto il Palio di Siena battendo per pochi secondi la Torre, dopo vari abbadoni per infortuni hanno corso solo in sei contrade.","robots":{"index":"index","follow":"follow","max-snippet":"max-snippet:-1","max-image-preview":"max-image-preview:large","max-video-preview":"max-video-preview:-1"},"canonical":"https:\/\/www.intoscana.it\/it\/il-drago-vince-il-palio-di-siena-la-carriera-corsa-da-solo-6-contrade\/","og_locale":"it_IT","og_type":"article","og_title":"Il Drago vince il Palio di Siena, la carriera corsa da solo 6 contrade","og_description":"Il Drago ha vinto il Palio di Siena battendo per pochi secondi la Torre, dopo vari abbadoni per infortuni hanno corso solo in sei contrade.","og_url":"https:\/\/www.intoscana.it\/it\/il-drago-vince-il-palio-di-siena-la-carriera-corsa-da-solo-6-contrade\/","og_site_name":"intoscana","article_publisher":"https:\/\/www.facebook.com\/intoscana.it","article_published_time":"2022-07-02T18:50:46+00:00","article_modified_time":"2022-07-02T18:52:54+00:00","og_image":[{"width":2048,"height":1367,"url":"https:\/\/www.intoscana.it\/wp-content\/uploads\/shutterstock_14218435-scaled.jpg","type":"image\/jpeg"}],"author":"Ilaria Giannini","twitter_card":"summary_large_image","twitter_creator":"@i.giannini@fst.it","twitter_site":"@intoscana","twitter_misc":{"Written by":"Ilaria Giannini","Est. reading time":"2 minuti"},"schema":{"@context":"https:\/\/schema.org","@graph":[{"@type":"WebPage","@id":"https:\/\/www.intoscana.it\/it\/il-drago-vince-il-palio-di-siena-la-carriera-corsa-da-solo-6-contrade\/","url":"https:\/\/www.intoscana.it\/it\/il-drago-vince-il-palio-di-siena-la-carriera-corsa-da-solo-6-contrade\/","name":"Il Drago vince il Palio di Siena, la carriera corsa da solo 6 contrade - intoscana","isPartOf":{"@id":"https:\/\/www.intoscana.it\/it\/#website"},"primaryImageOfPage":{"@id":"https:\/\/www.intoscana.it\/it\/il-drago-vince-il-palio-di-siena-la-carriera-corsa-da-solo-6-contrade\/#primaryimage"},"image":{"@id":"https:\/\/www.intoscana.it\/it\/il-drago-vince-il-palio-di-siena-la-carriera-corsa-da-solo-6-contrade\/#primaryimage"},"thumbnailUrl":"https:\/\/www.intoscana.it\/wp-content\/uploads\/shutterstock_14218435-scaled.jpg","datePublished":"2022-07-02T18:50:46+00:00","dateModified":"2022-07-02T18:52:54+00:00","author":{"@id":"https:\/\/www.intoscana.it\/it\/#\/schema\/person\/de95e1ed2c1c8c30a6922bbba3a90185"},"description":"Il Drago ha vinto il Palio di Siena battendo per pochi secondi la Torre, dopo vari abbadoni per infortuni hanno corso solo in sei contrade.","breadcrumb":{"@id":"https:\/\/www.intoscana.it\/it\/il-drago-vince-il-palio-di-siena-la-carriera-corsa-da-solo-6-contrade\/#breadcrumb"},"inLanguage":"it-IT","potentialAction":[{"@type":"ReadAction","target":["https:\/\/www.intoscana.it\/it\/il-drago-vince-il-palio-di-siena-la-carriera-corsa-da-solo-6-contrade\/"]}]},{"@type":"ImageObject","inLanguage":"it-IT","@id":"https:\/\/www.intoscana.it\/it\/il-drago-vince-il-palio-di-siena-la-carriera-corsa-da-solo-6-contrade\/#primaryimage","url":"https:\/\/www.intoscana.it\/wp-content\/uploads\/shutterstock_14218435-scaled.jpg","contentUrl":"https:\/\/www.intoscana.it\/wp-content\/uploads\/shutterstock_14218435-scaled.jpg","width":2048,"height":1367,"caption":"Palio di Siena"},{"@type":"BreadcrumbList","@id":"https:\/\/www.intoscana.it\/it\/il-drago-vince-il-palio-di-siena-la-carriera-corsa-da-solo-6-contrade\/#breadcrumb","itemListElement":[{"@type":"ListItem","position":1,"name":"Home","item":"https:\/\/www.intoscana.it\/it\/"},{"@type":"ListItem","position":2,"name":"Il Drago vince il Palio di Siena, la carriera corsa da solo 6 contrade"}]},{"@type":"WebSite","@id":"https:\/\/www.intoscana.it\/it\/#website","url":"https:\/\/www.intoscana.it\/it\/","name":"intoscana","description":"","potentialAction":[{"@type":"SearchAction","target":{"@type":"EntryPoint","urlTemplate":"https:\/\/www.intoscana.it\/it\/?s={search_term_string}"},"query-input":{"@type":"PropertyValueSpecification","valueRequired":true,"valueName":"search_term_string"}}],"inLanguage":"it-IT"},{"@type":"Person","@id":"https:\/\/www.intoscana.it\/it\/#\/schema\/person\/de95e1ed2c1c8c30a6922bbba3a90185","name":"Ilaria Giannini","sameAs":["https:\/\/x.com\/i.giannini@fst.it"],"url":"https:\/\/www.intoscana.it\/it\/author\/ilaria-giannini\/"}]}},"_links":{"self":[{"href":"https:\/\/www.intoscana.it\/it\/wp-json\/wp\/v2\/posts\/236267","targetHints":{"allow":["GET"]}}],"collection":[{"href":"https:\/\/www.intoscana.it\/it\/wp-json\/wp\/v2\/posts"}],"about":[{"href":"https:\/\/www.intoscana.it\/it\/wp-json\/wp\/v2\/types\/post"}],"author":[{"embeddable":true,"href":"https:\/\/www.intoscana.it\/it\/wp-json\/wp\/v2\/users\/502"}],"replies":[{"embeddable":true,"href":"https:\/\/www.intoscana.it\/it\/wp-json\/wp\/v2\/comments?post=236267"}],"version-history":[{"count":0,"href":"https:\/\/www.intoscana.it\/it\/wp-json\/wp\/v2\/posts\/236267\/revisions"}],"wp:featuredmedia":[{"embeddable":true,"href":"https:\/\/www.intoscana.it\/it\/wp-json\/wp\/v2\/media\/232082"}],"wp:attachment":[{"href":"https:\/\/www.intoscana.it\/it\/wp-json\/wp\/v2\/media?parent=236267"}],"wp:term":[{"taxonomy":"category","embeddable":true,"href":"https:\/\/www.intoscana.it\/it\/wp-json\/wp\/v2\/categories?post=236267"},{"taxonomy":"post_tag","embeddable":true,"href":"https:\/\/www.intoscana.it\/it\/wp-json\/wp\/v2\/tags?post=236267"}],"curies":[{"name":"wp","href":"https:\/\/api.w.org\/{rel}","templated":true}]}}