{"id":236377,"date":"2022-07-04T14:18:41","date_gmt":"2022-07-04T12:18:41","guid":{"rendered":"https:\/\/www.intoscana.it\/it\/?p=236377"},"modified":"2022-07-04T14:18:41","modified_gmt":"2022-07-04T12:18:41","slug":"covid-1-208-nuovi-positivi-crescono-i-ricoveri-quattro-i-decessi","status":"publish","type":"post","link":"https:\/\/www.intoscana.it\/it\/covid-1-208-nuovi-positivi-crescono-i-ricoveri-quattro-i-decessi\/","title":{"rendered":"Covid, 1.208 nuovi positivi: crescono i ricoveri, quattro i decessi"},"content":{"rendered":"<p>I nuovi casi <strong>Covid <\/strong>registrati oggi in Toscana sono 1.208 su 5.083 test di cui 682 tamponi molecolari e 4.401 test rapidi. Il tasso dei nuovi positivi \u00e8 23,77 (77,9% sulle prime diagnosi). L&#8217;et\u00e0 media dei positivi odierni \u00e8 di 46 anni: 12% ha meno di 20 anni, 20% tra 20 e 39 anni, 36% tra 40 e 59 anni, 22% tra 60 e 79 anni, 10% ha 80 anni o pi\u00f9.<\/p>\n<p>I <strong>ricoverati<\/strong> sono 574 (50 in pi\u00f9 rispetto a ieri), di cui 20 in terapia intensiva (uno in meno). <mark>Sono quattro i decessi: 2 uomini e 2 donne con un&#8217;et\u00e0 media di 80,5 anni.<\/mark><\/p>\n<h3><em>I casi di positivit\u00e0 sul territorio<\/em><\/h3>\n<p>Sono 341.003 i casi complessivi ad oggi a Firenze (352 in pi\u00f9 rispetto a ieri), 83.265 a Prato (64 in pi\u00f9), 97.483 a Pistoia (104 in pi\u00f9), 60.033 a Massa (61 in pi\u00f9), 128.978 a Lucca (130 in pi\u00f9), 142.396 a Pisa (73 in pi\u00f9), 109.392 a Livorno (138 in pi\u00f9), 111.065 ad Arezzo (105 in pi\u00f9), 86.613 a Siena (114 in pi\u00f9), 65.542 a Grosseto (67 in pi\u00f9).<\/p>\n<p>Complessivamente, 60.983 persone sono in <strong>isolamento<\/strong> a casa, poich\u00e9 presentano sintomi lievi che non richiedono cure ospedaliere, o risultano prive di sintomi (244 in pi\u00f9 rispetto a ieri, pi\u00f9 0,4%).<\/p>\n<p>Sono <mark>10.196 i deceduti dall&#8217;inizio dell&#8217;epidemia<\/mark>: 3.207 a Firenze, 841 a Prato, 919 a Pistoia, 656 a Massa Carrara, 957 a Lucca, 1.135 a Pisa, 749 a Livorno, 662 ad Arezzo, 539 a Siena, 391 a Grosseto, 140 persone sono decedute sul suolo toscano ma erano residenti fuori regione.<\/p>\n","protected":false},"excerpt":{"rendered":"<p>L&#8217;et\u00e0 media dei contagiati \u00e8 di 46 anni. Aumentano le ospedalizzazioni<\/p>\n","protected":false},"author":525,"featured_media":186853,"comment_status":"open","ping_status":"open","sticky":false,"template":"","format":"standard","meta":{"_acf_changed":false,"footnotes":""},"categories":[494],"tags":[4868,418],"class_list":["post-236377","post","type-post","status-publish","format-standard","has-post-thumbnail","hentry","category-attualita","tag-bollettino-covid-toscana","tag-covid-19"],"acf":[],"yoast_head":"<!-- This site is optimized with the Yoast SEO Premium plugin v24.2 (Yoast SEO v25.6) - https:\/\/yoast.com\/wordpress\/plugins\/seo\/ -->\n<title>Covid, 1.208 nuovi positivi: crescono i ricoveri, quattro i decessi - intoscana<\/title>\n<meta name=\"description\" content=\"L&#039;et\u00e0 media dei contagiati \u00e8 di 46 anni. Aumentano le ospedalizzazioni\" \/>\n<meta name=\"robots\" content=\"index, follow, max-snippet:-1, max-image-preview:large, max-video-preview:-1\" \/>\n<link rel=\"canonical\" href=\"https:\/\/www.intoscana.it\/it\/covid-1-208-nuovi-positivi-crescono-i-ricoveri-quattro-i-decessi\/\" \/>\n<meta property=\"og:locale\" content=\"it_IT\" \/>\n<meta property=\"og:type\" content=\"article\" \/>\n<meta property=\"og:title\" content=\"Covid, 1.208 nuovi positivi: crescono i ricoveri, quattro i decessi\" \/>\n<meta property=\"og:description\" content=\"L&#039;et\u00e0 media dei contagiati \u00e8 di 46 anni. Aumentano le ospedalizzazioni\" \/>\n<meta property=\"og:url\" content=\"https:\/\/www.intoscana.it\/it\/covid-1-208-nuovi-positivi-crescono-i-ricoveri-quattro-i-decessi\/\" \/>\n<meta property=\"og:site_name\" content=\"intoscana\" \/>\n<meta property=\"article:publisher\" content=\"https:\/\/www.facebook.com\/intoscana.it\" \/>\n<meta property=\"article:published_time\" content=\"2022-07-04T12:18:41+00:00\" \/>\n<meta property=\"og:image\" content=\"https:\/\/www.intoscana.it\/wp-content\/uploads\/dati-covid-toscana-19-agosto.001-e1648558488291.jpeg\" \/>\n\t<meta property=\"og:image:width\" content=\"927\" \/>\n\t<meta property=\"og:image:height\" content=\"531\" \/>\n\t<meta property=\"og:image:type\" content=\"image\/jpeg\" \/>\n<meta name=\"author\" content=\"Redazione\" \/>\n<meta name=\"twitter:card\" content=\"summary_large_image\" \/>\n<meta name=\"twitter:creator\" content=\"@intoscana\" \/>\n<meta name=\"twitter:site\" content=\"@intoscana\" \/>\n<meta name=\"twitter:label1\" content=\"Written by\" \/>\n\t<meta name=\"twitter:data1\" content=\"Redazione\" \/>\n\t<meta name=\"twitter:label2\" content=\"Est. reading time\" \/>\n\t<meta name=\"twitter:data2\" content=\"1 minuto\" \/>\n<script type=\"application\/ld+json\" class=\"yoast-schema-graph\">{\"@context\":\"https:\/\/schema.org\",\"@graph\":[{\"@type\":\"WebPage\",\"@id\":\"https:\/\/www.intoscana.it\/it\/covid-1-208-nuovi-positivi-crescono-i-ricoveri-quattro-i-decessi\/\",\"url\":\"https:\/\/www.intoscana.it\/it\/covid-1-208-nuovi-positivi-crescono-i-ricoveri-quattro-i-decessi\/\",\"name\":\"Covid, 1.208 nuovi positivi: crescono i ricoveri, quattro i decessi - intoscana\",\"isPartOf\":{\"@id\":\"https:\/\/www.intoscana.it\/it\/#website\"},\"primaryImageOfPage\":{\"@id\":\"https:\/\/www.intoscana.it\/it\/covid-1-208-nuovi-positivi-crescono-i-ricoveri-quattro-i-decessi\/#primaryimage\"},\"image\":{\"@id\":\"https:\/\/www.intoscana.it\/it\/covid-1-208-nuovi-positivi-crescono-i-ricoveri-quattro-i-decessi\/#primaryimage\"},\"thumbnailUrl\":\"https:\/\/www.intoscana.it\/wp-content\/uploads\/dati-covid-toscana-19-agosto.001-e1648558488291.jpeg\",\"datePublished\":\"2022-07-04T12:18:41+00:00\",\"author\":{\"@id\":\"https:\/\/www.intoscana.it\/it\/#\/schema\/person\/9223810753230f20bd670fdd322661f8\"},\"description\":\"L'et\u00e0 media dei contagiati \u00e8 di 46 anni. Aumentano le ospedalizzazioni\",\"breadcrumb\":{\"@id\":\"https:\/\/www.intoscana.it\/it\/covid-1-208-nuovi-positivi-crescono-i-ricoveri-quattro-i-decessi\/#breadcrumb\"},\"inLanguage\":\"it-IT\",\"potentialAction\":[{\"@type\":\"ReadAction\",\"target\":[\"https:\/\/www.intoscana.it\/it\/covid-1-208-nuovi-positivi-crescono-i-ricoveri-quattro-i-decessi\/\"]}]},{\"@type\":\"ImageObject\",\"inLanguage\":\"it-IT\",\"@id\":\"https:\/\/www.intoscana.it\/it\/covid-1-208-nuovi-positivi-crescono-i-ricoveri-quattro-i-decessi\/#primaryimage\",\"url\":\"https:\/\/www.intoscana.it\/wp-content\/uploads\/dati-covid-toscana-19-agosto.001-e1648558488291.jpeg\",\"contentUrl\":\"https:\/\/www.intoscana.it\/wp-content\/uploads\/dati-covid-toscana-19-agosto.001-e1648558488291.jpeg\",\"width\":927,\"height\":531,\"caption\":\"Covid-19\"},{\"@type\":\"BreadcrumbList\",\"@id\":\"https:\/\/www.intoscana.it\/it\/covid-1-208-nuovi-positivi-crescono-i-ricoveri-quattro-i-decessi\/#breadcrumb\",\"itemListElement\":[{\"@type\":\"ListItem\",\"position\":1,\"name\":\"Home\",\"item\":\"https:\/\/www.intoscana.it\/it\/\"},{\"@type\":\"ListItem\",\"position\":2,\"name\":\"Covid, 1.208 nuovi positivi: crescono i ricoveri, quattro i decessi\"}]},{\"@type\":\"WebSite\",\"@id\":\"https:\/\/www.intoscana.it\/it\/#website\",\"url\":\"https:\/\/www.intoscana.it\/it\/\",\"name\":\"intoscana\",\"description\":\"\",\"potentialAction\":[{\"@type\":\"SearchAction\",\"target\":{\"@type\":\"EntryPoint\",\"urlTemplate\":\"https:\/\/www.intoscana.it\/it\/?s={search_term_string}\"},\"query-input\":{\"@type\":\"PropertyValueSpecification\",\"valueRequired\":true,\"valueName\":\"search_term_string\"}}],\"inLanguage\":\"it-IT\"},{\"@type\":\"Person\",\"@id\":\"https:\/\/www.intoscana.it\/it\/#\/schema\/person\/9223810753230f20bd670fdd322661f8\",\"name\":\"Redazione\",\"url\":\"https:\/\/www.intoscana.it\/it\/author\/redazione\/\"}]}<\/script>\n<!-- \/ Yoast SEO Premium plugin. -->","yoast_head_json":{"title":"Covid, 1.208 nuovi positivi: crescono i ricoveri, quattro i decessi - intoscana","description":"L'et\u00e0 media dei contagiati \u00e8 di 46 anni. Aumentano le ospedalizzazioni","robots":{"index":"index","follow":"follow","max-snippet":"max-snippet:-1","max-image-preview":"max-image-preview:large","max-video-preview":"max-video-preview:-1"},"canonical":"https:\/\/www.intoscana.it\/it\/covid-1-208-nuovi-positivi-crescono-i-ricoveri-quattro-i-decessi\/","og_locale":"it_IT","og_type":"article","og_title":"Covid, 1.208 nuovi positivi: crescono i ricoveri, quattro i decessi","og_description":"L'et\u00e0 media dei contagiati \u00e8 di 46 anni. Aumentano le ospedalizzazioni","og_url":"https:\/\/www.intoscana.it\/it\/covid-1-208-nuovi-positivi-crescono-i-ricoveri-quattro-i-decessi\/","og_site_name":"intoscana","article_publisher":"https:\/\/www.facebook.com\/intoscana.it","article_published_time":"2022-07-04T12:18:41+00:00","og_image":[{"width":927,"height":531,"url":"https:\/\/www.intoscana.it\/wp-content\/uploads\/dati-covid-toscana-19-agosto.001-e1648558488291.jpeg","type":"image\/jpeg"}],"author":"Redazione","twitter_card":"summary_large_image","twitter_creator":"@intoscana","twitter_site":"@intoscana","twitter_misc":{"Written by":"Redazione","Est. reading time":"1 minuto"},"schema":{"@context":"https:\/\/schema.org","@graph":[{"@type":"WebPage","@id":"https:\/\/www.intoscana.it\/it\/covid-1-208-nuovi-positivi-crescono-i-ricoveri-quattro-i-decessi\/","url":"https:\/\/www.intoscana.it\/it\/covid-1-208-nuovi-positivi-crescono-i-ricoveri-quattro-i-decessi\/","name":"Covid, 1.208 nuovi positivi: crescono i ricoveri, quattro i decessi - intoscana","isPartOf":{"@id":"https:\/\/www.intoscana.it\/it\/#website"},"primaryImageOfPage":{"@id":"https:\/\/www.intoscana.it\/it\/covid-1-208-nuovi-positivi-crescono-i-ricoveri-quattro-i-decessi\/#primaryimage"},"image":{"@id":"https:\/\/www.intoscana.it\/it\/covid-1-208-nuovi-positivi-crescono-i-ricoveri-quattro-i-decessi\/#primaryimage"},"thumbnailUrl":"https:\/\/www.intoscana.it\/wp-content\/uploads\/dati-covid-toscana-19-agosto.001-e1648558488291.jpeg","datePublished":"2022-07-04T12:18:41+00:00","author":{"@id":"https:\/\/www.intoscana.it\/it\/#\/schema\/person\/9223810753230f20bd670fdd322661f8"},"description":"L'et\u00e0 media dei contagiati \u00e8 di 46 anni. Aumentano le ospedalizzazioni","breadcrumb":{"@id":"https:\/\/www.intoscana.it\/it\/covid-1-208-nuovi-positivi-crescono-i-ricoveri-quattro-i-decessi\/#breadcrumb"},"inLanguage":"it-IT","potentialAction":[{"@type":"ReadAction","target":["https:\/\/www.intoscana.it\/it\/covid-1-208-nuovi-positivi-crescono-i-ricoveri-quattro-i-decessi\/"]}]},{"@type":"ImageObject","inLanguage":"it-IT","@id":"https:\/\/www.intoscana.it\/it\/covid-1-208-nuovi-positivi-crescono-i-ricoveri-quattro-i-decessi\/#primaryimage","url":"https:\/\/www.intoscana.it\/wp-content\/uploads\/dati-covid-toscana-19-agosto.001-e1648558488291.jpeg","contentUrl":"https:\/\/www.intoscana.it\/wp-content\/uploads\/dati-covid-toscana-19-agosto.001-e1648558488291.jpeg","width":927,"height":531,"caption":"Covid-19"},{"@type":"BreadcrumbList","@id":"https:\/\/www.intoscana.it\/it\/covid-1-208-nuovi-positivi-crescono-i-ricoveri-quattro-i-decessi\/#breadcrumb","itemListElement":[{"@type":"ListItem","position":1,"name":"Home","item":"https:\/\/www.intoscana.it\/it\/"},{"@type":"ListItem","position":2,"name":"Covid, 1.208 nuovi positivi: crescono i ricoveri, quattro i decessi"}]},{"@type":"WebSite","@id":"https:\/\/www.intoscana.it\/it\/#website","url":"https:\/\/www.intoscana.it\/it\/","name":"intoscana","description":"","potentialAction":[{"@type":"SearchAction","target":{"@type":"EntryPoint","urlTemplate":"https:\/\/www.intoscana.it\/it\/?s={search_term_string}"},"query-input":{"@type":"PropertyValueSpecification","valueRequired":true,"valueName":"search_term_string"}}],"inLanguage":"it-IT"},{"@type":"Person","@id":"https:\/\/www.intoscana.it\/it\/#\/schema\/person\/9223810753230f20bd670fdd322661f8","name":"Redazione","url":"https:\/\/www.intoscana.it\/it\/author\/redazione\/"}]}},"_links":{"self":[{"href":"https:\/\/www.intoscana.it\/it\/wp-json\/wp\/v2\/posts\/236377","targetHints":{"allow":["GET"]}}],"collection":[{"href":"https:\/\/www.intoscana.it\/it\/wp-json\/wp\/v2\/posts"}],"about":[{"href":"https:\/\/www.intoscana.it\/it\/wp-json\/wp\/v2\/types\/post"}],"author":[{"embeddable":true,"href":"https:\/\/www.intoscana.it\/it\/wp-json\/wp\/v2\/users\/525"}],"replies":[{"embeddable":true,"href":"https:\/\/www.intoscana.it\/it\/wp-json\/wp\/v2\/comments?post=236377"}],"version-history":[{"count":0,"href":"https:\/\/www.intoscana.it\/it\/wp-json\/wp\/v2\/posts\/236377\/revisions"}],"wp:featuredmedia":[{"embeddable":true,"href":"https:\/\/www.intoscana.it\/it\/wp-json\/wp\/v2\/media\/186853"}],"wp:attachment":[{"href":"https:\/\/www.intoscana.it\/it\/wp-json\/wp\/v2\/media?parent=236377"}],"wp:term":[{"taxonomy":"category","embeddable":true,"href":"https:\/\/www.intoscana.it\/it\/wp-json\/wp\/v2\/categories?post=236377"},{"taxonomy":"post_tag","embeddable":true,"href":"https:\/\/www.intoscana.it\/it\/wp-json\/wp\/v2\/tags?post=236377"}],"curies":[{"name":"wp","href":"https:\/\/api.w.org\/{rel}","templated":true}]}}