{"id":236391,"date":"2022-07-04T14:57:25","date_gmt":"2022-07-04T12:57:25","guid":{"rendered":"https:\/\/www.intoscana.it\/it\/?p=236391"},"modified":"2022-07-04T15:25:50","modified_gmt":"2022-07-04T13:25:50","slug":"bebe-vio-elba-plogging","status":"publish","type":"post","link":"https:\/\/www.intoscana.it\/it\/bebe-vio-elba-plogging\/","title":{"rendered":"Bebe Vio insieme agli elbani per raccogliere i rifiuti dalle spiagge dell&#8217;Isola"},"content":{"rendered":"<p>Una domenica dedicata alla tutela delle spiagge e del mare cristallino quella appena trascorsa dalla campionessa di scherma<strong> Bebe Vio<\/strong> sull\u2019<strong>Isola d\u2019Elba<\/strong>. La plurimedagliata paralimpica si \u00e8 cimentata in una vera e propria maratona di <strong>plogging<\/strong> per raccogliere i rifiuti in alcuni luoghi speciali dell\u2019Isola.<\/p>\n<h3>Il progetto<\/h3>\n<p>L\u2019iniziativa rientra tra le attivit\u00e0 promosse da Sorgenia per la pulizia di alcune spiagge italiane a supporto del\u00a0<strong>progetto M.A.R.E<\/strong>. Un progetto nato dalla collaborazione tra il Centro Velico Caprera e One Ocean Foundation che, con il catamarano a vela One, sta percorrendo le coste italiane per studiare lo stato di salute di 23 aree marine protette del Tirreno e ha raggiunto la Toscana questo weekend.<\/p>\n<figure id=\"post-236392 media-236392\" class=\"align-center\"><\/figure>\n<figure id=\"post-236392 media-236392\" class=\"align-center\"><img decoding=\"async\" src=\"https:\/\/www.intoscana.it\/wp-content\/uploads\/Sorgenia_BebeVio_Elba3-scaled.jpg\" alt=\"\" \/><\/figure>\n<div class=\"titleimg\">\u00a9 Sorgenia<\/div>\n<h3>Le spiagge<\/h3>\n<p>Bebe Vio, testimonial di Sorgenia, ha da sempre un legame speciale con l\u2019Isola d\u2019Elba e non si \u00e8 tirata indietro da questa attivit\u00e0 di pulizia delle spiagge insieme ai dipendenti di Sorgenia, alle autorit\u00e0 locali dei <strong>Comuni di Marciana e Portoferraio<\/strong>, che hanno concesso il patrocinio all&#8217;iniziativa, ai rappresentanti di\u00a0<strong>Legambiente Elba<\/strong>\u00a0e ai cittadini, tutti dotati del kit necessario per il plogging: magliette, guanti e pinze per pulire l&#8217;arenile. La prima attivit\u00e0 si \u00e8 svolta nella mattinata di domenica 3 giugno sulla\u00a0<strong>spiaggia di Sant&#8217;Andrea a Marciana\u00a0<\/strong>dove sono state raccolte molte microplastiche, mozziconi di sigarette, e microrifiuti. Nel pomeriggio i volontari si sono dedicati alla\u00a0<strong>spiaggia di Schiopparello<\/strong>\u00a0a Portoferraio.<\/p>\n<figure id=\"post-236394 media-236394\" class=\"align-center\"><img decoding=\"async\" src=\"https:\/\/www.intoscana.it\/wp-content\/uploads\/Sorgenia_BebeVio_Elba1-scaled.jpg\" alt=\"\" \/><\/figure>\n<div class=\"titleimg\">\u00a9 Sorgenia<\/div>\n<p>&#8220;<em>Anche in luoghi apparentemente puliti \u00e8 possibile trovare oggetti, anche piccoli, che inquinano l&#8217;ambiente e che possono compromettere la salute del mare. Dovremmo tutti impegnarci per fare maggiore attenzione e, dove necessario, fare plogging per riportare i luoghi al loro splendore originario&#8221;,<\/em>\u00a0ha commentato\u00a0<strong>Bebe Vio<\/strong>.<\/p>\n<p>Per maggiori informazioni sul progetto:\u00a0<u><a href=\"https:\/\/www.sorgenia.it\/progetto-mare\" target=\"_blank\" rel=\"noopener\">https:\/\/www.sorgenia.it\/progetto-mare<\/a><\/u><\/p>\n","protected":false},"excerpt":{"rendered":"<p>Nella giornata di domenica 3 luglio si \u00e8 svolta una vera e propria maratona, capitanata dalla campionessa di scherma, dedicata alla raccolta di mozziconi di sigarette, plastiche e altri piccoli rifiuti dalle spiagge di Sant&#8217;Andrea a Marciana e Schiopparello a Portoferraio<\/p>\n","protected":false},"author":507,"featured_media":236393,"comment_status":"open","ping_status":"open","sticky":false,"template":"","format":"standard","meta":{"_acf_changed":false,"footnotes":""},"categories":[19],"tags":[177,1965],"class_list":["post-236391","post","type-post","status-publish","format-standard","has-post-thumbnail","hentry","category-ambiente","tag-ambiente","tag-isola-delba"],"acf":[],"yoast_head":"<!-- This site is optimized with the Yoast SEO Premium plugin v24.2 (Yoast SEO v25.6) - https:\/\/yoast.com\/wordpress\/plugins\/seo\/ -->\n<title>Bebe Vio insieme agli elbani per raccogliere i rifiuti dalle spiagge dell&#039;Isola - intoscana<\/title>\n<meta name=\"robots\" content=\"index, follow, max-snippet:-1, max-image-preview:large, max-video-preview:-1\" \/>\n<link rel=\"canonical\" href=\"https:\/\/www.intoscana.it\/it\/bebe-vio-elba-plogging\/\" \/>\n<meta property=\"og:locale\" content=\"it_IT\" \/>\n<meta property=\"og:type\" content=\"article\" \/>\n<meta property=\"og:title\" content=\"Bebe Vio insieme agli elbani per raccogliere i rifiuti dalle spiagge dell&#039;Isola\" \/>\n<meta property=\"og:description\" content=\"Nella giornata di domenica 3 luglio si \u00e8 svolta una vera e propria maratona, capitanata dalla campionessa di scherma, dedicata alla raccolta di mozziconi di sigarette, plastiche e altri piccoli rifiuti dalle spiagge di Sant&#039;Andrea a Marciana e Schiopparello a Portoferraio\" \/>\n<meta property=\"og:url\" content=\"https:\/\/www.intoscana.it\/it\/bebe-vio-elba-plogging\/\" \/>\n<meta property=\"og:site_name\" content=\"intoscana\" \/>\n<meta property=\"article:publisher\" content=\"https:\/\/www.facebook.com\/intoscana.it\" \/>\n<meta property=\"article:published_time\" content=\"2022-07-04T12:57:25+00:00\" \/>\n<meta property=\"article:modified_time\" content=\"2022-07-04T13:25:50+00:00\" \/>\n<meta property=\"og:image\" content=\"https:\/\/www.intoscana.it\/wp-content\/uploads\/Sorgenia_BebeVio_Elba2-scaled.jpg\" \/>\n\t<meta property=\"og:image:width\" content=\"2048\" \/>\n\t<meta property=\"og:image:height\" content=\"1366\" \/>\n\t<meta property=\"og:image:type\" content=\"image\/jpeg\" \/>\n<meta name=\"author\" content=\"Chiara Bianchini\" \/>\n<meta name=\"twitter:card\" content=\"summary_large_image\" \/>\n<meta name=\"twitter:creator\" content=\"@intoscana\" \/>\n<meta name=\"twitter:site\" content=\"@intoscana\" \/>\n<meta name=\"twitter:label1\" content=\"Written by\" \/>\n\t<meta name=\"twitter:data1\" content=\"Chiara Bianchini\" \/>\n\t<meta name=\"twitter:label2\" content=\"Est. reading time\" \/>\n\t<meta name=\"twitter:data2\" content=\"1 minuto\" \/>\n<script type=\"application\/ld+json\" class=\"yoast-schema-graph\">{\"@context\":\"https:\/\/schema.org\",\"@graph\":[{\"@type\":\"WebPage\",\"@id\":\"https:\/\/www.intoscana.it\/it\/bebe-vio-elba-plogging\/\",\"url\":\"https:\/\/www.intoscana.it\/it\/bebe-vio-elba-plogging\/\",\"name\":\"Bebe Vio insieme agli elbani per raccogliere i rifiuti dalle spiagge dell'Isola - intoscana\",\"isPartOf\":{\"@id\":\"https:\/\/www.intoscana.it\/it\/#website\"},\"primaryImageOfPage\":{\"@id\":\"https:\/\/www.intoscana.it\/it\/bebe-vio-elba-plogging\/#primaryimage\"},\"image\":{\"@id\":\"https:\/\/www.intoscana.it\/it\/bebe-vio-elba-plogging\/#primaryimage\"},\"thumbnailUrl\":\"https:\/\/www.intoscana.it\/wp-content\/uploads\/Sorgenia_BebeVio_Elba2-scaled.jpg\",\"datePublished\":\"2022-07-04T12:57:25+00:00\",\"dateModified\":\"2022-07-04T13:25:50+00:00\",\"author\":{\"@id\":\"https:\/\/www.intoscana.it\/it\/#\/schema\/person\/010af92117f50561886339ad5b873a41\"},\"breadcrumb\":{\"@id\":\"https:\/\/www.intoscana.it\/it\/bebe-vio-elba-plogging\/#breadcrumb\"},\"inLanguage\":\"it-IT\",\"potentialAction\":[{\"@type\":\"ReadAction\",\"target\":[\"https:\/\/www.intoscana.it\/it\/bebe-vio-elba-plogging\/\"]}]},{\"@type\":\"ImageObject\",\"inLanguage\":\"it-IT\",\"@id\":\"https:\/\/www.intoscana.it\/it\/bebe-vio-elba-plogging\/#primaryimage\",\"url\":\"https:\/\/www.intoscana.it\/wp-content\/uploads\/Sorgenia_BebeVio_Elba2-scaled.jpg\",\"contentUrl\":\"https:\/\/www.intoscana.it\/wp-content\/uploads\/Sorgenia_BebeVio_Elba2-scaled.jpg\",\"width\":2048,\"height\":1366},{\"@type\":\"BreadcrumbList\",\"@id\":\"https:\/\/www.intoscana.it\/it\/bebe-vio-elba-plogging\/#breadcrumb\",\"itemListElement\":[{\"@type\":\"ListItem\",\"position\":1,\"name\":\"Home\",\"item\":\"https:\/\/www.intoscana.it\/it\/\"},{\"@type\":\"ListItem\",\"position\":2,\"name\":\"Bebe Vio insieme agli elbani per raccogliere i rifiuti dalle spiagge dell&#8217;Isola\"}]},{\"@type\":\"WebSite\",\"@id\":\"https:\/\/www.intoscana.it\/it\/#website\",\"url\":\"https:\/\/www.intoscana.it\/it\/\",\"name\":\"intoscana\",\"description\":\"\",\"potentialAction\":[{\"@type\":\"SearchAction\",\"target\":{\"@type\":\"EntryPoint\",\"urlTemplate\":\"https:\/\/www.intoscana.it\/it\/?s={search_term_string}\"},\"query-input\":{\"@type\":\"PropertyValueSpecification\",\"valueRequired\":true,\"valueName\":\"search_term_string\"}}],\"inLanguage\":\"it-IT\"},{\"@type\":\"Person\",\"@id\":\"https:\/\/www.intoscana.it\/it\/#\/schema\/person\/010af92117f50561886339ad5b873a41\",\"name\":\"Chiara Bianchini\",\"sameAs\":[\"c.bianchini@fst.it\"],\"url\":\"https:\/\/www.intoscana.it\/it\/author\/chiara-bianchini\/\"}]}<\/script>\n<!-- \/ Yoast SEO Premium plugin. -->","yoast_head_json":{"title":"Bebe Vio insieme agli elbani per raccogliere i rifiuti dalle spiagge dell'Isola - intoscana","robots":{"index":"index","follow":"follow","max-snippet":"max-snippet:-1","max-image-preview":"max-image-preview:large","max-video-preview":"max-video-preview:-1"},"canonical":"https:\/\/www.intoscana.it\/it\/bebe-vio-elba-plogging\/","og_locale":"it_IT","og_type":"article","og_title":"Bebe Vio insieme agli elbani per raccogliere i rifiuti dalle spiagge dell'Isola","og_description":"Nella giornata di domenica 3 luglio si \u00e8 svolta una vera e propria maratona, capitanata dalla campionessa di scherma, dedicata alla raccolta di mozziconi di sigarette, plastiche e altri piccoli rifiuti dalle spiagge di Sant'Andrea a Marciana e Schiopparello a Portoferraio","og_url":"https:\/\/www.intoscana.it\/it\/bebe-vio-elba-plogging\/","og_site_name":"intoscana","article_publisher":"https:\/\/www.facebook.com\/intoscana.it","article_published_time":"2022-07-04T12:57:25+00:00","article_modified_time":"2022-07-04T13:25:50+00:00","og_image":[{"width":2048,"height":1366,"url":"https:\/\/www.intoscana.it\/wp-content\/uploads\/Sorgenia_BebeVio_Elba2-scaled.jpg","type":"image\/jpeg"}],"author":"Chiara Bianchini","twitter_card":"summary_large_image","twitter_creator":"@intoscana","twitter_site":"@intoscana","twitter_misc":{"Written by":"Chiara Bianchini","Est. reading time":"1 minuto"},"schema":{"@context":"https:\/\/schema.org","@graph":[{"@type":"WebPage","@id":"https:\/\/www.intoscana.it\/it\/bebe-vio-elba-plogging\/","url":"https:\/\/www.intoscana.it\/it\/bebe-vio-elba-plogging\/","name":"Bebe Vio insieme agli elbani per raccogliere i rifiuti dalle spiagge dell'Isola - intoscana","isPartOf":{"@id":"https:\/\/www.intoscana.it\/it\/#website"},"primaryImageOfPage":{"@id":"https:\/\/www.intoscana.it\/it\/bebe-vio-elba-plogging\/#primaryimage"},"image":{"@id":"https:\/\/www.intoscana.it\/it\/bebe-vio-elba-plogging\/#primaryimage"},"thumbnailUrl":"https:\/\/www.intoscana.it\/wp-content\/uploads\/Sorgenia_BebeVio_Elba2-scaled.jpg","datePublished":"2022-07-04T12:57:25+00:00","dateModified":"2022-07-04T13:25:50+00:00","author":{"@id":"https:\/\/www.intoscana.it\/it\/#\/schema\/person\/010af92117f50561886339ad5b873a41"},"breadcrumb":{"@id":"https:\/\/www.intoscana.it\/it\/bebe-vio-elba-plogging\/#breadcrumb"},"inLanguage":"it-IT","potentialAction":[{"@type":"ReadAction","target":["https:\/\/www.intoscana.it\/it\/bebe-vio-elba-plogging\/"]}]},{"@type":"ImageObject","inLanguage":"it-IT","@id":"https:\/\/www.intoscana.it\/it\/bebe-vio-elba-plogging\/#primaryimage","url":"https:\/\/www.intoscana.it\/wp-content\/uploads\/Sorgenia_BebeVio_Elba2-scaled.jpg","contentUrl":"https:\/\/www.intoscana.it\/wp-content\/uploads\/Sorgenia_BebeVio_Elba2-scaled.jpg","width":2048,"height":1366},{"@type":"BreadcrumbList","@id":"https:\/\/www.intoscana.it\/it\/bebe-vio-elba-plogging\/#breadcrumb","itemListElement":[{"@type":"ListItem","position":1,"name":"Home","item":"https:\/\/www.intoscana.it\/it\/"},{"@type":"ListItem","position":2,"name":"Bebe Vio insieme agli elbani per raccogliere i rifiuti dalle spiagge dell&#8217;Isola"}]},{"@type":"WebSite","@id":"https:\/\/www.intoscana.it\/it\/#website","url":"https:\/\/www.intoscana.it\/it\/","name":"intoscana","description":"","potentialAction":[{"@type":"SearchAction","target":{"@type":"EntryPoint","urlTemplate":"https:\/\/www.intoscana.it\/it\/?s={search_term_string}"},"query-input":{"@type":"PropertyValueSpecification","valueRequired":true,"valueName":"search_term_string"}}],"inLanguage":"it-IT"},{"@type":"Person","@id":"https:\/\/www.intoscana.it\/it\/#\/schema\/person\/010af92117f50561886339ad5b873a41","name":"Chiara Bianchini","sameAs":["c.bianchini@fst.it"],"url":"https:\/\/www.intoscana.it\/it\/author\/chiara-bianchini\/"}]}},"_links":{"self":[{"href":"https:\/\/www.intoscana.it\/it\/wp-json\/wp\/v2\/posts\/236391","targetHints":{"allow":["GET"]}}],"collection":[{"href":"https:\/\/www.intoscana.it\/it\/wp-json\/wp\/v2\/posts"}],"about":[{"href":"https:\/\/www.intoscana.it\/it\/wp-json\/wp\/v2\/types\/post"}],"author":[{"embeddable":true,"href":"https:\/\/www.intoscana.it\/it\/wp-json\/wp\/v2\/users\/507"}],"replies":[{"embeddable":true,"href":"https:\/\/www.intoscana.it\/it\/wp-json\/wp\/v2\/comments?post=236391"}],"version-history":[{"count":0,"href":"https:\/\/www.intoscana.it\/it\/wp-json\/wp\/v2\/posts\/236391\/revisions"}],"wp:featuredmedia":[{"embeddable":true,"href":"https:\/\/www.intoscana.it\/it\/wp-json\/wp\/v2\/media\/236393"}],"wp:attachment":[{"href":"https:\/\/www.intoscana.it\/it\/wp-json\/wp\/v2\/media?parent=236391"}],"wp:term":[{"taxonomy":"category","embeddable":true,"href":"https:\/\/www.intoscana.it\/it\/wp-json\/wp\/v2\/categories?post=236391"},{"taxonomy":"post_tag","embeddable":true,"href":"https:\/\/www.intoscana.it\/it\/wp-json\/wp\/v2\/tags?post=236391"}],"curies":[{"name":"wp","href":"https:\/\/api.w.org\/{rel}","templated":true}]}}