{"id":236537,"date":"2022-07-05T12:36:21","date_gmt":"2022-07-05T10:36:21","guid":{"rendered":"https:\/\/www.intoscana.it\/it\/?p=236537"},"modified":"2022-07-05T14:24:38","modified_gmt":"2022-07-05T12:24:38","slug":"la-gloriosa-storia-delle-repubbliche-marinare-da-pisa-parte-un-percorso-per-valorizzarle","status":"publish","type":"post","link":"https:\/\/www.intoscana.it\/it\/la-gloriosa-storia-delle-repubbliche-marinare-da-pisa-parte-un-percorso-per-valorizzarle\/","title":{"rendered":"La gloriosa storia delle Repubbliche marinare, da Pisa parte un percorso per valorizzarle"},"content":{"rendered":"<p>Oltre le regate e il palio remiero, adesso il patrimonio storico artistico che le <strong>Repubbliche marinare<\/strong> custodiscono verr\u00e0 preservato e valorizzato al meglio. \u00c8 quanto promette il protocollo che verr\u00e0 promosso dal Comitato generale a loro dedicato.<\/p>\n<h3><em>Rivali per secoli nel dominio del Mediterraneo<\/em><\/h3>\n<p><mark>Amalfi, Genova, Pisa e Venezia.<\/mark> Tra il X e il XIII secolo dominarono il Mediterraneo. Grazie ai commerci e alla posizione favorevole, conquistarono indipendenza e ricchezza, sottraendo agli arabi il monopolio nel Mediterraneo. Furono sempre rivali tra loro: Amalfi, la pi\u00f9 antica, fu sconfitta da Pisa nel 1135, a sua volta battuta da Genova nella battaglia di Meloria del 1284, ma, diventata padrona del Mediterraneo, non riusc\u00ec a vincere su Venezia, la pi\u00f9 longeva delle quattro Repubbliche.<\/p>\n<p>Della storia delle signore dei mari restano tracce storiche profonde, tradizioni e riti popolari. I loro stemmi costituiscono l&#8217;emblema centrale della bandiera della Marina Militare Italiana. <mark>Adesso l&#8217;idea \u00e8 quella di rinvigorirne lo splendore non solo attraverso il Palio Remiero, ma anche con altri appuntamenti dedicati e studiati per approfondire questo lungo periodo storico.<\/mark><\/p>\n<h3><em>La sottoscrizione a Pisa<\/em><\/h3>\n<p>L&#8217;idea accreditata \u00e8 di sottoscrivere il <strong>protocollo <\/strong>a Pisa, <mark>nel corso della 67 edizione del Palio remiero delle Antiche Repubbliche marinare, in programma domenica 11 settembre 2022 sulle acque dell&#8217;Arno<\/mark> (la seconda in un anno per recuperare l&#8217;edizione persa nel 2020). Sar\u00e0 poi la volta di Venezia nel 2023, di Genova nel 2024 (in occasione delle celebrazioni per la Capitale Europea dello Sport) e poi\u00a0 Amalfi nel 2025.<\/p>\n<figure id=\"post-236565 media-236565\" class=\"align-none\"><img decoding=\"async\" src=\"https:\/\/www.intoscana.it\/wp-content\/uploads\/regata-repubbliche-marinare-pisa.jpeg\" alt=\"\" \/><\/figure>\n<p>E proprio un mese fa si \u00e8 tenuta la 66esima Regata svoltasi ad Amalfi, con la vittoria dei padroni di casa. Un&#8217;edizione da record, a partire dalle presenze che hanno affollato la citt\u00e0 oltre 22mila persone da tutto il mondo.<\/p>\n","protected":false},"excerpt":{"rendered":"<p>L&#8217;idea \u00e8 quella di sottoscrivere un protocollo tra le quattro citt\u00e0 per rinvigorire le tradizioni. L&#8217;occasione potrebbe essere il Palio remiero di settembre sull&#8217;Arno<\/p>\n","protected":false},"author":525,"featured_media":236564,"comment_status":"open","ping_status":"open","sticky":false,"template":"","format":"standard","meta":{"_acf_changed":false,"footnotes":""},"categories":[493],"tags":[203,1999],"class_list":["post-236537","post","type-post","status-publish","format-standard","has-post-thumbnail","hentry","category-cultura","tag-pisa","tag-tradizioni"],"acf":[],"yoast_head":"<!-- This site is optimized with the Yoast SEO Premium plugin v24.2 (Yoast SEO v25.6) - https:\/\/yoast.com\/wordpress\/plugins\/seo\/ -->\n<title>La gloriosa storia delle Repubbliche marinare, da Pisa parte un percorso per valorizzarle - intoscana<\/title>\n<meta name=\"description\" content=\"L&#039;idea \u00e8 quella di sottoscrivere un protocollo tra le quattro citt\u00e0 per rinvigorire le tradizioni. L&#039;occasione potrebbe essere il Palio remiero di settembre sull&#039;Arno\" \/>\n<meta name=\"robots\" content=\"index, follow, max-snippet:-1, max-image-preview:large, max-video-preview:-1\" \/>\n<link rel=\"canonical\" href=\"https:\/\/www.intoscana.it\/it\/la-gloriosa-storia-delle-repubbliche-marinare-da-pisa-parte-un-percorso-per-valorizzarle\/\" \/>\n<meta property=\"og:locale\" content=\"it_IT\" \/>\n<meta property=\"og:type\" content=\"article\" \/>\n<meta property=\"og:title\" content=\"La gloriosa storia delle Repubbliche marinare, da Pisa parte un percorso per valorizzarle\" \/>\n<meta property=\"og:description\" content=\"L&#039;idea \u00e8 quella di sottoscrivere un protocollo tra le quattro citt\u00e0 per rinvigorire le tradizioni. L&#039;occasione potrebbe essere il Palio remiero di settembre sull&#039;Arno\" \/>\n<meta property=\"og:url\" content=\"https:\/\/www.intoscana.it\/it\/la-gloriosa-storia-delle-repubbliche-marinare-da-pisa-parte-un-percorso-per-valorizzarle\/\" \/>\n<meta property=\"og:site_name\" content=\"intoscana\" \/>\n<meta property=\"article:publisher\" content=\"https:\/\/www.facebook.com\/intoscana.it\" \/>\n<meta property=\"article:published_time\" content=\"2022-07-05T10:36:21+00:00\" \/>\n<meta property=\"article:modified_time\" content=\"2022-07-05T12:24:38+00:00\" \/>\n<meta property=\"og:image\" content=\"https:\/\/www.intoscana.it\/wp-content\/uploads\/regata-repubblica-marinare.jpeg\" \/>\n\t<meta property=\"og:image:width\" content=\"2048\" \/>\n\t<meta property=\"og:image:height\" content=\"1365\" \/>\n\t<meta property=\"og:image:type\" content=\"image\/jpeg\" \/>\n<meta name=\"author\" content=\"Redazione\" \/>\n<meta name=\"twitter:card\" content=\"summary_large_image\" \/>\n<meta name=\"twitter:creator\" content=\"@intoscana\" \/>\n<meta name=\"twitter:site\" content=\"@intoscana\" \/>\n<meta name=\"twitter:label1\" content=\"Written by\" \/>\n\t<meta name=\"twitter:data1\" content=\"Redazione\" \/>\n\t<meta name=\"twitter:label2\" content=\"Est. reading time\" \/>\n\t<meta name=\"twitter:data2\" content=\"1 minuto\" \/>\n<script type=\"application\/ld+json\" class=\"yoast-schema-graph\">{\"@context\":\"https:\/\/schema.org\",\"@graph\":[{\"@type\":\"WebPage\",\"@id\":\"https:\/\/www.intoscana.it\/it\/la-gloriosa-storia-delle-repubbliche-marinare-da-pisa-parte-un-percorso-per-valorizzarle\/\",\"url\":\"https:\/\/www.intoscana.it\/it\/la-gloriosa-storia-delle-repubbliche-marinare-da-pisa-parte-un-percorso-per-valorizzarle\/\",\"name\":\"La gloriosa storia delle Repubbliche marinare, da Pisa parte un percorso per valorizzarle - intoscana\",\"isPartOf\":{\"@id\":\"https:\/\/www.intoscana.it\/it\/#website\"},\"primaryImageOfPage\":{\"@id\":\"https:\/\/www.intoscana.it\/it\/la-gloriosa-storia-delle-repubbliche-marinare-da-pisa-parte-un-percorso-per-valorizzarle\/#primaryimage\"},\"image\":{\"@id\":\"https:\/\/www.intoscana.it\/it\/la-gloriosa-storia-delle-repubbliche-marinare-da-pisa-parte-un-percorso-per-valorizzarle\/#primaryimage\"},\"thumbnailUrl\":\"https:\/\/www.intoscana.it\/wp-content\/uploads\/regata-repubblica-marinare.jpeg\",\"datePublished\":\"2022-07-05T10:36:21+00:00\",\"dateModified\":\"2022-07-05T12:24:38+00:00\",\"author\":{\"@id\":\"https:\/\/www.intoscana.it\/it\/#\/schema\/person\/9223810753230f20bd670fdd322661f8\"},\"description\":\"L'idea \u00e8 quella di sottoscrivere un protocollo tra le quattro citt\u00e0 per rinvigorire le tradizioni. L'occasione potrebbe essere il Palio remiero di settembre sull'Arno\",\"breadcrumb\":{\"@id\":\"https:\/\/www.intoscana.it\/it\/la-gloriosa-storia-delle-repubbliche-marinare-da-pisa-parte-un-percorso-per-valorizzarle\/#breadcrumb\"},\"inLanguage\":\"it-IT\",\"potentialAction\":[{\"@type\":\"ReadAction\",\"target\":[\"https:\/\/www.intoscana.it\/it\/la-gloriosa-storia-delle-repubbliche-marinare-da-pisa-parte-un-percorso-per-valorizzarle\/\"]}]},{\"@type\":\"ImageObject\",\"inLanguage\":\"it-IT\",\"@id\":\"https:\/\/www.intoscana.it\/it\/la-gloriosa-storia-delle-repubbliche-marinare-da-pisa-parte-un-percorso-per-valorizzarle\/#primaryimage\",\"url\":\"https:\/\/www.intoscana.it\/wp-content\/uploads\/regata-repubblica-marinare.jpeg\",\"contentUrl\":\"https:\/\/www.intoscana.it\/wp-content\/uploads\/regata-repubblica-marinare.jpeg\",\"width\":2048,\"height\":1365},{\"@type\":\"BreadcrumbList\",\"@id\":\"https:\/\/www.intoscana.it\/it\/la-gloriosa-storia-delle-repubbliche-marinare-da-pisa-parte-un-percorso-per-valorizzarle\/#breadcrumb\",\"itemListElement\":[{\"@type\":\"ListItem\",\"position\":1,\"name\":\"Home\",\"item\":\"https:\/\/www.intoscana.it\/it\/\"},{\"@type\":\"ListItem\",\"position\":2,\"name\":\"La gloriosa storia delle Repubbliche marinare, da Pisa parte un percorso per valorizzarle\"}]},{\"@type\":\"WebSite\",\"@id\":\"https:\/\/www.intoscana.it\/it\/#website\",\"url\":\"https:\/\/www.intoscana.it\/it\/\",\"name\":\"intoscana\",\"description\":\"\",\"potentialAction\":[{\"@type\":\"SearchAction\",\"target\":{\"@type\":\"EntryPoint\",\"urlTemplate\":\"https:\/\/www.intoscana.it\/it\/?s={search_term_string}\"},\"query-input\":{\"@type\":\"PropertyValueSpecification\",\"valueRequired\":true,\"valueName\":\"search_term_string\"}}],\"inLanguage\":\"it-IT\"},{\"@type\":\"Person\",\"@id\":\"https:\/\/www.intoscana.it\/it\/#\/schema\/person\/9223810753230f20bd670fdd322661f8\",\"name\":\"Redazione\",\"url\":\"https:\/\/www.intoscana.it\/it\/author\/redazione\/\"}]}<\/script>\n<!-- \/ Yoast SEO Premium plugin. -->","yoast_head_json":{"title":"La gloriosa storia delle Repubbliche marinare, da Pisa parte un percorso per valorizzarle - intoscana","description":"L'idea \u00e8 quella di sottoscrivere un protocollo tra le quattro citt\u00e0 per rinvigorire le tradizioni. L'occasione potrebbe essere il Palio remiero di settembre sull'Arno","robots":{"index":"index","follow":"follow","max-snippet":"max-snippet:-1","max-image-preview":"max-image-preview:large","max-video-preview":"max-video-preview:-1"},"canonical":"https:\/\/www.intoscana.it\/it\/la-gloriosa-storia-delle-repubbliche-marinare-da-pisa-parte-un-percorso-per-valorizzarle\/","og_locale":"it_IT","og_type":"article","og_title":"La gloriosa storia delle Repubbliche marinare, da Pisa parte un percorso per valorizzarle","og_description":"L'idea \u00e8 quella di sottoscrivere un protocollo tra le quattro citt\u00e0 per rinvigorire le tradizioni. L'occasione potrebbe essere il Palio remiero di settembre sull'Arno","og_url":"https:\/\/www.intoscana.it\/it\/la-gloriosa-storia-delle-repubbliche-marinare-da-pisa-parte-un-percorso-per-valorizzarle\/","og_site_name":"intoscana","article_publisher":"https:\/\/www.facebook.com\/intoscana.it","article_published_time":"2022-07-05T10:36:21+00:00","article_modified_time":"2022-07-05T12:24:38+00:00","og_image":[{"width":2048,"height":1365,"url":"https:\/\/www.intoscana.it\/wp-content\/uploads\/regata-repubblica-marinare.jpeg","type":"image\/jpeg"}],"author":"Redazione","twitter_card":"summary_large_image","twitter_creator":"@intoscana","twitter_site":"@intoscana","twitter_misc":{"Written by":"Redazione","Est. reading time":"1 minuto"},"schema":{"@context":"https:\/\/schema.org","@graph":[{"@type":"WebPage","@id":"https:\/\/www.intoscana.it\/it\/la-gloriosa-storia-delle-repubbliche-marinare-da-pisa-parte-un-percorso-per-valorizzarle\/","url":"https:\/\/www.intoscana.it\/it\/la-gloriosa-storia-delle-repubbliche-marinare-da-pisa-parte-un-percorso-per-valorizzarle\/","name":"La gloriosa storia delle Repubbliche marinare, da Pisa parte un percorso per valorizzarle - intoscana","isPartOf":{"@id":"https:\/\/www.intoscana.it\/it\/#website"},"primaryImageOfPage":{"@id":"https:\/\/www.intoscana.it\/it\/la-gloriosa-storia-delle-repubbliche-marinare-da-pisa-parte-un-percorso-per-valorizzarle\/#primaryimage"},"image":{"@id":"https:\/\/www.intoscana.it\/it\/la-gloriosa-storia-delle-repubbliche-marinare-da-pisa-parte-un-percorso-per-valorizzarle\/#primaryimage"},"thumbnailUrl":"https:\/\/www.intoscana.it\/wp-content\/uploads\/regata-repubblica-marinare.jpeg","datePublished":"2022-07-05T10:36:21+00:00","dateModified":"2022-07-05T12:24:38+00:00","author":{"@id":"https:\/\/www.intoscana.it\/it\/#\/schema\/person\/9223810753230f20bd670fdd322661f8"},"description":"L'idea \u00e8 quella di sottoscrivere un protocollo tra le quattro citt\u00e0 per rinvigorire le tradizioni. L'occasione potrebbe essere il Palio remiero di settembre sull'Arno","breadcrumb":{"@id":"https:\/\/www.intoscana.it\/it\/la-gloriosa-storia-delle-repubbliche-marinare-da-pisa-parte-un-percorso-per-valorizzarle\/#breadcrumb"},"inLanguage":"it-IT","potentialAction":[{"@type":"ReadAction","target":["https:\/\/www.intoscana.it\/it\/la-gloriosa-storia-delle-repubbliche-marinare-da-pisa-parte-un-percorso-per-valorizzarle\/"]}]},{"@type":"ImageObject","inLanguage":"it-IT","@id":"https:\/\/www.intoscana.it\/it\/la-gloriosa-storia-delle-repubbliche-marinare-da-pisa-parte-un-percorso-per-valorizzarle\/#primaryimage","url":"https:\/\/www.intoscana.it\/wp-content\/uploads\/regata-repubblica-marinare.jpeg","contentUrl":"https:\/\/www.intoscana.it\/wp-content\/uploads\/regata-repubblica-marinare.jpeg","width":2048,"height":1365},{"@type":"BreadcrumbList","@id":"https:\/\/www.intoscana.it\/it\/la-gloriosa-storia-delle-repubbliche-marinare-da-pisa-parte-un-percorso-per-valorizzarle\/#breadcrumb","itemListElement":[{"@type":"ListItem","position":1,"name":"Home","item":"https:\/\/www.intoscana.it\/it\/"},{"@type":"ListItem","position":2,"name":"La gloriosa storia delle Repubbliche marinare, da Pisa parte un percorso per valorizzarle"}]},{"@type":"WebSite","@id":"https:\/\/www.intoscana.it\/it\/#website","url":"https:\/\/www.intoscana.it\/it\/","name":"intoscana","description":"","potentialAction":[{"@type":"SearchAction","target":{"@type":"EntryPoint","urlTemplate":"https:\/\/www.intoscana.it\/it\/?s={search_term_string}"},"query-input":{"@type":"PropertyValueSpecification","valueRequired":true,"valueName":"search_term_string"}}],"inLanguage":"it-IT"},{"@type":"Person","@id":"https:\/\/www.intoscana.it\/it\/#\/schema\/person\/9223810753230f20bd670fdd322661f8","name":"Redazione","url":"https:\/\/www.intoscana.it\/it\/author\/redazione\/"}]}},"_links":{"self":[{"href":"https:\/\/www.intoscana.it\/it\/wp-json\/wp\/v2\/posts\/236537","targetHints":{"allow":["GET"]}}],"collection":[{"href":"https:\/\/www.intoscana.it\/it\/wp-json\/wp\/v2\/posts"}],"about":[{"href":"https:\/\/www.intoscana.it\/it\/wp-json\/wp\/v2\/types\/post"}],"author":[{"embeddable":true,"href":"https:\/\/www.intoscana.it\/it\/wp-json\/wp\/v2\/users\/525"}],"replies":[{"embeddable":true,"href":"https:\/\/www.intoscana.it\/it\/wp-json\/wp\/v2\/comments?post=236537"}],"version-history":[{"count":0,"href":"https:\/\/www.intoscana.it\/it\/wp-json\/wp\/v2\/posts\/236537\/revisions"}],"wp:featuredmedia":[{"embeddable":true,"href":"https:\/\/www.intoscana.it\/it\/wp-json\/wp\/v2\/media\/236564"}],"wp:attachment":[{"href":"https:\/\/www.intoscana.it\/it\/wp-json\/wp\/v2\/media?parent=236537"}],"wp:term":[{"taxonomy":"category","embeddable":true,"href":"https:\/\/www.intoscana.it\/it\/wp-json\/wp\/v2\/categories?post=236537"},{"taxonomy":"post_tag","embeddable":true,"href":"https:\/\/www.intoscana.it\/it\/wp-json\/wp\/v2\/tags?post=236537"}],"curies":[{"name":"wp","href":"https:\/\/api.w.org\/{rel}","templated":true}]}}