{"id":236600,"date":"2022-07-05T16:05:29","date_gmt":"2022-07-05T14:05:29","guid":{"rendered":"https:\/\/www.intoscana.it\/it\/?p=236600"},"modified":"2022-07-05T16:05:29","modified_gmt":"2022-07-05T14:05:29","slug":"al-via-i-lavori-per-il-primo-hospice-pediatrico-della-toscana-a-firenze-nasce-casa-marta","status":"publish","type":"post","link":"https:\/\/www.intoscana.it\/it\/al-via-i-lavori-per-il-primo-hospice-pediatrico-della-toscana-a-firenze-nasce-casa-marta\/","title":{"rendered":"Al via i lavori per il primo hospice pediatrico della Toscana: a Firenze nasce Casa Marta"},"content":{"rendered":"<p>La posa della prima pietra \u00e8 simbolica, ma d\u00e0 il via ai lavori di quello che sar\u00e0 il primo hospice pediatrico della <strong>Toscana<\/strong> destinato ad accogliere i bambini che necessitano di <strong>cure palliative<\/strong> e dei loro familiari. <mark>A Firenze, a pochi passi dall&#8217;ospedale pediatrico Meyer, nascer\u00e0 <strong>Casa Marta<\/strong>. L&#8217;obiettivo \u00e8 terminare i lavori l&#8217;anno prossimo per avviare l&#8217;attivit\u00e0 nel 2014.<\/mark><\/p>\n<h3><em>Gli obiettivi di Casa Marta: accoglienza e ricerca<\/em><\/h3>\n<p>Casa Marta ospiter\u00e0 bambini con patologie cronico-complesse e malattie inguaribili. Accoglier\u00e0 anche bambini nelle fasi pi\u00f9 critiche della malattia, offrendo l\u2019assistenza medico infermieristico necessaria ed offrendo alle famiglie un adeguato sostegno psicologico. <mark>Si stima che, nella sola Toscana, circa 4mila bambini e adolescenti affetti da malattie complesse o inguaribili necessitino di cure palliative: l\u2019obiettivo di Casa Marta \u00e8 quello di contribuire a dare una risposta a questo urgente bisogno<\/mark>, essendo la prima struttura residenziale specifica per i pi\u00f9 piccoli.<\/p>\n<p>La nuova struttura, presente nella programmazione sanitaria regionale, diventer\u00e0 anche il nodo fondamentale della rete territoriale per il paziente pediatrico ed un <mark>punto di riferimento per attivit\u00e0 di studio, ricerca e pratica clinica per gli studenti universitari in formazione nelle cure palliative pediatriche.<\/mark><\/p>\n<p><em>&#8220;La posa della prima pietra di Casa Marta \u00e8 la testimonianza che il progetto va avanti e che la Toscana potr\u00e0 avvalersi concretamente di una struttura all\u2019avanguardia, destinata ai bambini e alle loro famiglie&#8221;<\/em>, ha commentato il presidente della Regione <strong>Eugenio Giani<\/strong> nel corso della cerimonia di posa della prima pietra. &#8220;<em>Sono molto orgoglioso di questo progetto, che consentir\u00e0 di ospitare al meglio i bambini, anche nella fase pi\u00f9 critica della malattia, e di offrire nello stesso tempo un adeguato sostegno psicologico alle famiglie in un momento di prova cos\u00ec difficile. Ringrazio tutti i protagonisti, che in stretta sinergia continuano a lavorare al massimo, a tutti i livelli, per la realizzazione di questa importante struttura\u201d<\/em>.<\/p>\n<figure id=\"post-236615 media-236615\" class=\"align-none\"><img decoding=\"async\" src=\"https:\/\/www.intoscana.it\/wp-content\/uploads\/LA-POSA-DELLA-PRIMA-PIETRA-DI-CASA-MARTA-HOSPICE-PEDIATRICO-ph-Giulia-Righi-scaled.jpeg\" alt=\"\" \/><\/figure>\n<div class=\"titleimg\" style=\"text-align: center;\"><em>Il presidente Giani consegna la targa della Regione a Benedetta Fantugini<\/em><\/div>\n<p>La struttura nasce nel nome della piccola Marta: <em>\u201cCasa Marta \u00e8 un sogno che coltiviamo da anni e che finalmente si avvera: una casa dedicata a nostra figlia Marta e a servizio di tutti i bambini della nostra regione, a dimostrazione che a volte dai dolori pi\u00f9 grandi possono nascere grandi cose\u201d<\/em>, ha spiegato <strong>Benedetta Fantugini<\/strong>, presidente della Fondazione Casa Marta. \u201c<em>Rappresenta una conquista di civilt\u00e0 per il diritto dei bambini ad avere standard di cura all\u2019avanguardia proprio nel momento in cui la loro vita si fa pi\u00f9 difficile, in un contesto che costituir\u00e0 un esempio a livello internazionale\u201d<\/em>, ha aggiunto il direttore generale del Meyer <strong>Alberto Zanobini<\/strong>.<\/p>\n<h3><em>Il progetto di ristrutturazione<\/em><\/h3>\n<p>La ristrutturazione riguarda l\u2019edificio situato in via Cosimo il Vecchio a Firenze ed \u00e8 sostenuto dalla Fondazione Casa Marta con il contributo di Fondazione Cassa Risparmio Firenze. <mark>La struttura sorger\u00e0 all\u2019interno della ex-Casa Benelli, messa a disposizione dalla Fondazione Solidariet\u00e0 Caritas onlus. I principali partner del progetto sono l&#8217;azienda ospedaliero-universitaria Meyer e la Regione Toscana.<\/mark><\/p>\n<figure id=\"post-236614 media-236614\" class=\"align-none\"><img decoding=\"async\" src=\"https:\/\/www.intoscana.it\/wp-content\/uploads\/LA-POSA-DELLA-PRIMA-PIETRA-DI-CASA-MARTA-HOSPICE-PEDIATRICO-ph-Giulia-Righi-2.jpeg\" alt=\"\" \/><\/figure>\n<p>Il suo completamento \u00e8 previsto entro la fine del 2023, nel 2024 l\u2019avvio. La struttura si estende su 500 metri quadrati e prevede diverse unit\u00e0 abitative: monolocali indipendenti, pensati in modo da creare un ambiente confortevole e familiare, e corredati da spazi comuni, destinati alle attivit\u00e0 di supporto e socialit\u00e0, come una biblioteca, la stanza della musica e uno spazio destinato allo psicodramma. <mark>Ci sar\u00e0 un ampio giardino terapeutico di 930 metri quadrati che circonda tutta la struttura e sar\u00e0 fruibile tutto l\u2019anno grazie ad una pergola bioclimatica che percorre i perimetri dell\u2019edificio.<\/mark><\/p>\n<p>\u201c<em>\u00c8 un altro significativo passo avanti per tutti i bambini, per il Meyer, per il nostro servizio sanitario e per l\u2019intera comunit\u00e0 toscana<\/em> &#8211; ha affermato l\u2019assessore al diritto alla salute <strong>Simone Bezzini<\/strong> &#8211; <em>Casa Marta consentir\u00e0 di promuovere anche attivit\u00e0 di studio e di ricerca e di favorire, nello stesso tempo, iniziative finalizzate alla diffusione di una cultura delle cure palliative pediatriche. Ringrazio con gratitudine tutti gli attori di questo importante progetto, in particolare i genitori della piccola Marta, a cui \u00e8 dedicata la struttura. Marta sar\u00e0 sempre con noi, non la dimenticheremo\u201d<\/em>.<\/p>\n<p>&nbsp;<\/p>\n","protected":false},"excerpt":{"rendered":"<p>Sar\u00e0 una struttura destinata alle cure palliative dei piccoli pazienti: la fine dei lavori \u00e8 prevista nel 2023 e l&#8217;avvio nel 2024. Giani: &#8220;Siamo orgogliosi, la regione avr\u00e0 una struttura all&#8217;avanguardia&#8221;<\/p>\n","protected":false},"author":525,"featured_media":236613,"comment_status":"open","ping_status":"open","sticky":false,"template":"","format":"standard","meta":{"_acf_changed":false,"footnotes":""},"categories":[494],"tags":[158,5785,4883],"class_list":["post-236600","post","type-post","status-publish","format-standard","has-post-thumbnail","hentry","category-attualita","tag-eugenio-giani","tag-ospedale-meyer","tag-simone-bezzini"],"acf":[],"yoast_head":"<!-- This site is optimized with the Yoast SEO Premium plugin v24.2 (Yoast SEO v25.6) - https:\/\/yoast.com\/wordpress\/plugins\/seo\/ -->\n<title>Al via i lavori per il primo hospice pediatrico della Toscana: a Firenze nasce Casa Marta - intoscana<\/title>\n<meta name=\"description\" content=\"Sar\u00e0 una struttura destinata alle cure palliative dei piccoli pazienti: la fine dei lavori \u00e8 prevista nel 2023 e l&#039;avvio nel 2024. Giani: &quot;Siamo orgogliosi, la regione avr\u00e0 una struttura all&#039;avanguardia&quot;\" \/>\n<meta name=\"robots\" content=\"index, follow, max-snippet:-1, max-image-preview:large, max-video-preview:-1\" \/>\n<link rel=\"canonical\" href=\"https:\/\/www.intoscana.it\/it\/al-via-i-lavori-per-il-primo-hospice-pediatrico-della-toscana-a-firenze-nasce-casa-marta\/\" \/>\n<meta property=\"og:locale\" content=\"it_IT\" \/>\n<meta property=\"og:type\" content=\"article\" \/>\n<meta property=\"og:title\" content=\"Al via i lavori per il primo hospice pediatrico della Toscana: a Firenze nasce Casa Marta\" \/>\n<meta property=\"og:description\" content=\"Sar\u00e0 una struttura destinata alle cure palliative dei piccoli pazienti: la fine dei lavori \u00e8 prevista nel 2023 e l&#039;avvio nel 2024. Giani: &quot;Siamo orgogliosi, la regione avr\u00e0 una struttura all&#039;avanguardia&quot;\" \/>\n<meta property=\"og:url\" content=\"https:\/\/www.intoscana.it\/it\/al-via-i-lavori-per-il-primo-hospice-pediatrico-della-toscana-a-firenze-nasce-casa-marta\/\" \/>\n<meta property=\"og:site_name\" content=\"intoscana\" \/>\n<meta property=\"article:publisher\" content=\"https:\/\/www.facebook.com\/intoscana.it\" \/>\n<meta property=\"article:published_time\" content=\"2022-07-05T14:05:29+00:00\" \/>\n<meta property=\"og:image\" content=\"https:\/\/www.intoscana.it\/wp-content\/uploads\/rendering-casa-marta.jpeg\" \/>\n\t<meta property=\"og:image:width\" content=\"499\" \/>\n\t<meta property=\"og:image:height\" content=\"350\" \/>\n\t<meta property=\"og:image:type\" content=\"image\/jpeg\" \/>\n<meta name=\"author\" content=\"Redazione\" \/>\n<meta name=\"twitter:card\" content=\"summary_large_image\" \/>\n<meta name=\"twitter:creator\" content=\"@intoscana\" \/>\n<meta name=\"twitter:site\" content=\"@intoscana\" \/>\n<meta name=\"twitter:label1\" content=\"Written by\" \/>\n\t<meta name=\"twitter:data1\" content=\"Redazione\" \/>\n\t<meta name=\"twitter:label2\" content=\"Est. reading time\" \/>\n\t<meta name=\"twitter:data2\" content=\"3 minuti\" \/>\n<script type=\"application\/ld+json\" class=\"yoast-schema-graph\">{\"@context\":\"https:\/\/schema.org\",\"@graph\":[{\"@type\":\"WebPage\",\"@id\":\"https:\/\/www.intoscana.it\/it\/al-via-i-lavori-per-il-primo-hospice-pediatrico-della-toscana-a-firenze-nasce-casa-marta\/\",\"url\":\"https:\/\/www.intoscana.it\/it\/al-via-i-lavori-per-il-primo-hospice-pediatrico-della-toscana-a-firenze-nasce-casa-marta\/\",\"name\":\"Al via i lavori per il primo hospice pediatrico della Toscana: a Firenze nasce Casa Marta - intoscana\",\"isPartOf\":{\"@id\":\"https:\/\/www.intoscana.it\/it\/#website\"},\"primaryImageOfPage\":{\"@id\":\"https:\/\/www.intoscana.it\/it\/al-via-i-lavori-per-il-primo-hospice-pediatrico-della-toscana-a-firenze-nasce-casa-marta\/#primaryimage\"},\"image\":{\"@id\":\"https:\/\/www.intoscana.it\/it\/al-via-i-lavori-per-il-primo-hospice-pediatrico-della-toscana-a-firenze-nasce-casa-marta\/#primaryimage\"},\"thumbnailUrl\":\"https:\/\/www.intoscana.it\/wp-content\/uploads\/rendering-casa-marta.jpeg\",\"datePublished\":\"2022-07-05T14:05:29+00:00\",\"author\":{\"@id\":\"https:\/\/www.intoscana.it\/it\/#\/schema\/person\/9223810753230f20bd670fdd322661f8\"},\"description\":\"Sar\u00e0 una struttura destinata alle cure palliative dei piccoli pazienti: la fine dei lavori \u00e8 prevista nel 2023 e l'avvio nel 2024. Giani: \\\"Siamo orgogliosi, la regione avr\u00e0 una struttura all'avanguardia\\\"\",\"breadcrumb\":{\"@id\":\"https:\/\/www.intoscana.it\/it\/al-via-i-lavori-per-il-primo-hospice-pediatrico-della-toscana-a-firenze-nasce-casa-marta\/#breadcrumb\"},\"inLanguage\":\"it-IT\",\"potentialAction\":[{\"@type\":\"ReadAction\",\"target\":[\"https:\/\/www.intoscana.it\/it\/al-via-i-lavori-per-il-primo-hospice-pediatrico-della-toscana-a-firenze-nasce-casa-marta\/\"]}]},{\"@type\":\"ImageObject\",\"inLanguage\":\"it-IT\",\"@id\":\"https:\/\/www.intoscana.it\/it\/al-via-i-lavori-per-il-primo-hospice-pediatrico-della-toscana-a-firenze-nasce-casa-marta\/#primaryimage\",\"url\":\"https:\/\/www.intoscana.it\/wp-content\/uploads\/rendering-casa-marta.jpeg\",\"contentUrl\":\"https:\/\/www.intoscana.it\/wp-content\/uploads\/rendering-casa-marta.jpeg\",\"width\":499,\"height\":350},{\"@type\":\"BreadcrumbList\",\"@id\":\"https:\/\/www.intoscana.it\/it\/al-via-i-lavori-per-il-primo-hospice-pediatrico-della-toscana-a-firenze-nasce-casa-marta\/#breadcrumb\",\"itemListElement\":[{\"@type\":\"ListItem\",\"position\":1,\"name\":\"Home\",\"item\":\"https:\/\/www.intoscana.it\/it\/\"},{\"@type\":\"ListItem\",\"position\":2,\"name\":\"Al via i lavori per il primo hospice pediatrico della Toscana: a Firenze nasce Casa Marta\"}]},{\"@type\":\"WebSite\",\"@id\":\"https:\/\/www.intoscana.it\/it\/#website\",\"url\":\"https:\/\/www.intoscana.it\/it\/\",\"name\":\"intoscana\",\"description\":\"\",\"potentialAction\":[{\"@type\":\"SearchAction\",\"target\":{\"@type\":\"EntryPoint\",\"urlTemplate\":\"https:\/\/www.intoscana.it\/it\/?s={search_term_string}\"},\"query-input\":{\"@type\":\"PropertyValueSpecification\",\"valueRequired\":true,\"valueName\":\"search_term_string\"}}],\"inLanguage\":\"it-IT\"},{\"@type\":\"Person\",\"@id\":\"https:\/\/www.intoscana.it\/it\/#\/schema\/person\/9223810753230f20bd670fdd322661f8\",\"name\":\"Redazione\",\"url\":\"https:\/\/www.intoscana.it\/it\/author\/redazione\/\"}]}<\/script>\n<!-- \/ Yoast SEO Premium plugin. -->","yoast_head_json":{"title":"Al via i lavori per il primo hospice pediatrico della Toscana: a Firenze nasce Casa Marta - intoscana","description":"Sar\u00e0 una struttura destinata alle cure palliative dei piccoli pazienti: la fine dei lavori \u00e8 prevista nel 2023 e l'avvio nel 2024. Giani: \"Siamo orgogliosi, la regione avr\u00e0 una struttura all'avanguardia\"","robots":{"index":"index","follow":"follow","max-snippet":"max-snippet:-1","max-image-preview":"max-image-preview:large","max-video-preview":"max-video-preview:-1"},"canonical":"https:\/\/www.intoscana.it\/it\/al-via-i-lavori-per-il-primo-hospice-pediatrico-della-toscana-a-firenze-nasce-casa-marta\/","og_locale":"it_IT","og_type":"article","og_title":"Al via i lavori per il primo hospice pediatrico della Toscana: a Firenze nasce Casa Marta","og_description":"Sar\u00e0 una struttura destinata alle cure palliative dei piccoli pazienti: la fine dei lavori \u00e8 prevista nel 2023 e l'avvio nel 2024. Giani: \"Siamo orgogliosi, la regione avr\u00e0 una struttura all'avanguardia\"","og_url":"https:\/\/www.intoscana.it\/it\/al-via-i-lavori-per-il-primo-hospice-pediatrico-della-toscana-a-firenze-nasce-casa-marta\/","og_site_name":"intoscana","article_publisher":"https:\/\/www.facebook.com\/intoscana.it","article_published_time":"2022-07-05T14:05:29+00:00","og_image":[{"width":499,"height":350,"url":"https:\/\/www.intoscana.it\/wp-content\/uploads\/rendering-casa-marta.jpeg","type":"image\/jpeg"}],"author":"Redazione","twitter_card":"summary_large_image","twitter_creator":"@intoscana","twitter_site":"@intoscana","twitter_misc":{"Written by":"Redazione","Est. reading time":"3 minuti"},"schema":{"@context":"https:\/\/schema.org","@graph":[{"@type":"WebPage","@id":"https:\/\/www.intoscana.it\/it\/al-via-i-lavori-per-il-primo-hospice-pediatrico-della-toscana-a-firenze-nasce-casa-marta\/","url":"https:\/\/www.intoscana.it\/it\/al-via-i-lavori-per-il-primo-hospice-pediatrico-della-toscana-a-firenze-nasce-casa-marta\/","name":"Al via i lavori per il primo hospice pediatrico della Toscana: a Firenze nasce Casa Marta - intoscana","isPartOf":{"@id":"https:\/\/www.intoscana.it\/it\/#website"},"primaryImageOfPage":{"@id":"https:\/\/www.intoscana.it\/it\/al-via-i-lavori-per-il-primo-hospice-pediatrico-della-toscana-a-firenze-nasce-casa-marta\/#primaryimage"},"image":{"@id":"https:\/\/www.intoscana.it\/it\/al-via-i-lavori-per-il-primo-hospice-pediatrico-della-toscana-a-firenze-nasce-casa-marta\/#primaryimage"},"thumbnailUrl":"https:\/\/www.intoscana.it\/wp-content\/uploads\/rendering-casa-marta.jpeg","datePublished":"2022-07-05T14:05:29+00:00","author":{"@id":"https:\/\/www.intoscana.it\/it\/#\/schema\/person\/9223810753230f20bd670fdd322661f8"},"description":"Sar\u00e0 una struttura destinata alle cure palliative dei piccoli pazienti: la fine dei lavori \u00e8 prevista nel 2023 e l'avvio nel 2024. Giani: \"Siamo orgogliosi, la regione avr\u00e0 una struttura all'avanguardia\"","breadcrumb":{"@id":"https:\/\/www.intoscana.it\/it\/al-via-i-lavori-per-il-primo-hospice-pediatrico-della-toscana-a-firenze-nasce-casa-marta\/#breadcrumb"},"inLanguage":"it-IT","potentialAction":[{"@type":"ReadAction","target":["https:\/\/www.intoscana.it\/it\/al-via-i-lavori-per-il-primo-hospice-pediatrico-della-toscana-a-firenze-nasce-casa-marta\/"]}]},{"@type":"ImageObject","inLanguage":"it-IT","@id":"https:\/\/www.intoscana.it\/it\/al-via-i-lavori-per-il-primo-hospice-pediatrico-della-toscana-a-firenze-nasce-casa-marta\/#primaryimage","url":"https:\/\/www.intoscana.it\/wp-content\/uploads\/rendering-casa-marta.jpeg","contentUrl":"https:\/\/www.intoscana.it\/wp-content\/uploads\/rendering-casa-marta.jpeg","width":499,"height":350},{"@type":"BreadcrumbList","@id":"https:\/\/www.intoscana.it\/it\/al-via-i-lavori-per-il-primo-hospice-pediatrico-della-toscana-a-firenze-nasce-casa-marta\/#breadcrumb","itemListElement":[{"@type":"ListItem","position":1,"name":"Home","item":"https:\/\/www.intoscana.it\/it\/"},{"@type":"ListItem","position":2,"name":"Al via i lavori per il primo hospice pediatrico della Toscana: a Firenze nasce Casa Marta"}]},{"@type":"WebSite","@id":"https:\/\/www.intoscana.it\/it\/#website","url":"https:\/\/www.intoscana.it\/it\/","name":"intoscana","description":"","potentialAction":[{"@type":"SearchAction","target":{"@type":"EntryPoint","urlTemplate":"https:\/\/www.intoscana.it\/it\/?s={search_term_string}"},"query-input":{"@type":"PropertyValueSpecification","valueRequired":true,"valueName":"search_term_string"}}],"inLanguage":"it-IT"},{"@type":"Person","@id":"https:\/\/www.intoscana.it\/it\/#\/schema\/person\/9223810753230f20bd670fdd322661f8","name":"Redazione","url":"https:\/\/www.intoscana.it\/it\/author\/redazione\/"}]}},"_links":{"self":[{"href":"https:\/\/www.intoscana.it\/it\/wp-json\/wp\/v2\/posts\/236600","targetHints":{"allow":["GET"]}}],"collection":[{"href":"https:\/\/www.intoscana.it\/it\/wp-json\/wp\/v2\/posts"}],"about":[{"href":"https:\/\/www.intoscana.it\/it\/wp-json\/wp\/v2\/types\/post"}],"author":[{"embeddable":true,"href":"https:\/\/www.intoscana.it\/it\/wp-json\/wp\/v2\/users\/525"}],"replies":[{"embeddable":true,"href":"https:\/\/www.intoscana.it\/it\/wp-json\/wp\/v2\/comments?post=236600"}],"version-history":[{"count":0,"href":"https:\/\/www.intoscana.it\/it\/wp-json\/wp\/v2\/posts\/236600\/revisions"}],"wp:featuredmedia":[{"embeddable":true,"href":"https:\/\/www.intoscana.it\/it\/wp-json\/wp\/v2\/media\/236613"}],"wp:attachment":[{"href":"https:\/\/www.intoscana.it\/it\/wp-json\/wp\/v2\/media?parent=236600"}],"wp:term":[{"taxonomy":"category","embeddable":true,"href":"https:\/\/www.intoscana.it\/it\/wp-json\/wp\/v2\/categories?post=236600"},{"taxonomy":"post_tag","embeddable":true,"href":"https:\/\/www.intoscana.it\/it\/wp-json\/wp\/v2\/tags?post=236600"}],"curies":[{"name":"wp","href":"https:\/\/api.w.org\/{rel}","templated":true}]}}