{"id":237046,"date":"2022-07-09T11:01:55","date_gmt":"2022-07-09T09:01:55","guid":{"rendered":"https:\/\/www.intoscana.it\/it\/?p=237046"},"modified":"2022-07-11T17:17:40","modified_gmt":"2022-07-11T15:17:40","slug":"siccita-si-valuta-lo-stato-di-emergenza-nazionale-giani-aree-in-grave-sofferenza-agire-subito","status":"publish","type":"post","link":"https:\/\/www.intoscana.it\/it\/siccita-si-valuta-lo-stato-di-emergenza-nazionale-giani-aree-in-grave-sofferenza-agire-subito\/","title":{"rendered":"Siccit\u00e0, si valuta lo stato di emergenza nazionale. Giani: &#8220;Aree in grave sofferenza, agire subito&#8221;"},"content":{"rendered":"<p>Poca, anzi pochissima pioggia, nelle previsioni meteo e cos\u00ec la <strong>Toscana<\/strong> corre ai ripari per arginare gli effetti di quella che sembra essere la peggior <strong>siccit\u00e0<\/strong> da un secolo a questa parte. Entro la prossima settimana verr\u00e0 fatta insieme una valutazione per la richiesta dello stato di emergenza nazionale: \u00e8 quanto deciso dalla <mark>cabina di regia sulla siccit\u00e0 in Toscana e alla quale hanno preso parte, insieme al presidente <strong>Eugenio Giani<\/strong> e all\u2019assessora all\u2019ambiente <strong>Monia Monni<\/strong>, i rappresentanti degli enti e dei soggetti interessati,<\/mark> quindi strutture tecniche regionali, Autorit\u00e0 idrica, Eaut, le Autorit\u00e0 di bacino, servizio prevenzione Asl, Arpat e Lamma.<\/p>\n<p>Le criticit\u00e0 maggiori che al momento si concentrano <mark>nel lago di Massaciuccoli, nell\u2019area costiera della Maremma, nel bacino del Serchio e in Val di Chiana.<\/mark><\/p>\n<figure id=\"post-237048 media-237048\" class=\"align-none\"><img decoding=\"async\" src=\"https:\/\/www.intoscana.it\/wp-content\/uploads\/AIT-situazione-criticita\u0300-idropotabile-al-30-giugno-2022.jpeg\" alt=\"\" \/><\/figure>\n<p><em>\u201cLa cabina di regia di oggi<\/em> \u2013 ha spiegato il presidente Giani &#8211; <em>ha avuto lo scopo di fare un quadro completo della situazione in Toscana per quanto riguarda l\u2019emergenza idrica. Le previsioni meteo da qui a met\u00e0 agosto purtroppo non sono confortanti e abbiamo chiesto a tutti i soggetti intervenuti di elaborare al pi\u00f9 presto una valutazione per poter procedere in tempi rapidi alla <mark>richiesta dello stato di emergenza nazionale. Non possiamo pi\u00f9 attendere, ci sono aree della Toscana in grave sofferenza e occorre agire immediatamente per salvaguardare sia l\u2019attivit\u00e0 agricola che per mettere a disposizione acqua per uso civile\u201d<\/em>.<\/mark><\/p>\n<p>Di fronte alla &#8220;<em>peggior siccit\u00e0 degli ultimi 100 anni<\/em> \u2013 ha aggiunto l\u2019assessora Monni &#8211; <em>Ci aspettano decisioni importanti per fronteggiarla. Entro la prossima settimana attendiamo da tutti i soggetti coinvolti l\u2019elenco delle opere da finanziare entro i prossimi 60 giorni per essere inserite nella richiesta di emergenza nazionale. Inoltre a breve <mark>invieremo una lettera a tutti i Comuni che si trovano nelle aree pi\u00f9 critiche e che ancora non hanno emesso ordinanze per limitare gli usi di acqua. In alcune zone abbiamo gi\u00e0 messo a disposizione autobotti e non escludiamo ulteriori limitazioni per determinati utilizzi\u201d.<\/mark><\/em><\/p>\n","protected":false},"excerpt":{"rendered":"<p>Le criticit\u00e0 maggiori nell\u2019area costiera della Maremma, al lago di Massaciuccoli, nel bacino del Serchio e in Val di Chiana. Cabina di regia per individuare i provvedimenti<\/p>\n","protected":false},"author":525,"featured_media":77346,"comment_status":"open","ping_status":"open","sticky":false,"template":"","format":"standard","meta":{"_acf_changed":false,"footnotes":""},"categories":[494],"tags":[158,5232,6510],"class_list":["post-237046","post","type-post","status-publish","format-standard","has-post-thumbnail","hentry","category-attualita","tag-eugenio-giani","tag-monia-monni","tag-siccita"],"acf":[],"yoast_head":"<!-- This site is optimized with the Yoast SEO Premium plugin v24.2 (Yoast SEO v25.6) - https:\/\/yoast.com\/wordpress\/plugins\/seo\/ -->\n<title>Siccit\u00e0, si valuta lo stato di emergenza nazionale. Giani: &quot;Aree in grave sofferenza, agire subito&quot; - intoscana<\/title>\n<meta name=\"description\" content=\"Le criticit\u00e0 maggiori nell\u2019area costiera della Maremma, al lago di Massaciuccoli, nel bacino del Serchio e in Val di Chiana. Cabina di regia per individuare i provvedimenti\" \/>\n<meta name=\"robots\" content=\"index, follow, max-snippet:-1, max-image-preview:large, max-video-preview:-1\" \/>\n<link rel=\"canonical\" href=\"https:\/\/www.intoscana.it\/it\/siccita-si-valuta-lo-stato-di-emergenza-nazionale-giani-aree-in-grave-sofferenza-agire-subito\/\" \/>\n<meta property=\"og:locale\" content=\"it_IT\" \/>\n<meta property=\"og:type\" content=\"article\" \/>\n<meta property=\"og:title\" content=\"Siccit\u00e0, si valuta lo stato di emergenza nazionale. Giani: &quot;Aree in grave sofferenza, agire subito&quot;\" \/>\n<meta property=\"og:description\" content=\"Le criticit\u00e0 maggiori nell\u2019area costiera della Maremma, al lago di Massaciuccoli, nel bacino del Serchio e in Val di Chiana. Cabina di regia per individuare i provvedimenti\" \/>\n<meta property=\"og:url\" content=\"https:\/\/www.intoscana.it\/it\/siccita-si-valuta-lo-stato-di-emergenza-nazionale-giani-aree-in-grave-sofferenza-agire-subito\/\" \/>\n<meta property=\"og:site_name\" content=\"intoscana\" \/>\n<meta property=\"article:publisher\" content=\"https:\/\/www.facebook.com\/intoscana.it\" \/>\n<meta property=\"article:published_time\" content=\"2022-07-09T09:01:55+00:00\" \/>\n<meta property=\"article:modified_time\" content=\"2022-07-11T15:17:40+00:00\" \/>\n<meta property=\"og:image\" content=\"https:\/\/www.intoscana.it\/wp-content\/uploads\/siccita-1.jpg\" \/>\n\t<meta property=\"og:image:width\" content=\"1000\" \/>\n\t<meta property=\"og:image:height\" content=\"658\" \/>\n\t<meta property=\"og:image:type\" content=\"image\/jpeg\" \/>\n<meta name=\"author\" content=\"Redazione\" \/>\n<meta name=\"twitter:card\" content=\"summary_large_image\" \/>\n<meta name=\"twitter:creator\" content=\"@intoscana\" \/>\n<meta name=\"twitter:site\" content=\"@intoscana\" \/>\n<meta name=\"twitter:label1\" content=\"Written by\" \/>\n\t<meta name=\"twitter:data1\" content=\"Redazione\" \/>\n\t<meta name=\"twitter:label2\" content=\"Est. reading time\" \/>\n\t<meta name=\"twitter:data2\" content=\"2 minuti\" \/>\n<script type=\"application\/ld+json\" class=\"yoast-schema-graph\">{\"@context\":\"https:\/\/schema.org\",\"@graph\":[{\"@type\":\"WebPage\",\"@id\":\"https:\/\/www.intoscana.it\/it\/siccita-si-valuta-lo-stato-di-emergenza-nazionale-giani-aree-in-grave-sofferenza-agire-subito\/\",\"url\":\"https:\/\/www.intoscana.it\/it\/siccita-si-valuta-lo-stato-di-emergenza-nazionale-giani-aree-in-grave-sofferenza-agire-subito\/\",\"name\":\"Siccit\u00e0, si valuta lo stato di emergenza nazionale. Giani: \\\"Aree in grave sofferenza, agire subito\\\" - intoscana\",\"isPartOf\":{\"@id\":\"https:\/\/www.intoscana.it\/it\/#website\"},\"primaryImageOfPage\":{\"@id\":\"https:\/\/www.intoscana.it\/it\/siccita-si-valuta-lo-stato-di-emergenza-nazionale-giani-aree-in-grave-sofferenza-agire-subito\/#primaryimage\"},\"image\":{\"@id\":\"https:\/\/www.intoscana.it\/it\/siccita-si-valuta-lo-stato-di-emergenza-nazionale-giani-aree-in-grave-sofferenza-agire-subito\/#primaryimage\"},\"thumbnailUrl\":\"https:\/\/www.intoscana.it\/wp-content\/uploads\/siccita-1.jpg\",\"datePublished\":\"2022-07-09T09:01:55+00:00\",\"dateModified\":\"2022-07-11T15:17:40+00:00\",\"author\":{\"@id\":\"https:\/\/www.intoscana.it\/it\/#\/schema\/person\/9223810753230f20bd670fdd322661f8\"},\"description\":\"Le criticit\u00e0 maggiori nell\u2019area costiera della Maremma, al lago di Massaciuccoli, nel bacino del Serchio e in Val di Chiana. Cabina di regia per individuare i provvedimenti\",\"breadcrumb\":{\"@id\":\"https:\/\/www.intoscana.it\/it\/siccita-si-valuta-lo-stato-di-emergenza-nazionale-giani-aree-in-grave-sofferenza-agire-subito\/#breadcrumb\"},\"inLanguage\":\"it-IT\",\"potentialAction\":[{\"@type\":\"ReadAction\",\"target\":[\"https:\/\/www.intoscana.it\/it\/siccita-si-valuta-lo-stato-di-emergenza-nazionale-giani-aree-in-grave-sofferenza-agire-subito\/\"]}]},{\"@type\":\"ImageObject\",\"inLanguage\":\"it-IT\",\"@id\":\"https:\/\/www.intoscana.it\/it\/siccita-si-valuta-lo-stato-di-emergenza-nazionale-giani-aree-in-grave-sofferenza-agire-subito\/#primaryimage\",\"url\":\"https:\/\/www.intoscana.it\/wp-content\/uploads\/siccita-1.jpg\",\"contentUrl\":\"https:\/\/www.intoscana.it\/wp-content\/uploads\/siccita-1.jpg\",\"width\":1000,\"height\":658,\"caption\":\"Siccit\u00e0\"},{\"@type\":\"BreadcrumbList\",\"@id\":\"https:\/\/www.intoscana.it\/it\/siccita-si-valuta-lo-stato-di-emergenza-nazionale-giani-aree-in-grave-sofferenza-agire-subito\/#breadcrumb\",\"itemListElement\":[{\"@type\":\"ListItem\",\"position\":1,\"name\":\"Home\",\"item\":\"https:\/\/www.intoscana.it\/it\/\"},{\"@type\":\"ListItem\",\"position\":2,\"name\":\"Siccit\u00e0, si valuta lo stato di emergenza nazionale. Giani: &#8220;Aree in grave sofferenza, agire subito&#8221;\"}]},{\"@type\":\"WebSite\",\"@id\":\"https:\/\/www.intoscana.it\/it\/#website\",\"url\":\"https:\/\/www.intoscana.it\/it\/\",\"name\":\"intoscana\",\"description\":\"\",\"potentialAction\":[{\"@type\":\"SearchAction\",\"target\":{\"@type\":\"EntryPoint\",\"urlTemplate\":\"https:\/\/www.intoscana.it\/it\/?s={search_term_string}\"},\"query-input\":{\"@type\":\"PropertyValueSpecification\",\"valueRequired\":true,\"valueName\":\"search_term_string\"}}],\"inLanguage\":\"it-IT\"},{\"@type\":\"Person\",\"@id\":\"https:\/\/www.intoscana.it\/it\/#\/schema\/person\/9223810753230f20bd670fdd322661f8\",\"name\":\"Redazione\",\"url\":\"https:\/\/www.intoscana.it\/it\/author\/redazione\/\"}]}<\/script>\n<!-- \/ Yoast SEO Premium plugin. -->","yoast_head_json":{"title":"Siccit\u00e0, si valuta lo stato di emergenza nazionale. Giani: \"Aree in grave sofferenza, agire subito\" - intoscana","description":"Le criticit\u00e0 maggiori nell\u2019area costiera della Maremma, al lago di Massaciuccoli, nel bacino del Serchio e in Val di Chiana. Cabina di regia per individuare i provvedimenti","robots":{"index":"index","follow":"follow","max-snippet":"max-snippet:-1","max-image-preview":"max-image-preview:large","max-video-preview":"max-video-preview:-1"},"canonical":"https:\/\/www.intoscana.it\/it\/siccita-si-valuta-lo-stato-di-emergenza-nazionale-giani-aree-in-grave-sofferenza-agire-subito\/","og_locale":"it_IT","og_type":"article","og_title":"Siccit\u00e0, si valuta lo stato di emergenza nazionale. Giani: \"Aree in grave sofferenza, agire subito\"","og_description":"Le criticit\u00e0 maggiori nell\u2019area costiera della Maremma, al lago di Massaciuccoli, nel bacino del Serchio e in Val di Chiana. Cabina di regia per individuare i provvedimenti","og_url":"https:\/\/www.intoscana.it\/it\/siccita-si-valuta-lo-stato-di-emergenza-nazionale-giani-aree-in-grave-sofferenza-agire-subito\/","og_site_name":"intoscana","article_publisher":"https:\/\/www.facebook.com\/intoscana.it","article_published_time":"2022-07-09T09:01:55+00:00","article_modified_time":"2022-07-11T15:17:40+00:00","og_image":[{"width":1000,"height":658,"url":"https:\/\/www.intoscana.it\/wp-content\/uploads\/siccita-1.jpg","type":"image\/jpeg"}],"author":"Redazione","twitter_card":"summary_large_image","twitter_creator":"@intoscana","twitter_site":"@intoscana","twitter_misc":{"Written by":"Redazione","Est. reading time":"2 minuti"},"schema":{"@context":"https:\/\/schema.org","@graph":[{"@type":"WebPage","@id":"https:\/\/www.intoscana.it\/it\/siccita-si-valuta-lo-stato-di-emergenza-nazionale-giani-aree-in-grave-sofferenza-agire-subito\/","url":"https:\/\/www.intoscana.it\/it\/siccita-si-valuta-lo-stato-di-emergenza-nazionale-giani-aree-in-grave-sofferenza-agire-subito\/","name":"Siccit\u00e0, si valuta lo stato di emergenza nazionale. Giani: \"Aree in grave sofferenza, agire subito\" - intoscana","isPartOf":{"@id":"https:\/\/www.intoscana.it\/it\/#website"},"primaryImageOfPage":{"@id":"https:\/\/www.intoscana.it\/it\/siccita-si-valuta-lo-stato-di-emergenza-nazionale-giani-aree-in-grave-sofferenza-agire-subito\/#primaryimage"},"image":{"@id":"https:\/\/www.intoscana.it\/it\/siccita-si-valuta-lo-stato-di-emergenza-nazionale-giani-aree-in-grave-sofferenza-agire-subito\/#primaryimage"},"thumbnailUrl":"https:\/\/www.intoscana.it\/wp-content\/uploads\/siccita-1.jpg","datePublished":"2022-07-09T09:01:55+00:00","dateModified":"2022-07-11T15:17:40+00:00","author":{"@id":"https:\/\/www.intoscana.it\/it\/#\/schema\/person\/9223810753230f20bd670fdd322661f8"},"description":"Le criticit\u00e0 maggiori nell\u2019area costiera della Maremma, al lago di Massaciuccoli, nel bacino del Serchio e in Val di Chiana. Cabina di regia per individuare i provvedimenti","breadcrumb":{"@id":"https:\/\/www.intoscana.it\/it\/siccita-si-valuta-lo-stato-di-emergenza-nazionale-giani-aree-in-grave-sofferenza-agire-subito\/#breadcrumb"},"inLanguage":"it-IT","potentialAction":[{"@type":"ReadAction","target":["https:\/\/www.intoscana.it\/it\/siccita-si-valuta-lo-stato-di-emergenza-nazionale-giani-aree-in-grave-sofferenza-agire-subito\/"]}]},{"@type":"ImageObject","inLanguage":"it-IT","@id":"https:\/\/www.intoscana.it\/it\/siccita-si-valuta-lo-stato-di-emergenza-nazionale-giani-aree-in-grave-sofferenza-agire-subito\/#primaryimage","url":"https:\/\/www.intoscana.it\/wp-content\/uploads\/siccita-1.jpg","contentUrl":"https:\/\/www.intoscana.it\/wp-content\/uploads\/siccita-1.jpg","width":1000,"height":658,"caption":"Siccit\u00e0"},{"@type":"BreadcrumbList","@id":"https:\/\/www.intoscana.it\/it\/siccita-si-valuta-lo-stato-di-emergenza-nazionale-giani-aree-in-grave-sofferenza-agire-subito\/#breadcrumb","itemListElement":[{"@type":"ListItem","position":1,"name":"Home","item":"https:\/\/www.intoscana.it\/it\/"},{"@type":"ListItem","position":2,"name":"Siccit\u00e0, si valuta lo stato di emergenza nazionale. Giani: &#8220;Aree in grave sofferenza, agire subito&#8221;"}]},{"@type":"WebSite","@id":"https:\/\/www.intoscana.it\/it\/#website","url":"https:\/\/www.intoscana.it\/it\/","name":"intoscana","description":"","potentialAction":[{"@type":"SearchAction","target":{"@type":"EntryPoint","urlTemplate":"https:\/\/www.intoscana.it\/it\/?s={search_term_string}"},"query-input":{"@type":"PropertyValueSpecification","valueRequired":true,"valueName":"search_term_string"}}],"inLanguage":"it-IT"},{"@type":"Person","@id":"https:\/\/www.intoscana.it\/it\/#\/schema\/person\/9223810753230f20bd670fdd322661f8","name":"Redazione","url":"https:\/\/www.intoscana.it\/it\/author\/redazione\/"}]}},"_links":{"self":[{"href":"https:\/\/www.intoscana.it\/it\/wp-json\/wp\/v2\/posts\/237046","targetHints":{"allow":["GET"]}}],"collection":[{"href":"https:\/\/www.intoscana.it\/it\/wp-json\/wp\/v2\/posts"}],"about":[{"href":"https:\/\/www.intoscana.it\/it\/wp-json\/wp\/v2\/types\/post"}],"author":[{"embeddable":true,"href":"https:\/\/www.intoscana.it\/it\/wp-json\/wp\/v2\/users\/525"}],"replies":[{"embeddable":true,"href":"https:\/\/www.intoscana.it\/it\/wp-json\/wp\/v2\/comments?post=237046"}],"version-history":[{"count":0,"href":"https:\/\/www.intoscana.it\/it\/wp-json\/wp\/v2\/posts\/237046\/revisions"}],"wp:featuredmedia":[{"embeddable":true,"href":"https:\/\/www.intoscana.it\/it\/wp-json\/wp\/v2\/media\/77346"}],"wp:attachment":[{"href":"https:\/\/www.intoscana.it\/it\/wp-json\/wp\/v2\/media?parent=237046"}],"wp:term":[{"taxonomy":"category","embeddable":true,"href":"https:\/\/www.intoscana.it\/it\/wp-json\/wp\/v2\/categories?post=237046"},{"taxonomy":"post_tag","embeddable":true,"href":"https:\/\/www.intoscana.it\/it\/wp-json\/wp\/v2\/tags?post=237046"}],"curies":[{"name":"wp","href":"https:\/\/api.w.org\/{rel}","templated":true}]}}