{"id":237154,"date":"2022-07-11T12:01:06","date_gmt":"2022-07-11T10:01:06","guid":{"rendered":"https:\/\/www.intoscana.it\/it\/?p=237154"},"modified":"2022-07-12T12:26:42","modified_gmt":"2022-07-12T10:26:42","slug":"covid-19-1200-i-nuovi-positivi-oggi-in-toscana-e-11-i-decessi","status":"publish","type":"post","link":"https:\/\/www.intoscana.it\/it\/covid-19-1200-i-nuovi-positivi-oggi-in-toscana-e-11-i-decessi\/","title":{"rendered":"Covid-19: 1200 i nuovi positivi oggi in Toscana e 11 i decessi"},"content":{"rendered":"<p><strong>Sono 1.200 in pi\u00f9 rispetto a ieri i nuovi casi di Covid-19 oggi in Toscana,<\/strong> 287 confermati con tampone molecolare e 913 da test rapido antigenico, pari allo 0,1% in pi\u00f9 rispetto al totale del giorno precedente. I guariti crescono dello 0,2% e raggiungono quota 1.172.323 (93% dei casi totali).<strong> Oggi sono stati eseguiti 841 tamponi molecolari e 4.144 tamponi antigenici rapidi<\/strong>, di questi il 24,1% \u00e8 risultato positivo.<\/p>\n<p>Sono invece 1.643 i soggetti testati oggi (con tampone antigenico e\/o molecolare, escludendo i tamponi di controllo), di cui il 73% \u00e8 risultato positivo. Gli attualmente positivi sono oggi 78.155, -0,8% rispetto a ieri. I <strong>ricoverati sono 685 (34 in pi\u00f9 rispetto a ieri), di cui 29 in terapia intensiva (8 in pi\u00f9)<\/strong>. Oggi si registrano 11 nuovi decessi: 3 uomini e 8 donne con un&#8217;et\u00e0 media di 81,5 anni.<\/p>\n<p>Questi i dati &#8211; accertati alle ore 12 di oggi sulla base delle richieste della Protezione Civile Nazionale &#8211; relativi all&#8217;andamento dell&#8217;epidemia in regione.<\/p>\n<h3>45 anni l&#8217;et\u00e0 media dei nuovi casi<\/h3>\n<p><strong>L&#8217;et\u00e0 media dei 1.200 nuovi positivi odierni \u00e8 di 45 anni circa (15% ha meno di 20 anni, 20% tra 20 e 39 anni, 33% tra 40 e 59 anni, 24% tra 60 e 79 anni, 8% ha 80 anni o pi\u00f9).<\/strong><\/p>\n<p>Di seguito i casi di positivit\u00e0 sul territorio con la variazione rispetto a ieri (287 confermati con tampone molecolare e 913 da test rapido antigenico). Sono 350.251 i casi complessivi ad oggi a Firenze (308 in pi\u00f9 rispetto a ieri), 85.409 a Prato (74 in pi\u00f9), 99.883 a Pistoia (76 in pi\u00f9), 61.554 a Massa (50 in pi\u00f9), 132.845 a Lucca (127 in pi\u00f9), 146.378 a Pisa (99 in pi\u00f9), 112.264 a Livorno (99 in pi\u00f9), 114.090 ad Arezzo (156 in pi\u00f9), 90.093 a Siena (125 in pi\u00f9), 67.397 a Grosseto (86 in pi\u00f9). Sono 555 i casi positivi notificati in Toscana, ma residenti in altre regioni.<\/p>\n<p><strong>Sono 466 i casi riscontrati oggi nell&#8217;Asl Centro, 367 nella Nord Ovest, 367 nella Sud est.<\/strong><\/p>\n<p>La Toscana si trova al 9\u00b0 posto in Italia come numerosit\u00e0 di casi (comprensivi di residenti e non residenti), con circa 34.139 casi per 100.000 abitanti (media italiana circa 32.817 x100.000, dato di ieri). Le province di notifica con il tasso pi\u00f9 alto sono Firenze con 35.080 casi x100.000 abitanti, Pisa con 35.020, Lucca con 34.599, la pi\u00f9 bassa Grosseto con 30.938.<\/p>\n<h3>77mila persone in isolamento, aumentano i ricoveri<\/h3>\n<p>Complessivamente, <strong>77.470 persone sono in isolamento a casa,<\/strong> poich\u00e9 presentano sintomi lievi che non richiedono cure ospedaliere, o risultano prive di sintomi (660 in meno rispetto a ieri, meno 0,8%).<br \/>\n<strong>Le persone ricoverate nei posti letto dedicati ai pazienti COVID oggi sono complessivamente 685 (34 in pi\u00f9 rispetto a ieri, pi\u00f9 5,2%),<\/strong> 29 in terapia intensiva (8 in pi\u00f9 rispetto a ieri, pi\u00f9 38,1%).<\/p>\n<p><strong>Le persone complessivamente guarite sono 1.172.323 (1.815 in pi\u00f9 rispetto a ieri, pi\u00f9 0,2%<\/strong>): 0 persone clinicamente guarite (stabili rispetto a ieri), divenute cio\u00e8 asintomatiche dopo aver presentato manifestazioni cliniche associate all&#8217;infezione e 1.172.323 (1.815 in pi\u00f9 rispetto a ieri, pi\u00f9 0,2%) dichiarate guarite a tutti gli effetti, le cosiddette guarigioni virali, con tampone negativo.<\/p>\n<h3>11 nuovi decessi: 3 uomini e 8 donne<\/h3>\n<p>Oggi si registrano 11 nuovi decessi: 3 uomini e 8 donne <strong>con un&#8217;et\u00e0 media di 81,5 anni. <\/strong>Relativamente alla provincia di residenza, le persone decedute sono: 2 a Firenze, 4 a Pistoia, 2 a Massa Carrara, 2 a Pisa, 1 a Livorno.<\/p>\n<p><strong>Sono 10.241 i deceduti dall&#8217;inizio dell&#8217;epidemia<\/strong> cosi ripartiti: 3.223 a Firenze, 842 a Prato, 927 a Pistoia, 663 a Massa Carrara, 958 a Lucca, 1.144 a Pisa, 752 a Livorno, 662 ad Arezzo, 539 a Siena, 391 a Grosseto, 140 persone sono decedute sul suolo toscano ma erano residenti fuori regione.<\/p>\n<p>Il tasso grezzo di mortalit\u00e0 toscano (numero di deceduti\/popolazione residente) per Covid-19 \u00e8 di 277,3 x100.000 residenti contro il 285,5 x100.000 della media italiana (10\u00b0 regione). Per quanto riguarda le province, il tasso di mortalit\u00e0 pi\u00f9 alto si riscontra a Massa Carrara (349,2 x100.000), Firenze (322,8 x100.000) e Pistoia (319,4 x100.000), il pi\u00f9 basso a Grosseto (179,5 x100.000).<\/p>\n","protected":false},"excerpt":{"rendered":"<p>L&#8217;et\u00e0 media dei nuovi casi \u00e8 di 45 anni, mentre aumentano anche i ricoverati e 77mila persone sono in isolamento a casa, asintomatiche o con sintomi lievi<\/p>\n","protected":false},"author":525,"featured_media":191044,"comment_status":"open","ping_status":"open","sticky":false,"template":"","format":"standard","meta":{"_acf_changed":false,"footnotes":""},"categories":[494],"tags":[4868,418],"class_list":["post-237154","post","type-post","status-publish","format-standard","has-post-thumbnail","hentry","category-attualita","tag-bollettino-covid-toscana","tag-covid-19"],"acf":[],"yoast_head":"<!-- This site is optimized with the Yoast SEO Premium plugin v24.2 (Yoast SEO v25.6) - https:\/\/yoast.com\/wordpress\/plugins\/seo\/ -->\n<title>Covid-19: 1200 i nuovi positivi oggi in Toscana e 11 i decessi - intoscana<\/title>\n<meta name=\"robots\" content=\"index, follow, max-snippet:-1, max-image-preview:large, max-video-preview:-1\" \/>\n<link rel=\"canonical\" href=\"https:\/\/www.intoscana.it\/it\/covid-19-1200-i-nuovi-positivi-oggi-in-toscana-e-11-i-decessi\/\" \/>\n<meta property=\"og:locale\" content=\"it_IT\" \/>\n<meta property=\"og:type\" content=\"article\" \/>\n<meta property=\"og:title\" content=\"Covid-19: 1200 i nuovi positivi oggi in Toscana e 11 i decessi\" \/>\n<meta property=\"og:description\" content=\"L&#039;et\u00e0 media dei nuovi casi \u00e8 di 45 anni, mentre aumentano anche i ricoverati e 77mila persone sono in isolamento a casa, asintomatiche o con sintomi lievi\" \/>\n<meta property=\"og:url\" content=\"https:\/\/www.intoscana.it\/it\/covid-19-1200-i-nuovi-positivi-oggi-in-toscana-e-11-i-decessi\/\" \/>\n<meta property=\"og:site_name\" content=\"intoscana\" \/>\n<meta property=\"article:publisher\" content=\"https:\/\/www.facebook.com\/intoscana.it\" \/>\n<meta property=\"article:published_time\" content=\"2022-07-11T10:01:06+00:00\" \/>\n<meta property=\"article:modified_time\" content=\"2022-07-12T10:26:42+00:00\" \/>\n<meta property=\"og:image\" content=\"https:\/\/www.intoscana.it\/wp-content\/uploads\/Ragazze-con-mascherina-Masao-Mask-Unsplash.jpg\" \/>\n\t<meta property=\"og:image:width\" content=\"1920\" \/>\n\t<meta property=\"og:image:height\" content=\"1280\" \/>\n\t<meta property=\"og:image:type\" content=\"image\/jpeg\" \/>\n<meta name=\"author\" content=\"Redazione\" \/>\n<meta name=\"twitter:card\" content=\"summary_large_image\" \/>\n<meta name=\"twitter:creator\" content=\"@intoscana\" \/>\n<meta name=\"twitter:site\" content=\"@intoscana\" \/>\n<meta name=\"twitter:label1\" content=\"Written by\" \/>\n\t<meta name=\"twitter:data1\" content=\"Redazione\" \/>\n\t<meta name=\"twitter:label2\" content=\"Est. reading time\" \/>\n\t<meta name=\"twitter:data2\" content=\"3 minuti\" \/>\n<script type=\"application\/ld+json\" class=\"yoast-schema-graph\">{\"@context\":\"https:\/\/schema.org\",\"@graph\":[{\"@type\":\"WebPage\",\"@id\":\"https:\/\/www.intoscana.it\/it\/covid-19-1200-i-nuovi-positivi-oggi-in-toscana-e-11-i-decessi\/\",\"url\":\"https:\/\/www.intoscana.it\/it\/covid-19-1200-i-nuovi-positivi-oggi-in-toscana-e-11-i-decessi\/\",\"name\":\"Covid-19: 1200 i nuovi positivi oggi in Toscana e 11 i decessi - intoscana\",\"isPartOf\":{\"@id\":\"https:\/\/www.intoscana.it\/it\/#website\"},\"primaryImageOfPage\":{\"@id\":\"https:\/\/www.intoscana.it\/it\/covid-19-1200-i-nuovi-positivi-oggi-in-toscana-e-11-i-decessi\/#primaryimage\"},\"image\":{\"@id\":\"https:\/\/www.intoscana.it\/it\/covid-19-1200-i-nuovi-positivi-oggi-in-toscana-e-11-i-decessi\/#primaryimage\"},\"thumbnailUrl\":\"https:\/\/www.intoscana.it\/wp-content\/uploads\/Ragazze-con-mascherina-Masao-Mask-Unsplash.jpg\",\"datePublished\":\"2022-07-11T10:01:06+00:00\",\"dateModified\":\"2022-07-12T10:26:42+00:00\",\"author\":{\"@id\":\"https:\/\/www.intoscana.it\/it\/#\/schema\/person\/9223810753230f20bd670fdd322661f8\"},\"breadcrumb\":{\"@id\":\"https:\/\/www.intoscana.it\/it\/covid-19-1200-i-nuovi-positivi-oggi-in-toscana-e-11-i-decessi\/#breadcrumb\"},\"inLanguage\":\"it-IT\",\"potentialAction\":[{\"@type\":\"ReadAction\",\"target\":[\"https:\/\/www.intoscana.it\/it\/covid-19-1200-i-nuovi-positivi-oggi-in-toscana-e-11-i-decessi\/\"]}]},{\"@type\":\"ImageObject\",\"inLanguage\":\"it-IT\",\"@id\":\"https:\/\/www.intoscana.it\/it\/covid-19-1200-i-nuovi-positivi-oggi-in-toscana-e-11-i-decessi\/#primaryimage\",\"url\":\"https:\/\/www.intoscana.it\/wp-content\/uploads\/Ragazze-con-mascherina-Masao-Mask-Unsplash.jpg\",\"contentUrl\":\"https:\/\/www.intoscana.it\/wp-content\/uploads\/Ragazze-con-mascherina-Masao-Mask-Unsplash.jpg\",\"width\":1920,\"height\":1280,\"caption\":\"Ragazze con mascherina\"},{\"@type\":\"BreadcrumbList\",\"@id\":\"https:\/\/www.intoscana.it\/it\/covid-19-1200-i-nuovi-positivi-oggi-in-toscana-e-11-i-decessi\/#breadcrumb\",\"itemListElement\":[{\"@type\":\"ListItem\",\"position\":1,\"name\":\"Home\",\"item\":\"https:\/\/www.intoscana.it\/it\/\"},{\"@type\":\"ListItem\",\"position\":2,\"name\":\"Covid-19: 1200 i nuovi positivi oggi in Toscana e 11 i decessi\"}]},{\"@type\":\"WebSite\",\"@id\":\"https:\/\/www.intoscana.it\/it\/#website\",\"url\":\"https:\/\/www.intoscana.it\/it\/\",\"name\":\"intoscana\",\"description\":\"\",\"potentialAction\":[{\"@type\":\"SearchAction\",\"target\":{\"@type\":\"EntryPoint\",\"urlTemplate\":\"https:\/\/www.intoscana.it\/it\/?s={search_term_string}\"},\"query-input\":{\"@type\":\"PropertyValueSpecification\",\"valueRequired\":true,\"valueName\":\"search_term_string\"}}],\"inLanguage\":\"it-IT\"},{\"@type\":\"Person\",\"@id\":\"https:\/\/www.intoscana.it\/it\/#\/schema\/person\/9223810753230f20bd670fdd322661f8\",\"name\":\"Redazione\",\"url\":\"https:\/\/www.intoscana.it\/it\/author\/redazione\/\"}]}<\/script>\n<!-- \/ Yoast SEO Premium plugin. -->","yoast_head_json":{"title":"Covid-19: 1200 i nuovi positivi oggi in Toscana e 11 i decessi - intoscana","robots":{"index":"index","follow":"follow","max-snippet":"max-snippet:-1","max-image-preview":"max-image-preview:large","max-video-preview":"max-video-preview:-1"},"canonical":"https:\/\/www.intoscana.it\/it\/covid-19-1200-i-nuovi-positivi-oggi-in-toscana-e-11-i-decessi\/","og_locale":"it_IT","og_type":"article","og_title":"Covid-19: 1200 i nuovi positivi oggi in Toscana e 11 i decessi","og_description":"L'et\u00e0 media dei nuovi casi \u00e8 di 45 anni, mentre aumentano anche i ricoverati e 77mila persone sono in isolamento a casa, asintomatiche o con sintomi lievi","og_url":"https:\/\/www.intoscana.it\/it\/covid-19-1200-i-nuovi-positivi-oggi-in-toscana-e-11-i-decessi\/","og_site_name":"intoscana","article_publisher":"https:\/\/www.facebook.com\/intoscana.it","article_published_time":"2022-07-11T10:01:06+00:00","article_modified_time":"2022-07-12T10:26:42+00:00","og_image":[{"width":1920,"height":1280,"url":"https:\/\/www.intoscana.it\/wp-content\/uploads\/Ragazze-con-mascherina-Masao-Mask-Unsplash.jpg","type":"image\/jpeg"}],"author":"Redazione","twitter_card":"summary_large_image","twitter_creator":"@intoscana","twitter_site":"@intoscana","twitter_misc":{"Written by":"Redazione","Est. reading time":"3 minuti"},"schema":{"@context":"https:\/\/schema.org","@graph":[{"@type":"WebPage","@id":"https:\/\/www.intoscana.it\/it\/covid-19-1200-i-nuovi-positivi-oggi-in-toscana-e-11-i-decessi\/","url":"https:\/\/www.intoscana.it\/it\/covid-19-1200-i-nuovi-positivi-oggi-in-toscana-e-11-i-decessi\/","name":"Covid-19: 1200 i nuovi positivi oggi in Toscana e 11 i decessi - intoscana","isPartOf":{"@id":"https:\/\/www.intoscana.it\/it\/#website"},"primaryImageOfPage":{"@id":"https:\/\/www.intoscana.it\/it\/covid-19-1200-i-nuovi-positivi-oggi-in-toscana-e-11-i-decessi\/#primaryimage"},"image":{"@id":"https:\/\/www.intoscana.it\/it\/covid-19-1200-i-nuovi-positivi-oggi-in-toscana-e-11-i-decessi\/#primaryimage"},"thumbnailUrl":"https:\/\/www.intoscana.it\/wp-content\/uploads\/Ragazze-con-mascherina-Masao-Mask-Unsplash.jpg","datePublished":"2022-07-11T10:01:06+00:00","dateModified":"2022-07-12T10:26:42+00:00","author":{"@id":"https:\/\/www.intoscana.it\/it\/#\/schema\/person\/9223810753230f20bd670fdd322661f8"},"breadcrumb":{"@id":"https:\/\/www.intoscana.it\/it\/covid-19-1200-i-nuovi-positivi-oggi-in-toscana-e-11-i-decessi\/#breadcrumb"},"inLanguage":"it-IT","potentialAction":[{"@type":"ReadAction","target":["https:\/\/www.intoscana.it\/it\/covid-19-1200-i-nuovi-positivi-oggi-in-toscana-e-11-i-decessi\/"]}]},{"@type":"ImageObject","inLanguage":"it-IT","@id":"https:\/\/www.intoscana.it\/it\/covid-19-1200-i-nuovi-positivi-oggi-in-toscana-e-11-i-decessi\/#primaryimage","url":"https:\/\/www.intoscana.it\/wp-content\/uploads\/Ragazze-con-mascherina-Masao-Mask-Unsplash.jpg","contentUrl":"https:\/\/www.intoscana.it\/wp-content\/uploads\/Ragazze-con-mascherina-Masao-Mask-Unsplash.jpg","width":1920,"height":1280,"caption":"Ragazze con mascherina"},{"@type":"BreadcrumbList","@id":"https:\/\/www.intoscana.it\/it\/covid-19-1200-i-nuovi-positivi-oggi-in-toscana-e-11-i-decessi\/#breadcrumb","itemListElement":[{"@type":"ListItem","position":1,"name":"Home","item":"https:\/\/www.intoscana.it\/it\/"},{"@type":"ListItem","position":2,"name":"Covid-19: 1200 i nuovi positivi oggi in Toscana e 11 i decessi"}]},{"@type":"WebSite","@id":"https:\/\/www.intoscana.it\/it\/#website","url":"https:\/\/www.intoscana.it\/it\/","name":"intoscana","description":"","potentialAction":[{"@type":"SearchAction","target":{"@type":"EntryPoint","urlTemplate":"https:\/\/www.intoscana.it\/it\/?s={search_term_string}"},"query-input":{"@type":"PropertyValueSpecification","valueRequired":true,"valueName":"search_term_string"}}],"inLanguage":"it-IT"},{"@type":"Person","@id":"https:\/\/www.intoscana.it\/it\/#\/schema\/person\/9223810753230f20bd670fdd322661f8","name":"Redazione","url":"https:\/\/www.intoscana.it\/it\/author\/redazione\/"}]}},"_links":{"self":[{"href":"https:\/\/www.intoscana.it\/it\/wp-json\/wp\/v2\/posts\/237154","targetHints":{"allow":["GET"]}}],"collection":[{"href":"https:\/\/www.intoscana.it\/it\/wp-json\/wp\/v2\/posts"}],"about":[{"href":"https:\/\/www.intoscana.it\/it\/wp-json\/wp\/v2\/types\/post"}],"author":[{"embeddable":true,"href":"https:\/\/www.intoscana.it\/it\/wp-json\/wp\/v2\/users\/525"}],"replies":[{"embeddable":true,"href":"https:\/\/www.intoscana.it\/it\/wp-json\/wp\/v2\/comments?post=237154"}],"version-history":[{"count":0,"href":"https:\/\/www.intoscana.it\/it\/wp-json\/wp\/v2\/posts\/237154\/revisions"}],"wp:featuredmedia":[{"embeddable":true,"href":"https:\/\/www.intoscana.it\/it\/wp-json\/wp\/v2\/media\/191044"}],"wp:attachment":[{"href":"https:\/\/www.intoscana.it\/it\/wp-json\/wp\/v2\/media?parent=237154"}],"wp:term":[{"taxonomy":"category","embeddable":true,"href":"https:\/\/www.intoscana.it\/it\/wp-json\/wp\/v2\/categories?post=237154"},{"taxonomy":"post_tag","embeddable":true,"href":"https:\/\/www.intoscana.it\/it\/wp-json\/wp\/v2\/tags?post=237154"}],"curies":[{"name":"wp","href":"https:\/\/api.w.org\/{rel}","templated":true}]}}