{"id":237166,"date":"2022-07-11T15:18:14","date_gmt":"2022-07-11T13:18:14","guid":{"rendered":"https:\/\/www.intoscana.it\/it\/?p=237166"},"modified":"2022-07-14T10:13:17","modified_gmt":"2022-07-14T08:13:17","slug":"toscana-digitale-strategie-per-crescere-in-campo-i-facilitatori-dellaccesso-al-web","status":"publish","type":"post","link":"https:\/\/www.intoscana.it\/it\/toscana-digitale-strategie-per-crescere-in-campo-i-facilitatori-dellaccesso-al-web\/","title":{"rendered":"Toscana digitale, strategie per crescere: in campo i &#8220;facilitatori&#8221; dell&#8217;accesso al web"},"content":{"rendered":"<p>Pi\u00f9 connessa, nelle aree remote come in citt\u00e0. Pi\u00f9 <strong>digitalizzata<\/strong>, per dare a tutti la possibilit\u00e0 di accesso alla rete e ai servizi, soprattutto a quelli della pubblica amministrazione. \u00c8 la Toscana di un futuro non troppo lontano. <mark>La Regione mette in campo nuove strategie e strumenti per abbattere il divario e li ha presentati nel corso dell&#8217;incontro a Firenze, al Cinema La Compagnia, dal titolo <a href=\"https:\/\/www.intoscana.it\/it\/articolo\/toscana-digitale-11-luglio-firenze\/\" target=\"_blank\" rel=\"noopener\">&#8220;Toscana digitale: istruzioni per l\u2019uso\u201d<\/a>.<\/mark> Testimonial di eccezione, due personaggi noti: Wikipedro, il giovane influencer di viaggi, e l&#8217;attore <a href=\"https:\/\/www.intoscana.it\/it\/dettaglio-video\/connessi-in-buona-compagnia-con-la-regione-e-paolo-hendel-campagna-per-la-digitalizzazione\/\" target=\"_blank\" rel=\"noopener\">Paolo Hendel<\/a>.<\/p>\n<p>A spiegare la missione il presidente della Regione, <strong>Eugenio Giani<\/strong>. <em>\u201cIl nostro obiettivo \u00e8 quello di sviluppare le competenze digitali e le capacit\u00e0 di utilizzare al meglio la rete da parte di tutti coloro che vivono e lavorano in Toscana. Per farlo i nostri uffici, che ringrazio per l\u2019ottimo lavoro fatto, hanno predisposto le strategie necessarie. <mark>Investiremo per questo una parte significativa delle risorse che ci arriveranno dal Piano nazionale di ripresa e resilienza ed in particolare dal dipartimento per l&#8217;innovazione tecnologica e la transizione digitale che fa capo al ministro Colao. Per ci\u00f2 che ci riguarda vogliamo che nessuno rimanga indietro rispetto alla necessit\u00e0, che tutti abbiamo, di innovarci e connetterci sempre meglio&#8221;.<\/mark><\/em> I destinatari di queste azioni saranno, soprattutto all&#8217;inizio, &#8220;<em>chi ne ha pi\u00f9 necessit\u00e0, cio\u00e8 dagli anziani e dai soggetti fragili, ma anche dalle donne, che i dati ci dicono essere meno formate degli uomini, senza dimenticare, artigiani, imprese, commercianti e numerose altre categorie\u201d<\/em>, conclude Giani.<\/p>\n<h3><em>Toscani e web: circa l&#8217;80 per cento \u00e8 connesso, ma solo il 31,7% interagisce online con la pubblica amministrazione<\/em><\/h3>\n<p>Strumenti diffusi, trasversali, in grado dicoinvolgere attivamente chi non sa usare il pc o chi \u00e8 poco avezzo alle tecnologie. Guardando i numeri, <mark>l&#8217;Italia resta il fanalino di coda per quel che riguarda la digitalizzazione e il web, ancora meno se si pensa all&#8217;interazione online con la pubblica amministrazione.<\/mark><\/p>\n<p>Secondo l\u2019Ict (l\u2019indice che riguarda le tecnologie informatiche e della comunicazione) in Toscana il 77,4% delle famiglie dichiara di possedere un accesso a internet, a fronte di un 76,1% a livello nazionale. La scelta delle famiglie toscane di non dotarsi di una connessione internet domestica dipende nel 51,2% dei casi dall\u2019incapacit\u00e0 di utilizzarlo e nel 33,3% dall\u2019idea che internet non sia un mezzo utile o interessante. Solo il 57,8% dei singoli cittadini toscani utilizza un pc e solo il 73,7% dei cittadini toscani con pi\u00f9 di sei anni utilizza internet. Tra questi ultimi, l\u201987,7% dei cittadini toscani sopra i 14 anni ha utilizzato internet per servizi di messaggeria istantanea e il 63% per effettuare chiamate o videochiamate.<\/p>\n<p>Il dialogo\u00a0 online con la Pubblica amministrazione, per\u00f2, si limita a una percentuale del 31,7%, bench\u00e9 sia solo il 38% della popolazione con pi\u00f9 di 14 anni a non aver mai utilizzato la rete per l\u2019acquisto di beni e servizi da privati.<\/p>\n<h3><em>I facilitatori digitali: un aiuto a chi ha pi\u00f9 difficolt\u00e0 con la rete<\/em><\/h3>\n<p>Il consolidamento della \u201cToscana digitale\u201d passa attravreso una nuova figura,\u00a0 quella del facilitatore: un nuovo profilo professionale accreditato da corsi di formazioni che inizieranno a novembre. L&#8217;obiettivo \u00e8 creare esperti in grado di alfabetizzare all&#8217;informatica diversi e numerosi soggetti. I facilitatori saranno di due tipologie: i professionisti e i volontari. I primi faranno capo agli sportelli aperti al pubblico, i secondi alle associazioni del terzo settore.<\/p>\n<p>Sar\u00e0 un percorso condiviso, spiega l&#8217;assessore regionale alla digitalizzazione, <strong>Stefano Ciuoffo<\/strong>: <em>\u201cPer raggiungere questo importante obiettivo <mark>coinvolgeremo le Amministrazioni pubbliche, le associazioni di categoria, il terzo settore, i sindacati, gli sportelli per la tutela del consumatore, le organizzazioni rappresentative degli enti locali, oltre, naturalmente alla rete dei Paas, i Punti di accesso assistito ai servizi, avviata alcuni anni fa dalla Regione.<\/mark> Come indicano i dati Desi, l&#8217;indice dell&#8217;economia e della societ\u00e0 digitale, nei rapporti sull\u2019Italia e le sue Regioni, dobbiamo tutti recuperare il divario che ci separa con gli altri Paesi europei in materia di alfabetizzazione digitale. La Toscana avvier\u00e0 il suo percorso attraverso i centri di facilitazione digitale, con l\u2019obiettivo di ridurre le disuguaglianze generazionali che oggi esistono nel rapporto con le piattaforme digitali. Quella di oggi \u00e8 la prima tappa di questo cammino&#8221;.<\/em><\/p>\n<p>La seconda sar\u00e0 a <mark>ottobre, a Pisa,\u00a0 all&#8217;<strong>Internet Festival<\/strong> organizzato dalla Fondazione Sistema Toscana, \u00e8 <em>&#8220;rappresenter\u00e0 l\u2019occasione per approfondire questi temi e condividere ancor pi\u00f9 compiutamente le nostre strategie\u201d<\/em>, conclude Ciuoffo.<\/mark><\/p>\n<h3><em>Paolo Hendel: &#8220;Noi anziani dobbiamo imparare ad usare i servizi online&#8221;<\/em><\/h3>\n<p style=\"text-align: center;\"><iframe loading=\"lazy\" title=\"Hendel: Noi \" src=\"https:\/\/www.youtube.com\/embed\/w3ZBwE6ZVe0\" width=\"800\" height=\"400\" frameborder=\"0\" allowfullscreen=\"allowfullscreen\"><span data-mce-type=\"bookmark\" style=\"display: inline-block; width: 0px; overflow: hidden; line-height: 0;\" class=\"mce_SELRES_start\">\ufeff<\/span><\/iframe><\/p>\n<h3><em>Rivedi l&#8217;evento<\/em><\/h3>\n<p style=\"text-align: center;\"><iframe loading=\"lazy\" title=\"Toscana digitale, istruzioni per l'uso\" src=\"https:\/\/www.youtube.com\/embed\/U33WQF6NQKM\" width=\"800\" height=\"400\" frameborder=\"0\" allowfullscreen=\"allowfullscreen\"><\/iframe><\/p>\n<h3><em>Il piano regionale per le competenze digitali<\/em><\/h3>\n<p style=\"text-align: center;\"><iframe loading=\"lazy\" title=\"L'impegno di Regione Toscana per le competenze digitali. Intervista a Gianluca Vannuccini\" src=\"https:\/\/www.youtube.com\/embed\/7wQeBTCr88E\" width=\"800\" height=\"400\" frameborder=\"0\" allowfullscreen=\"allowfullscreen\"><span data-mce-type=\"bookmark\" style=\"display: inline-block; width: 0px; overflow: hidden; line-height: 0;\" class=\"mce_SELRES_start\">\ufeff<\/span><\/iframe><\/p>\n<p>&nbsp;<\/p>\n","protected":false},"excerpt":{"rendered":"<p>L&#8217;obiettivo \u00e8 aiutare chi ha pi\u00f9 difficolt\u00e0, quindi gli anziani e le imprese. Giani: &#8220;Investiremo fondi dal Pnrr per sviluppare al meglio le competenze digitali di chi vive e lavora qui&#8221;<\/p>\n","protected":false},"author":545,"featured_media":144003,"comment_status":"open","ping_status":"open","sticky":false,"template":"","format":"standard","meta":{"_acf_changed":false,"footnotes":""},"categories":[475],"tags":[4568,158,5145,1639],"class_list":["post-237166","post","type-post","status-publish","format-standard","has-post-thumbnail","hentry","category-innovazione","tag-digitale","tag-eugenio-giani","tag-stefano-ciuoffo","tag-toscana-digitale"],"acf":[],"yoast_head":"<!-- This site is optimized with the Yoast SEO Premium plugin v24.2 (Yoast SEO v25.6) - https:\/\/yoast.com\/wordpress\/plugins\/seo\/ -->\n<title>Toscana digitale, strategie per crescere: in campo i &quot;facilitatori&quot; dell&#039;accesso al web - intoscana<\/title>\n<meta name=\"description\" content=\"L&#039;obiettivo \u00e8 aiutare chi ha pi\u00f9 difficolt\u00e0, quindi gli anziani e le imprese. Giani: &quot;Investireno fondi dal Pnrr per sviluppare al meglio le competenze digitali di chi vive e lavora qui&quot;\" \/>\n<meta name=\"robots\" content=\"index, follow, max-snippet:-1, max-image-preview:large, max-video-preview:-1\" \/>\n<link rel=\"canonical\" href=\"https:\/\/www.intoscana.it\/it\/toscana-digitale-strategie-per-crescere-in-campo-i-facilitatori-dellaccesso-al-web\/\" \/>\n<meta property=\"og:locale\" content=\"it_IT\" \/>\n<meta property=\"og:type\" content=\"article\" \/>\n<meta property=\"og:title\" content=\"Toscana digitale, strategie per crescere: in campo i &quot;facilitatori&quot; dell&#039;accesso al web\" \/>\n<meta property=\"og:description\" content=\"L&#039;obiettivo \u00e8 aiutare chi ha pi\u00f9 difficolt\u00e0, quindi gli anziani e le imprese. Giani: &quot;Investireno fondi dal Pnrr per sviluppare al meglio le competenze digitali di chi vive e lavora qui&quot;\" \/>\n<meta property=\"og:url\" content=\"https:\/\/www.intoscana.it\/it\/toscana-digitale-strategie-per-crescere-in-campo-i-facilitatori-dellaccesso-al-web\/\" \/>\n<meta property=\"og:site_name\" content=\"intoscana\" \/>\n<meta property=\"article:publisher\" content=\"https:\/\/www.facebook.com\/intoscana.it\" \/>\n<meta property=\"article:published_time\" content=\"2022-07-11T13:18:14+00:00\" \/>\n<meta property=\"article:modified_time\" content=\"2022-07-14T08:13:17+00:00\" \/>\n<meta property=\"og:image\" content=\"https:\/\/www.intoscana.it\/wp-content\/uploads\/digitale-28.jpg\" \/>\n\t<meta property=\"og:image:width\" content=\"2000\" \/>\n\t<meta property=\"og:image:height\" content=\"1333\" \/>\n\t<meta property=\"og:image:type\" content=\"image\/jpeg\" \/>\n<meta name=\"author\" content=\"Clara D&#039;Acunto\" \/>\n<meta name=\"twitter:card\" content=\"summary_large_image\" \/>\n<meta name=\"twitter:creator\" content=\"@intoscana\" \/>\n<meta name=\"twitter:site\" content=\"@intoscana\" \/>\n<meta name=\"twitter:label1\" content=\"Written by\" \/>\n\t<meta name=\"twitter:data1\" content=\"Clara D&#039;Acunto\" \/>\n\t<meta name=\"twitter:label2\" content=\"Est. reading time\" \/>\n\t<meta name=\"twitter:data2\" content=\"4 minuti\" \/>\n<script type=\"application\/ld+json\" class=\"yoast-schema-graph\">{\"@context\":\"https:\/\/schema.org\",\"@graph\":[{\"@type\":\"WebPage\",\"@id\":\"https:\/\/www.intoscana.it\/it\/toscana-digitale-strategie-per-crescere-in-campo-i-facilitatori-dellaccesso-al-web\/\",\"url\":\"https:\/\/www.intoscana.it\/it\/toscana-digitale-strategie-per-crescere-in-campo-i-facilitatori-dellaccesso-al-web\/\",\"name\":\"Toscana digitale, strategie per crescere: in campo i \\\"facilitatori\\\" dell'accesso al web - intoscana\",\"isPartOf\":{\"@id\":\"https:\/\/www.intoscana.it\/it\/#website\"},\"primaryImageOfPage\":{\"@id\":\"https:\/\/www.intoscana.it\/it\/toscana-digitale-strategie-per-crescere-in-campo-i-facilitatori-dellaccesso-al-web\/#primaryimage\"},\"image\":{\"@id\":\"https:\/\/www.intoscana.it\/it\/toscana-digitale-strategie-per-crescere-in-campo-i-facilitatori-dellaccesso-al-web\/#primaryimage\"},\"thumbnailUrl\":\"https:\/\/www.intoscana.it\/wp-content\/uploads\/digitale-28.jpg\",\"datePublished\":\"2022-07-11T13:18:14+00:00\",\"dateModified\":\"2022-07-14T08:13:17+00:00\",\"author\":{\"@id\":\"https:\/\/www.intoscana.it\/it\/#\/schema\/person\/137419af9ef5d385bde52864a841e6ce\"},\"description\":\"L'obiettivo \u00e8 aiutare chi ha pi\u00f9 difficolt\u00e0, quindi gli anziani e le imprese. Giani: \\\"Investireno fondi dal Pnrr per sviluppare al meglio le competenze digitali di chi vive e lavora qui\\\"\",\"breadcrumb\":{\"@id\":\"https:\/\/www.intoscana.it\/it\/toscana-digitale-strategie-per-crescere-in-campo-i-facilitatori-dellaccesso-al-web\/#breadcrumb\"},\"inLanguage\":\"it-IT\",\"potentialAction\":[{\"@type\":\"ReadAction\",\"target\":[\"https:\/\/www.intoscana.it\/it\/toscana-digitale-strategie-per-crescere-in-campo-i-facilitatori-dellaccesso-al-web\/\"]}]},{\"@type\":\"ImageObject\",\"inLanguage\":\"it-IT\",\"@id\":\"https:\/\/www.intoscana.it\/it\/toscana-digitale-strategie-per-crescere-in-campo-i-facilitatori-dellaccesso-al-web\/#primaryimage\",\"url\":\"https:\/\/www.intoscana.it\/wp-content\/uploads\/digitale-28.jpg\",\"contentUrl\":\"https:\/\/www.intoscana.it\/wp-content\/uploads\/digitale-28.jpg\",\"width\":2000,\"height\":1333,\"caption\":\"Competenze digitali\"},{\"@type\":\"BreadcrumbList\",\"@id\":\"https:\/\/www.intoscana.it\/it\/toscana-digitale-strategie-per-crescere-in-campo-i-facilitatori-dellaccesso-al-web\/#breadcrumb\",\"itemListElement\":[{\"@type\":\"ListItem\",\"position\":1,\"name\":\"Home\",\"item\":\"https:\/\/www.intoscana.it\/it\/\"},{\"@type\":\"ListItem\",\"position\":2,\"name\":\"Toscana digitale, strategie per crescere: in campo i &#8220;facilitatori&#8221; dell&#8217;accesso al web\"}]},{\"@type\":\"WebSite\",\"@id\":\"https:\/\/www.intoscana.it\/it\/#website\",\"url\":\"https:\/\/www.intoscana.it\/it\/\",\"name\":\"intoscana\",\"description\":\"\",\"potentialAction\":[{\"@type\":\"SearchAction\",\"target\":{\"@type\":\"EntryPoint\",\"urlTemplate\":\"https:\/\/www.intoscana.it\/it\/?s={search_term_string}\"},\"query-input\":{\"@type\":\"PropertyValueSpecification\",\"valueRequired\":true,\"valueName\":\"search_term_string\"}}],\"inLanguage\":\"it-IT\"},{\"@type\":\"Person\",\"@id\":\"https:\/\/www.intoscana.it\/it\/#\/schema\/person\/137419af9ef5d385bde52864a841e6ce\",\"name\":\"Clara D'Acunto\",\"url\":\"https:\/\/www.intoscana.it\/it\/author\/clara-d_acunto\/\"}]}<\/script>\n<!-- \/ Yoast SEO Premium plugin. -->","yoast_head_json":{"title":"Toscana digitale, strategie per crescere: in campo i \"facilitatori\" dell'accesso al web - intoscana","description":"L'obiettivo \u00e8 aiutare chi ha pi\u00f9 difficolt\u00e0, quindi gli anziani e le imprese. Giani: \"Investireno fondi dal Pnrr per sviluppare al meglio le competenze digitali di chi vive e lavora qui\"","robots":{"index":"index","follow":"follow","max-snippet":"max-snippet:-1","max-image-preview":"max-image-preview:large","max-video-preview":"max-video-preview:-1"},"canonical":"https:\/\/www.intoscana.it\/it\/toscana-digitale-strategie-per-crescere-in-campo-i-facilitatori-dellaccesso-al-web\/","og_locale":"it_IT","og_type":"article","og_title":"Toscana digitale, strategie per crescere: in campo i \"facilitatori\" dell'accesso al web","og_description":"L'obiettivo \u00e8 aiutare chi ha pi\u00f9 difficolt\u00e0, quindi gli anziani e le imprese. Giani: \"Investireno fondi dal Pnrr per sviluppare al meglio le competenze digitali di chi vive e lavora qui\"","og_url":"https:\/\/www.intoscana.it\/it\/toscana-digitale-strategie-per-crescere-in-campo-i-facilitatori-dellaccesso-al-web\/","og_site_name":"intoscana","article_publisher":"https:\/\/www.facebook.com\/intoscana.it","article_published_time":"2022-07-11T13:18:14+00:00","article_modified_time":"2022-07-14T08:13:17+00:00","og_image":[{"width":2000,"height":1333,"url":"https:\/\/www.intoscana.it\/wp-content\/uploads\/digitale-28.jpg","type":"image\/jpeg"}],"author":"Clara D'Acunto","twitter_card":"summary_large_image","twitter_creator":"@intoscana","twitter_site":"@intoscana","twitter_misc":{"Written by":"Clara D'Acunto","Est. reading time":"4 minuti"},"schema":{"@context":"https:\/\/schema.org","@graph":[{"@type":"WebPage","@id":"https:\/\/www.intoscana.it\/it\/toscana-digitale-strategie-per-crescere-in-campo-i-facilitatori-dellaccesso-al-web\/","url":"https:\/\/www.intoscana.it\/it\/toscana-digitale-strategie-per-crescere-in-campo-i-facilitatori-dellaccesso-al-web\/","name":"Toscana digitale, strategie per crescere: in campo i \"facilitatori\" dell'accesso al web - intoscana","isPartOf":{"@id":"https:\/\/www.intoscana.it\/it\/#website"},"primaryImageOfPage":{"@id":"https:\/\/www.intoscana.it\/it\/toscana-digitale-strategie-per-crescere-in-campo-i-facilitatori-dellaccesso-al-web\/#primaryimage"},"image":{"@id":"https:\/\/www.intoscana.it\/it\/toscana-digitale-strategie-per-crescere-in-campo-i-facilitatori-dellaccesso-al-web\/#primaryimage"},"thumbnailUrl":"https:\/\/www.intoscana.it\/wp-content\/uploads\/digitale-28.jpg","datePublished":"2022-07-11T13:18:14+00:00","dateModified":"2022-07-14T08:13:17+00:00","author":{"@id":"https:\/\/www.intoscana.it\/it\/#\/schema\/person\/137419af9ef5d385bde52864a841e6ce"},"description":"L'obiettivo \u00e8 aiutare chi ha pi\u00f9 difficolt\u00e0, quindi gli anziani e le imprese. Giani: \"Investireno fondi dal Pnrr per sviluppare al meglio le competenze digitali di chi vive e lavora qui\"","breadcrumb":{"@id":"https:\/\/www.intoscana.it\/it\/toscana-digitale-strategie-per-crescere-in-campo-i-facilitatori-dellaccesso-al-web\/#breadcrumb"},"inLanguage":"it-IT","potentialAction":[{"@type":"ReadAction","target":["https:\/\/www.intoscana.it\/it\/toscana-digitale-strategie-per-crescere-in-campo-i-facilitatori-dellaccesso-al-web\/"]}]},{"@type":"ImageObject","inLanguage":"it-IT","@id":"https:\/\/www.intoscana.it\/it\/toscana-digitale-strategie-per-crescere-in-campo-i-facilitatori-dellaccesso-al-web\/#primaryimage","url":"https:\/\/www.intoscana.it\/wp-content\/uploads\/digitale-28.jpg","contentUrl":"https:\/\/www.intoscana.it\/wp-content\/uploads\/digitale-28.jpg","width":2000,"height":1333,"caption":"Competenze digitali"},{"@type":"BreadcrumbList","@id":"https:\/\/www.intoscana.it\/it\/toscana-digitale-strategie-per-crescere-in-campo-i-facilitatori-dellaccesso-al-web\/#breadcrumb","itemListElement":[{"@type":"ListItem","position":1,"name":"Home","item":"https:\/\/www.intoscana.it\/it\/"},{"@type":"ListItem","position":2,"name":"Toscana digitale, strategie per crescere: in campo i &#8220;facilitatori&#8221; dell&#8217;accesso al web"}]},{"@type":"WebSite","@id":"https:\/\/www.intoscana.it\/it\/#website","url":"https:\/\/www.intoscana.it\/it\/","name":"intoscana","description":"","potentialAction":[{"@type":"SearchAction","target":{"@type":"EntryPoint","urlTemplate":"https:\/\/www.intoscana.it\/it\/?s={search_term_string}"},"query-input":{"@type":"PropertyValueSpecification","valueRequired":true,"valueName":"search_term_string"}}],"inLanguage":"it-IT"},{"@type":"Person","@id":"https:\/\/www.intoscana.it\/it\/#\/schema\/person\/137419af9ef5d385bde52864a841e6ce","name":"Clara D'Acunto","url":"https:\/\/www.intoscana.it\/it\/author\/clara-d_acunto\/"}]}},"_links":{"self":[{"href":"https:\/\/www.intoscana.it\/it\/wp-json\/wp\/v2\/posts\/237166","targetHints":{"allow":["GET"]}}],"collection":[{"href":"https:\/\/www.intoscana.it\/it\/wp-json\/wp\/v2\/posts"}],"about":[{"href":"https:\/\/www.intoscana.it\/it\/wp-json\/wp\/v2\/types\/post"}],"author":[{"embeddable":true,"href":"https:\/\/www.intoscana.it\/it\/wp-json\/wp\/v2\/users\/545"}],"replies":[{"embeddable":true,"href":"https:\/\/www.intoscana.it\/it\/wp-json\/wp\/v2\/comments?post=237166"}],"version-history":[{"count":0,"href":"https:\/\/www.intoscana.it\/it\/wp-json\/wp\/v2\/posts\/237166\/revisions"}],"wp:featuredmedia":[{"embeddable":true,"href":"https:\/\/www.intoscana.it\/it\/wp-json\/wp\/v2\/media\/144003"}],"wp:attachment":[{"href":"https:\/\/www.intoscana.it\/it\/wp-json\/wp\/v2\/media?parent=237166"}],"wp:term":[{"taxonomy":"category","embeddable":true,"href":"https:\/\/www.intoscana.it\/it\/wp-json\/wp\/v2\/categories?post=237166"},{"taxonomy":"post_tag","embeddable":true,"href":"https:\/\/www.intoscana.it\/it\/wp-json\/wp\/v2\/tags?post=237166"}],"curies":[{"name":"wp","href":"https:\/\/api.w.org\/{rel}","templated":true}]}}