{"id":237204,"date":"2022-07-11T16:46:08","date_gmt":"2022-07-11T14:46:08","guid":{"rendered":"https:\/\/www.intoscana.it\/it\/?p=237204"},"modified":"2022-07-14T10:14:10","modified_gmt":"2022-07-14T08:14:10","slug":"economia-turismo-sanita-e-formazione-la-toscana-del-futuro-e-sempre-piu-digitale","status":"publish","type":"post","link":"https:\/\/www.intoscana.it\/it\/economia-turismo-sanita-e-formazione-la-toscana-del-futuro-e-sempre-piu-digitale\/","title":{"rendered":"Economia, turismo, sanit\u00e0 e formazione: la Toscana \u00e8 sempre pi\u00f9 digitale"},"content":{"rendered":"<p>Progetti che scivolano su binari diversi &#8211; per settore e destinatari &#8211; ma che hanno un unico obiettivo: rendere la Toscana pi\u00f9 digitale e connessa. Per farlo la Regione ha messo in campo strategie precise, presentate nell&#8217;incontro <strong><a href=\"https:\/\/www.intoscana.it\/it\/articolo\/toscana-digitale-strategie-per-crescere-in-campo-i-facilitatori-dellaccesso-al-web\/\" target=\"_blank\" rel=\"noopener\">&#8220;Toscana digitale&#8221;<\/a><\/strong> al cinema La Compagnia di Firenze. <mark>Oltre all&#8217;alfabetizzazione e all&#8217;ambiziosa missione, attraverso i facilitatori, di accrescere le competenze digitali di anziani e fragili, l&#8217;azione si sposta su economia e turismo, poi sanit\u00e0, lavoro e formazione.<\/mark><\/p>\n<h3><em>La sanit\u00e0: dall&#8217;App Toscana Salute alla telemedicina<\/em><\/h3>\n<p>Le competenze digitali in sanit\u00e0 sono fondamentali e necessarie, lo abbiamo capito bene nel corso della pandemia. I vantaggi della telemedicina aprono strade nuove alle cure, come le televisite tra medico e paziente\u00a0 o il teleconsulto tra professionisti. Ma non solo. <em>&#8220;Le opportunit\u00e0 sono tante sia per i cittadini che per gli operatori sanitari&#8221;<\/em>, spiega l\u2019assessore regionale al diritto alla salute<strong> Simone Bezzini<\/strong>.<\/p>\n<p>Il covid e le nuove necessit\u00e0 hanno provocato una forte accelerazione del processo di digitalizzazione del sistema sanitario, basta guardare i numeri: <mark>l\u2019utilizzo di massa dei portali regionali per prenotare tamponi e vaccini, i 15 milioni di accessi al sito referti Covid, le 100mila televisite nel 2020 e altrettante nel 2021, l\u2019<a href=\"https:\/\/www.intoscana.it\/it\/podcast\/toscana-salute-ecco-i-nuovi-servizi\/\" target=\"_blank\" rel=\"noopener\">app Toscana Salute<\/a> scaricata\u00a0 da oltre un milione di cittadini.<\/mark> <em>&#8220;Ma queste opportunit\u00e0 devono essere semplici e accessibili a chiunque, a partire dai pi\u00f9 anziani e fragili, superando il divario digitale e non lasciando indietro nessuno. Per questo abbiamo dato vita a progetti di inclusione digitale coi sindacati dei pensionati, Anci, Botteghe della Salute e altre associazioni. Anche perch\u00e9 la telemedicina guarda soprattutto ad anziani, fragili e malati cronici, che possono cos\u00ec essere seguiti ancora di pi\u00f9 in modo continuativo e a domicilio. \u00c8 questa una delle sfide della nuova medicina di prossimit\u00e0, tra Pnrr e DM77, sulla quale la Toscana ha scelto di puntare fin da subito, tra territorio e innovazione. La sanit\u00e0 digitale a portata di tutti\u201d, <\/em>conclude l&#8217;assessore Bezzini.<\/p>\n<h3><em>Economia e turismo: investimenti e strumenti condivisi per crescere<\/em><\/h3>\n<p>L\u2019economia digitale diventer\u00e0 fulcro di una serie di politiche di sviluppo regionale. <em>\u201cManifattura avanzata, turismo e commercio sono materie il cui sviluppo si lega inesorabilmente al digitale&#8221;, <\/em>\u00a0spiega\u00a0 l\u2019assessore regionale all\u2019economia e al turismo, <strong>Leonardo Marras<\/strong>.<\/p>\n<p>Fondamentali saranno quindi le politiche regionali <em>&#8220;sia per sostenere gli investimenti in strumenti tecnologici digitali, sia, e forse ancor di pi\u00f9, per sviluppare le competenze di chi deve utilizzare gli strumenti stessi&#8221;<\/em>. Gli obiettivi sono: <mark>&#8220;I<em>ncentivare il trasferimento di sapere digitale dalle scuole e dal mondo accademico e della ricerca al tessuto produttivo; implementare l\u2019ecosistema turistico digitale con strumenti che consentano di avere a disposizione i dati e sfruttare le potenzialit\u00e0 delle rete; sviluppare un sistema di supporto per le piccole e piccolissime realt\u00e0 del commercio e dell\u2019artigianato di prossimit\u00e0&#8221;<\/mark>, <\/em>spiega ancora l&#8217;assessore Marras.<\/p>\n<p>Sul fronte turismo, i social sono uno strumento di promozione e valorizzazione fondamentale, come spiega l&#8217;influencer <strong>Wikipedro<\/strong>.<\/p>\n<p style=\"text-align: center;\"><iframe loading=\"lazy\" title=\"Competenze digitali per il turismo: intervista a Wikipedro\" src=\"https:\/\/www.youtube.com\/embed\/XRcRQ9nozBI\" width=\"800\" height=\"400\" frameborder=\"0\" allowfullscreen=\"allowfullscreen\"><span data-mce-type=\"bookmark\" style=\"display: inline-block; width: 0px; overflow: hidden; line-height: 0;\" class=\"mce_SELRES_start\">\ufeff<\/span><\/iframe><\/p>\n<h3><em>Lavoro e formazione: dal patentino digitale al web learnig<\/em><\/h3>\n<p>La transizione digitale non pu\u00f2 prescindere dalla <strong>formazione<\/strong>. La Regione Toscana ha messo in campo strumenti e progetti per ampliare le competenze di giovani e lavoratori.\u00a0 <em>&#8220;In questi anni ci siamo impegnati nel formare ragazze e ragazzi, cos\u00ec come i docenti, rispetto all&#8217;utilizzo consapevole dei nuovi strumenti tecnologici e digitali e all&#8217;accesso sicuro alla rete, attraverso il progetto del Patentino Digitale. <mark>Anche sul fronte universitario, alta formazione e ricerca, abbiamo messo in campo misure come il bando a supporto della didattica a distanza durante l&#8217;emergenza\u00a0 i bandi assegni di ricerca e i dottorati di ricerca pegaso per i quali circa il 57% del totale delle borse finanziate sono riconducibili a tematiche afferenti alle competenze digitali&#8221;<\/mark><\/em>, ha detto l\u2019assessora all\u2019istruzione, lavoro e formazione <strong>Alessandra Nardini<\/strong>. Ma non solo, la Regione mette a disposizione di tutti, in forma\u00a0 gratuita, prodotti e servizi formativi su argomenti trasversali o specialistici attraverso il sistema di <strong>web learning Trio<\/strong>.<\/p>\n<p>E poi il <strong>lavoro<\/strong>, su cui un ruolo fondamentale lo svolgono i servizi di prossimit\u00e0 come i centri per l&#8217;impiego. &#8220;<em>ma a questa abbiamo aggiunto un&#8217;offerta di servizi in forma digitale. Rientra in questa strategia il portale <strong>Toscana Lavoro<\/strong> promosso, realizzato e sviluppato da Regione e Arti: un vero e proprio centro per l&#8217;impiego online nato per rendere pi\u00f9 semplice l&#8217;incontro tra chi offre e chi cerca lavoro, cui si sono gi\u00e0 registrati 106223 utenti, 12281 aziende, 97 Agenzie per il Lavoro, per 1985 offerte di lavoro attualmente disponibili. Con l&#8217;esplodere della pandemia i centri per l&#8217;impiego si sono dotati di un servizio di facilitazione digitale per supportare imprese, cittadine e cittadini nella fruizione dei servizi a distanza. Da oggi questo servizio \u00e8 attivo anche sul portale Toscana Lavoro&#8221;,<\/em> conclude l&#8217;assessora.<\/p>\n<h3><em>&#8220;Il digitale \u00e8 fondamentale per la crescita dei territori&#8221;<\/em><\/h3>\n<p style=\"text-align: center;\"><iframe loading=\"lazy\" title=\"Francesco Di Costanzo: \" src=\"https:\/\/www.youtube.com\/embed\/KGwh_L7Q7Aw\" width=\"800\" height=\"400\" frameborder=\"0\" allowfullscreen=\"allowfullscreen\"><span data-mce-type=\"bookmark\" style=\"display: inline-block; width: 0px; overflow: hidden; line-height: 0;\" class=\"mce_SELRES_start\">\ufeff<\/span><\/iframe><\/p>\n","protected":false},"excerpt":{"rendered":"<p>Progetti in ogni settore, per accrescere le competenze e sostenere lo sviluppo del territorio. Il punto con gli assessori Bezzini, Marras e Nardini<\/p>\n","protected":false},"author":545,"featured_media":104059,"comment_status":"open","ping_status":"open","sticky":false,"template":"","format":"standard","meta":{"_acf_changed":false,"footnotes":""},"categories":[475],"tags":[6226,4568,5008,4883,1639],"class_list":["post-237204","post","type-post","status-publish","format-standard","has-post-thumbnail","hentry","category-innovazione","tag-alessandra-nardini","tag-digitale","tag-leonardo-marras","tag-simone-bezzini","tag-toscana-digitale"],"acf":[],"yoast_head":"<!-- This site is optimized with the Yoast SEO Premium plugin v24.2 (Yoast SEO v25.6) - https:\/\/yoast.com\/wordpress\/plugins\/seo\/ -->\n<title>Economia, turismo, sanit\u00e0 e formazione: la Toscana \u00e8 sempre pi\u00f9 digitale - intoscana<\/title>\n<meta name=\"description\" content=\"Progetti in ogni settore, per accrescere le competenze e sostenere lo sviluppo del territorio. Il punto con gli assessore Bezzini, Marras e Nardini\" \/>\n<meta name=\"robots\" content=\"index, follow, max-snippet:-1, max-image-preview:large, max-video-preview:-1\" \/>\n<link rel=\"canonical\" href=\"https:\/\/www.intoscana.it\/it\/economia-turismo-sanita-e-formazione-la-toscana-del-futuro-e-sempre-piu-digitale\/\" \/>\n<meta property=\"og:locale\" content=\"it_IT\" \/>\n<meta property=\"og:type\" content=\"article\" \/>\n<meta property=\"og:title\" content=\"Economia, turismo, sanit\u00e0 e formazione: la Toscana \u00e8 sempre pi\u00f9 digitale\" \/>\n<meta property=\"og:description\" content=\"Progetti in ogni settore, per accrescere le competenze e sostenere lo sviluppo del territorio. Il punto con gli assessore Bezzini, Marras e Nardini\" \/>\n<meta property=\"og:url\" content=\"https:\/\/www.intoscana.it\/it\/economia-turismo-sanita-e-formazione-la-toscana-del-futuro-e-sempre-piu-digitale\/\" \/>\n<meta property=\"og:site_name\" content=\"intoscana\" \/>\n<meta property=\"article:publisher\" content=\"https:\/\/www.facebook.com\/intoscana.it\" \/>\n<meta property=\"article:published_time\" content=\"2022-07-11T14:46:08+00:00\" \/>\n<meta property=\"article:modified_time\" content=\"2022-07-14T08:14:10+00:00\" \/>\n<meta property=\"og:image\" content=\"https:\/\/www.intoscana.it\/wp-content\/uploads\/iphone-500291_960_720-1.jpg\" \/>\n\t<meta property=\"og:image:width\" content=\"960\" \/>\n\t<meta property=\"og:image:height\" content=\"640\" \/>\n\t<meta property=\"og:image:type\" content=\"image\/jpeg\" \/>\n<meta name=\"author\" content=\"Clara D&#039;Acunto\" \/>\n<meta name=\"twitter:card\" content=\"summary_large_image\" \/>\n<meta name=\"twitter:creator\" content=\"@intoscana\" \/>\n<meta name=\"twitter:site\" content=\"@intoscana\" \/>\n<meta name=\"twitter:label1\" content=\"Written by\" \/>\n\t<meta name=\"twitter:data1\" content=\"Clara D&#039;Acunto\" \/>\n\t<meta name=\"twitter:label2\" content=\"Est. reading time\" \/>\n\t<meta name=\"twitter:data2\" content=\"4 minuti\" \/>\n<script type=\"application\/ld+json\" class=\"yoast-schema-graph\">{\"@context\":\"https:\/\/schema.org\",\"@graph\":[{\"@type\":\"WebPage\",\"@id\":\"https:\/\/www.intoscana.it\/it\/economia-turismo-sanita-e-formazione-la-toscana-del-futuro-e-sempre-piu-digitale\/\",\"url\":\"https:\/\/www.intoscana.it\/it\/economia-turismo-sanita-e-formazione-la-toscana-del-futuro-e-sempre-piu-digitale\/\",\"name\":\"Economia, turismo, sanit\u00e0 e formazione: la Toscana \u00e8 sempre pi\u00f9 digitale - intoscana\",\"isPartOf\":{\"@id\":\"https:\/\/www.intoscana.it\/it\/#website\"},\"primaryImageOfPage\":{\"@id\":\"https:\/\/www.intoscana.it\/it\/economia-turismo-sanita-e-formazione-la-toscana-del-futuro-e-sempre-piu-digitale\/#primaryimage\"},\"image\":{\"@id\":\"https:\/\/www.intoscana.it\/it\/economia-turismo-sanita-e-formazione-la-toscana-del-futuro-e-sempre-piu-digitale\/#primaryimage\"},\"thumbnailUrl\":\"https:\/\/www.intoscana.it\/wp-content\/uploads\/iphone-500291_960_720-1.jpg\",\"datePublished\":\"2022-07-11T14:46:08+00:00\",\"dateModified\":\"2022-07-14T08:14:10+00:00\",\"author\":{\"@id\":\"https:\/\/www.intoscana.it\/it\/#\/schema\/person\/137419af9ef5d385bde52864a841e6ce\"},\"description\":\"Progetti in ogni settore, per accrescere le competenze e sostenere lo sviluppo del territorio. Il punto con gli assessore Bezzini, Marras e Nardini\",\"breadcrumb\":{\"@id\":\"https:\/\/www.intoscana.it\/it\/economia-turismo-sanita-e-formazione-la-toscana-del-futuro-e-sempre-piu-digitale\/#breadcrumb\"},\"inLanguage\":\"it-IT\",\"potentialAction\":[{\"@type\":\"ReadAction\",\"target\":[\"https:\/\/www.intoscana.it\/it\/economia-turismo-sanita-e-formazione-la-toscana-del-futuro-e-sempre-piu-digitale\/\"]}]},{\"@type\":\"ImageObject\",\"inLanguage\":\"it-IT\",\"@id\":\"https:\/\/www.intoscana.it\/it\/economia-turismo-sanita-e-formazione-la-toscana-del-futuro-e-sempre-piu-digitale\/#primaryimage\",\"url\":\"https:\/\/www.intoscana.it\/wp-content\/uploads\/iphone-500291_960_720-1.jpg\",\"contentUrl\":\"https:\/\/www.intoscana.it\/wp-content\/uploads\/iphone-500291_960_720-1.jpg\",\"width\":960,\"height\":640,\"caption\":\"Turismo digitale\"},{\"@type\":\"BreadcrumbList\",\"@id\":\"https:\/\/www.intoscana.it\/it\/economia-turismo-sanita-e-formazione-la-toscana-del-futuro-e-sempre-piu-digitale\/#breadcrumb\",\"itemListElement\":[{\"@type\":\"ListItem\",\"position\":1,\"name\":\"Home\",\"item\":\"https:\/\/www.intoscana.it\/it\/\"},{\"@type\":\"ListItem\",\"position\":2,\"name\":\"Economia, turismo, sanit\u00e0 e formazione: la Toscana \u00e8 sempre pi\u00f9 digitale\"}]},{\"@type\":\"WebSite\",\"@id\":\"https:\/\/www.intoscana.it\/it\/#website\",\"url\":\"https:\/\/www.intoscana.it\/it\/\",\"name\":\"intoscana\",\"description\":\"\",\"potentialAction\":[{\"@type\":\"SearchAction\",\"target\":{\"@type\":\"EntryPoint\",\"urlTemplate\":\"https:\/\/www.intoscana.it\/it\/?s={search_term_string}\"},\"query-input\":{\"@type\":\"PropertyValueSpecification\",\"valueRequired\":true,\"valueName\":\"search_term_string\"}}],\"inLanguage\":\"it-IT\"},{\"@type\":\"Person\",\"@id\":\"https:\/\/www.intoscana.it\/it\/#\/schema\/person\/137419af9ef5d385bde52864a841e6ce\",\"name\":\"Clara D'Acunto\",\"url\":\"https:\/\/www.intoscana.it\/it\/author\/clara-d_acunto\/\"}]}<\/script>\n<!-- \/ Yoast SEO Premium plugin. -->","yoast_head_json":{"title":"Economia, turismo, sanit\u00e0 e formazione: la Toscana \u00e8 sempre pi\u00f9 digitale - intoscana","description":"Progetti in ogni settore, per accrescere le competenze e sostenere lo sviluppo del territorio. Il punto con gli assessore Bezzini, Marras e Nardini","robots":{"index":"index","follow":"follow","max-snippet":"max-snippet:-1","max-image-preview":"max-image-preview:large","max-video-preview":"max-video-preview:-1"},"canonical":"https:\/\/www.intoscana.it\/it\/economia-turismo-sanita-e-formazione-la-toscana-del-futuro-e-sempre-piu-digitale\/","og_locale":"it_IT","og_type":"article","og_title":"Economia, turismo, sanit\u00e0 e formazione: la Toscana \u00e8 sempre pi\u00f9 digitale","og_description":"Progetti in ogni settore, per accrescere le competenze e sostenere lo sviluppo del territorio. Il punto con gli assessore Bezzini, Marras e Nardini","og_url":"https:\/\/www.intoscana.it\/it\/economia-turismo-sanita-e-formazione-la-toscana-del-futuro-e-sempre-piu-digitale\/","og_site_name":"intoscana","article_publisher":"https:\/\/www.facebook.com\/intoscana.it","article_published_time":"2022-07-11T14:46:08+00:00","article_modified_time":"2022-07-14T08:14:10+00:00","og_image":[{"width":960,"height":640,"url":"https:\/\/www.intoscana.it\/wp-content\/uploads\/iphone-500291_960_720-1.jpg","type":"image\/jpeg"}],"author":"Clara D'Acunto","twitter_card":"summary_large_image","twitter_creator":"@intoscana","twitter_site":"@intoscana","twitter_misc":{"Written by":"Clara D'Acunto","Est. reading time":"4 minuti"},"schema":{"@context":"https:\/\/schema.org","@graph":[{"@type":"WebPage","@id":"https:\/\/www.intoscana.it\/it\/economia-turismo-sanita-e-formazione-la-toscana-del-futuro-e-sempre-piu-digitale\/","url":"https:\/\/www.intoscana.it\/it\/economia-turismo-sanita-e-formazione-la-toscana-del-futuro-e-sempre-piu-digitale\/","name":"Economia, turismo, sanit\u00e0 e formazione: la Toscana \u00e8 sempre pi\u00f9 digitale - intoscana","isPartOf":{"@id":"https:\/\/www.intoscana.it\/it\/#website"},"primaryImageOfPage":{"@id":"https:\/\/www.intoscana.it\/it\/economia-turismo-sanita-e-formazione-la-toscana-del-futuro-e-sempre-piu-digitale\/#primaryimage"},"image":{"@id":"https:\/\/www.intoscana.it\/it\/economia-turismo-sanita-e-formazione-la-toscana-del-futuro-e-sempre-piu-digitale\/#primaryimage"},"thumbnailUrl":"https:\/\/www.intoscana.it\/wp-content\/uploads\/iphone-500291_960_720-1.jpg","datePublished":"2022-07-11T14:46:08+00:00","dateModified":"2022-07-14T08:14:10+00:00","author":{"@id":"https:\/\/www.intoscana.it\/it\/#\/schema\/person\/137419af9ef5d385bde52864a841e6ce"},"description":"Progetti in ogni settore, per accrescere le competenze e sostenere lo sviluppo del territorio. Il punto con gli assessore Bezzini, Marras e Nardini","breadcrumb":{"@id":"https:\/\/www.intoscana.it\/it\/economia-turismo-sanita-e-formazione-la-toscana-del-futuro-e-sempre-piu-digitale\/#breadcrumb"},"inLanguage":"it-IT","potentialAction":[{"@type":"ReadAction","target":["https:\/\/www.intoscana.it\/it\/economia-turismo-sanita-e-formazione-la-toscana-del-futuro-e-sempre-piu-digitale\/"]}]},{"@type":"ImageObject","inLanguage":"it-IT","@id":"https:\/\/www.intoscana.it\/it\/economia-turismo-sanita-e-formazione-la-toscana-del-futuro-e-sempre-piu-digitale\/#primaryimage","url":"https:\/\/www.intoscana.it\/wp-content\/uploads\/iphone-500291_960_720-1.jpg","contentUrl":"https:\/\/www.intoscana.it\/wp-content\/uploads\/iphone-500291_960_720-1.jpg","width":960,"height":640,"caption":"Turismo digitale"},{"@type":"BreadcrumbList","@id":"https:\/\/www.intoscana.it\/it\/economia-turismo-sanita-e-formazione-la-toscana-del-futuro-e-sempre-piu-digitale\/#breadcrumb","itemListElement":[{"@type":"ListItem","position":1,"name":"Home","item":"https:\/\/www.intoscana.it\/it\/"},{"@type":"ListItem","position":2,"name":"Economia, turismo, sanit\u00e0 e formazione: la Toscana \u00e8 sempre pi\u00f9 digitale"}]},{"@type":"WebSite","@id":"https:\/\/www.intoscana.it\/it\/#website","url":"https:\/\/www.intoscana.it\/it\/","name":"intoscana","description":"","potentialAction":[{"@type":"SearchAction","target":{"@type":"EntryPoint","urlTemplate":"https:\/\/www.intoscana.it\/it\/?s={search_term_string}"},"query-input":{"@type":"PropertyValueSpecification","valueRequired":true,"valueName":"search_term_string"}}],"inLanguage":"it-IT"},{"@type":"Person","@id":"https:\/\/www.intoscana.it\/it\/#\/schema\/person\/137419af9ef5d385bde52864a841e6ce","name":"Clara D'Acunto","url":"https:\/\/www.intoscana.it\/it\/author\/clara-d_acunto\/"}]}},"_links":{"self":[{"href":"https:\/\/www.intoscana.it\/it\/wp-json\/wp\/v2\/posts\/237204","targetHints":{"allow":["GET"]}}],"collection":[{"href":"https:\/\/www.intoscana.it\/it\/wp-json\/wp\/v2\/posts"}],"about":[{"href":"https:\/\/www.intoscana.it\/it\/wp-json\/wp\/v2\/types\/post"}],"author":[{"embeddable":true,"href":"https:\/\/www.intoscana.it\/it\/wp-json\/wp\/v2\/users\/545"}],"replies":[{"embeddable":true,"href":"https:\/\/www.intoscana.it\/it\/wp-json\/wp\/v2\/comments?post=237204"}],"version-history":[{"count":0,"href":"https:\/\/www.intoscana.it\/it\/wp-json\/wp\/v2\/posts\/237204\/revisions"}],"wp:featuredmedia":[{"embeddable":true,"href":"https:\/\/www.intoscana.it\/it\/wp-json\/wp\/v2\/media\/104059"}],"wp:attachment":[{"href":"https:\/\/www.intoscana.it\/it\/wp-json\/wp\/v2\/media?parent=237204"}],"wp:term":[{"taxonomy":"category","embeddable":true,"href":"https:\/\/www.intoscana.it\/it\/wp-json\/wp\/v2\/categories?post=237204"},{"taxonomy":"post_tag","embeddable":true,"href":"https:\/\/www.intoscana.it\/it\/wp-json\/wp\/v2\/tags?post=237204"}],"curies":[{"name":"wp","href":"https:\/\/api.w.org\/{rel}","templated":true}]}}