{"id":237329,"date":"2022-07-12T12:21:40","date_gmt":"2022-07-12T10:21:40","guid":{"rendered":"https:\/\/www.intoscana.it\/it\/?p=237329"},"modified":"2022-07-13T12:44:24","modified_gmt":"2022-07-13T10:44:24","slug":"covid-sono-7-597-i-nuovi-positivi-con-una-eta-media-di-48-anni-nessun-decesso","status":"publish","type":"post","link":"https:\/\/www.intoscana.it\/it\/covid-sono-7-597-i-nuovi-positivi-con-una-eta-media-di-48-anni-nessun-decesso\/","title":{"rendered":"Covid, sono 7.597 i nuovi positivi con una et\u00e0 media di 48 anni. Nove decessi"},"content":{"rendered":"<p>I nuovi casi di <strong>Covid<\/strong> registrati in Toscana sono 7.587 su 32.224 test di cui 2.560 tamponi molecolari e 29.664 test rapidi. Il tasso dei nuovi positivi \u00e8 23,54% (81,6% sulle prime diagnosi). <mark>L&#8217;et\u00e0 media dei 7.587 nuovi positivi odierni \u00e8 di 48 anni: 10% ha meno di 20 anni, 17% tra 20 e 39 anni, 34% tra 40 e 59 anni, 29% tra 60 e 79 anni, 8% ha 80 anni o pi\u00f9.<\/mark><\/p>\n<p>I <strong>ricoverati<\/strong> sono 704 (19 in pi\u00f9 rispetto a ieri), di cui 25 in terapia intensiva (4 in meno). <mark>Nove i decessi.<\/mark><\/p>\n<h3><em>I casi di positivit\u00e0 sul territorio <\/em><\/h3>\n<p>Sono 352.154 i casi complessivi ad oggi a Firenze (1.903 in pi\u00f9 rispetto a ieri), 85.881 a Prato (472 in pi\u00f9), 100.431 a Pistoia (548 in pi\u00f9), 61.881 a Massa (327 in pi\u00f9), 133.726 a Lucca (881 in pi\u00f9), 147.287 a Pisa (909 in pi\u00f9), 112.938 a Livorno (674 in pi\u00f9), 114.766 ad Arezzo (676 in pi\u00f9), 90.806 a Siena (713 in pi\u00f9), 67.881 a Grosseto (484 in pi\u00f9).<\/p>\n<p>Complessivamente, 82.245 persone sono in <strong>isolamento<\/strong> a casa, poich\u00e9 presentano sintomi lievi che non richiedono cure ospedaliere, o risultano prive di sintomi (4.775 in pi\u00f9 rispetto a ieri, pi\u00f9 6,2%).<\/p>\n<p>Sono <mark>10.241 i deceduti dall&#8217;inizio dell&#8217;epidemia:<\/mark> 3.223 a Firenze, 842 a Prato, 927 a Pistoia, 663 a Massa Carrara, 958 a Lucca, 1.144 a Pisa, 752 a Livorno, 662 ad Arezzo, 539 a Siena, 391 a Grosseto, 140 persone sono decedute sul suolo toscano ma erano residenti fuori regione.<\/p>\n","protected":false},"excerpt":{"rendered":"<p>Il tasso di positivit\u00e0 \u00e8 del 23,54%. Crescono i ricoveri, in calo le terapie intensive<\/p>\n","protected":false},"author":525,"featured_media":235724,"comment_status":"open","ping_status":"open","sticky":false,"template":"","format":"standard","meta":{"_acf_changed":false,"footnotes":""},"categories":[494],"tags":[418],"class_list":["post-237329","post","type-post","status-publish","format-standard","has-post-thumbnail","hentry","category-attualita","tag-covid-19"],"acf":[],"yoast_head":"<!-- This site is optimized with the Yoast SEO Premium plugin v24.2 (Yoast SEO v25.6) - https:\/\/yoast.com\/wordpress\/plugins\/seo\/ -->\n<title>Covid, sono 7.597 i nuovi positivi con una et\u00e0 media di 48 anni. Nove decessi - intoscana<\/title>\n<meta name=\"description\" content=\"Il tasso di positivit\u00e0 \u00e8 del 23,54%. Crescono i ricoveri, in calo le terapie intensive\" \/>\n<meta name=\"robots\" content=\"index, follow, max-snippet:-1, max-image-preview:large, max-video-preview:-1\" \/>\n<link rel=\"canonical\" href=\"https:\/\/www.intoscana.it\/it\/covid-sono-7-597-i-nuovi-positivi-con-una-eta-media-di-48-anni-nessun-decesso\/\" \/>\n<meta property=\"og:locale\" content=\"it_IT\" \/>\n<meta property=\"og:type\" content=\"article\" \/>\n<meta property=\"og:title\" content=\"Covid, sono 7.597 i nuovi positivi con una et\u00e0 media di 48 anni. Nove decessi\" \/>\n<meta property=\"og:description\" content=\"Il tasso di positivit\u00e0 \u00e8 del 23,54%. Crescono i ricoveri, in calo le terapie intensive\" \/>\n<meta property=\"og:url\" content=\"https:\/\/www.intoscana.it\/it\/covid-sono-7-597-i-nuovi-positivi-con-una-eta-media-di-48-anni-nessun-decesso\/\" \/>\n<meta property=\"og:site_name\" content=\"intoscana\" \/>\n<meta property=\"article:publisher\" content=\"https:\/\/www.facebook.com\/intoscana.it\" \/>\n<meta property=\"article:published_time\" content=\"2022-07-12T10:21:40+00:00\" \/>\n<meta property=\"article:modified_time\" content=\"2022-07-13T10:44:24+00:00\" \/>\n<meta property=\"og:image\" content=\"https:\/\/www.intoscana.it\/wp-content\/uploads\/infermiera-ospedale-sanita\u0300-covid-Cryptographer.jpg\" \/>\n\t<meta property=\"og:image:width\" content=\"2000\" \/>\n\t<meta property=\"og:image:height\" content=\"1333\" \/>\n\t<meta property=\"og:image:type\" content=\"image\/jpeg\" \/>\n<meta name=\"author\" content=\"Redazione\" \/>\n<meta name=\"twitter:card\" content=\"summary_large_image\" \/>\n<meta name=\"twitter:creator\" content=\"@intoscana\" \/>\n<meta name=\"twitter:site\" content=\"@intoscana\" \/>\n<meta name=\"twitter:label1\" content=\"Written by\" \/>\n\t<meta name=\"twitter:data1\" content=\"Redazione\" \/>\n\t<meta name=\"twitter:label2\" content=\"Est. reading time\" \/>\n\t<meta name=\"twitter:data2\" content=\"1 minuto\" \/>\n<script type=\"application\/ld+json\" class=\"yoast-schema-graph\">{\"@context\":\"https:\/\/schema.org\",\"@graph\":[{\"@type\":\"WebPage\",\"@id\":\"https:\/\/www.intoscana.it\/it\/covid-sono-7-597-i-nuovi-positivi-con-una-eta-media-di-48-anni-nessun-decesso\/\",\"url\":\"https:\/\/www.intoscana.it\/it\/covid-sono-7-597-i-nuovi-positivi-con-una-eta-media-di-48-anni-nessun-decesso\/\",\"name\":\"Covid, sono 7.597 i nuovi positivi con una et\u00e0 media di 48 anni. Nove decessi - intoscana\",\"isPartOf\":{\"@id\":\"https:\/\/www.intoscana.it\/it\/#website\"},\"primaryImageOfPage\":{\"@id\":\"https:\/\/www.intoscana.it\/it\/covid-sono-7-597-i-nuovi-positivi-con-una-eta-media-di-48-anni-nessun-decesso\/#primaryimage\"},\"image\":{\"@id\":\"https:\/\/www.intoscana.it\/it\/covid-sono-7-597-i-nuovi-positivi-con-una-eta-media-di-48-anni-nessun-decesso\/#primaryimage\"},\"thumbnailUrl\":\"https:\/\/www.intoscana.it\/wp-content\/uploads\/infermiera-ospedale-sanita\u0300-covid-Cryptographer.jpg\",\"datePublished\":\"2022-07-12T10:21:40+00:00\",\"dateModified\":\"2022-07-13T10:44:24+00:00\",\"author\":{\"@id\":\"https:\/\/www.intoscana.it\/it\/#\/schema\/person\/9223810753230f20bd670fdd322661f8\"},\"description\":\"Il tasso di positivit\u00e0 \u00e8 del 23,54%. Crescono i ricoveri, in calo le terapie intensive\",\"breadcrumb\":{\"@id\":\"https:\/\/www.intoscana.it\/it\/covid-sono-7-597-i-nuovi-positivi-con-una-eta-media-di-48-anni-nessun-decesso\/#breadcrumb\"},\"inLanguage\":\"it-IT\",\"potentialAction\":[{\"@type\":\"ReadAction\",\"target\":[\"https:\/\/www.intoscana.it\/it\/covid-sono-7-597-i-nuovi-positivi-con-una-eta-media-di-48-anni-nessun-decesso\/\"]}]},{\"@type\":\"ImageObject\",\"inLanguage\":\"it-IT\",\"@id\":\"https:\/\/www.intoscana.it\/it\/covid-sono-7-597-i-nuovi-positivi-con-una-eta-media-di-48-anni-nessun-decesso\/#primaryimage\",\"url\":\"https:\/\/www.intoscana.it\/wp-content\/uploads\/infermiera-ospedale-sanita\u0300-covid-Cryptographer.jpg\",\"contentUrl\":\"https:\/\/www.intoscana.it\/wp-content\/uploads\/infermiera-ospedale-sanita\u0300-covid-Cryptographer.jpg\",\"width\":2000,\"height\":1333,\"caption\":\"Dottoressa, infermiera, Covid19, sanit\u00e0, salute, ospedale, coronavirus\"},{\"@type\":\"BreadcrumbList\",\"@id\":\"https:\/\/www.intoscana.it\/it\/covid-sono-7-597-i-nuovi-positivi-con-una-eta-media-di-48-anni-nessun-decesso\/#breadcrumb\",\"itemListElement\":[{\"@type\":\"ListItem\",\"position\":1,\"name\":\"Home\",\"item\":\"https:\/\/www.intoscana.it\/it\/\"},{\"@type\":\"ListItem\",\"position\":2,\"name\":\"Covid, sono 7.597 i nuovi positivi con una et\u00e0 media di 48 anni. Nove decessi\"}]},{\"@type\":\"WebSite\",\"@id\":\"https:\/\/www.intoscana.it\/it\/#website\",\"url\":\"https:\/\/www.intoscana.it\/it\/\",\"name\":\"intoscana\",\"description\":\"\",\"potentialAction\":[{\"@type\":\"SearchAction\",\"target\":{\"@type\":\"EntryPoint\",\"urlTemplate\":\"https:\/\/www.intoscana.it\/it\/?s={search_term_string}\"},\"query-input\":{\"@type\":\"PropertyValueSpecification\",\"valueRequired\":true,\"valueName\":\"search_term_string\"}}],\"inLanguage\":\"it-IT\"},{\"@type\":\"Person\",\"@id\":\"https:\/\/www.intoscana.it\/it\/#\/schema\/person\/9223810753230f20bd670fdd322661f8\",\"name\":\"Redazione\",\"url\":\"https:\/\/www.intoscana.it\/it\/author\/redazione\/\"}]}<\/script>\n<!-- \/ Yoast SEO Premium plugin. -->","yoast_head_json":{"title":"Covid, sono 7.597 i nuovi positivi con una et\u00e0 media di 48 anni. Nove decessi - intoscana","description":"Il tasso di positivit\u00e0 \u00e8 del 23,54%. Crescono i ricoveri, in calo le terapie intensive","robots":{"index":"index","follow":"follow","max-snippet":"max-snippet:-1","max-image-preview":"max-image-preview:large","max-video-preview":"max-video-preview:-1"},"canonical":"https:\/\/www.intoscana.it\/it\/covid-sono-7-597-i-nuovi-positivi-con-una-eta-media-di-48-anni-nessun-decesso\/","og_locale":"it_IT","og_type":"article","og_title":"Covid, sono 7.597 i nuovi positivi con una et\u00e0 media di 48 anni. Nove decessi","og_description":"Il tasso di positivit\u00e0 \u00e8 del 23,54%. Crescono i ricoveri, in calo le terapie intensive","og_url":"https:\/\/www.intoscana.it\/it\/covid-sono-7-597-i-nuovi-positivi-con-una-eta-media-di-48-anni-nessun-decesso\/","og_site_name":"intoscana","article_publisher":"https:\/\/www.facebook.com\/intoscana.it","article_published_time":"2022-07-12T10:21:40+00:00","article_modified_time":"2022-07-13T10:44:24+00:00","og_image":[{"width":2000,"height":1333,"url":"https:\/\/www.intoscana.it\/wp-content\/uploads\/infermiera-ospedale-sanita\u0300-covid-Cryptographer.jpg","type":"image\/jpeg"}],"author":"Redazione","twitter_card":"summary_large_image","twitter_creator":"@intoscana","twitter_site":"@intoscana","twitter_misc":{"Written by":"Redazione","Est. reading time":"1 minuto"},"schema":{"@context":"https:\/\/schema.org","@graph":[{"@type":"WebPage","@id":"https:\/\/www.intoscana.it\/it\/covid-sono-7-597-i-nuovi-positivi-con-una-eta-media-di-48-anni-nessun-decesso\/","url":"https:\/\/www.intoscana.it\/it\/covid-sono-7-597-i-nuovi-positivi-con-una-eta-media-di-48-anni-nessun-decesso\/","name":"Covid, sono 7.597 i nuovi positivi con una et\u00e0 media di 48 anni. Nove decessi - intoscana","isPartOf":{"@id":"https:\/\/www.intoscana.it\/it\/#website"},"primaryImageOfPage":{"@id":"https:\/\/www.intoscana.it\/it\/covid-sono-7-597-i-nuovi-positivi-con-una-eta-media-di-48-anni-nessun-decesso\/#primaryimage"},"image":{"@id":"https:\/\/www.intoscana.it\/it\/covid-sono-7-597-i-nuovi-positivi-con-una-eta-media-di-48-anni-nessun-decesso\/#primaryimage"},"thumbnailUrl":"https:\/\/www.intoscana.it\/wp-content\/uploads\/infermiera-ospedale-sanita\u0300-covid-Cryptographer.jpg","datePublished":"2022-07-12T10:21:40+00:00","dateModified":"2022-07-13T10:44:24+00:00","author":{"@id":"https:\/\/www.intoscana.it\/it\/#\/schema\/person\/9223810753230f20bd670fdd322661f8"},"description":"Il tasso di positivit\u00e0 \u00e8 del 23,54%. Crescono i ricoveri, in calo le terapie intensive","breadcrumb":{"@id":"https:\/\/www.intoscana.it\/it\/covid-sono-7-597-i-nuovi-positivi-con-una-eta-media-di-48-anni-nessun-decesso\/#breadcrumb"},"inLanguage":"it-IT","potentialAction":[{"@type":"ReadAction","target":["https:\/\/www.intoscana.it\/it\/covid-sono-7-597-i-nuovi-positivi-con-una-eta-media-di-48-anni-nessun-decesso\/"]}]},{"@type":"ImageObject","inLanguage":"it-IT","@id":"https:\/\/www.intoscana.it\/it\/covid-sono-7-597-i-nuovi-positivi-con-una-eta-media-di-48-anni-nessun-decesso\/#primaryimage","url":"https:\/\/www.intoscana.it\/wp-content\/uploads\/infermiera-ospedale-sanita\u0300-covid-Cryptographer.jpg","contentUrl":"https:\/\/www.intoscana.it\/wp-content\/uploads\/infermiera-ospedale-sanita\u0300-covid-Cryptographer.jpg","width":2000,"height":1333,"caption":"Dottoressa, infermiera, Covid19, sanit\u00e0, salute, ospedale, coronavirus"},{"@type":"BreadcrumbList","@id":"https:\/\/www.intoscana.it\/it\/covid-sono-7-597-i-nuovi-positivi-con-una-eta-media-di-48-anni-nessun-decesso\/#breadcrumb","itemListElement":[{"@type":"ListItem","position":1,"name":"Home","item":"https:\/\/www.intoscana.it\/it\/"},{"@type":"ListItem","position":2,"name":"Covid, sono 7.597 i nuovi positivi con una et\u00e0 media di 48 anni. Nove decessi"}]},{"@type":"WebSite","@id":"https:\/\/www.intoscana.it\/it\/#website","url":"https:\/\/www.intoscana.it\/it\/","name":"intoscana","description":"","potentialAction":[{"@type":"SearchAction","target":{"@type":"EntryPoint","urlTemplate":"https:\/\/www.intoscana.it\/it\/?s={search_term_string}"},"query-input":{"@type":"PropertyValueSpecification","valueRequired":true,"valueName":"search_term_string"}}],"inLanguage":"it-IT"},{"@type":"Person","@id":"https:\/\/www.intoscana.it\/it\/#\/schema\/person\/9223810753230f20bd670fdd322661f8","name":"Redazione","url":"https:\/\/www.intoscana.it\/it\/author\/redazione\/"}]}},"_links":{"self":[{"href":"https:\/\/www.intoscana.it\/it\/wp-json\/wp\/v2\/posts\/237329","targetHints":{"allow":["GET"]}}],"collection":[{"href":"https:\/\/www.intoscana.it\/it\/wp-json\/wp\/v2\/posts"}],"about":[{"href":"https:\/\/www.intoscana.it\/it\/wp-json\/wp\/v2\/types\/post"}],"author":[{"embeddable":true,"href":"https:\/\/www.intoscana.it\/it\/wp-json\/wp\/v2\/users\/525"}],"replies":[{"embeddable":true,"href":"https:\/\/www.intoscana.it\/it\/wp-json\/wp\/v2\/comments?post=237329"}],"version-history":[{"count":0,"href":"https:\/\/www.intoscana.it\/it\/wp-json\/wp\/v2\/posts\/237329\/revisions"}],"wp:featuredmedia":[{"embeddable":true,"href":"https:\/\/www.intoscana.it\/it\/wp-json\/wp\/v2\/media\/235724"}],"wp:attachment":[{"href":"https:\/\/www.intoscana.it\/it\/wp-json\/wp\/v2\/media?parent=237329"}],"wp:term":[{"taxonomy":"category","embeddable":true,"href":"https:\/\/www.intoscana.it\/it\/wp-json\/wp\/v2\/categories?post=237329"},{"taxonomy":"post_tag","embeddable":true,"href":"https:\/\/www.intoscana.it\/it\/wp-json\/wp\/v2\/tags?post=237329"}],"curies":[{"name":"wp","href":"https:\/\/api.w.org\/{rel}","templated":true}]}}