{"id":237434,"date":"2022-07-12T17:08:18","date_gmt":"2022-07-12T15:08:18","guid":{"rendered":"https:\/\/www.intoscana.it\/it\/?p=237434"},"modified":"2022-07-12T17:08:18","modified_gmt":"2022-07-12T15:08:18","slug":"la-natura-la-musica-e-le-voci-nasce-in-toscana-il-primo-festival-del-suono","status":"publish","type":"post","link":"https:\/\/www.intoscana.it\/it\/la-natura-la-musica-e-le-voci-nasce-in-toscana-il-primo-festival-del-suono\/","title":{"rendered":"La natura, la musica e le voci: nasce in Toscana il primo Festival del suono"},"content":{"rendered":"<p>Dalla voce ai suoni della natura, dalla musica classica all\u2019elettronica, per imparare ad ascoltare, ma anche per avere maggiore consapevolezza di quanto il suono sia determinante nella nostra vita e di come l\u2019inquinamento acustico sia un problema (\u00e8 il secondo inquinante al mondo). <mark>Nasce in Toscana il primo \u201cFestival del Suono\u201d in programma dal 14 al 17 luglio tra Lari e Santa Luce<\/mark><\/p>\n<p>Ideato e curato da Mirco Mencacci,\u00a0 il Festival del Suono \u00e8 la grande novit\u00e0 della 24esima edizione della storica rassegna fondata da Loris Seghizzi, che si chiamer\u00e0 cos\u00ec \u201cCollinarea Festival del suono\u201d.<\/p>\n<p><em>\u201cQuest\u2019anno Collinarea si impreziosisce ulteriormente<\/em> &#8211;\u00a0 ha commentato l\u2019assessora regionale <strong>Alessandra Nardini<\/strong> &#8211; <em>La nascita del primo Festival del Suono in Toscana, i numerosi ed interessantissimi workshop, incontri, spettacoli, concerti compongono un programma davvero ricco ed eterogeneo che si snoda tra i bellissimi borghi di Lari, con il suo Castello, e Santa Luce. Rivolgo i miei complimenti alle organizzatrici e agli organizzatori del Festival, che con il loro impegno contribuiscono alla qualit\u00e0 delle proposte culturali e artistiche che animano l\u2019estate in Toscana, e alle amministrazioni comunali che sostengono Collinarea\u201d<\/em>.<\/p>\n<h3><em>Il programma<\/em><\/h3>\n<p>Ci saranno incontri con sound designers, scienziati, medici e ricercatori, con un cartellone di ben 25 spettacoli, 7 prime assolute, 4 eventi unici e 9 concerti dei grandi maestri della musica contemporanea, per promuovere una cultura dell&#8217;ascolto consapevole e di qualit\u00e0. Dal violoncellista<strong> Giovanni Sollima<\/strong> al mago del theremin <strong>Vincenzo Vasi<\/strong>, dal serpentone di <strong>Michel Godard<\/strong> al vibrafono di <strong>Pasquale Mirra<\/strong>, dalla chitarra classica di <strong>Fabio Montomoli<\/strong>, al pop di Bobo Rondelli, dall\u2019attrice <strong>Valentina Carnelutti<\/strong> al compositore e sound designer statunitense <strong>Douglas Quin<\/strong>.<\/p>\n<p>E ancora <strong>Paolo De Bernardis<\/strong>, il \u201cfonico dell\u2019universo\u201d che per primo ha mappato la radiazione cosmica del Big Bang; <strong>Carlo Ventura<\/strong>, scienziato e professore di biologia molecolare studioso degli influssi della musica sulle cellule staminali; <strong>Gianni Pavan<\/strong>, ricercatore del Centro Interdisciplinare di Bioacustica e Ricerche Ambientali dell\u2019Universit\u00e0 di Pavia; <strong>Michael Payne<\/strong> storico direttore della Reuters, oggi direttore e co-sviluppatore insieme a <strong>Mirco Mencacci<\/strong> del centro di ricerca multidisciplinare sul suono, rumore e vibrazione \u201cSonyc Research Ltd; <strong>Igor Fiorini<\/strong> (VDM Group) che presenta la nuova filosofia del movimento culturale SlowSound con i suoi workshop e incontri sull\u2019educazione all\u2019ascolto.<br \/>\nIl Festival del Suono conferir\u00e0 il <mark>\u201cPremio Sonic Award\u201d al miglior progetto sonoro per qualit\u00e0, originalit\u00e0, ricerca, innovazione, immersivit\u00e0, purezza.<\/mark><\/p>\n<p><a href=\"https:\/\/www.collinarea.it\/programma\/\" target=\"_blank\" rel=\"noopener\">Qui<\/a> il programma completo.<\/p>\n","protected":false},"excerpt":{"rendered":"<p>All&#8217;interno di &#8220;Collinarea&#8221;, tra i borghi di Lari e Santa Luce, ci saranno eventi e incontri tra scienza e arte: 25 spettacoli, 9 concerti e 7 prime<\/p>\n","protected":false},"author":525,"featured_media":213328,"comment_status":"open","ping_status":"open","sticky":false,"template":"","format":"standard","meta":{"_acf_changed":false,"footnotes":""},"categories":[493],"tags":[6226,228,3135],"class_list":["post-237434","post","type-post","status-publish","format-standard","has-post-thumbnail","hentry","category-cultura","tag-alessandra-nardini","tag-festival","tag-festival-musicali"],"acf":[],"yoast_head":"<!-- This site is optimized with the Yoast SEO Premium plugin v24.2 (Yoast SEO v25.6) - https:\/\/yoast.com\/wordpress\/plugins\/seo\/ -->\n<title>La natura, la musica e le voci: nasce in Toscana il primo Festival del suono - intoscana<\/title>\n<meta name=\"description\" content=\"All&#039;interno di &quot;Collinarea&quot;, tra i borghi di Lari e Santa Luce, ci saranno eventi e incontri tra scienza e arte: 25 spettacoli, 9 concerti e 7 prime\" \/>\n<meta name=\"robots\" content=\"index, follow, max-snippet:-1, max-image-preview:large, max-video-preview:-1\" \/>\n<link rel=\"canonical\" href=\"https:\/\/www.intoscana.it\/it\/la-natura-la-musica-e-le-voci-nasce-in-toscana-il-primo-festival-del-suono\/\" \/>\n<meta property=\"og:locale\" content=\"it_IT\" \/>\n<meta property=\"og:type\" content=\"article\" \/>\n<meta property=\"og:title\" content=\"La natura, la musica e le voci: nasce in Toscana il primo Festival del suono\" \/>\n<meta property=\"og:description\" content=\"All&#039;interno di &quot;Collinarea&quot;, tra i borghi di Lari e Santa Luce, ci saranno eventi e incontri tra scienza e arte: 25 spettacoli, 9 concerti e 7 prime\" \/>\n<meta property=\"og:url\" content=\"https:\/\/www.intoscana.it\/it\/la-natura-la-musica-e-le-voci-nasce-in-toscana-il-primo-festival-del-suono\/\" \/>\n<meta property=\"og:site_name\" content=\"intoscana\" \/>\n<meta property=\"article:publisher\" content=\"https:\/\/www.facebook.com\/intoscana.it\" \/>\n<meta property=\"article:published_time\" content=\"2022-07-12T15:08:18+00:00\" \/>\n<meta property=\"og:image\" content=\"https:\/\/www.intoscana.it\/wp-content\/uploads\/il-borgo-di-lari-nel-comune-di-casciana-terme-lari-in-toscana-scaled.jpg\" \/>\n\t<meta property=\"og:image:width\" content=\"2048\" \/>\n\t<meta property=\"og:image:height\" content=\"1152\" \/>\n\t<meta property=\"og:image:type\" content=\"image\/jpeg\" \/>\n<meta name=\"author\" content=\"Redazione\" \/>\n<meta name=\"twitter:card\" content=\"summary_large_image\" \/>\n<meta name=\"twitter:creator\" content=\"@intoscana\" \/>\n<meta name=\"twitter:site\" content=\"@intoscana\" \/>\n<meta name=\"twitter:label1\" content=\"Written by\" \/>\n\t<meta name=\"twitter:data1\" content=\"Redazione\" \/>\n\t<meta name=\"twitter:label2\" content=\"Est. reading time\" \/>\n\t<meta name=\"twitter:data2\" content=\"2 minuti\" \/>\n<script type=\"application\/ld+json\" class=\"yoast-schema-graph\">{\"@context\":\"https:\/\/schema.org\",\"@graph\":[{\"@type\":\"WebPage\",\"@id\":\"https:\/\/www.intoscana.it\/it\/la-natura-la-musica-e-le-voci-nasce-in-toscana-il-primo-festival-del-suono\/\",\"url\":\"https:\/\/www.intoscana.it\/it\/la-natura-la-musica-e-le-voci-nasce-in-toscana-il-primo-festival-del-suono\/\",\"name\":\"La natura, la musica e le voci: nasce in Toscana il primo Festival del suono - intoscana\",\"isPartOf\":{\"@id\":\"https:\/\/www.intoscana.it\/it\/#website\"},\"primaryImageOfPage\":{\"@id\":\"https:\/\/www.intoscana.it\/it\/la-natura-la-musica-e-le-voci-nasce-in-toscana-il-primo-festival-del-suono\/#primaryimage\"},\"image\":{\"@id\":\"https:\/\/www.intoscana.it\/it\/la-natura-la-musica-e-le-voci-nasce-in-toscana-il-primo-festival-del-suono\/#primaryimage\"},\"thumbnailUrl\":\"https:\/\/www.intoscana.it\/wp-content\/uploads\/il-borgo-di-lari-nel-comune-di-casciana-terme-lari-in-toscana-scaled.jpg\",\"datePublished\":\"2022-07-12T15:08:18+00:00\",\"author\":{\"@id\":\"https:\/\/www.intoscana.it\/it\/#\/schema\/person\/9223810753230f20bd670fdd322661f8\"},\"description\":\"All'interno di \\\"Collinarea\\\", tra i borghi di Lari e Santa Luce, ci saranno eventi e incontri tra scienza e arte: 25 spettacoli, 9 concerti e 7 prime\",\"breadcrumb\":{\"@id\":\"https:\/\/www.intoscana.it\/it\/la-natura-la-musica-e-le-voci-nasce-in-toscana-il-primo-festival-del-suono\/#breadcrumb\"},\"inLanguage\":\"it-IT\",\"potentialAction\":[{\"@type\":\"ReadAction\",\"target\":[\"https:\/\/www.intoscana.it\/it\/la-natura-la-musica-e-le-voci-nasce-in-toscana-il-primo-festival-del-suono\/\"]}]},{\"@type\":\"ImageObject\",\"inLanguage\":\"it-IT\",\"@id\":\"https:\/\/www.intoscana.it\/it\/la-natura-la-musica-e-le-voci-nasce-in-toscana-il-primo-festival-del-suono\/#primaryimage\",\"url\":\"https:\/\/www.intoscana.it\/wp-content\/uploads\/il-borgo-di-lari-nel-comune-di-casciana-terme-lari-in-toscana-scaled.jpg\",\"contentUrl\":\"https:\/\/www.intoscana.it\/wp-content\/uploads\/il-borgo-di-lari-nel-comune-di-casciana-terme-lari-in-toscana-scaled.jpg\",\"width\":2048,\"height\":1152,\"caption\":\"Il bellissimo borgo di Lari sulle colline pisane\"},{\"@type\":\"BreadcrumbList\",\"@id\":\"https:\/\/www.intoscana.it\/it\/la-natura-la-musica-e-le-voci-nasce-in-toscana-il-primo-festival-del-suono\/#breadcrumb\",\"itemListElement\":[{\"@type\":\"ListItem\",\"position\":1,\"name\":\"Home\",\"item\":\"https:\/\/www.intoscana.it\/it\/\"},{\"@type\":\"ListItem\",\"position\":2,\"name\":\"La natura, la musica e le voci: nasce in Toscana il primo Festival del suono\"}]},{\"@type\":\"WebSite\",\"@id\":\"https:\/\/www.intoscana.it\/it\/#website\",\"url\":\"https:\/\/www.intoscana.it\/it\/\",\"name\":\"intoscana\",\"description\":\"\",\"potentialAction\":[{\"@type\":\"SearchAction\",\"target\":{\"@type\":\"EntryPoint\",\"urlTemplate\":\"https:\/\/www.intoscana.it\/it\/?s={search_term_string}\"},\"query-input\":{\"@type\":\"PropertyValueSpecification\",\"valueRequired\":true,\"valueName\":\"search_term_string\"}}],\"inLanguage\":\"it-IT\"},{\"@type\":\"Person\",\"@id\":\"https:\/\/www.intoscana.it\/it\/#\/schema\/person\/9223810753230f20bd670fdd322661f8\",\"name\":\"Redazione\",\"url\":\"https:\/\/www.intoscana.it\/it\/author\/redazione\/\"}]}<\/script>\n<!-- \/ Yoast SEO Premium plugin. -->","yoast_head_json":{"title":"La natura, la musica e le voci: nasce in Toscana il primo Festival del suono - intoscana","description":"All'interno di \"Collinarea\", tra i borghi di Lari e Santa Luce, ci saranno eventi e incontri tra scienza e arte: 25 spettacoli, 9 concerti e 7 prime","robots":{"index":"index","follow":"follow","max-snippet":"max-snippet:-1","max-image-preview":"max-image-preview:large","max-video-preview":"max-video-preview:-1"},"canonical":"https:\/\/www.intoscana.it\/it\/la-natura-la-musica-e-le-voci-nasce-in-toscana-il-primo-festival-del-suono\/","og_locale":"it_IT","og_type":"article","og_title":"La natura, la musica e le voci: nasce in Toscana il primo Festival del suono","og_description":"All'interno di \"Collinarea\", tra i borghi di Lari e Santa Luce, ci saranno eventi e incontri tra scienza e arte: 25 spettacoli, 9 concerti e 7 prime","og_url":"https:\/\/www.intoscana.it\/it\/la-natura-la-musica-e-le-voci-nasce-in-toscana-il-primo-festival-del-suono\/","og_site_name":"intoscana","article_publisher":"https:\/\/www.facebook.com\/intoscana.it","article_published_time":"2022-07-12T15:08:18+00:00","og_image":[{"width":2048,"height":1152,"url":"https:\/\/www.intoscana.it\/wp-content\/uploads\/il-borgo-di-lari-nel-comune-di-casciana-terme-lari-in-toscana-scaled.jpg","type":"image\/jpeg"}],"author":"Redazione","twitter_card":"summary_large_image","twitter_creator":"@intoscana","twitter_site":"@intoscana","twitter_misc":{"Written by":"Redazione","Est. reading time":"2 minuti"},"schema":{"@context":"https:\/\/schema.org","@graph":[{"@type":"WebPage","@id":"https:\/\/www.intoscana.it\/it\/la-natura-la-musica-e-le-voci-nasce-in-toscana-il-primo-festival-del-suono\/","url":"https:\/\/www.intoscana.it\/it\/la-natura-la-musica-e-le-voci-nasce-in-toscana-il-primo-festival-del-suono\/","name":"La natura, la musica e le voci: nasce in Toscana il primo Festival del suono - intoscana","isPartOf":{"@id":"https:\/\/www.intoscana.it\/it\/#website"},"primaryImageOfPage":{"@id":"https:\/\/www.intoscana.it\/it\/la-natura-la-musica-e-le-voci-nasce-in-toscana-il-primo-festival-del-suono\/#primaryimage"},"image":{"@id":"https:\/\/www.intoscana.it\/it\/la-natura-la-musica-e-le-voci-nasce-in-toscana-il-primo-festival-del-suono\/#primaryimage"},"thumbnailUrl":"https:\/\/www.intoscana.it\/wp-content\/uploads\/il-borgo-di-lari-nel-comune-di-casciana-terme-lari-in-toscana-scaled.jpg","datePublished":"2022-07-12T15:08:18+00:00","author":{"@id":"https:\/\/www.intoscana.it\/it\/#\/schema\/person\/9223810753230f20bd670fdd322661f8"},"description":"All'interno di \"Collinarea\", tra i borghi di Lari e Santa Luce, ci saranno eventi e incontri tra scienza e arte: 25 spettacoli, 9 concerti e 7 prime","breadcrumb":{"@id":"https:\/\/www.intoscana.it\/it\/la-natura-la-musica-e-le-voci-nasce-in-toscana-il-primo-festival-del-suono\/#breadcrumb"},"inLanguage":"it-IT","potentialAction":[{"@type":"ReadAction","target":["https:\/\/www.intoscana.it\/it\/la-natura-la-musica-e-le-voci-nasce-in-toscana-il-primo-festival-del-suono\/"]}]},{"@type":"ImageObject","inLanguage":"it-IT","@id":"https:\/\/www.intoscana.it\/it\/la-natura-la-musica-e-le-voci-nasce-in-toscana-il-primo-festival-del-suono\/#primaryimage","url":"https:\/\/www.intoscana.it\/wp-content\/uploads\/il-borgo-di-lari-nel-comune-di-casciana-terme-lari-in-toscana-scaled.jpg","contentUrl":"https:\/\/www.intoscana.it\/wp-content\/uploads\/il-borgo-di-lari-nel-comune-di-casciana-terme-lari-in-toscana-scaled.jpg","width":2048,"height":1152,"caption":"Il bellissimo borgo di Lari sulle colline pisane"},{"@type":"BreadcrumbList","@id":"https:\/\/www.intoscana.it\/it\/la-natura-la-musica-e-le-voci-nasce-in-toscana-il-primo-festival-del-suono\/#breadcrumb","itemListElement":[{"@type":"ListItem","position":1,"name":"Home","item":"https:\/\/www.intoscana.it\/it\/"},{"@type":"ListItem","position":2,"name":"La natura, la musica e le voci: nasce in Toscana il primo Festival del suono"}]},{"@type":"WebSite","@id":"https:\/\/www.intoscana.it\/it\/#website","url":"https:\/\/www.intoscana.it\/it\/","name":"intoscana","description":"","potentialAction":[{"@type":"SearchAction","target":{"@type":"EntryPoint","urlTemplate":"https:\/\/www.intoscana.it\/it\/?s={search_term_string}"},"query-input":{"@type":"PropertyValueSpecification","valueRequired":true,"valueName":"search_term_string"}}],"inLanguage":"it-IT"},{"@type":"Person","@id":"https:\/\/www.intoscana.it\/it\/#\/schema\/person\/9223810753230f20bd670fdd322661f8","name":"Redazione","url":"https:\/\/www.intoscana.it\/it\/author\/redazione\/"}]}},"_links":{"self":[{"href":"https:\/\/www.intoscana.it\/it\/wp-json\/wp\/v2\/posts\/237434","targetHints":{"allow":["GET"]}}],"collection":[{"href":"https:\/\/www.intoscana.it\/it\/wp-json\/wp\/v2\/posts"}],"about":[{"href":"https:\/\/www.intoscana.it\/it\/wp-json\/wp\/v2\/types\/post"}],"author":[{"embeddable":true,"href":"https:\/\/www.intoscana.it\/it\/wp-json\/wp\/v2\/users\/525"}],"replies":[{"embeddable":true,"href":"https:\/\/www.intoscana.it\/it\/wp-json\/wp\/v2\/comments?post=237434"}],"version-history":[{"count":0,"href":"https:\/\/www.intoscana.it\/it\/wp-json\/wp\/v2\/posts\/237434\/revisions"}],"wp:featuredmedia":[{"embeddable":true,"href":"https:\/\/www.intoscana.it\/it\/wp-json\/wp\/v2\/media\/213328"}],"wp:attachment":[{"href":"https:\/\/www.intoscana.it\/it\/wp-json\/wp\/v2\/media?parent=237434"}],"wp:term":[{"taxonomy":"category","embeddable":true,"href":"https:\/\/www.intoscana.it\/it\/wp-json\/wp\/v2\/categories?post=237434"},{"taxonomy":"post_tag","embeddable":true,"href":"https:\/\/www.intoscana.it\/it\/wp-json\/wp\/v2\/tags?post=237434"}],"curies":[{"name":"wp","href":"https:\/\/api.w.org\/{rel}","templated":true}]}}