{"id":237652,"date":"2022-07-14T08:49:03","date_gmt":"2022-07-14T06:49:03","guid":{"rendered":"https:\/\/www.intoscana.it\/it\/?p=237652"},"modified":"2022-07-14T16:49:53","modified_gmt":"2022-07-14T14:49:53","slug":"roberto-di-pietra-e-il-nuovo-rettore-delluniversita-di-siena","status":"publish","type":"post","link":"https:\/\/www.intoscana.it\/it\/roberto-di-pietra-e-il-nuovo-rettore-delluniversita-di-siena\/","title":{"rendered":"Roberto Di Pietra \u00e8 il nuovo rettore dell&#8217;Universit\u00e0 di Siena"},"content":{"rendered":"<p>Roberto Di Pietra, professore ordinario in Economia aziendale presso il Dipartimento di studi aziendali e giuridici, \u00e8 il nuovo <strong>rettore dell&#8217;Universit\u00e0 degli Studi di Siena<\/strong>. Di Pietra, 55 anni, ha vinto il ballottaggio su Sonia Carmignani, docente di diritto agrario, succedendo a Francesco Frati per i <strong>prossimi sei anni accademici dal 2022 al 2028.<\/strong> Il nuovo rettore, al secondo turno, ha ottenuto 416 voti contro i 409 di Sonia Carmignani.\u00a0 Le schede bianche sono state 22. Al secondo turno hanno votato 1.357 aventi diritto pari all&#8217;81,16% dell&#8217;elettorato attivo.<\/p>\n<h3>Il programma del nuovo rettore<\/h3>\n<p><em><strong>&#8220;Dedico la vittoria al nostro ateneo che \u00e8 sempre <a href=\"https:\/\/www.intoscana.it\/it\/articolo\/classifica-censis-le-universita-toscane-al-top-in-italia\/\" target=\"_blank\" rel=\"noopener\">in vetta alle classifiche<\/a> da anni<\/strong> e gli facciamo fare un balzo in vetta ulteriore. \u00c8 il risultato di una comunit\u00e0 universitaria che ha votato in un&#8217;ampia manifestazione di democrazia. C&#8217;\u00e8 stata una partecipazione al voto amplissima, credo come non mai nel passato<\/em>&#8221; ha commentato il neorettore Di Pietra.<\/p>\n<p><em>&#8220;Ho massimo rispetto di quanto \u00e8 stato proposto dagli altri candidati e mi auguro che ci sar\u00e0 in ogni dipartimento la massima <\/em><em>collaborazione&#8221;,<\/em> ha proseguito Di Pietra soffermandosi poi sui principali interventi da realizzare.<br \/>\n&#8220;<em>Abbiamo tanto bisogno di <strong>investire su un programma di crescita della didattica e sul piano della ricerca della sua qualit\u00e0<\/strong> <\/em>&#8211; ha sottolineato Di Pietra &#8211;<em> sul piano della terza missione e sul piano assistenziale e sanitario per l&#8217;area della biomedicina e medica che svolge un ruolo nell&#8217;ateneo particolarmente rilevante&#8221;.<\/em><\/p>\n<h3>I complimenti Giani e Nardini<\/h3>\n<p><em> &#8220;Al professor Roberto Di Pietra <strong>i pi\u00f9 sinceri complimenti da parte della Regione Toscana<\/strong> per l&#8217;elezione a rettore di un&#8217;Universit\u00e0 cos\u00ec autorevole e dall&#8217;antica tradizione come quella di Siena&#8221;.<\/em> Cos\u00ec il presidente della Regione <strong>Eugenio Giani e l&#8217;assessora a Universit\u00e0 e ricerca Alessandra Nardini<\/strong> hanno inviato gli auguri di buon lavoro al nuovo rettore,<\/p>\n<p><em>&#8220;Saranno molte &#8211;<\/em> hanno aggiunto Giani e Nardini <em>&#8211; le occasioni di proficua collaborazione e di impegno comune. <strong>L&#8217;Universit\u00e0 di Siena rappresenta un&#8217;eccellenza ed \u00e8 ai vertici del sistema universitario italiano,<\/strong> come \u00e8 stato confermato anche alcuni giorni fa dal Censis. Il professor Di Pietra sapr\u00e0 certamente raccogliere l&#8217;eredit\u00e0 del lavoro svolto finora dalla comunit\u00e0 accademica e dare luogo a nuovi progetti di crescita per il bene dell&#8217;ateneo e di tutta la Toscana&#8221;.<\/em><\/p>\n","protected":false},"excerpt":{"rendered":"<p>Il professore di Economia aziendale ricoprir\u00e0 la carica per i prossimi sei anni accademici, fino al 2028<\/p>\n","protected":false},"author":525,"featured_media":237655,"comment_status":"open","ping_status":"open","sticky":false,"template":"","format":"standard","meta":{"_acf_changed":false,"footnotes":""},"categories":[494],"tags":[164,378],"class_list":["post-237652","post","type-post","status-publish","format-standard","has-post-thumbnail","hentry","category-attualita","tag-siena","tag-universita-di-siena"],"acf":[],"yoast_head":"<!-- This site is optimized with the Yoast SEO Premium plugin v24.2 (Yoast SEO v25.6) - https:\/\/yoast.com\/wordpress\/plugins\/seo\/ -->\n<title>Roberto Di Pietra \u00e8 il nuovo rettore dell&#039;Universit\u00e0 di Siena - intoscana<\/title>\n<meta name=\"description\" content=\"Roberto Di Pietra, docente di Economia aziendale, \u00e8 stato eletto ieri nuovo rettore dell&#039;Universit\u00e0 di Siena, rester\u00e0 in carica fino al 2028.\" \/>\n<meta name=\"robots\" content=\"index, follow, max-snippet:-1, max-image-preview:large, max-video-preview:-1\" \/>\n<link rel=\"canonical\" href=\"https:\/\/www.intoscana.it\/it\/roberto-di-pietra-e-il-nuovo-rettore-delluniversita-di-siena\/\" \/>\n<meta property=\"og:locale\" content=\"it_IT\" \/>\n<meta property=\"og:type\" content=\"article\" \/>\n<meta property=\"og:title\" content=\"Roberto Di Pietra \u00e8 il nuovo rettore dell&#039;Universit\u00e0 di Siena\" \/>\n<meta property=\"og:description\" content=\"Roberto Di Pietra, docente di Economia aziendale, \u00e8 stato eletto ieri nuovo rettore dell&#039;Universit\u00e0 di Siena, rester\u00e0 in carica fino al 2028.\" \/>\n<meta property=\"og:url\" content=\"https:\/\/www.intoscana.it\/it\/roberto-di-pietra-e-il-nuovo-rettore-delluniversita-di-siena\/\" \/>\n<meta property=\"og:site_name\" content=\"intoscana\" \/>\n<meta property=\"article:publisher\" content=\"https:\/\/www.facebook.com\/intoscana.it\" \/>\n<meta property=\"article:published_time\" content=\"2022-07-14T06:49:03+00:00\" \/>\n<meta property=\"article:modified_time\" content=\"2022-07-14T14:49:53+00:00\" \/>\n<meta property=\"og:image\" content=\"https:\/\/www.intoscana.it\/wp-content\/uploads\/rettore-siena-scaled.jpeg\" \/>\n\t<meta property=\"og:image:width\" content=\"2048\" \/>\n\t<meta property=\"og:image:height\" content=\"1608\" \/>\n\t<meta property=\"og:image:type\" content=\"image\/jpeg\" \/>\n<meta name=\"author\" content=\"Redazione\" \/>\n<meta name=\"twitter:card\" content=\"summary_large_image\" \/>\n<meta name=\"twitter:creator\" content=\"@intoscana\" \/>\n<meta name=\"twitter:site\" content=\"@intoscana\" \/>\n<meta name=\"twitter:label1\" content=\"Written by\" \/>\n\t<meta name=\"twitter:data1\" content=\"Redazione\" \/>\n\t<meta name=\"twitter:label2\" content=\"Est. reading time\" \/>\n\t<meta name=\"twitter:data2\" content=\"2 minuti\" \/>\n<script type=\"application\/ld+json\" class=\"yoast-schema-graph\">{\"@context\":\"https:\/\/schema.org\",\"@graph\":[{\"@type\":\"WebPage\",\"@id\":\"https:\/\/www.intoscana.it\/it\/roberto-di-pietra-e-il-nuovo-rettore-delluniversita-di-siena\/\",\"url\":\"https:\/\/www.intoscana.it\/it\/roberto-di-pietra-e-il-nuovo-rettore-delluniversita-di-siena\/\",\"name\":\"Roberto Di Pietra \u00e8 il nuovo rettore dell'Universit\u00e0 di Siena - intoscana\",\"isPartOf\":{\"@id\":\"https:\/\/www.intoscana.it\/it\/#website\"},\"primaryImageOfPage\":{\"@id\":\"https:\/\/www.intoscana.it\/it\/roberto-di-pietra-e-il-nuovo-rettore-delluniversita-di-siena\/#primaryimage\"},\"image\":{\"@id\":\"https:\/\/www.intoscana.it\/it\/roberto-di-pietra-e-il-nuovo-rettore-delluniversita-di-siena\/#primaryimage\"},\"thumbnailUrl\":\"https:\/\/www.intoscana.it\/wp-content\/uploads\/rettore-siena-scaled.jpeg\",\"datePublished\":\"2022-07-14T06:49:03+00:00\",\"dateModified\":\"2022-07-14T14:49:53+00:00\",\"author\":{\"@id\":\"https:\/\/www.intoscana.it\/it\/#\/schema\/person\/9223810753230f20bd670fdd322661f8\"},\"description\":\"Roberto Di Pietra, docente di Economia aziendale, \u00e8 stato eletto ieri nuovo rettore dell'Universit\u00e0 di Siena, rester\u00e0 in carica fino al 2028.\",\"breadcrumb\":{\"@id\":\"https:\/\/www.intoscana.it\/it\/roberto-di-pietra-e-il-nuovo-rettore-delluniversita-di-siena\/#breadcrumb\"},\"inLanguage\":\"it-IT\",\"potentialAction\":[{\"@type\":\"ReadAction\",\"target\":[\"https:\/\/www.intoscana.it\/it\/roberto-di-pietra-e-il-nuovo-rettore-delluniversita-di-siena\/\"]}]},{\"@type\":\"ImageObject\",\"inLanguage\":\"it-IT\",\"@id\":\"https:\/\/www.intoscana.it\/it\/roberto-di-pietra-e-il-nuovo-rettore-delluniversita-di-siena\/#primaryimage\",\"url\":\"https:\/\/www.intoscana.it\/wp-content\/uploads\/rettore-siena-scaled.jpeg\",\"contentUrl\":\"https:\/\/www.intoscana.it\/wp-content\/uploads\/rettore-siena-scaled.jpeg\",\"width\":2048,\"height\":1608,\"caption\":\"Roberto di Pietra, rettore dell'Universit\u00e0 di Siena\"},{\"@type\":\"BreadcrumbList\",\"@id\":\"https:\/\/www.intoscana.it\/it\/roberto-di-pietra-e-il-nuovo-rettore-delluniversita-di-siena\/#breadcrumb\",\"itemListElement\":[{\"@type\":\"ListItem\",\"position\":1,\"name\":\"Home\",\"item\":\"https:\/\/www.intoscana.it\/it\/\"},{\"@type\":\"ListItem\",\"position\":2,\"name\":\"Roberto Di Pietra \u00e8 il nuovo rettore dell&#8217;Universit\u00e0 di Siena\"}]},{\"@type\":\"WebSite\",\"@id\":\"https:\/\/www.intoscana.it\/it\/#website\",\"url\":\"https:\/\/www.intoscana.it\/it\/\",\"name\":\"intoscana\",\"description\":\"\",\"potentialAction\":[{\"@type\":\"SearchAction\",\"target\":{\"@type\":\"EntryPoint\",\"urlTemplate\":\"https:\/\/www.intoscana.it\/it\/?s={search_term_string}\"},\"query-input\":{\"@type\":\"PropertyValueSpecification\",\"valueRequired\":true,\"valueName\":\"search_term_string\"}}],\"inLanguage\":\"it-IT\"},{\"@type\":\"Person\",\"@id\":\"https:\/\/www.intoscana.it\/it\/#\/schema\/person\/9223810753230f20bd670fdd322661f8\",\"name\":\"Redazione\",\"url\":\"https:\/\/www.intoscana.it\/it\/author\/redazione\/\"}]}<\/script>\n<!-- \/ Yoast SEO Premium plugin. -->","yoast_head_json":{"title":"Roberto Di Pietra \u00e8 il nuovo rettore dell'Universit\u00e0 di Siena - intoscana","description":"Roberto Di Pietra, docente di Economia aziendale, \u00e8 stato eletto ieri nuovo rettore dell'Universit\u00e0 di Siena, rester\u00e0 in carica fino al 2028.","robots":{"index":"index","follow":"follow","max-snippet":"max-snippet:-1","max-image-preview":"max-image-preview:large","max-video-preview":"max-video-preview:-1"},"canonical":"https:\/\/www.intoscana.it\/it\/roberto-di-pietra-e-il-nuovo-rettore-delluniversita-di-siena\/","og_locale":"it_IT","og_type":"article","og_title":"Roberto Di Pietra \u00e8 il nuovo rettore dell'Universit\u00e0 di Siena","og_description":"Roberto Di Pietra, docente di Economia aziendale, \u00e8 stato eletto ieri nuovo rettore dell'Universit\u00e0 di Siena, rester\u00e0 in carica fino al 2028.","og_url":"https:\/\/www.intoscana.it\/it\/roberto-di-pietra-e-il-nuovo-rettore-delluniversita-di-siena\/","og_site_name":"intoscana","article_publisher":"https:\/\/www.facebook.com\/intoscana.it","article_published_time":"2022-07-14T06:49:03+00:00","article_modified_time":"2022-07-14T14:49:53+00:00","og_image":[{"width":2048,"height":1608,"url":"https:\/\/www.intoscana.it\/wp-content\/uploads\/rettore-siena-scaled.jpeg","type":"image\/jpeg"}],"author":"Redazione","twitter_card":"summary_large_image","twitter_creator":"@intoscana","twitter_site":"@intoscana","twitter_misc":{"Written by":"Redazione","Est. reading time":"2 minuti"},"schema":{"@context":"https:\/\/schema.org","@graph":[{"@type":"WebPage","@id":"https:\/\/www.intoscana.it\/it\/roberto-di-pietra-e-il-nuovo-rettore-delluniversita-di-siena\/","url":"https:\/\/www.intoscana.it\/it\/roberto-di-pietra-e-il-nuovo-rettore-delluniversita-di-siena\/","name":"Roberto Di Pietra \u00e8 il nuovo rettore dell'Universit\u00e0 di Siena - intoscana","isPartOf":{"@id":"https:\/\/www.intoscana.it\/it\/#website"},"primaryImageOfPage":{"@id":"https:\/\/www.intoscana.it\/it\/roberto-di-pietra-e-il-nuovo-rettore-delluniversita-di-siena\/#primaryimage"},"image":{"@id":"https:\/\/www.intoscana.it\/it\/roberto-di-pietra-e-il-nuovo-rettore-delluniversita-di-siena\/#primaryimage"},"thumbnailUrl":"https:\/\/www.intoscana.it\/wp-content\/uploads\/rettore-siena-scaled.jpeg","datePublished":"2022-07-14T06:49:03+00:00","dateModified":"2022-07-14T14:49:53+00:00","author":{"@id":"https:\/\/www.intoscana.it\/it\/#\/schema\/person\/9223810753230f20bd670fdd322661f8"},"description":"Roberto Di Pietra, docente di Economia aziendale, \u00e8 stato eletto ieri nuovo rettore dell'Universit\u00e0 di Siena, rester\u00e0 in carica fino al 2028.","breadcrumb":{"@id":"https:\/\/www.intoscana.it\/it\/roberto-di-pietra-e-il-nuovo-rettore-delluniversita-di-siena\/#breadcrumb"},"inLanguage":"it-IT","potentialAction":[{"@type":"ReadAction","target":["https:\/\/www.intoscana.it\/it\/roberto-di-pietra-e-il-nuovo-rettore-delluniversita-di-siena\/"]}]},{"@type":"ImageObject","inLanguage":"it-IT","@id":"https:\/\/www.intoscana.it\/it\/roberto-di-pietra-e-il-nuovo-rettore-delluniversita-di-siena\/#primaryimage","url":"https:\/\/www.intoscana.it\/wp-content\/uploads\/rettore-siena-scaled.jpeg","contentUrl":"https:\/\/www.intoscana.it\/wp-content\/uploads\/rettore-siena-scaled.jpeg","width":2048,"height":1608,"caption":"Roberto di Pietra, rettore dell'Universit\u00e0 di Siena"},{"@type":"BreadcrumbList","@id":"https:\/\/www.intoscana.it\/it\/roberto-di-pietra-e-il-nuovo-rettore-delluniversita-di-siena\/#breadcrumb","itemListElement":[{"@type":"ListItem","position":1,"name":"Home","item":"https:\/\/www.intoscana.it\/it\/"},{"@type":"ListItem","position":2,"name":"Roberto Di Pietra \u00e8 il nuovo rettore dell&#8217;Universit\u00e0 di Siena"}]},{"@type":"WebSite","@id":"https:\/\/www.intoscana.it\/it\/#website","url":"https:\/\/www.intoscana.it\/it\/","name":"intoscana","description":"","potentialAction":[{"@type":"SearchAction","target":{"@type":"EntryPoint","urlTemplate":"https:\/\/www.intoscana.it\/it\/?s={search_term_string}"},"query-input":{"@type":"PropertyValueSpecification","valueRequired":true,"valueName":"search_term_string"}}],"inLanguage":"it-IT"},{"@type":"Person","@id":"https:\/\/www.intoscana.it\/it\/#\/schema\/person\/9223810753230f20bd670fdd322661f8","name":"Redazione","url":"https:\/\/www.intoscana.it\/it\/author\/redazione\/"}]}},"_links":{"self":[{"href":"https:\/\/www.intoscana.it\/it\/wp-json\/wp\/v2\/posts\/237652","targetHints":{"allow":["GET"]}}],"collection":[{"href":"https:\/\/www.intoscana.it\/it\/wp-json\/wp\/v2\/posts"}],"about":[{"href":"https:\/\/www.intoscana.it\/it\/wp-json\/wp\/v2\/types\/post"}],"author":[{"embeddable":true,"href":"https:\/\/www.intoscana.it\/it\/wp-json\/wp\/v2\/users\/525"}],"replies":[{"embeddable":true,"href":"https:\/\/www.intoscana.it\/it\/wp-json\/wp\/v2\/comments?post=237652"}],"version-history":[{"count":0,"href":"https:\/\/www.intoscana.it\/it\/wp-json\/wp\/v2\/posts\/237652\/revisions"}],"wp:featuredmedia":[{"embeddable":true,"href":"https:\/\/www.intoscana.it\/it\/wp-json\/wp\/v2\/media\/237655"}],"wp:attachment":[{"href":"https:\/\/www.intoscana.it\/it\/wp-json\/wp\/v2\/media?parent=237652"}],"wp:term":[{"taxonomy":"category","embeddable":true,"href":"https:\/\/www.intoscana.it\/it\/wp-json\/wp\/v2\/categories?post=237652"},{"taxonomy":"post_tag","embeddable":true,"href":"https:\/\/www.intoscana.it\/it\/wp-json\/wp\/v2\/tags?post=237652"}],"curies":[{"name":"wp","href":"https:\/\/api.w.org\/{rel}","templated":true}]}}