{"id":237899,"date":"2022-07-15T12:16:32","date_gmt":"2022-07-15T10:16:32","guid":{"rendered":"https:\/\/www.intoscana.it\/it\/?p=237899"},"modified":"2022-07-15T16:37:48","modified_gmt":"2022-07-15T14:37:48","slug":"polo-universitario-penitenziario-toscana","status":"publish","type":"post","link":"https:\/\/www.intoscana.it\/it\/polo-universitario-penitenziario-toscana\/","title":{"rendered":"Polo universitario penitenziario: rinnovato l&#8217;accordo tra Regione Toscana, atenei e Prap"},"content":{"rendered":"<p>La <strong>Giunta regionale toscana<\/strong> ha approvato il nuovo schema di accordo che permetter\u00e0 di proseguire la collaborazione per le attivit\u00e0 del <strong>Polo universitario penitenziario<\/strong>\u00a0con gli <strong>atenei<\/strong> di Firenze, Pisa, Siena e l&#8217;Universit\u00e0 per stranieri di Siena insieme al<strong> Prap<\/strong>, il provveditorato regionale dell&#8217;amministrazione penitenziaria.<\/p>\n<p><strong>Diritto <\/strong>allo <strong>studio in carcere<\/strong> che in Toscana \u00e8 solida realt\u00e0 da oltre vent&#8217;anni e adesso, per il triennio 2022-2024, la Regione investir\u00e0 120.000 euro. Tutto \u00e8 partito da Firenze nel 2000,\u00a0poi nel 2003 l&#8217;esperienza si \u00e8 allargata anche a Pisa e Siena. Nel 2010 le tre Universit\u00e0 si sono consorziate, con il supporto della Regione e sette anni dopo \u00e8 stato infine firmato il primo accordo tra i soggetti tutt&#8217;oggi protagonisti di questo progetto.<\/p>\n<p>Il trend di partecipazione dei detenuti \u00e8 in costante<strong> crescita<\/strong>: nell\u2019ultimo triennio, nonostante le limitazioni imposte dal periodo di emergenza sanitaria, gli immatricolati sono stati oltre<strong> 400<\/strong>, con un record di 151 nell\u2019anno accademico 2020-2021. Complessivamente nell\u2019ultimo triennio gli studenti hanno sostenuto quasi 850 esami (record di 259 nel 2021) mentre 15 sono stati i laureati, 6 a Firenze e Siena e 3 a Pisa.<\/p>\n<p><em>&#8220;Questi percorsi universitari<\/em> \u2013 ha commentato l\u2019assessora regionale <strong>Serena Spinelli<\/strong> \u2013 <em>affermano il diritto fondamentale allo studio, sancito dalla Costituzione, consentendo a persone detenute o in esecuzione penale esterna il raggiungimento del titolo universitario. In particolare \u2013 aggiunge l\u2019assessora &#8211; sono preziosi per il loro recupero e reinserimento sociale, aprendo a nuove opportunit\u00e0 e progetti di vita per quando avranno terminato di scontare la pena&#8221;.\u00a0<\/em><\/p>\n<p>Riguardo all&#8217;<strong>indirizzo di studi<\/strong> l&#8217;area di scienze politiche, quella di studi umanistici e della formazione sono le pi\u00f9 richieste dagli studenti che negli ultimi anni hanno incrementato la loro presenza anche nelle discipline economiche e nelle scienze naturali, fisiche e matematiche.<\/p>\n<p>Grazie al nuovo accordo &#8211; spiegano dalla Regione Toscana &#8211; verranno potenziate alcune attivit\u00e0. C&#8217;\u00e8 l&#8217;impegno &#8211; ad esempio\u00a0 &#8211; a promuovere la creazione di <strong>sale studio<\/strong> e luoghi funzionali ai colloqui con gli studenti negli istituti, e ancora lo sviluppo di un <strong>polo bibliotecario universitario<\/strong> che, avvalendosi anche della rete delle biblioteche, valorizzi le esperienze gi\u00e0 in essere \u00a0con l\u2019obiettivo di promuovere la lettura in carcere e di valorizzare le competenze di ricerca informativa.<\/p>\n","protected":false},"excerpt":{"rendered":"<p>Nella nuova intesa anche l&#8217;impegno a promuovere la creazione di sale studio e di un polo bibliotecario universitario. Spinelli: &#8220;Percorsi universitari\u00a0 preziosi per recupero e reinserimento sociale&#8221;<\/p>\n","protected":false},"author":525,"featured_media":143933,"comment_status":"open","ping_status":"open","sticky":false,"template":"","format":"standard","meta":{"_acf_changed":false,"footnotes":""},"categories":[494],"tags":[300,4822,234],"class_list":["post-237899","post","type-post","status-publish","format-standard","has-post-thumbnail","hentry","category-attualita","tag-carcere","tag-serena-spinelli","tag-universita"],"acf":[],"yoast_head":"<!-- This site is optimized with the Yoast SEO Premium plugin v24.2 (Yoast SEO v25.6) - https:\/\/yoast.com\/wordpress\/plugins\/seo\/ -->\n<title>Polo universitario penitenziario: rinnovato l&#039;accordo tra Regione Toscana, atenei e Prap - intoscana<\/title>\n<meta name=\"description\" content=\"Studiare in carcere: accordo per rafforzare le attivit\u00e0 negli istituti penitenziari: dal polo bibliotecario alle sale studio.\" \/>\n<meta name=\"robots\" content=\"index, follow, max-snippet:-1, max-image-preview:large, max-video-preview:-1\" \/>\n<link rel=\"canonical\" href=\"https:\/\/www.intoscana.it\/it\/polo-universitario-penitenziario-toscana\/\" \/>\n<meta property=\"og:locale\" content=\"it_IT\" \/>\n<meta property=\"og:type\" content=\"article\" \/>\n<meta property=\"og:title\" content=\"Polo universitario penitenziario: rinnovato l&#039;accordo tra Regione Toscana, atenei e Prap\" \/>\n<meta property=\"og:description\" content=\"Studiare in carcere: accordo per rafforzare le attivit\u00e0 negli istituti penitenziari: dal polo bibliotecario alle sale studio.\" \/>\n<meta property=\"og:url\" content=\"https:\/\/www.intoscana.it\/it\/polo-universitario-penitenziario-toscana\/\" \/>\n<meta property=\"og:site_name\" content=\"intoscana\" \/>\n<meta property=\"article:publisher\" content=\"https:\/\/www.facebook.com\/intoscana.it\" \/>\n<meta property=\"article:published_time\" content=\"2022-07-15T10:16:32+00:00\" \/>\n<meta property=\"article:modified_time\" content=\"2022-07-15T14:37:48+00:00\" \/>\n<meta property=\"og:image\" content=\"https:\/\/www.intoscana.it\/wp-content\/uploads\/shutterstock_1684350097.jpg\" \/>\n\t<meta property=\"og:image:width\" content=\"2000\" \/>\n\t<meta property=\"og:image:height\" content=\"1333\" \/>\n\t<meta property=\"og:image:type\" content=\"image\/jpeg\" \/>\n<meta name=\"author\" content=\"Redazione\" \/>\n<meta name=\"twitter:card\" content=\"summary_large_image\" \/>\n<meta name=\"twitter:creator\" content=\"@intoscana\" \/>\n<meta name=\"twitter:site\" content=\"@intoscana\" \/>\n<meta name=\"twitter:label1\" content=\"Written by\" \/>\n\t<meta name=\"twitter:data1\" content=\"Redazione\" \/>\n\t<meta name=\"twitter:label2\" content=\"Est. reading time\" \/>\n\t<meta name=\"twitter:data2\" content=\"2 minuti\" \/>\n<script type=\"application\/ld+json\" class=\"yoast-schema-graph\">{\"@context\":\"https:\/\/schema.org\",\"@graph\":[{\"@type\":\"WebPage\",\"@id\":\"https:\/\/www.intoscana.it\/it\/polo-universitario-penitenziario-toscana\/\",\"url\":\"https:\/\/www.intoscana.it\/it\/polo-universitario-penitenziario-toscana\/\",\"name\":\"Polo universitario penitenziario: rinnovato l'accordo tra Regione Toscana, atenei e Prap - intoscana\",\"isPartOf\":{\"@id\":\"https:\/\/www.intoscana.it\/it\/#website\"},\"primaryImageOfPage\":{\"@id\":\"https:\/\/www.intoscana.it\/it\/polo-universitario-penitenziario-toscana\/#primaryimage\"},\"image\":{\"@id\":\"https:\/\/www.intoscana.it\/it\/polo-universitario-penitenziario-toscana\/#primaryimage\"},\"thumbnailUrl\":\"https:\/\/www.intoscana.it\/wp-content\/uploads\/shutterstock_1684350097.jpg\",\"datePublished\":\"2022-07-15T10:16:32+00:00\",\"dateModified\":\"2022-07-15T14:37:48+00:00\",\"author\":{\"@id\":\"https:\/\/www.intoscana.it\/it\/#\/schema\/person\/9223810753230f20bd670fdd322661f8\"},\"description\":\"Studiare in carcere: accordo per rafforzare le attivit\u00e0 negli istituti penitenziari: dal polo bibliotecario alle sale studio.\",\"breadcrumb\":{\"@id\":\"https:\/\/www.intoscana.it\/it\/polo-universitario-penitenziario-toscana\/#breadcrumb\"},\"inLanguage\":\"it-IT\",\"potentialAction\":[{\"@type\":\"ReadAction\",\"target\":[\"https:\/\/www.intoscana.it\/it\/polo-universitario-penitenziario-toscana\/\"]}]},{\"@type\":\"ImageObject\",\"inLanguage\":\"it-IT\",\"@id\":\"https:\/\/www.intoscana.it\/it\/polo-universitario-penitenziario-toscana\/#primaryimage\",\"url\":\"https:\/\/www.intoscana.it\/wp-content\/uploads\/shutterstock_1684350097.jpg\",\"contentUrl\":\"https:\/\/www.intoscana.it\/wp-content\/uploads\/shutterstock_1684350097.jpg\",\"width\":2000,\"height\":1333,\"caption\":\"Iniziativa di libri consegnati a domicilio a Barberino-Tavarnelle.\"},{\"@type\":\"BreadcrumbList\",\"@id\":\"https:\/\/www.intoscana.it\/it\/polo-universitario-penitenziario-toscana\/#breadcrumb\",\"itemListElement\":[{\"@type\":\"ListItem\",\"position\":1,\"name\":\"Home\",\"item\":\"https:\/\/www.intoscana.it\/it\/\"},{\"@type\":\"ListItem\",\"position\":2,\"name\":\"Polo universitario penitenziario: rinnovato l&#8217;accordo tra Regione Toscana, atenei e Prap\"}]},{\"@type\":\"WebSite\",\"@id\":\"https:\/\/www.intoscana.it\/it\/#website\",\"url\":\"https:\/\/www.intoscana.it\/it\/\",\"name\":\"intoscana\",\"description\":\"\",\"potentialAction\":[{\"@type\":\"SearchAction\",\"target\":{\"@type\":\"EntryPoint\",\"urlTemplate\":\"https:\/\/www.intoscana.it\/it\/?s={search_term_string}\"},\"query-input\":{\"@type\":\"PropertyValueSpecification\",\"valueRequired\":true,\"valueName\":\"search_term_string\"}}],\"inLanguage\":\"it-IT\"},{\"@type\":\"Person\",\"@id\":\"https:\/\/www.intoscana.it\/it\/#\/schema\/person\/9223810753230f20bd670fdd322661f8\",\"name\":\"Redazione\",\"url\":\"https:\/\/www.intoscana.it\/it\/author\/redazione\/\"}]}<\/script>\n<!-- \/ Yoast SEO Premium plugin. -->","yoast_head_json":{"title":"Polo universitario penitenziario: rinnovato l'accordo tra Regione Toscana, atenei e Prap - intoscana","description":"Studiare in carcere: accordo per rafforzare le attivit\u00e0 negli istituti penitenziari: dal polo bibliotecario alle sale studio.","robots":{"index":"index","follow":"follow","max-snippet":"max-snippet:-1","max-image-preview":"max-image-preview:large","max-video-preview":"max-video-preview:-1"},"canonical":"https:\/\/www.intoscana.it\/it\/polo-universitario-penitenziario-toscana\/","og_locale":"it_IT","og_type":"article","og_title":"Polo universitario penitenziario: rinnovato l'accordo tra Regione Toscana, atenei e Prap","og_description":"Studiare in carcere: accordo per rafforzare le attivit\u00e0 negli istituti penitenziari: dal polo bibliotecario alle sale studio.","og_url":"https:\/\/www.intoscana.it\/it\/polo-universitario-penitenziario-toscana\/","og_site_name":"intoscana","article_publisher":"https:\/\/www.facebook.com\/intoscana.it","article_published_time":"2022-07-15T10:16:32+00:00","article_modified_time":"2022-07-15T14:37:48+00:00","og_image":[{"width":2000,"height":1333,"url":"https:\/\/www.intoscana.it\/wp-content\/uploads\/shutterstock_1684350097.jpg","type":"image\/jpeg"}],"author":"Redazione","twitter_card":"summary_large_image","twitter_creator":"@intoscana","twitter_site":"@intoscana","twitter_misc":{"Written by":"Redazione","Est. reading time":"2 minuti"},"schema":{"@context":"https:\/\/schema.org","@graph":[{"@type":"WebPage","@id":"https:\/\/www.intoscana.it\/it\/polo-universitario-penitenziario-toscana\/","url":"https:\/\/www.intoscana.it\/it\/polo-universitario-penitenziario-toscana\/","name":"Polo universitario penitenziario: rinnovato l'accordo tra Regione Toscana, atenei e Prap - intoscana","isPartOf":{"@id":"https:\/\/www.intoscana.it\/it\/#website"},"primaryImageOfPage":{"@id":"https:\/\/www.intoscana.it\/it\/polo-universitario-penitenziario-toscana\/#primaryimage"},"image":{"@id":"https:\/\/www.intoscana.it\/it\/polo-universitario-penitenziario-toscana\/#primaryimage"},"thumbnailUrl":"https:\/\/www.intoscana.it\/wp-content\/uploads\/shutterstock_1684350097.jpg","datePublished":"2022-07-15T10:16:32+00:00","dateModified":"2022-07-15T14:37:48+00:00","author":{"@id":"https:\/\/www.intoscana.it\/it\/#\/schema\/person\/9223810753230f20bd670fdd322661f8"},"description":"Studiare in carcere: accordo per rafforzare le attivit\u00e0 negli istituti penitenziari: dal polo bibliotecario alle sale studio.","breadcrumb":{"@id":"https:\/\/www.intoscana.it\/it\/polo-universitario-penitenziario-toscana\/#breadcrumb"},"inLanguage":"it-IT","potentialAction":[{"@type":"ReadAction","target":["https:\/\/www.intoscana.it\/it\/polo-universitario-penitenziario-toscana\/"]}]},{"@type":"ImageObject","inLanguage":"it-IT","@id":"https:\/\/www.intoscana.it\/it\/polo-universitario-penitenziario-toscana\/#primaryimage","url":"https:\/\/www.intoscana.it\/wp-content\/uploads\/shutterstock_1684350097.jpg","contentUrl":"https:\/\/www.intoscana.it\/wp-content\/uploads\/shutterstock_1684350097.jpg","width":2000,"height":1333,"caption":"Iniziativa di libri consegnati a domicilio a Barberino-Tavarnelle."},{"@type":"BreadcrumbList","@id":"https:\/\/www.intoscana.it\/it\/polo-universitario-penitenziario-toscana\/#breadcrumb","itemListElement":[{"@type":"ListItem","position":1,"name":"Home","item":"https:\/\/www.intoscana.it\/it\/"},{"@type":"ListItem","position":2,"name":"Polo universitario penitenziario: rinnovato l&#8217;accordo tra Regione Toscana, atenei e Prap"}]},{"@type":"WebSite","@id":"https:\/\/www.intoscana.it\/it\/#website","url":"https:\/\/www.intoscana.it\/it\/","name":"intoscana","description":"","potentialAction":[{"@type":"SearchAction","target":{"@type":"EntryPoint","urlTemplate":"https:\/\/www.intoscana.it\/it\/?s={search_term_string}"},"query-input":{"@type":"PropertyValueSpecification","valueRequired":true,"valueName":"search_term_string"}}],"inLanguage":"it-IT"},{"@type":"Person","@id":"https:\/\/www.intoscana.it\/it\/#\/schema\/person\/9223810753230f20bd670fdd322661f8","name":"Redazione","url":"https:\/\/www.intoscana.it\/it\/author\/redazione\/"}]}},"_links":{"self":[{"href":"https:\/\/www.intoscana.it\/it\/wp-json\/wp\/v2\/posts\/237899","targetHints":{"allow":["GET"]}}],"collection":[{"href":"https:\/\/www.intoscana.it\/it\/wp-json\/wp\/v2\/posts"}],"about":[{"href":"https:\/\/www.intoscana.it\/it\/wp-json\/wp\/v2\/types\/post"}],"author":[{"embeddable":true,"href":"https:\/\/www.intoscana.it\/it\/wp-json\/wp\/v2\/users\/525"}],"replies":[{"embeddable":true,"href":"https:\/\/www.intoscana.it\/it\/wp-json\/wp\/v2\/comments?post=237899"}],"version-history":[{"count":0,"href":"https:\/\/www.intoscana.it\/it\/wp-json\/wp\/v2\/posts\/237899\/revisions"}],"wp:featuredmedia":[{"embeddable":true,"href":"https:\/\/www.intoscana.it\/it\/wp-json\/wp\/v2\/media\/143933"}],"wp:attachment":[{"href":"https:\/\/www.intoscana.it\/it\/wp-json\/wp\/v2\/media?parent=237899"}],"wp:term":[{"taxonomy":"category","embeddable":true,"href":"https:\/\/www.intoscana.it\/it\/wp-json\/wp\/v2\/categories?post=237899"},{"taxonomy":"post_tag","embeddable":true,"href":"https:\/\/www.intoscana.it\/it\/wp-json\/wp\/v2\/tags?post=237899"}],"curies":[{"name":"wp","href":"https:\/\/api.w.org\/{rel}","templated":true}]}}