{"id":238028,"date":"2022-07-16T11:45:35","date_gmt":"2022-07-16T09:45:35","guid":{"rendered":"https:\/\/www.intoscana.it\/it\/?p=238028"},"modified":"2022-07-18T11:04:28","modified_gmt":"2022-07-18T09:04:28","slug":"invasi-anti-siccita-la-strategia-della-regione-contro-la-burocrazia","status":"publish","type":"post","link":"https:\/\/www.intoscana.it\/it\/invasi-anti-siccita-la-strategia-della-regione-contro-la-burocrazia\/","title":{"rendered":"Invasi anti siccit\u00e0, la strategia della Regione contro la burocrazia"},"content":{"rendered":"<p>Emergenza <strong>siccit\u00e0<\/strong>, Regione al lavoro per <mark>semplificare e snellire le procedure per realizzare nuovi invasi<\/mark>. Troppa burocrazia blocca questi interventi divenuti ormai non pi\u00f9 rinviabili a fronte delle condizioni meteo di quest&#8217;estate bollente. Da qui la strategia comune su cui converge la cabina di regia riunitasi a Palazzo Strozzi Sacrati.<\/p>\n<p>\u201c<em>Anzitutto<\/em> \u2013 ha detto il presidente della Regione Toscana <strong>Eugenio<\/strong> <strong>Giani<\/strong> &#8211; <em>vogliamo arrivare quanto prima ad un quadro dei danni che la siccit\u00e0 ha causato e sta causando, in modo da inoltrare al governo la richiesta di emergenza nazionale&#8221;. <\/em>Questa la premessa del governatore.<\/p>\n<p>Sul fronte della realizzazione di <strong>laghi, laghetti e invasi<\/strong> e sulla salvaguardia di quelli gi\u00e0 esistenti <strong>Giani<\/strong> ritiene che si deve <em>&#8220;sburocratizzare il sistema di leggi e regolamenti per consentire al pubblico e al privato di arrivare ad opere che potranno rivelarsi preziose in periodi di siccit\u00e0. Infine<\/em> \u2013 ha concluso &#8211; <em>vogliamo individuare i siti dove ricavare da subito spazi di raccolta di acqua da utilizzare nei momenti di necessit\u00e0<\/em>\u201d.<\/p>\n<figure id=\"post-96978 media-96978\" class=\"align-none\"><img decoding=\"async\" src=\"https:\/\/www.intoscana.it\/wp-content\/uploads\/agricoltura-bando-giovani-2020.jpg\" alt=\"\" \/><\/figure>\n<div class=\"titleimg\">agricoltura<\/div>\n<h3>In soccorso del mondo agricolo<\/h3>\n<p>La cabina di regia ha segnato quindi un importante passo in avanti. \u201c<em>Il tavolo<\/em>\u00a0\u2013 ha spiegato <strong>l\u2019assessora Monni<\/strong> &#8211; <em>si \u00e8 concentrato soprattutto sul mondo agricolo, che \u00e8 in grandissima sofferenza e si prevede che lo sar\u00e0 ancora per un po\u2019&#8221;. <\/em>Le previsioni meteo non sono favorevoli.<em> &#8220;Abbiamo fatto il punto sia sugli interventi per fronteggiare l\u2019emergenza, da inserire nella richiesta nazionale. Contiamo di presentare quanto prima le richieste dello stato di calamit\u00e0 in agricoltura, per le quali ARTEA ha gi\u00e0 aperto la procedura per la loro raccolta<\/em>\u201d ha ribadito <strong>Monni<\/strong>.<\/p>\n<h3>Via gli ostacoli burocratici<\/h3>\n<p>L\u2019elemento importante \u00e8 l\u2019istituzione di <strong>un tavolo tecnico<\/strong> con tutti i soggetti regionali coinvolti e i tecnici delle categorie agricole, per studiare un <strong>piano di semplificazione<\/strong>, sia dal punto di vista normativo che procedurale. \u201c<em>Probabilmente questo ultimo punto<\/em> \u2013 ha proseguito &#8211; <em>\u00e8 anche pi\u00f9 importante dato che ci arrivano notizie di tentativi di realizzazione di nuovi invasi che per\u00f2 si incagliano, si rallentano o che vengono abbandonati a causa di difficolt\u00e0 burocratiche<\/em>\u201d.<\/p>\n<h3>Parola d&#8217;ordine semplificare<\/h3>\n<p><strong>Semplificazione dei progetti<\/strong> attraverso una valutazione congiunta con tutti i soggetti coinvolti nel campo delle autorizzazioni. Una strategia vincente per <strong>eliminare gli ostacoli<\/strong> in modo rapido. \u201c<em>Sui progetti<\/em> \u2013 ha aggiunto <strong>Monni<\/strong> &#8211;<em>vogliamo impostare un lavoro di accompagnamento per far s\u00ec che essi stessi siano valutabili in tempi pi\u00f9 rapidi. Rispetto ai nuovi invasi, il presidente ha dato mandato di capire quali possono essere i 4 o 5 che si possono realizzare in tempi brevi e arrivare ad una valutazione insieme ai territori per agire il prima possibile<\/em>\u201d.<\/p>\n","protected":false},"excerpt":{"rendered":"<p>La cabina di regia con Giani e Monni impegnata nello sblocco delle procedure per realizzare laghi e spazi di raccolta dell&#8217;acqua piovana<\/p>\n","protected":false},"author":525,"featured_media":234245,"comment_status":"open","ping_status":"open","sticky":false,"template":"","format":"standard","meta":{"_acf_changed":false,"footnotes":""},"categories":[494],"tags":[158,5232,151,6510],"class_list":["post-238028","post","type-post","status-publish","format-standard","has-post-thumbnail","hentry","category-attualita","tag-eugenio-giani","tag-monia-monni","tag-regione-toscana","tag-siccita"],"acf":[],"yoast_head":"<!-- This site is optimized with the Yoast SEO Premium plugin v24.2 (Yoast SEO v25.6) - https:\/\/yoast.com\/wordpress\/plugins\/seo\/ -->\n<title>Invasi anti siccit\u00e0, la strategia della Regione contro la burocrazia - intoscana<\/title>\n<meta name=\"description\" content=\"La cabina di regia con Giani e Monni impegnata nello sblocco delle procedure per realizzare laghi e spazi di raccolta dell&#039;acqua piovana\" \/>\n<meta name=\"robots\" content=\"index, follow, max-snippet:-1, max-image-preview:large, max-video-preview:-1\" \/>\n<link rel=\"canonical\" href=\"https:\/\/www.intoscana.it\/it\/invasi-anti-siccita-la-strategia-della-regione-contro-la-burocrazia\/\" \/>\n<meta property=\"og:locale\" content=\"it_IT\" \/>\n<meta property=\"og:type\" content=\"article\" \/>\n<meta property=\"og:title\" content=\"Invasi anti siccit\u00e0, la strategia della Regione contro la burocrazia\" \/>\n<meta property=\"og:description\" content=\"La cabina di regia con Giani e Monni impegnata nello sblocco delle procedure per realizzare laghi e spazi di raccolta dell&#039;acqua piovana\" \/>\n<meta property=\"og:url\" content=\"https:\/\/www.intoscana.it\/it\/invasi-anti-siccita-la-strategia-della-regione-contro-la-burocrazia\/\" \/>\n<meta property=\"og:site_name\" content=\"intoscana\" \/>\n<meta property=\"article:publisher\" content=\"https:\/\/www.facebook.com\/intoscana.it\" \/>\n<meta property=\"article:published_time\" content=\"2022-07-16T09:45:35+00:00\" \/>\n<meta property=\"article:modified_time\" content=\"2022-07-18T09:04:28+00:00\" \/>\n<meta property=\"og:image\" content=\"https:\/\/www.intoscana.it\/wp-content\/uploads\/shutterstock_2160350589-scaled.jpg\" \/>\n\t<meta property=\"og:image:width\" content=\"2048\" \/>\n\t<meta property=\"og:image:height\" content=\"1365\" \/>\n\t<meta property=\"og:image:type\" content=\"image\/jpeg\" \/>\n<meta name=\"author\" content=\"Redazione\" \/>\n<meta name=\"twitter:card\" content=\"summary_large_image\" \/>\n<meta name=\"twitter:creator\" content=\"@intoscana\" \/>\n<meta name=\"twitter:site\" content=\"@intoscana\" \/>\n<meta name=\"twitter:label1\" content=\"Written by\" \/>\n\t<meta name=\"twitter:data1\" content=\"Redazione\" \/>\n\t<meta name=\"twitter:label2\" content=\"Est. reading time\" \/>\n\t<meta name=\"twitter:data2\" content=\"2 minuti\" \/>\n<script type=\"application\/ld+json\" class=\"yoast-schema-graph\">{\"@context\":\"https:\/\/schema.org\",\"@graph\":[{\"@type\":\"WebPage\",\"@id\":\"https:\/\/www.intoscana.it\/it\/invasi-anti-siccita-la-strategia-della-regione-contro-la-burocrazia\/\",\"url\":\"https:\/\/www.intoscana.it\/it\/invasi-anti-siccita-la-strategia-della-regione-contro-la-burocrazia\/\",\"name\":\"Invasi anti siccit\u00e0, la strategia della Regione contro la burocrazia - intoscana\",\"isPartOf\":{\"@id\":\"https:\/\/www.intoscana.it\/it\/#website\"},\"primaryImageOfPage\":{\"@id\":\"https:\/\/www.intoscana.it\/it\/invasi-anti-siccita-la-strategia-della-regione-contro-la-burocrazia\/#primaryimage\"},\"image\":{\"@id\":\"https:\/\/www.intoscana.it\/it\/invasi-anti-siccita-la-strategia-della-regione-contro-la-burocrazia\/#primaryimage\"},\"thumbnailUrl\":\"https:\/\/www.intoscana.it\/wp-content\/uploads\/shutterstock_2160350589-scaled.jpg\",\"datePublished\":\"2022-07-16T09:45:35+00:00\",\"dateModified\":\"2022-07-18T09:04:28+00:00\",\"author\":{\"@id\":\"https:\/\/www.intoscana.it\/it\/#\/schema\/person\/9223810753230f20bd670fdd322661f8\"},\"description\":\"La cabina di regia con Giani e Monni impegnata nello sblocco delle procedure per realizzare laghi e spazi di raccolta dell'acqua piovana\",\"breadcrumb\":{\"@id\":\"https:\/\/www.intoscana.it\/it\/invasi-anti-siccita-la-strategia-della-regione-contro-la-burocrazia\/#breadcrumb\"},\"inLanguage\":\"it-IT\",\"potentialAction\":[{\"@type\":\"ReadAction\",\"target\":[\"https:\/\/www.intoscana.it\/it\/invasi-anti-siccita-la-strategia-della-regione-contro-la-burocrazia\/\"]}]},{\"@type\":\"ImageObject\",\"inLanguage\":\"it-IT\",\"@id\":\"https:\/\/www.intoscana.it\/it\/invasi-anti-siccita-la-strategia-della-regione-contro-la-burocrazia\/#primaryimage\",\"url\":\"https:\/\/www.intoscana.it\/wp-content\/uploads\/shutterstock_2160350589-scaled.jpg\",\"contentUrl\":\"https:\/\/www.intoscana.it\/wp-content\/uploads\/shutterstock_2160350589-scaled.jpg\",\"width\":2048,\"height\":1365,\"caption\":\"Siccit\u00e0\"},{\"@type\":\"BreadcrumbList\",\"@id\":\"https:\/\/www.intoscana.it\/it\/invasi-anti-siccita-la-strategia-della-regione-contro-la-burocrazia\/#breadcrumb\",\"itemListElement\":[{\"@type\":\"ListItem\",\"position\":1,\"name\":\"Home\",\"item\":\"https:\/\/www.intoscana.it\/it\/\"},{\"@type\":\"ListItem\",\"position\":2,\"name\":\"Invasi anti siccit\u00e0, la strategia della Regione contro la burocrazia\"}]},{\"@type\":\"WebSite\",\"@id\":\"https:\/\/www.intoscana.it\/it\/#website\",\"url\":\"https:\/\/www.intoscana.it\/it\/\",\"name\":\"intoscana\",\"description\":\"\",\"potentialAction\":[{\"@type\":\"SearchAction\",\"target\":{\"@type\":\"EntryPoint\",\"urlTemplate\":\"https:\/\/www.intoscana.it\/it\/?s={search_term_string}\"},\"query-input\":{\"@type\":\"PropertyValueSpecification\",\"valueRequired\":true,\"valueName\":\"search_term_string\"}}],\"inLanguage\":\"it-IT\"},{\"@type\":\"Person\",\"@id\":\"https:\/\/www.intoscana.it\/it\/#\/schema\/person\/9223810753230f20bd670fdd322661f8\",\"name\":\"Redazione\",\"url\":\"https:\/\/www.intoscana.it\/it\/author\/redazione\/\"}]}<\/script>\n<!-- \/ Yoast SEO Premium plugin. -->","yoast_head_json":{"title":"Invasi anti siccit\u00e0, la strategia della Regione contro la burocrazia - intoscana","description":"La cabina di regia con Giani e Monni impegnata nello sblocco delle procedure per realizzare laghi e spazi di raccolta dell'acqua piovana","robots":{"index":"index","follow":"follow","max-snippet":"max-snippet:-1","max-image-preview":"max-image-preview:large","max-video-preview":"max-video-preview:-1"},"canonical":"https:\/\/www.intoscana.it\/it\/invasi-anti-siccita-la-strategia-della-regione-contro-la-burocrazia\/","og_locale":"it_IT","og_type":"article","og_title":"Invasi anti siccit\u00e0, la strategia della Regione contro la burocrazia","og_description":"La cabina di regia con Giani e Monni impegnata nello sblocco delle procedure per realizzare laghi e spazi di raccolta dell'acqua piovana","og_url":"https:\/\/www.intoscana.it\/it\/invasi-anti-siccita-la-strategia-della-regione-contro-la-burocrazia\/","og_site_name":"intoscana","article_publisher":"https:\/\/www.facebook.com\/intoscana.it","article_published_time":"2022-07-16T09:45:35+00:00","article_modified_time":"2022-07-18T09:04:28+00:00","og_image":[{"width":2048,"height":1365,"url":"https:\/\/www.intoscana.it\/wp-content\/uploads\/shutterstock_2160350589-scaled.jpg","type":"image\/jpeg"}],"author":"Redazione","twitter_card":"summary_large_image","twitter_creator":"@intoscana","twitter_site":"@intoscana","twitter_misc":{"Written by":"Redazione","Est. reading time":"2 minuti"},"schema":{"@context":"https:\/\/schema.org","@graph":[{"@type":"WebPage","@id":"https:\/\/www.intoscana.it\/it\/invasi-anti-siccita-la-strategia-della-regione-contro-la-burocrazia\/","url":"https:\/\/www.intoscana.it\/it\/invasi-anti-siccita-la-strategia-della-regione-contro-la-burocrazia\/","name":"Invasi anti siccit\u00e0, la strategia della Regione contro la burocrazia - intoscana","isPartOf":{"@id":"https:\/\/www.intoscana.it\/it\/#website"},"primaryImageOfPage":{"@id":"https:\/\/www.intoscana.it\/it\/invasi-anti-siccita-la-strategia-della-regione-contro-la-burocrazia\/#primaryimage"},"image":{"@id":"https:\/\/www.intoscana.it\/it\/invasi-anti-siccita-la-strategia-della-regione-contro-la-burocrazia\/#primaryimage"},"thumbnailUrl":"https:\/\/www.intoscana.it\/wp-content\/uploads\/shutterstock_2160350589-scaled.jpg","datePublished":"2022-07-16T09:45:35+00:00","dateModified":"2022-07-18T09:04:28+00:00","author":{"@id":"https:\/\/www.intoscana.it\/it\/#\/schema\/person\/9223810753230f20bd670fdd322661f8"},"description":"La cabina di regia con Giani e Monni impegnata nello sblocco delle procedure per realizzare laghi e spazi di raccolta dell'acqua piovana","breadcrumb":{"@id":"https:\/\/www.intoscana.it\/it\/invasi-anti-siccita-la-strategia-della-regione-contro-la-burocrazia\/#breadcrumb"},"inLanguage":"it-IT","potentialAction":[{"@type":"ReadAction","target":["https:\/\/www.intoscana.it\/it\/invasi-anti-siccita-la-strategia-della-regione-contro-la-burocrazia\/"]}]},{"@type":"ImageObject","inLanguage":"it-IT","@id":"https:\/\/www.intoscana.it\/it\/invasi-anti-siccita-la-strategia-della-regione-contro-la-burocrazia\/#primaryimage","url":"https:\/\/www.intoscana.it\/wp-content\/uploads\/shutterstock_2160350589-scaled.jpg","contentUrl":"https:\/\/www.intoscana.it\/wp-content\/uploads\/shutterstock_2160350589-scaled.jpg","width":2048,"height":1365,"caption":"Siccit\u00e0"},{"@type":"BreadcrumbList","@id":"https:\/\/www.intoscana.it\/it\/invasi-anti-siccita-la-strategia-della-regione-contro-la-burocrazia\/#breadcrumb","itemListElement":[{"@type":"ListItem","position":1,"name":"Home","item":"https:\/\/www.intoscana.it\/it\/"},{"@type":"ListItem","position":2,"name":"Invasi anti siccit\u00e0, la strategia della Regione contro la burocrazia"}]},{"@type":"WebSite","@id":"https:\/\/www.intoscana.it\/it\/#website","url":"https:\/\/www.intoscana.it\/it\/","name":"intoscana","description":"","potentialAction":[{"@type":"SearchAction","target":{"@type":"EntryPoint","urlTemplate":"https:\/\/www.intoscana.it\/it\/?s={search_term_string}"},"query-input":{"@type":"PropertyValueSpecification","valueRequired":true,"valueName":"search_term_string"}}],"inLanguage":"it-IT"},{"@type":"Person","@id":"https:\/\/www.intoscana.it\/it\/#\/schema\/person\/9223810753230f20bd670fdd322661f8","name":"Redazione","url":"https:\/\/www.intoscana.it\/it\/author\/redazione\/"}]}},"_links":{"self":[{"href":"https:\/\/www.intoscana.it\/it\/wp-json\/wp\/v2\/posts\/238028","targetHints":{"allow":["GET"]}}],"collection":[{"href":"https:\/\/www.intoscana.it\/it\/wp-json\/wp\/v2\/posts"}],"about":[{"href":"https:\/\/www.intoscana.it\/it\/wp-json\/wp\/v2\/types\/post"}],"author":[{"embeddable":true,"href":"https:\/\/www.intoscana.it\/it\/wp-json\/wp\/v2\/users\/525"}],"replies":[{"embeddable":true,"href":"https:\/\/www.intoscana.it\/it\/wp-json\/wp\/v2\/comments?post=238028"}],"version-history":[{"count":0,"href":"https:\/\/www.intoscana.it\/it\/wp-json\/wp\/v2\/posts\/238028\/revisions"}],"wp:featuredmedia":[{"embeddable":true,"href":"https:\/\/www.intoscana.it\/it\/wp-json\/wp\/v2\/media\/234245"}],"wp:attachment":[{"href":"https:\/\/www.intoscana.it\/it\/wp-json\/wp\/v2\/media?parent=238028"}],"wp:term":[{"taxonomy":"category","embeddable":true,"href":"https:\/\/www.intoscana.it\/it\/wp-json\/wp\/v2\/categories?post=238028"},{"taxonomy":"post_tag","embeddable":true,"href":"https:\/\/www.intoscana.it\/it\/wp-json\/wp\/v2\/tags?post=238028"}],"curies":[{"name":"wp","href":"https:\/\/api.w.org\/{rel}","templated":true}]}}