{"id":238241,"date":"2022-07-18T14:04:35","date_gmt":"2022-07-18T12:04:35","guid":{"rendered":"https:\/\/www.intoscana.it\/it\/?p=238241"},"modified":"2022-07-19T13:23:21","modified_gmt":"2022-07-19T11:23:21","slug":"covid-19-1-162-i-nuovi-casi-in-toscana-e-15-i-decessi","status":"publish","type":"post","link":"https:\/\/www.intoscana.it\/it\/covid-19-1-162-i-nuovi-casi-in-toscana-e-15-i-decessi\/","title":{"rendered":"Covid-19: 1.162 i nuovi casi in Toscana e 15 i decessi"},"content":{"rendered":"<p><strong>Sono 1.162 i nuovi casi di Covid-19 oggi in Toscana<\/strong>, 348 confermati con tampone molecolare e 814 da test rapido antigenico, pari allo 0,1% in pi\u00f9 rispetto al totale di ieri. I guariti crescono dello 0,1% e raggiungono quota 1.190.746 (92% dei casi totali).<\/p>\n<p><strong>Oggi sono stati eseguiti 963 tamponi molecolari e 4.438 tamponi antigenici<\/strong> rapidi, di questi il 21,5% \u00e8 risultato positivo. Sono invece 1.585 i soggetti testati oggi (con tampone antigenico e\/o molecolare, escludendo i tamponi di controllo), di cui il 73,3% \u00e8 risultato positivo. Gli attualmente positivi sono oggi 92.750, +0,6% rispetto a ieri. <strong>I ricoverati sono 791 (15 in pi\u00f9 rispetto a ieri), di cui 32 in terapia intensiva (5 in pi\u00f9).<\/strong> Oggi si registrano 15 nuovi decessi: 7 uomini e 8 donne con un&#8217;et\u00e0 media di 76 anni.<\/p>\n<p>Questi i dati &#8211; accertati alle ore 12 di oggi sulla base delle richieste della Protezione Civile Nazionale &#8211; relativi all&#8217;andamento dell&#8217;epidemia in regione.<\/p>\n<h3>L&#8217;et\u00e0 media dei nuovi positivi \u00e8 di 50 anni<\/h3>\n<p>L&#8217;et\u00e0 media dei 1.162 nuovi positivi odierni \u00e8 di 50 anni circa (12% ha meno di 20 anni, 18% tra 20 e 39 anni, 35% tra 40 e 59 anni, 22% tra 60 e 79 anni, 13% ha 80 anni o pi\u00f9).<\/p>\n<p>Di seguito i casi di positivit\u00e0 sul territorio con la variazione rispetto a ieri (348 confermati con tampone molecolare e 814 da test rapido antigenico). Sono 358.756 i casi complessivi ad oggi a Firenze (281 in pi\u00f9 rispetto a ieri), 87.511 a Prato (70 in pi\u00f9), 102.343 a Pistoia (124 in pi\u00f9), 63.273 a Massa (79 in pi\u00f9), 136.527 a Lucca (113 in pi\u00f9), 150.014 a Pisa (72 in pi\u00f9), 115.219 a Livorno (102 in pi\u00f9), 117.146 ad Arezzo (141 in pi\u00f9), 93.003 a Siena (117 in pi\u00f9), 69.435 a Grosseto (63 in pi\u00f9). Sono 555 i casi positivi notificati in Toscana, ma residenti in altre regioni.<\/p>\n<p><strong>Sono 487 i casi riscontrati oggi nell&#8217;Asl Centro, 354 nella Nord Ovest, 321 nella Sud est.<\/strong><\/p>\n<p>La Toscana si trova al <strong>9\u00b0 posto in Italia come numerosit\u00e0 di casi<\/strong> (comprensivi di residenti e non residenti), con circa 35.035 casi per 100.000 abitanti (media italiana circa 34.009 x100.000, dato di ieri). Le province di notifica con il tasso pi\u00f9 alto sono Firenze con 35.932 casi x100.000 abitanti, Pisa con 35.890, Lucca con 35.558, la pi\u00f9 bassa Grosseto con 31.873.<\/p>\n<h3>Oltre 91mila persone in isolamento, in aumento i ricoveri<\/h3>\n<p>Complessivamente, 91.959 persone sono in isolamento a casa, poich\u00e9 presentano sintomi lievi che non richiedono cure ospedaliere, o risultano prive di sintomi (496 in pi\u00f9 rispetto a ieri, pi\u00f9 0,5%).<br \/>\n<strong>Le persone ricoverate nei posti letto dedicati ai pazienti COVID oggi sono complessivamente 791 (15 in pi\u00f9 rispetto a ieri, pi\u00f9 1,9%), 32 in terapia intensiva (5 in pi\u00f9 rispetto a ieri, pi\u00f9 18,5%).<br \/>\n<\/strong><br \/>\nLe persone complessivamente guarite sono 1.190.746 (636 in pi\u00f9 rispetto a ieri, pi\u00f9 0,1%): 0 persone clinicamente guarite (stabili rispetto a ieri), divenute cio\u00e8 asintomatiche dopo aver presentato manifestazioni cliniche associate all&#8217;infezione e 1.190.746 (636 in pi\u00f9 rispetto a ieri, pi\u00f9 0,1%) dichiarate guarite a tutti gli effetti, le cosiddette guarigioni virali, con tampone negativo.<\/p>\n<h3>15 i decessi, et\u00e0 media 76 anni<\/h3>\n<p>Oggi si registrano 15 nuovi decessi: 7 uomini e 8 donne con un&#8217;et\u00e0 media di 76 anni.\u00a0Relativamente alla provincia di residenza,<strong> le 15 persone decedute sono<\/strong><strong>: 5 a Firenze, 1 a Prato, 1 a Massa Carrara, 1 a Lucca, 1 a Pisa, 2 a Livorno, 1 a Arezzo, 2 a Siena, 1 fuori Toscana.<\/strong><\/p>\n<p><strong>Sono 10.286 i deceduti dall&#8217;inizio dell&#8217;epidemia cosi ripartiti:<\/strong> 3.241 a Firenze, 845 a Prato, 929 a Pistoia, 664 a Massa Carrara, 961 a Lucca, 1.148 a Pisa, 761 a Livorno, 663 ad Arezzo, 541 a Siena, 391 a Grosseto, 142 persone sono decedute sul suolo toscano ma erano residenti fuori regione.<\/p>\n<p>Il tasso grezzo di mortalit\u00e0 toscano (numero di deceduti\/popolazione residente) per Covid-19 \u00e8 di 278,5 x100.000 residenti contro il 286,9 x100.000 della media italiana (10\u00b0 regione). Per quanto riguarda le province, il tasso di mortalit\u00e0 pi\u00f9 alto si riscontra a Massa Carrara (349,8 x100.000), Firenze (324,6 x100.000) e Pistoia (320,1 x100.000), il pi\u00f9 basso a Grosseto (179,5 x100.000).<\/p>\n","protected":false},"excerpt":{"rendered":"<p>L&#8217;et\u00e0 media dei nuovi positivi \u00e8 di 50 anni, mentre sono in aumento anche i ricoveri<\/p>\n","protected":false},"author":525,"featured_media":154560,"comment_status":"open","ping_status":"open","sticky":false,"template":"","format":"standard","meta":{"_acf_changed":false,"footnotes":""},"categories":[494],"tags":[4868,418],"class_list":["post-238241","post","type-post","status-publish","format-standard","has-post-thumbnail","hentry","category-attualita","tag-bollettino-covid-toscana","tag-covid-19"],"acf":[],"yoast_head":"<!-- This site is optimized with the Yoast SEO Premium plugin v24.2 (Yoast SEO v25.6) - https:\/\/yoast.com\/wordpress\/plugins\/seo\/ -->\n<title>Covid-19: 1.162 i nuovi casi in Toscana e 15 i decessi - intoscana<\/title>\n<meta name=\"robots\" content=\"index, follow, max-snippet:-1, max-image-preview:large, max-video-preview:-1\" \/>\n<link rel=\"canonical\" href=\"https:\/\/www.intoscana.it\/it\/covid-19-1-162-i-nuovi-casi-in-toscana-e-15-i-decessi\/\" \/>\n<meta property=\"og:locale\" content=\"it_IT\" \/>\n<meta property=\"og:type\" content=\"article\" \/>\n<meta property=\"og:title\" content=\"Covid-19: 1.162 i nuovi casi in Toscana e 15 i decessi\" \/>\n<meta property=\"og:description\" content=\"L&#039;et\u00e0 media dei nuovi positivi \u00e8 di 50 anni, mentre sono in aumento anche i ricoveri\" \/>\n<meta property=\"og:url\" content=\"https:\/\/www.intoscana.it\/it\/covid-19-1-162-i-nuovi-casi-in-toscana-e-15-i-decessi\/\" \/>\n<meta property=\"og:site_name\" content=\"intoscana\" \/>\n<meta property=\"article:publisher\" content=\"https:\/\/www.facebook.com\/intoscana.it\" \/>\n<meta property=\"article:published_time\" content=\"2022-07-18T12:04:35+00:00\" \/>\n<meta property=\"article:modified_time\" content=\"2022-07-19T11:23:21+00:00\" \/>\n<meta property=\"og:image\" content=\"https:\/\/www.intoscana.it\/wp-content\/uploads\/Tampone-JC-Gellidon-Unsplash.jpg\" \/>\n\t<meta property=\"og:image:width\" content=\"1920\" \/>\n\t<meta property=\"og:image:height\" content=\"1280\" \/>\n\t<meta property=\"og:image:type\" content=\"image\/jpeg\" \/>\n<meta name=\"author\" content=\"Redazione\" \/>\n<meta name=\"twitter:card\" content=\"summary_large_image\" \/>\n<meta name=\"twitter:creator\" content=\"@intoscana\" \/>\n<meta name=\"twitter:site\" content=\"@intoscana\" \/>\n<meta name=\"twitter:label1\" content=\"Written by\" \/>\n\t<meta name=\"twitter:data1\" content=\"Redazione\" \/>\n\t<meta name=\"twitter:label2\" content=\"Est. reading time\" \/>\n\t<meta name=\"twitter:data2\" content=\"3 minuti\" \/>\n<script type=\"application\/ld+json\" class=\"yoast-schema-graph\">{\"@context\":\"https:\/\/schema.org\",\"@graph\":[{\"@type\":\"WebPage\",\"@id\":\"https:\/\/www.intoscana.it\/it\/covid-19-1-162-i-nuovi-casi-in-toscana-e-15-i-decessi\/\",\"url\":\"https:\/\/www.intoscana.it\/it\/covid-19-1-162-i-nuovi-casi-in-toscana-e-15-i-decessi\/\",\"name\":\"Covid-19: 1.162 i nuovi casi in Toscana e 15 i decessi - intoscana\",\"isPartOf\":{\"@id\":\"https:\/\/www.intoscana.it\/it\/#website\"},\"primaryImageOfPage\":{\"@id\":\"https:\/\/www.intoscana.it\/it\/covid-19-1-162-i-nuovi-casi-in-toscana-e-15-i-decessi\/#primaryimage\"},\"image\":{\"@id\":\"https:\/\/www.intoscana.it\/it\/covid-19-1-162-i-nuovi-casi-in-toscana-e-15-i-decessi\/#primaryimage\"},\"thumbnailUrl\":\"https:\/\/www.intoscana.it\/wp-content\/uploads\/Tampone-JC-Gellidon-Unsplash.jpg\",\"datePublished\":\"2022-07-18T12:04:35+00:00\",\"dateModified\":\"2022-07-19T11:23:21+00:00\",\"author\":{\"@id\":\"https:\/\/www.intoscana.it\/it\/#\/schema\/person\/9223810753230f20bd670fdd322661f8\"},\"breadcrumb\":{\"@id\":\"https:\/\/www.intoscana.it\/it\/covid-19-1-162-i-nuovi-casi-in-toscana-e-15-i-decessi\/#breadcrumb\"},\"inLanguage\":\"it-IT\",\"potentialAction\":[{\"@type\":\"ReadAction\",\"target\":[\"https:\/\/www.intoscana.it\/it\/covid-19-1-162-i-nuovi-casi-in-toscana-e-15-i-decessi\/\"]}]},{\"@type\":\"ImageObject\",\"inLanguage\":\"it-IT\",\"@id\":\"https:\/\/www.intoscana.it\/it\/covid-19-1-162-i-nuovi-casi-in-toscana-e-15-i-decessi\/#primaryimage\",\"url\":\"https:\/\/www.intoscana.it\/wp-content\/uploads\/Tampone-JC-Gellidon-Unsplash.jpg\",\"contentUrl\":\"https:\/\/www.intoscana.it\/wp-content\/uploads\/Tampone-JC-Gellidon-Unsplash.jpg\",\"width\":1920,\"height\":1280,\"caption\":\"Tamponi per individuare il Covid-19\"},{\"@type\":\"BreadcrumbList\",\"@id\":\"https:\/\/www.intoscana.it\/it\/covid-19-1-162-i-nuovi-casi-in-toscana-e-15-i-decessi\/#breadcrumb\",\"itemListElement\":[{\"@type\":\"ListItem\",\"position\":1,\"name\":\"Home\",\"item\":\"https:\/\/www.intoscana.it\/it\/\"},{\"@type\":\"ListItem\",\"position\":2,\"name\":\"Covid-19: 1.162 i nuovi casi in Toscana e 15 i decessi\"}]},{\"@type\":\"WebSite\",\"@id\":\"https:\/\/www.intoscana.it\/it\/#website\",\"url\":\"https:\/\/www.intoscana.it\/it\/\",\"name\":\"intoscana\",\"description\":\"\",\"potentialAction\":[{\"@type\":\"SearchAction\",\"target\":{\"@type\":\"EntryPoint\",\"urlTemplate\":\"https:\/\/www.intoscana.it\/it\/?s={search_term_string}\"},\"query-input\":{\"@type\":\"PropertyValueSpecification\",\"valueRequired\":true,\"valueName\":\"search_term_string\"}}],\"inLanguage\":\"it-IT\"},{\"@type\":\"Person\",\"@id\":\"https:\/\/www.intoscana.it\/it\/#\/schema\/person\/9223810753230f20bd670fdd322661f8\",\"name\":\"Redazione\",\"url\":\"https:\/\/www.intoscana.it\/it\/author\/redazione\/\"}]}<\/script>\n<!-- \/ Yoast SEO Premium plugin. -->","yoast_head_json":{"title":"Covid-19: 1.162 i nuovi casi in Toscana e 15 i decessi - intoscana","robots":{"index":"index","follow":"follow","max-snippet":"max-snippet:-1","max-image-preview":"max-image-preview:large","max-video-preview":"max-video-preview:-1"},"canonical":"https:\/\/www.intoscana.it\/it\/covid-19-1-162-i-nuovi-casi-in-toscana-e-15-i-decessi\/","og_locale":"it_IT","og_type":"article","og_title":"Covid-19: 1.162 i nuovi casi in Toscana e 15 i decessi","og_description":"L'et\u00e0 media dei nuovi positivi \u00e8 di 50 anni, mentre sono in aumento anche i ricoveri","og_url":"https:\/\/www.intoscana.it\/it\/covid-19-1-162-i-nuovi-casi-in-toscana-e-15-i-decessi\/","og_site_name":"intoscana","article_publisher":"https:\/\/www.facebook.com\/intoscana.it","article_published_time":"2022-07-18T12:04:35+00:00","article_modified_time":"2022-07-19T11:23:21+00:00","og_image":[{"width":1920,"height":1280,"url":"https:\/\/www.intoscana.it\/wp-content\/uploads\/Tampone-JC-Gellidon-Unsplash.jpg","type":"image\/jpeg"}],"author":"Redazione","twitter_card":"summary_large_image","twitter_creator":"@intoscana","twitter_site":"@intoscana","twitter_misc":{"Written by":"Redazione","Est. reading time":"3 minuti"},"schema":{"@context":"https:\/\/schema.org","@graph":[{"@type":"WebPage","@id":"https:\/\/www.intoscana.it\/it\/covid-19-1-162-i-nuovi-casi-in-toscana-e-15-i-decessi\/","url":"https:\/\/www.intoscana.it\/it\/covid-19-1-162-i-nuovi-casi-in-toscana-e-15-i-decessi\/","name":"Covid-19: 1.162 i nuovi casi in Toscana e 15 i decessi - intoscana","isPartOf":{"@id":"https:\/\/www.intoscana.it\/it\/#website"},"primaryImageOfPage":{"@id":"https:\/\/www.intoscana.it\/it\/covid-19-1-162-i-nuovi-casi-in-toscana-e-15-i-decessi\/#primaryimage"},"image":{"@id":"https:\/\/www.intoscana.it\/it\/covid-19-1-162-i-nuovi-casi-in-toscana-e-15-i-decessi\/#primaryimage"},"thumbnailUrl":"https:\/\/www.intoscana.it\/wp-content\/uploads\/Tampone-JC-Gellidon-Unsplash.jpg","datePublished":"2022-07-18T12:04:35+00:00","dateModified":"2022-07-19T11:23:21+00:00","author":{"@id":"https:\/\/www.intoscana.it\/it\/#\/schema\/person\/9223810753230f20bd670fdd322661f8"},"breadcrumb":{"@id":"https:\/\/www.intoscana.it\/it\/covid-19-1-162-i-nuovi-casi-in-toscana-e-15-i-decessi\/#breadcrumb"},"inLanguage":"it-IT","potentialAction":[{"@type":"ReadAction","target":["https:\/\/www.intoscana.it\/it\/covid-19-1-162-i-nuovi-casi-in-toscana-e-15-i-decessi\/"]}]},{"@type":"ImageObject","inLanguage":"it-IT","@id":"https:\/\/www.intoscana.it\/it\/covid-19-1-162-i-nuovi-casi-in-toscana-e-15-i-decessi\/#primaryimage","url":"https:\/\/www.intoscana.it\/wp-content\/uploads\/Tampone-JC-Gellidon-Unsplash.jpg","contentUrl":"https:\/\/www.intoscana.it\/wp-content\/uploads\/Tampone-JC-Gellidon-Unsplash.jpg","width":1920,"height":1280,"caption":"Tamponi per individuare il Covid-19"},{"@type":"BreadcrumbList","@id":"https:\/\/www.intoscana.it\/it\/covid-19-1-162-i-nuovi-casi-in-toscana-e-15-i-decessi\/#breadcrumb","itemListElement":[{"@type":"ListItem","position":1,"name":"Home","item":"https:\/\/www.intoscana.it\/it\/"},{"@type":"ListItem","position":2,"name":"Covid-19: 1.162 i nuovi casi in Toscana e 15 i decessi"}]},{"@type":"WebSite","@id":"https:\/\/www.intoscana.it\/it\/#website","url":"https:\/\/www.intoscana.it\/it\/","name":"intoscana","description":"","potentialAction":[{"@type":"SearchAction","target":{"@type":"EntryPoint","urlTemplate":"https:\/\/www.intoscana.it\/it\/?s={search_term_string}"},"query-input":{"@type":"PropertyValueSpecification","valueRequired":true,"valueName":"search_term_string"}}],"inLanguage":"it-IT"},{"@type":"Person","@id":"https:\/\/www.intoscana.it\/it\/#\/schema\/person\/9223810753230f20bd670fdd322661f8","name":"Redazione","url":"https:\/\/www.intoscana.it\/it\/author\/redazione\/"}]}},"_links":{"self":[{"href":"https:\/\/www.intoscana.it\/it\/wp-json\/wp\/v2\/posts\/238241","targetHints":{"allow":["GET"]}}],"collection":[{"href":"https:\/\/www.intoscana.it\/it\/wp-json\/wp\/v2\/posts"}],"about":[{"href":"https:\/\/www.intoscana.it\/it\/wp-json\/wp\/v2\/types\/post"}],"author":[{"embeddable":true,"href":"https:\/\/www.intoscana.it\/it\/wp-json\/wp\/v2\/users\/525"}],"replies":[{"embeddable":true,"href":"https:\/\/www.intoscana.it\/it\/wp-json\/wp\/v2\/comments?post=238241"}],"version-history":[{"count":0,"href":"https:\/\/www.intoscana.it\/it\/wp-json\/wp\/v2\/posts\/238241\/revisions"}],"wp:featuredmedia":[{"embeddable":true,"href":"https:\/\/www.intoscana.it\/it\/wp-json\/wp\/v2\/media\/154560"}],"wp:attachment":[{"href":"https:\/\/www.intoscana.it\/it\/wp-json\/wp\/v2\/media?parent=238241"}],"wp:term":[{"taxonomy":"category","embeddable":true,"href":"https:\/\/www.intoscana.it\/it\/wp-json\/wp\/v2\/categories?post=238241"},{"taxonomy":"post_tag","embeddable":true,"href":"https:\/\/www.intoscana.it\/it\/wp-json\/wp\/v2\/tags?post=238241"}],"curies":[{"name":"wp","href":"https:\/\/api.w.org\/{rel}","templated":true}]}}