{"id":238369,"date":"2022-07-19T10:59:11","date_gmt":"2022-07-19T08:59:11","guid":{"rendered":"https:\/\/www.intoscana.it\/it\/?p=238369"},"modified":"2022-07-19T11:00:36","modified_gmt":"2022-07-19T09:00:36","slug":"the-golden-egg-il-primo-film-realizzato-dai-detenuti-del-carcere-di-pisa-a-internet-festival","status":"publish","type":"post","link":"https:\/\/www.intoscana.it\/it\/the-golden-egg-il-primo-film-realizzato-dai-detenuti-del-carcere-di-pisa-a-internet-festival\/","title":{"rendered":"&#8220;The Golden Egg&#8221; il primo film realizzato dai detenuti del carcere di Pisa a Internet Festival"},"content":{"rendered":"<p>Cosa succederebbe se <strong>un uovo d&#8217;oro<\/strong> scendesse misteriosamente all&#8217;interno di un carcere?<\/p>\n<p>La risposta a questa domanda si trover\u00e0 nel film <em><strong>&#8220;The Golden Egg&#8221;<\/strong><\/em> realizzato dai <strong>detenuti della sezione maschile del carcere Don Bosco di Pisa<\/strong> in collaborazione con la compagnia teatrale <strong>I Sacchi di Sabbia<\/strong> e la regia di <strong>Davide Barbafiera.<\/strong><\/p>\n<p>Il lungometraggio verr\u00e0 presentato in anteprima all&#8217;<a href=\"https:\/\/www.internetfestival.it\" target=\"_blank\" rel=\"noopener\"><strong>Internet Festival<\/strong><\/a> che si terr\u00e0 <strong>dal 6 al 9 ottobre a Pisa<\/strong>, come progetto finanziato da <strong>Regione Toscana e Fondazione Pisa.<\/strong><\/p>\n<p>Il film \u00e8 interpretato dagli allievi detenuti dei laboratori della <strong>Scuola di teatro Don Bosco<\/strong>\u00a0in tutto\u00a0<strong>nove attori che hanno realizzato anche scene e costumi<\/strong>, oltre a partecipare alla <strong>realizzazione tecnica del film<\/strong> ad esempio dal ciak, ai microfoni.<\/p>\n<p>Tutti i personaggi, che sono ispirati a un immaginario fantasy, interagiranno a turno con l&#8217;uovo d&#8217;oro, nel tentativo tragicomico di <strong>decifrare l&#8217;enigma che in esso \u00e8 racchiuso.<\/strong><\/p>\n<p>&#8220;Tutto parte dai laboratori teatrali che teniamo da anni nel <strong>carcere Dan Bosco<\/strong> tramite la <strong>Scuola di espressione teatrale<\/strong> &#8211; ci ha raccontato <strong>Giovanni Guerreri de I Sacchi di Sabbia<\/strong> &#8211; c&#8217;\u00e8 un corso annuale sostenuto da <strong>Regione Toscana e Fondazione Pisa<\/strong> che tutti gli anni affronta tematiche legate al teatro.<\/p>\n<p>Quest&#8217;anno <strong>grazie a un confronto con Internet Festival<\/strong> \u00e8 nata l&#8217;idea di realizzare un film e quindi introdurre oltre alle consuete lezioni sulle tecniche teatrali anche discipline legate alla recitazione per film. Non solo nozioni attoriali ma anche tecniche.&#8221;<\/p>\n<p><strong>La storia dell&#8217;uovo che cade dal cielo come nasce?<\/strong><\/p>\n<p>L&#8217;abbiamo inventata noi, era un piccolo soggetto per una pi\u00e8ce teatrale. Abbiamo dato ai detenuti un canovaccio con le scene divise, loro le hanno imparate e hanno iniziato a lavorarci sopra, <strong>\u00e8 nato tutto un mondo di battute e situazioni inventate da loro<\/strong>. Non solo, loro hanno realizzato anche le scene e i costumi.<\/p>\n<p><strong>Il film \u00e8 stato tutto girato dentro il carcere quindi, non siete mai usciti?<\/strong><\/p>\n<p>Assolutamente, <strong>\u00e8 tutto giocato su quel niente<\/strong> <strong>che c&#8217;\u00e8<\/strong>, un gioco di parole.<\/p>\n<p><strong>Cosa simboleggia questo uovo d&#8217;oro che scende dal cielo?<\/strong><\/p>\n<p>Un enigma tu sai cos&#8217;\u00e8? E&#8217; una cosa che non si pu\u00f2 spiegare a parole.<strong> E&#8217; qualcosa che arriva, che \u00e8 inspiegabile e che muove tutta la vicenda<\/strong>. Prima non c&#8217;era nulla, ora c&#8217;\u00e8 questo. <strong>Ma questo \u00e8 meglio di nulla?<\/strong><\/p>\n<p>&nbsp;<\/p>\n","protected":false},"excerpt":{"rendered":"<p>A Pisa a ottobre sar\u00e0 proiettato il lungometraggio sostenuto da Fondazione Pisa e Regione Toscana e girato interamente dentro il carcere<\/p>\n","protected":false},"author":518,"featured_media":238414,"comment_status":"open","ping_status":"open","sticky":false,"template":"","format":"standard","meta":{"_acf_changed":false,"footnotes":""},"categories":[493],"tags":[188,176],"class_list":["post-238369","post","type-post","status-publish","format-standard","has-post-thumbnail","hentry","category-cultura","tag-cinema","tag-internet-festival"],"acf":[],"yoast_head":"<!-- This site is optimized with the Yoast SEO Premium plugin v24.2 (Yoast SEO v25.6) - https:\/\/yoast.com\/wordpress\/plugins\/seo\/ -->\n<title>&quot;The Golden Egg&quot; il primo film realizzato dai detenuti del carcere di Pisa a Internet Festival - intoscana<\/title>\n<meta name=\"description\" content=\"A Pisa a ottobre sar\u00e0 proiettato il lungometraggio sostenuto da Fondazione Pisa e Regione Toscana e girato interamente dentro il carcere\" \/>\n<meta name=\"robots\" content=\"index, follow, max-snippet:-1, max-image-preview:large, max-video-preview:-1\" \/>\n<link rel=\"canonical\" href=\"https:\/\/www.intoscana.it\/it\/the-golden-egg-il-primo-film-realizzato-dai-detenuti-del-carcere-di-pisa-a-internet-festival\/\" \/>\n<meta property=\"og:locale\" content=\"it_IT\" \/>\n<meta property=\"og:type\" content=\"article\" \/>\n<meta property=\"og:title\" content=\"&quot;The Golden Egg&quot; il primo film realizzato dai detenuti del carcere di Pisa a Internet Festival\" \/>\n<meta property=\"og:description\" content=\"A Pisa a ottobre sar\u00e0 proiettato il lungometraggio sostenuto da Fondazione Pisa e Regione Toscana e girato interamente dentro il carcere\" \/>\n<meta property=\"og:url\" content=\"https:\/\/www.intoscana.it\/it\/the-golden-egg-il-primo-film-realizzato-dai-detenuti-del-carcere-di-pisa-a-internet-festival\/\" \/>\n<meta property=\"og:site_name\" content=\"intoscana\" \/>\n<meta property=\"article:publisher\" content=\"https:\/\/www.facebook.com\/intoscana.it\" \/>\n<meta property=\"article:published_time\" content=\"2022-07-19T08:59:11+00:00\" \/>\n<meta property=\"article:modified_time\" content=\"2022-07-19T09:00:36+00:00\" \/>\n<meta property=\"og:image\" content=\"https:\/\/www.intoscana.it\/wp-content\/uploads\/IMG-20211119-WA0006.jpg\" \/>\n\t<meta property=\"og:image:width\" content=\"1600\" \/>\n\t<meta property=\"og:image:height\" content=\"1119\" \/>\n\t<meta property=\"og:image:type\" content=\"image\/jpeg\" \/>\n<meta name=\"author\" content=\"Costanza Baldini\" \/>\n<meta name=\"twitter:card\" content=\"summary_large_image\" \/>\n<meta name=\"twitter:creator\" content=\"@intoscana\" \/>\n<meta name=\"twitter:site\" content=\"@intoscana\" \/>\n<meta name=\"twitter:label1\" content=\"Written by\" \/>\n\t<meta name=\"twitter:data1\" content=\"Costanza Baldini\" \/>\n\t<meta name=\"twitter:label2\" content=\"Est. reading time\" \/>\n\t<meta name=\"twitter:data2\" content=\"2 minuti\" \/>\n<script type=\"application\/ld+json\" class=\"yoast-schema-graph\">{\"@context\":\"https:\/\/schema.org\",\"@graph\":[{\"@type\":\"WebPage\",\"@id\":\"https:\/\/www.intoscana.it\/it\/the-golden-egg-il-primo-film-realizzato-dai-detenuti-del-carcere-di-pisa-a-internet-festival\/\",\"url\":\"https:\/\/www.intoscana.it\/it\/the-golden-egg-il-primo-film-realizzato-dai-detenuti-del-carcere-di-pisa-a-internet-festival\/\",\"name\":\"\\\"The Golden Egg\\\" il primo film realizzato dai detenuti del carcere di Pisa a Internet Festival - intoscana\",\"isPartOf\":{\"@id\":\"https:\/\/www.intoscana.it\/it\/#website\"},\"primaryImageOfPage\":{\"@id\":\"https:\/\/www.intoscana.it\/it\/the-golden-egg-il-primo-film-realizzato-dai-detenuti-del-carcere-di-pisa-a-internet-festival\/#primaryimage\"},\"image\":{\"@id\":\"https:\/\/www.intoscana.it\/it\/the-golden-egg-il-primo-film-realizzato-dai-detenuti-del-carcere-di-pisa-a-internet-festival\/#primaryimage\"},\"thumbnailUrl\":\"https:\/\/www.intoscana.it\/wp-content\/uploads\/IMG-20211119-WA0006.jpg\",\"datePublished\":\"2022-07-19T08:59:11+00:00\",\"dateModified\":\"2022-07-19T09:00:36+00:00\",\"author\":{\"@id\":\"https:\/\/www.intoscana.it\/it\/#\/schema\/person\/d469f35f09739bdf00bf5dd3f0647a82\"},\"description\":\"A Pisa a ottobre sar\u00e0 proiettato il lungometraggio sostenuto da Fondazione Pisa e Regione Toscana e girato interamente dentro il carcere\",\"breadcrumb\":{\"@id\":\"https:\/\/www.intoscana.it\/it\/the-golden-egg-il-primo-film-realizzato-dai-detenuti-del-carcere-di-pisa-a-internet-festival\/#breadcrumb\"},\"inLanguage\":\"it-IT\",\"potentialAction\":[{\"@type\":\"ReadAction\",\"target\":[\"https:\/\/www.intoscana.it\/it\/the-golden-egg-il-primo-film-realizzato-dai-detenuti-del-carcere-di-pisa-a-internet-festival\/\"]}]},{\"@type\":\"ImageObject\",\"inLanguage\":\"it-IT\",\"@id\":\"https:\/\/www.intoscana.it\/it\/the-golden-egg-il-primo-film-realizzato-dai-detenuti-del-carcere-di-pisa-a-internet-festival\/#primaryimage\",\"url\":\"https:\/\/www.intoscana.it\/wp-content\/uploads\/IMG-20211119-WA0006.jpg\",\"contentUrl\":\"https:\/\/www.intoscana.it\/wp-content\/uploads\/IMG-20211119-WA0006.jpg\",\"width\":1600,\"height\":1119},{\"@type\":\"BreadcrumbList\",\"@id\":\"https:\/\/www.intoscana.it\/it\/the-golden-egg-il-primo-film-realizzato-dai-detenuti-del-carcere-di-pisa-a-internet-festival\/#breadcrumb\",\"itemListElement\":[{\"@type\":\"ListItem\",\"position\":1,\"name\":\"Home\",\"item\":\"https:\/\/www.intoscana.it\/it\/\"},{\"@type\":\"ListItem\",\"position\":2,\"name\":\"&#8220;The Golden Egg&#8221; il primo film realizzato dai detenuti del carcere di Pisa a Internet Festival\"}]},{\"@type\":\"WebSite\",\"@id\":\"https:\/\/www.intoscana.it\/it\/#website\",\"url\":\"https:\/\/www.intoscana.it\/it\/\",\"name\":\"intoscana\",\"description\":\"\",\"potentialAction\":[{\"@type\":\"SearchAction\",\"target\":{\"@type\":\"EntryPoint\",\"urlTemplate\":\"https:\/\/www.intoscana.it\/it\/?s={search_term_string}\"},\"query-input\":{\"@type\":\"PropertyValueSpecification\",\"valueRequired\":true,\"valueName\":\"search_term_string\"}}],\"inLanguage\":\"it-IT\"},{\"@type\":\"Person\",\"@id\":\"https:\/\/www.intoscana.it\/it\/#\/schema\/person\/d469f35f09739bdf00bf5dd3f0647a82\",\"name\":\"Costanza Baldini\",\"url\":\"https:\/\/www.intoscana.it\/it\/author\/costanza-baldini\/\"}]}<\/script>\n<!-- \/ Yoast SEO Premium plugin. -->","yoast_head_json":{"title":"\"The Golden Egg\" il primo film realizzato dai detenuti del carcere di Pisa a Internet Festival - intoscana","description":"A Pisa a ottobre sar\u00e0 proiettato il lungometraggio sostenuto da Fondazione Pisa e Regione Toscana e girato interamente dentro il carcere","robots":{"index":"index","follow":"follow","max-snippet":"max-snippet:-1","max-image-preview":"max-image-preview:large","max-video-preview":"max-video-preview:-1"},"canonical":"https:\/\/www.intoscana.it\/it\/the-golden-egg-il-primo-film-realizzato-dai-detenuti-del-carcere-di-pisa-a-internet-festival\/","og_locale":"it_IT","og_type":"article","og_title":"\"The Golden Egg\" il primo film realizzato dai detenuti del carcere di Pisa a Internet Festival","og_description":"A Pisa a ottobre sar\u00e0 proiettato il lungometraggio sostenuto da Fondazione Pisa e Regione Toscana e girato interamente dentro il carcere","og_url":"https:\/\/www.intoscana.it\/it\/the-golden-egg-il-primo-film-realizzato-dai-detenuti-del-carcere-di-pisa-a-internet-festival\/","og_site_name":"intoscana","article_publisher":"https:\/\/www.facebook.com\/intoscana.it","article_published_time":"2022-07-19T08:59:11+00:00","article_modified_time":"2022-07-19T09:00:36+00:00","og_image":[{"width":1600,"height":1119,"url":"https:\/\/www.intoscana.it\/wp-content\/uploads\/IMG-20211119-WA0006.jpg","type":"image\/jpeg"}],"author":"Costanza Baldini","twitter_card":"summary_large_image","twitter_creator":"@intoscana","twitter_site":"@intoscana","twitter_misc":{"Written by":"Costanza Baldini","Est. reading time":"2 minuti"},"schema":{"@context":"https:\/\/schema.org","@graph":[{"@type":"WebPage","@id":"https:\/\/www.intoscana.it\/it\/the-golden-egg-il-primo-film-realizzato-dai-detenuti-del-carcere-di-pisa-a-internet-festival\/","url":"https:\/\/www.intoscana.it\/it\/the-golden-egg-il-primo-film-realizzato-dai-detenuti-del-carcere-di-pisa-a-internet-festival\/","name":"\"The Golden Egg\" il primo film realizzato dai detenuti del carcere di Pisa a Internet Festival - intoscana","isPartOf":{"@id":"https:\/\/www.intoscana.it\/it\/#website"},"primaryImageOfPage":{"@id":"https:\/\/www.intoscana.it\/it\/the-golden-egg-il-primo-film-realizzato-dai-detenuti-del-carcere-di-pisa-a-internet-festival\/#primaryimage"},"image":{"@id":"https:\/\/www.intoscana.it\/it\/the-golden-egg-il-primo-film-realizzato-dai-detenuti-del-carcere-di-pisa-a-internet-festival\/#primaryimage"},"thumbnailUrl":"https:\/\/www.intoscana.it\/wp-content\/uploads\/IMG-20211119-WA0006.jpg","datePublished":"2022-07-19T08:59:11+00:00","dateModified":"2022-07-19T09:00:36+00:00","author":{"@id":"https:\/\/www.intoscana.it\/it\/#\/schema\/person\/d469f35f09739bdf00bf5dd3f0647a82"},"description":"A Pisa a ottobre sar\u00e0 proiettato il lungometraggio sostenuto da Fondazione Pisa e Regione Toscana e girato interamente dentro il carcere","breadcrumb":{"@id":"https:\/\/www.intoscana.it\/it\/the-golden-egg-il-primo-film-realizzato-dai-detenuti-del-carcere-di-pisa-a-internet-festival\/#breadcrumb"},"inLanguage":"it-IT","potentialAction":[{"@type":"ReadAction","target":["https:\/\/www.intoscana.it\/it\/the-golden-egg-il-primo-film-realizzato-dai-detenuti-del-carcere-di-pisa-a-internet-festival\/"]}]},{"@type":"ImageObject","inLanguage":"it-IT","@id":"https:\/\/www.intoscana.it\/it\/the-golden-egg-il-primo-film-realizzato-dai-detenuti-del-carcere-di-pisa-a-internet-festival\/#primaryimage","url":"https:\/\/www.intoscana.it\/wp-content\/uploads\/IMG-20211119-WA0006.jpg","contentUrl":"https:\/\/www.intoscana.it\/wp-content\/uploads\/IMG-20211119-WA0006.jpg","width":1600,"height":1119},{"@type":"BreadcrumbList","@id":"https:\/\/www.intoscana.it\/it\/the-golden-egg-il-primo-film-realizzato-dai-detenuti-del-carcere-di-pisa-a-internet-festival\/#breadcrumb","itemListElement":[{"@type":"ListItem","position":1,"name":"Home","item":"https:\/\/www.intoscana.it\/it\/"},{"@type":"ListItem","position":2,"name":"&#8220;The Golden Egg&#8221; il primo film realizzato dai detenuti del carcere di Pisa a Internet Festival"}]},{"@type":"WebSite","@id":"https:\/\/www.intoscana.it\/it\/#website","url":"https:\/\/www.intoscana.it\/it\/","name":"intoscana","description":"","potentialAction":[{"@type":"SearchAction","target":{"@type":"EntryPoint","urlTemplate":"https:\/\/www.intoscana.it\/it\/?s={search_term_string}"},"query-input":{"@type":"PropertyValueSpecification","valueRequired":true,"valueName":"search_term_string"}}],"inLanguage":"it-IT"},{"@type":"Person","@id":"https:\/\/www.intoscana.it\/it\/#\/schema\/person\/d469f35f09739bdf00bf5dd3f0647a82","name":"Costanza Baldini","url":"https:\/\/www.intoscana.it\/it\/author\/costanza-baldini\/"}]}},"_links":{"self":[{"href":"https:\/\/www.intoscana.it\/it\/wp-json\/wp\/v2\/posts\/238369","targetHints":{"allow":["GET"]}}],"collection":[{"href":"https:\/\/www.intoscana.it\/it\/wp-json\/wp\/v2\/posts"}],"about":[{"href":"https:\/\/www.intoscana.it\/it\/wp-json\/wp\/v2\/types\/post"}],"author":[{"embeddable":true,"href":"https:\/\/www.intoscana.it\/it\/wp-json\/wp\/v2\/users\/518"}],"replies":[{"embeddable":true,"href":"https:\/\/www.intoscana.it\/it\/wp-json\/wp\/v2\/comments?post=238369"}],"version-history":[{"count":0,"href":"https:\/\/www.intoscana.it\/it\/wp-json\/wp\/v2\/posts\/238369\/revisions"}],"wp:featuredmedia":[{"embeddable":true,"href":"https:\/\/www.intoscana.it\/it\/wp-json\/wp\/v2\/media\/238414"}],"wp:attachment":[{"href":"https:\/\/www.intoscana.it\/it\/wp-json\/wp\/v2\/media?parent=238369"}],"wp:term":[{"taxonomy":"category","embeddable":true,"href":"https:\/\/www.intoscana.it\/it\/wp-json\/wp\/v2\/categories?post=238369"},{"taxonomy":"post_tag","embeddable":true,"href":"https:\/\/www.intoscana.it\/it\/wp-json\/wp\/v2\/tags?post=238369"}],"curies":[{"name":"wp","href":"https:\/\/api.w.org\/{rel}","templated":true}]}}