{"id":238394,"date":"2022-07-21T08:00:03","date_gmt":"2022-07-21T06:00:03","guid":{"rendered":"https:\/\/www.intoscana.it\/it\/?p=238394"},"modified":"2022-07-22T16:50:02","modified_gmt":"2022-07-22T14:50:02","slug":"la-toscana-brucia-cinque-incendi-in-versilia-e-uno-sul-monte-amiata-40-evacuati-da-massarosa","status":"publish","type":"post","link":"https:\/\/www.intoscana.it\/it\/la-toscana-brucia-cinque-incendi-in-versilia-e-uno-sul-monte-amiata-40-evacuati-da-massarosa\/","title":{"rendered":"Rogo Versilia: vigili del fuoco al lavoro per domare gli ultimi focolai"},"content":{"rendered":"<p>Alla stretta finale le operazioni per domare l&#8217;incendio che ha devastato le colline <strong>tra Massarosa e Camaiore<\/strong>. I <strong>vigili del fuoco<\/strong>, assieme alle altre <strong>squadre antincendio<\/strong>, hanno lavorato ancora tutta la notte per spegnere gli <strong>ultimi, residui focolai<\/strong> di incendio che sono rimasti nelle frazioni di <strong>Montigiano, Valpromaro e Chiatri<\/strong>. Inoltre presidiano attivamente, anche per mezzo di immagini fornite dai droni, tutte le <strong>aree urbane e boscate<\/strong> del territorio colpito dal forte incendio.<\/p>\n<p><strong>Le squadre dei pompieri<\/strong> si sono avvicendate riducendo il numero da un centinaio a <strong>87 unit\u00e0<\/strong>. Sul posto le regioni coinvolte nel soccorso sono <strong>Toscana, Lombardia e Piemonte<\/strong> mentre stanno tornando in sede le colonne mobili dell&#8217;Emilia Romagna. Al momento sono in corso [makr]gli sganci dell&#8217;elicottero Aib della Regione Toscana[\/mark] che insieme alle squadre di terra, proseguiranno<strong> la bonifica delle aree<\/strong>.<\/p>\n<p>Circa <strong>800 gli ettari di bosco e uliveti<\/strong> devastati dal fuoco. <strong>Dieci le abitazioni<\/strong> interessate dalle fiamme. <mark>Oltre mille le persone evacuate per sicurezza e solo in alcuni casi rientrate a casa<\/mark>.<\/p>\n<p>Eventuali decisioni sulla revoca dei provvedimenti di evacuazione sono rinviate al <strong>nuovo tavolo operativo<\/strong> convocato venerd\u00ec <strong>22 luglio alle ore 14<\/strong>.<\/p>\n<figure id=\"post-238797 media-238797\" class=\"align-none\"><img decoding=\"async\" src=\"https:\/\/www.intoscana.it\/wp-content\/uploads\/294716983_10228834969364095_8071062598426068376_n.jpg\" alt=\"\" \/><\/figure>\n<div class=\"titleimg\">Il fitto fumo causato dal violento incendio di Massarosa \u2013 \u00a9 Paolo Lo Debole<\/div>\n<h3>Incendio, devastazione spaventosa<\/h3>\n<p>&#8220;<em>Sono stata nella zona di Pieve a Elici e la devastazione \u00e8 impressionante, un&#8217;intera vallata in cenere. Tutti stanno lavorando incessantemente, lottando contro il fuoco, il fumo e il vento. E per questo li voglio ringraziare con tutto il cuore<\/em>&#8220;. Cos\u00ec l&#8217;assessore regionale all&#8217;ambiente della Toscana <strong>Monia Monni<\/strong> che insieme alla vicepresidente della Regione <strong>Stefania Saccardi<\/strong> e all&#8217;assessore a trasporti e infrastrutture <strong>Stefano Baccelli<\/strong> si \u00e8 recata a Massarosa.<\/p>\n<h3>Ora pi\u00f9 manutenzione del bosco<\/h3>\n<p>La vicepresidente ed assessora all&#8217;agricoltura e alle foreste <strong>Stefania Saccardi<\/strong>, esprimendo solidariet\u00e0 alla popolazione colpita, a chi ha perso la casa e alle amministrazioni comunali che stanno affrontando questa emergenza, ha aggiunto: &#8220;<em>\u00e8 davanti agli occhi di tutti il livello di pericolosit\u00e0 cui possono arrivare ormai gli incendi, dove insieme a comportamenti spesso colposi, se non, peggio, dolosi, pesano sempre di pi\u00f9 l&#8217;avanzare della vegetazione abbandonata e soprattutto gli effetti dei cambiamenti climatici&#8221;. <\/em><\/p>\n<p>La Regione, ha assicurato, sta lavorando per una forte politica di prevenzione che &#8220;<em>punta alla manutenzione articolata del bosco e quindi alla messa in atto di una serie di interventi di prevenzione che consentano sia di valorizzarlo sia di metterlo al sicuro da eventi catastrofici come quello che si \u00e8 abbattuto su Massarosa. Un programma che stiamo mettendo a punto perch\u00e9 la foresta diventi risorsa strategica a tutti gli effetti e non possibile fonte di pericolo&#8221;<\/em>.<\/p>\n<h3><iframe loading=\"lazy\" src=\"https:\/\/video.corrierefiorentino.corriere.it\/video-embed\/04895ea4-0760-11ed-bd8b-048fe26a4240?fbclid=IwAR10XeT30wnHFIrLGcPMjXAXBTONFzJK7NtzAtOPv1AhlOn6jyhOko4EIVk&amp;playerType=embed&amp;tipo_video=embed_norcs\" width=\"540\" height=\"340\" frameborder=\"no\" scrolling=\"no\" allowfullscreen=\"allowfullscreen\"><\/iframe><\/h3>\n<h3>Giani pronto a dichiarare lo stato di calamit\u00e0<\/h3>\n<p>In Regione la situazione viene seguita passo passo. Il presidente della Regione Toscana,\u00a0<strong> Eugenio Giani,<\/strong> marted\u00ec 19 luglio si \u00e8 recato sul posto dell<strong>\u2019incendio <\/strong>divampato sulle colline <strong>di Massarosa<\/strong> e nel corso dei giorni \u00e8 rimasto sempre in costante contatto con la sala operativa<em>.<\/em> Il presidente <strong>Giani<\/strong> ha voluto ringraziare tutti coloro che sono impegnati nelle difficili operazioni di spegnimento.<\/p>\n<p>&#8220;<em>Quello che ci lascia l&#8217;incendio<\/em> &#8211; ha proseguito<strong> Giani<\/strong> &#8211; <em>\u00e8 un panorama spettrale in alcuni punti. E&#8217; stata riaperta l&#8217;autostrada nella bretella da Viareggio a Lucca, anche da l\u00ec ci si rende conto quali danni e quale impatto questo fuoco abbia avuto su un paesaggio fatto di boschi, di macchia mediterranea, molto bello ma soprattutto molto utile negli equilibri naturali della Toscana&#8221;<\/em>.<\/p>\n<p>La <strong>Regione Toscana<\/strong> dichiarer\u00e0 <strong>lo stato di calamit\u00e0<\/strong> per l&#8217;incendio a Massarosa. Lo ha detto il presidente della Toscana, <strong>Eugenio Giani<\/strong>, precisando che &#8220;<em>lo dichiariamo quando sar\u00e0 finito l&#8217;incendio, nel senso che dobbiamo indicare tutta la superficie che viene toccata<\/em>&#8220;.<\/p>\n<h3>Aperta un&#8217;inchiesta della procura<\/h3>\n<p>Intanto la <strong>procura di Lucca<\/strong> ha aperto un fascicolo sull&#8217;incendio e disposto accertamenti incaricando i carabinieri forestali &#8211; arrivato da Roma anche personale del Niab &#8211; per verificare <strong>l&#8217;origine del grande rogo<\/strong>.<\/p>\n<h3>Come si \u00e8 sviluppato l&#8217;incendio<\/h3>\n<p>L&#8217;incendio boschivo \u00e8 divampato luned\u00ec 18 sulle colline di<strong> Massarosa <\/strong>in Versilia e ha costretto nella tarda serata all&#8217;<strong>evacuazione<\/strong>, a scopo precauzionale,<strong> di alcune abitazioni<\/strong> e alla <strong>chiusura della bretella autostradale <\/strong>Lucca-Viareggio che collega l&#8217;A11 con l&#8217;A12.<\/p>\n<p><strong>Le fiamme<\/strong>, partite <strong>dalla localit\u00e0 Bozzano<\/strong> si sono estese nella notte nei <strong>vasti boschi di resinose <\/strong>tipici della zona. &#8220;<em>Nonostante il rapido intervento delle squadre di volontariato antincendio<\/em> &#8211; spiega una nota della Regione Toscana -, <em>la zona impervia e le scarse vie di accesso hanno impedito il contenimento del fuoco&#8221;<\/em>.<\/p>\n<p><strong>Il leggero vento di nord-est <\/strong>che ha soffiato tutta la notte<strong> non ha facilitato lo spegnimento<\/strong>. Immediatamente \u00e8 stato attivato<strong> il coordinamento assistito <\/strong>da parte del sistema regionale con impiego di personale specializzato e l&#8217;incendio \u00e8 stato diviso in settori, in modo da stabilire le priorit\u00e0 di intervento e la migliore strategia.<\/p>\n<figure id=\"post-238404 media-238404\" class=\"align-none\"><img decoding=\"async\" src=\"https:\/\/www.intoscana.it\/wp-content\/uploads\/WhatsApp-Image-2022-07-19-at-09.19.49.jpeg\" alt=\"\" \/><\/figure>\n<div class=\"titleimg\">Incendi<\/div>\n<h3>Gli altri incendi<\/h3>\n<p>Si annuncia un&#8217;altra giornata impegnativa sul fronte degli incendi. Se mercoled\u00ec 20 luglio, tra piccoli e pi\u00f9 impegnativi sono stati <strong>20 i roghi in tutta la Toscana<\/strong> la mattinata di gioved\u00ec 21 luglio si apre con <strong>due elicotteri ed un Canadair<\/strong>\u00a0gi\u00e0 attivi sull&#8217;incendio che da marted\u00ec pomeriggio si \u00e8 sviluppato <strong>a Filettole<\/strong> nel comune di Vecchiano. Sono all&#8217;incirca <strong>un centinaio gli ettari<\/strong> di bosco <strong>andati in fumo<\/strong> fino adesso.<\/p>\n<p><strong>L\u2019incendio \u00e8 in contenimento<\/strong>. Un elicottero regionale aiuta il lavoro delle <strong>squadre terrestri<\/strong> dell&#8217;organizzazione regionale antincendi boschivi. All\u2019opera ci sono squadre dell\u2019antincendio boschivo coordinate dal direttore delle operazioni di spegnimento della Regione Toscana.<\/p>\n<p>Sulle fiamme sviluppatesi <strong>nella zona di Certaldo<\/strong> gioved\u00ec pomeriggio, hanno operato numerose squadre e <strong>tre elicotteri della flotta regionale<\/strong>. Una prima stima della superficie percorsa dal fuoco \u00e8 <strong>di 50 ettari di bosco e 50 di seminativi<\/strong> e terreni incolti. Anche in mattina si \u00e8 alzato in volo un elicottero per sganciare acqua sui punti critici da cui potrebbero ripartire le fiamme durante le ore pi\u00f9 calde della giornata. Al lavoro squadre di volontari AIB coordinate dal direttore delle operazioni della Citt\u00e0 metropolitana di Firenze.<\/p>\n<p>&nbsp;<\/p>\n<p><strong>ULTIMO AGGIORNAMENTO VENERD\u00ec 22 LUGLIO ORE 16.00.<\/strong><\/p>\n<p>&nbsp;<\/p>\n","protected":false},"excerpt":{"rendered":"<p>Giani dichiarer\u00e0 lo stato di calamit\u00e0 per Massarosa, la procura di Lucca apre un fascicolo per stabilire se l&#8217;incendio ha origine dolosa<\/p>\n","protected":false},"author":525,"featured_media":239216,"comment_status":"open","ping_status":"open","sticky":false,"template":"","format":"standard","meta":{"_acf_changed":false,"footnotes":""},"categories":[494],"tags":[235,6511,151],"class_list":["post-238394","post","type-post","status-publish","format-standard","has-post-thumbnail","hentry","category-attualita","tag-estate","tag-incendi","tag-regione-toscana"],"acf":[],"yoast_head":"<!-- This site is optimized with the Yoast SEO Premium plugin v24.2 (Yoast SEO v25.6) - https:\/\/yoast.com\/wordpress\/plugins\/seo\/ -->\n<title>Rogo Versilia: vigili del fuoco al lavoro per domare gli ultimi focolai - intoscana<\/title>\n<meta name=\"description\" content=\"Giani dichiarer\u00e0 lo stato di calamit\u00e0 per Massarosa, la procura di Lucca apre un&#039;indagine per stabilire le cause dell&#039;incendio\" \/>\n<meta name=\"robots\" content=\"index, follow, max-snippet:-1, max-image-preview:large, max-video-preview:-1\" \/>\n<link rel=\"canonical\" href=\"https:\/\/www.intoscana.it\/it\/la-toscana-brucia-cinque-incendi-in-versilia-e-uno-sul-monte-amiata-40-evacuati-da-massarosa\/\" \/>\n<meta property=\"og:locale\" content=\"it_IT\" \/>\n<meta property=\"og:type\" content=\"article\" \/>\n<meta property=\"og:title\" content=\"Rogo Versilia: vigili del fuoco al lavoro per domare gli ultimi focolai\" \/>\n<meta property=\"og:description\" content=\"Giani dichiarer\u00e0 lo stato di calamit\u00e0 per Massarosa, la procura di Lucca apre un&#039;indagine per stabilire le cause dell&#039;incendio\" \/>\n<meta property=\"og:url\" content=\"https:\/\/www.intoscana.it\/it\/la-toscana-brucia-cinque-incendi-in-versilia-e-uno-sul-monte-amiata-40-evacuati-da-massarosa\/\" \/>\n<meta property=\"og:site_name\" content=\"intoscana\" \/>\n<meta property=\"article:publisher\" content=\"https:\/\/www.facebook.com\/intoscana.it\" \/>\n<meta property=\"article:published_time\" content=\"2022-07-21T06:00:03+00:00\" \/>\n<meta property=\"article:modified_time\" content=\"2022-07-22T14:50:02+00:00\" \/>\n<meta property=\"og:image\" content=\"https:\/\/www.intoscana.it\/wp-content\/uploads\/Incendio-di-Massarosa.jpg\" \/>\n\t<meta property=\"og:image:width\" content=\"890\" \/>\n\t<meta property=\"og:image:height\" content=\"607\" \/>\n\t<meta property=\"og:image:type\" content=\"image\/jpeg\" \/>\n<meta name=\"author\" content=\"Redazione\" \/>\n<meta name=\"twitter:card\" content=\"summary_large_image\" \/>\n<meta name=\"twitter:creator\" content=\"@intoscana\" \/>\n<meta name=\"twitter:site\" content=\"@intoscana\" \/>\n<meta name=\"twitter:label1\" content=\"Written by\" \/>\n\t<meta name=\"twitter:data1\" content=\"Redazione\" \/>\n\t<meta name=\"twitter:label2\" content=\"Est. reading time\" \/>\n\t<meta name=\"twitter:data2\" content=\"5 minuti\" \/>\n<script type=\"application\/ld+json\" class=\"yoast-schema-graph\">{\"@context\":\"https:\/\/schema.org\",\"@graph\":[{\"@type\":\"WebPage\",\"@id\":\"https:\/\/www.intoscana.it\/it\/la-toscana-brucia-cinque-incendi-in-versilia-e-uno-sul-monte-amiata-40-evacuati-da-massarosa\/\",\"url\":\"https:\/\/www.intoscana.it\/it\/la-toscana-brucia-cinque-incendi-in-versilia-e-uno-sul-monte-amiata-40-evacuati-da-massarosa\/\",\"name\":\"Rogo Versilia: vigili del fuoco al lavoro per domare gli ultimi focolai - intoscana\",\"isPartOf\":{\"@id\":\"https:\/\/www.intoscana.it\/it\/#website\"},\"primaryImageOfPage\":{\"@id\":\"https:\/\/www.intoscana.it\/it\/la-toscana-brucia-cinque-incendi-in-versilia-e-uno-sul-monte-amiata-40-evacuati-da-massarosa\/#primaryimage\"},\"image\":{\"@id\":\"https:\/\/www.intoscana.it\/it\/la-toscana-brucia-cinque-incendi-in-versilia-e-uno-sul-monte-amiata-40-evacuati-da-massarosa\/#primaryimage\"},\"thumbnailUrl\":\"https:\/\/www.intoscana.it\/wp-content\/uploads\/Incendio-di-Massarosa.jpg\",\"datePublished\":\"2022-07-21T06:00:03+00:00\",\"dateModified\":\"2022-07-22T14:50:02+00:00\",\"author\":{\"@id\":\"https:\/\/www.intoscana.it\/it\/#\/schema\/person\/9223810753230f20bd670fdd322661f8\"},\"description\":\"Giani dichiarer\u00e0 lo stato di calamit\u00e0 per Massarosa, la procura di Lucca apre un'indagine per stabilire le cause dell'incendio\",\"breadcrumb\":{\"@id\":\"https:\/\/www.intoscana.it\/it\/la-toscana-brucia-cinque-incendi-in-versilia-e-uno-sul-monte-amiata-40-evacuati-da-massarosa\/#breadcrumb\"},\"inLanguage\":\"it-IT\",\"potentialAction\":[{\"@type\":\"ReadAction\",\"target\":[\"https:\/\/www.intoscana.it\/it\/la-toscana-brucia-cinque-incendi-in-versilia-e-uno-sul-monte-amiata-40-evacuati-da-massarosa\/\"]}]},{\"@type\":\"ImageObject\",\"inLanguage\":\"it-IT\",\"@id\":\"https:\/\/www.intoscana.it\/it\/la-toscana-brucia-cinque-incendi-in-versilia-e-uno-sul-monte-amiata-40-evacuati-da-massarosa\/#primaryimage\",\"url\":\"https:\/\/www.intoscana.it\/wp-content\/uploads\/Incendio-di-Massarosa.jpg\",\"contentUrl\":\"https:\/\/www.intoscana.it\/wp-content\/uploads\/Incendio-di-Massarosa.jpg\",\"width\":890,\"height\":607},{\"@type\":\"BreadcrumbList\",\"@id\":\"https:\/\/www.intoscana.it\/it\/la-toscana-brucia-cinque-incendi-in-versilia-e-uno-sul-monte-amiata-40-evacuati-da-massarosa\/#breadcrumb\",\"itemListElement\":[{\"@type\":\"ListItem\",\"position\":1,\"name\":\"Home\",\"item\":\"https:\/\/www.intoscana.it\/it\/\"},{\"@type\":\"ListItem\",\"position\":2,\"name\":\"Rogo Versilia: vigili del fuoco al lavoro per domare gli ultimi focolai\"}]},{\"@type\":\"WebSite\",\"@id\":\"https:\/\/www.intoscana.it\/it\/#website\",\"url\":\"https:\/\/www.intoscana.it\/it\/\",\"name\":\"intoscana\",\"description\":\"\",\"potentialAction\":[{\"@type\":\"SearchAction\",\"target\":{\"@type\":\"EntryPoint\",\"urlTemplate\":\"https:\/\/www.intoscana.it\/it\/?s={search_term_string}\"},\"query-input\":{\"@type\":\"PropertyValueSpecification\",\"valueRequired\":true,\"valueName\":\"search_term_string\"}}],\"inLanguage\":\"it-IT\"},{\"@type\":\"Person\",\"@id\":\"https:\/\/www.intoscana.it\/it\/#\/schema\/person\/9223810753230f20bd670fdd322661f8\",\"name\":\"Redazione\",\"url\":\"https:\/\/www.intoscana.it\/it\/author\/redazione\/\"}]}<\/script>\n<!-- \/ Yoast SEO Premium plugin. -->","yoast_head_json":{"title":"Rogo Versilia: vigili del fuoco al lavoro per domare gli ultimi focolai - intoscana","description":"Giani dichiarer\u00e0 lo stato di calamit\u00e0 per Massarosa, la procura di Lucca apre un'indagine per stabilire le cause dell'incendio","robots":{"index":"index","follow":"follow","max-snippet":"max-snippet:-1","max-image-preview":"max-image-preview:large","max-video-preview":"max-video-preview:-1"},"canonical":"https:\/\/www.intoscana.it\/it\/la-toscana-brucia-cinque-incendi-in-versilia-e-uno-sul-monte-amiata-40-evacuati-da-massarosa\/","og_locale":"it_IT","og_type":"article","og_title":"Rogo Versilia: vigili del fuoco al lavoro per domare gli ultimi focolai","og_description":"Giani dichiarer\u00e0 lo stato di calamit\u00e0 per Massarosa, la procura di Lucca apre un'indagine per stabilire le cause dell'incendio","og_url":"https:\/\/www.intoscana.it\/it\/la-toscana-brucia-cinque-incendi-in-versilia-e-uno-sul-monte-amiata-40-evacuati-da-massarosa\/","og_site_name":"intoscana","article_publisher":"https:\/\/www.facebook.com\/intoscana.it","article_published_time":"2022-07-21T06:00:03+00:00","article_modified_time":"2022-07-22T14:50:02+00:00","og_image":[{"width":890,"height":607,"url":"https:\/\/www.intoscana.it\/wp-content\/uploads\/Incendio-di-Massarosa.jpg","type":"image\/jpeg"}],"author":"Redazione","twitter_card":"summary_large_image","twitter_creator":"@intoscana","twitter_site":"@intoscana","twitter_misc":{"Written by":"Redazione","Est. reading time":"5 minuti"},"schema":{"@context":"https:\/\/schema.org","@graph":[{"@type":"WebPage","@id":"https:\/\/www.intoscana.it\/it\/la-toscana-brucia-cinque-incendi-in-versilia-e-uno-sul-monte-amiata-40-evacuati-da-massarosa\/","url":"https:\/\/www.intoscana.it\/it\/la-toscana-brucia-cinque-incendi-in-versilia-e-uno-sul-monte-amiata-40-evacuati-da-massarosa\/","name":"Rogo Versilia: vigili del fuoco al lavoro per domare gli ultimi focolai - intoscana","isPartOf":{"@id":"https:\/\/www.intoscana.it\/it\/#website"},"primaryImageOfPage":{"@id":"https:\/\/www.intoscana.it\/it\/la-toscana-brucia-cinque-incendi-in-versilia-e-uno-sul-monte-amiata-40-evacuati-da-massarosa\/#primaryimage"},"image":{"@id":"https:\/\/www.intoscana.it\/it\/la-toscana-brucia-cinque-incendi-in-versilia-e-uno-sul-monte-amiata-40-evacuati-da-massarosa\/#primaryimage"},"thumbnailUrl":"https:\/\/www.intoscana.it\/wp-content\/uploads\/Incendio-di-Massarosa.jpg","datePublished":"2022-07-21T06:00:03+00:00","dateModified":"2022-07-22T14:50:02+00:00","author":{"@id":"https:\/\/www.intoscana.it\/it\/#\/schema\/person\/9223810753230f20bd670fdd322661f8"},"description":"Giani dichiarer\u00e0 lo stato di calamit\u00e0 per Massarosa, la procura di Lucca apre un'indagine per stabilire le cause dell'incendio","breadcrumb":{"@id":"https:\/\/www.intoscana.it\/it\/la-toscana-brucia-cinque-incendi-in-versilia-e-uno-sul-monte-amiata-40-evacuati-da-massarosa\/#breadcrumb"},"inLanguage":"it-IT","potentialAction":[{"@type":"ReadAction","target":["https:\/\/www.intoscana.it\/it\/la-toscana-brucia-cinque-incendi-in-versilia-e-uno-sul-monte-amiata-40-evacuati-da-massarosa\/"]}]},{"@type":"ImageObject","inLanguage":"it-IT","@id":"https:\/\/www.intoscana.it\/it\/la-toscana-brucia-cinque-incendi-in-versilia-e-uno-sul-monte-amiata-40-evacuati-da-massarosa\/#primaryimage","url":"https:\/\/www.intoscana.it\/wp-content\/uploads\/Incendio-di-Massarosa.jpg","contentUrl":"https:\/\/www.intoscana.it\/wp-content\/uploads\/Incendio-di-Massarosa.jpg","width":890,"height":607},{"@type":"BreadcrumbList","@id":"https:\/\/www.intoscana.it\/it\/la-toscana-brucia-cinque-incendi-in-versilia-e-uno-sul-monte-amiata-40-evacuati-da-massarosa\/#breadcrumb","itemListElement":[{"@type":"ListItem","position":1,"name":"Home","item":"https:\/\/www.intoscana.it\/it\/"},{"@type":"ListItem","position":2,"name":"Rogo Versilia: vigili del fuoco al lavoro per domare gli ultimi focolai"}]},{"@type":"WebSite","@id":"https:\/\/www.intoscana.it\/it\/#website","url":"https:\/\/www.intoscana.it\/it\/","name":"intoscana","description":"","potentialAction":[{"@type":"SearchAction","target":{"@type":"EntryPoint","urlTemplate":"https:\/\/www.intoscana.it\/it\/?s={search_term_string}"},"query-input":{"@type":"PropertyValueSpecification","valueRequired":true,"valueName":"search_term_string"}}],"inLanguage":"it-IT"},{"@type":"Person","@id":"https:\/\/www.intoscana.it\/it\/#\/schema\/person\/9223810753230f20bd670fdd322661f8","name":"Redazione","url":"https:\/\/www.intoscana.it\/it\/author\/redazione\/"}]}},"_links":{"self":[{"href":"https:\/\/www.intoscana.it\/it\/wp-json\/wp\/v2\/posts\/238394","targetHints":{"allow":["GET"]}}],"collection":[{"href":"https:\/\/www.intoscana.it\/it\/wp-json\/wp\/v2\/posts"}],"about":[{"href":"https:\/\/www.intoscana.it\/it\/wp-json\/wp\/v2\/types\/post"}],"author":[{"embeddable":true,"href":"https:\/\/www.intoscana.it\/it\/wp-json\/wp\/v2\/users\/525"}],"replies":[{"embeddable":true,"href":"https:\/\/www.intoscana.it\/it\/wp-json\/wp\/v2\/comments?post=238394"}],"version-history":[{"count":0,"href":"https:\/\/www.intoscana.it\/it\/wp-json\/wp\/v2\/posts\/238394\/revisions"}],"wp:featuredmedia":[{"embeddable":true,"href":"https:\/\/www.intoscana.it\/it\/wp-json\/wp\/v2\/media\/239216"}],"wp:attachment":[{"href":"https:\/\/www.intoscana.it\/it\/wp-json\/wp\/v2\/media?parent=238394"}],"wp:term":[{"taxonomy":"category","embeddable":true,"href":"https:\/\/www.intoscana.it\/it\/wp-json\/wp\/v2\/categories?post=238394"},{"taxonomy":"post_tag","embeddable":true,"href":"https:\/\/www.intoscana.it\/it\/wp-json\/wp\/v2\/tags?post=238394"}],"curies":[{"name":"wp","href":"https:\/\/api.w.org\/{rel}","templated":true}]}}