{"id":238464,"date":"2022-07-19T18:19:02","date_gmt":"2022-07-19T16:19:02","guid":{"rendered":"https:\/\/www.intoscana.it\/it\/?p=238464"},"modified":"2022-07-20T12:25:28","modified_gmt":"2022-07-20T10:25:28","slug":"caldo-lamma-estate-2022","status":"publish","type":"post","link":"https:\/\/www.intoscana.it\/it\/caldo-lamma-estate-2022\/","title":{"rendered":"La Toscana nella morsa del caldo. Ci sar\u00e0 una tregua? L&#8217;abbiamo chiesto al Lamma"},"content":{"rendered":"<p>L&#8217;ondata di calore che sta avvolgendo la nostra regione non d\u00e0 tregua. Nelle giornata di domani e gioved\u00ec si potranno registrare temperature fino ai 40\u00b0 gradi nelle citt\u00e0, caldo che rester\u00e0 costante fino alla prossima settimana. Per capire meglio come evolveranno le temperature e quando piover\u00e0 in Toscana abbiamo intervistato <strong>Daniele<\/strong> <strong>Grifoni<\/strong>, previsore del <strong>Consorzio Lamma<\/strong>.<\/p>\n<h3>Dobbiamo aspettarci un ulteriore picco nelle temperature per i prossimi giorni?<\/h3>\n<p>Pi\u00f9 che un picco, direi che questa situazione tende a persistere fino almeno a luned\u00ec-marted\u00ec della prossima settimana. Non si pu\u00f2 parlare di un vero e proprio picco perch\u00e8 non ci sar\u00e0 un calo nelle temperature ma si rimarr\u00e0 su valori molto elevati<\/p>\n<h3>Che temperature si andranno a registrare?<\/h3>\n<p>Ci saranno temperature fino a 38-39 gradi e non si pu\u00f2 nemmeno escludere che si possa arrivare anche a 40\u00b0 occasionalmente, specialmente in qualche zona della citt\u00e0. Un leggerissimo calo ci potrebbe essere nella giornata di sabato ma che sia 39\u00b0 o 37\u00b0 si apprezza poco la differenza.<\/p>\n<h3>Possiamo sperare in delle notti almeno un po&#8217; pi\u00f9 fresche?<\/h3>\n<p>Diventa complicato perch\u00e8 a partire da gioved\u00ec sembra che ci sar\u00e0 un aumento ulteriore delle temperature minime. Fino ad adesso il tasso di umidit\u00e0 \u00e8 stato basso, nei prossimi giorni, invece, il tasso di umidit\u00e0 dovrebbe aumentare e questo far\u00e0 si che anche le temperature durante la notte scenderanno meno. A partire da gioved\u00ec, in particolare, potrebbero verificarsi condizioni di maggior afa e disagio anche notturno.<\/p>\n<h3>Quali zone della Toscana stanno vivendo le situazioni pi\u00f9 critiche per il caldo?<\/h3>\n<p>Le temperature pi\u00f9 alte tipicamente si registrano nelle zone di pianura nell&#8217;interno. Le zone costiere generalmente registrano temperature comunque un po&#8217; pi\u00f9 sopportabili per quanto riguarda le massime. Le minime, invece, nella notte sono pi\u00f9 alte generalmente nelle zone costiere proprio perch\u00e8 \u00e8 pi\u00f9 umido.<\/p>\n<h3>Questa situazione aggrava ulteriormente la siccit\u00e0 che stiamo affrontando?<\/h3>\n<p>Che non piova a luglio \u00e8 abbastanza normale. Il discorso della siccit\u00e0 si \u00e8 creato nei mesi precedenti a quello di luglio. Da gennaio a giugno si sono avute piogge al di sotto delle medie e si \u00e8 accumulato questo deficit. Le temperature cos\u00ec elevate non fanno che aggravare la situazione. Anche guardando a lungo termine nel mese di agosto non \u00e8 che si intravede una situazione con piogge sopra la media che possono determinare un miglioramento. Anche se dovesse piovere intorno alla media nella seconda quindicina di agosto si tratta comunque di precipitazioni a carattere sparso e solo localmente si potrebbe avere un sollievo ma difficilmente si avr\u00e0 un beneficio per quanto riguarda le falde e fiumi.<\/p>\n<h3>E ora arriviamo alla fatidica domanda, quando piover\u00e0 in Toscana?<\/h3>\n<p>Come dicevo, se si va a guardare le previsioni a pi\u00f9 lungo termine, che chiaramente vanno sempre prese con il dovuto beneficio di inventario perch\u00e8 hanno una affidabilit\u00e0 non altissima, ma se dovessi basarmi sulle previsione del Centro Europeo anche il mese di settembre sembrerebbe caratterizzato da precipitazioni non particolarmente abbondanti, addirittura sotto la media nelle regioni settentrionali italiane e in gran parte della Toscana. La situazione sembrerebbe quantomeno critica almeno fino a tutto settembre.<\/p>\n<h3>Un mese di luglio cos\u00ec caldo era mai stato registrato?<\/h3>\n<p>Il mese di luglio pi\u00f9 caldo \u00e8 stato, proprio nella zona della piana, nel 2015. Attualmente questo mese di luglio sta andando su valori molti simili a quello e vedendo quanto si prevede nei prossimi giorni e di qui alla fine del mese non \u00e8 escluso che questo possa risultare il mese pi\u00f9 caldo di luglio di tutta la serie storica. Tutto questo segue il mese di giugno 2022 che \u00e8 stato\u00a0il secondo mese pi\u00f9 caldo degli ultimi 60anni.<\/p>\n<p><iframe loading=\"lazy\" title=\"YouTube video player\" src=\"https:\/\/www.youtube.com\/embed\/3wQSXCJJyHA\" width=\"800\" height=\"450\" frameborder=\"0\" allowfullscreen=\"allowfullscreen\"><span data-mce-type=\"bookmark\" style=\"display: inline-block; width: 0px; overflow: hidden; line-height: 0;\" class=\"mce_SELRES_start\">\ufeff<\/span><\/iframe><\/p>\n","protected":false},"excerpt":{"rendered":"<p>Il caldo non sembra voler abbandonare la nostra regione e per le piogge dovremo aspettare la seconda met\u00e0 di agosto<\/p>\n","protected":false},"author":507,"featured_media":238621,"comment_status":"open","ping_status":"open","sticky":false,"template":"","format":"standard","meta":{"_acf_changed":false,"footnotes":""},"categories":[19],"tags":[6446,4858,153],"class_list":["post-238464","post","type-post","status-publish","format-standard","has-post-thumbnail","hentry","category-ambiente","tag-estate-2022","tag-meteo","tag-toscana"],"acf":[],"yoast_head":"<!-- This site is optimized with the Yoast SEO Premium plugin v24.2 (Yoast SEO v25.6) - https:\/\/yoast.com\/wordpress\/plugins\/seo\/ -->\n<title>La Toscana nella morsa del caldo. Ci sar\u00e0 una tregua? L&#039;abbiamo chiesto al Lamma - intoscana<\/title>\n<meta name=\"robots\" content=\"index, follow, max-snippet:-1, max-image-preview:large, max-video-preview:-1\" \/>\n<link rel=\"canonical\" href=\"https:\/\/www.intoscana.it\/it\/caldo-lamma-estate-2022\/\" \/>\n<meta property=\"og:locale\" content=\"it_IT\" \/>\n<meta property=\"og:type\" content=\"article\" \/>\n<meta property=\"og:title\" content=\"La Toscana nella morsa del caldo. Ci sar\u00e0 una tregua? L&#039;abbiamo chiesto al Lamma\" \/>\n<meta property=\"og:description\" content=\"Il caldo non sembra voler abbandonare la nostra regione e per le piogge dovremo aspettare la seconda met\u00e0 di agosto\" \/>\n<meta property=\"og:url\" content=\"https:\/\/www.intoscana.it\/it\/caldo-lamma-estate-2022\/\" \/>\n<meta property=\"og:site_name\" content=\"intoscana\" \/>\n<meta property=\"article:publisher\" content=\"https:\/\/www.facebook.com\/intoscana.it\" \/>\n<meta property=\"article:published_time\" content=\"2022-07-19T16:19:02+00:00\" \/>\n<meta property=\"article:modified_time\" content=\"2022-07-20T10:25:28+00:00\" \/>\n<meta property=\"og:image\" content=\"https:\/\/www.intoscana.it\/wp-content\/uploads\/thermometer-g546ad0ef1_1920.jpg\" \/>\n\t<meta property=\"og:image:width\" content=\"1920\" \/>\n\t<meta property=\"og:image:height\" content=\"1116\" \/>\n\t<meta property=\"og:image:type\" content=\"image\/jpeg\" \/>\n<meta name=\"author\" content=\"Chiara Bianchini\" \/>\n<meta name=\"twitter:card\" content=\"summary_large_image\" \/>\n<meta name=\"twitter:creator\" content=\"@intoscana\" \/>\n<meta name=\"twitter:site\" content=\"@intoscana\" \/>\n<meta name=\"twitter:label1\" content=\"Written by\" \/>\n\t<meta name=\"twitter:data1\" content=\"Chiara Bianchini\" \/>\n\t<meta name=\"twitter:label2\" content=\"Est. reading time\" \/>\n\t<meta name=\"twitter:data2\" content=\"3 minuti\" \/>\n<script type=\"application\/ld+json\" class=\"yoast-schema-graph\">{\"@context\":\"https:\/\/schema.org\",\"@graph\":[{\"@type\":\"WebPage\",\"@id\":\"https:\/\/www.intoscana.it\/it\/caldo-lamma-estate-2022\/\",\"url\":\"https:\/\/www.intoscana.it\/it\/caldo-lamma-estate-2022\/\",\"name\":\"La Toscana nella morsa del caldo. Ci sar\u00e0 una tregua? L'abbiamo chiesto al Lamma - intoscana\",\"isPartOf\":{\"@id\":\"https:\/\/www.intoscana.it\/it\/#website\"},\"primaryImageOfPage\":{\"@id\":\"https:\/\/www.intoscana.it\/it\/caldo-lamma-estate-2022\/#primaryimage\"},\"image\":{\"@id\":\"https:\/\/www.intoscana.it\/it\/caldo-lamma-estate-2022\/#primaryimage\"},\"thumbnailUrl\":\"https:\/\/www.intoscana.it\/wp-content\/uploads\/thermometer-g546ad0ef1_1920.jpg\",\"datePublished\":\"2022-07-19T16:19:02+00:00\",\"dateModified\":\"2022-07-20T10:25:28+00:00\",\"author\":{\"@id\":\"https:\/\/www.intoscana.it\/it\/#\/schema\/person\/010af92117f50561886339ad5b873a41\"},\"breadcrumb\":{\"@id\":\"https:\/\/www.intoscana.it\/it\/caldo-lamma-estate-2022\/#breadcrumb\"},\"inLanguage\":\"it-IT\",\"potentialAction\":[{\"@type\":\"ReadAction\",\"target\":[\"https:\/\/www.intoscana.it\/it\/caldo-lamma-estate-2022\/\"]}]},{\"@type\":\"ImageObject\",\"inLanguage\":\"it-IT\",\"@id\":\"https:\/\/www.intoscana.it\/it\/caldo-lamma-estate-2022\/#primaryimage\",\"url\":\"https:\/\/www.intoscana.it\/wp-content\/uploads\/thermometer-g546ad0ef1_1920.jpg\",\"contentUrl\":\"https:\/\/www.intoscana.it\/wp-content\/uploads\/thermometer-g546ad0ef1_1920.jpg\",\"width\":1920,\"height\":1116},{\"@type\":\"BreadcrumbList\",\"@id\":\"https:\/\/www.intoscana.it\/it\/caldo-lamma-estate-2022\/#breadcrumb\",\"itemListElement\":[{\"@type\":\"ListItem\",\"position\":1,\"name\":\"Home\",\"item\":\"https:\/\/www.intoscana.it\/it\/\"},{\"@type\":\"ListItem\",\"position\":2,\"name\":\"La Toscana nella morsa del caldo. Ci sar\u00e0 una tregua? L&#8217;abbiamo chiesto al Lamma\"}]},{\"@type\":\"WebSite\",\"@id\":\"https:\/\/www.intoscana.it\/it\/#website\",\"url\":\"https:\/\/www.intoscana.it\/it\/\",\"name\":\"intoscana\",\"description\":\"\",\"potentialAction\":[{\"@type\":\"SearchAction\",\"target\":{\"@type\":\"EntryPoint\",\"urlTemplate\":\"https:\/\/www.intoscana.it\/it\/?s={search_term_string}\"},\"query-input\":{\"@type\":\"PropertyValueSpecification\",\"valueRequired\":true,\"valueName\":\"search_term_string\"}}],\"inLanguage\":\"it-IT\"},{\"@type\":\"Person\",\"@id\":\"https:\/\/www.intoscana.it\/it\/#\/schema\/person\/010af92117f50561886339ad5b873a41\",\"name\":\"Chiara Bianchini\",\"sameAs\":[\"c.bianchini@fst.it\"],\"url\":\"https:\/\/www.intoscana.it\/it\/author\/chiara-bianchini\/\"}]}<\/script>\n<!-- \/ Yoast SEO Premium plugin. -->","yoast_head_json":{"title":"La Toscana nella morsa del caldo. Ci sar\u00e0 una tregua? L'abbiamo chiesto al Lamma - intoscana","robots":{"index":"index","follow":"follow","max-snippet":"max-snippet:-1","max-image-preview":"max-image-preview:large","max-video-preview":"max-video-preview:-1"},"canonical":"https:\/\/www.intoscana.it\/it\/caldo-lamma-estate-2022\/","og_locale":"it_IT","og_type":"article","og_title":"La Toscana nella morsa del caldo. Ci sar\u00e0 una tregua? L'abbiamo chiesto al Lamma","og_description":"Il caldo non sembra voler abbandonare la nostra regione e per le piogge dovremo aspettare la seconda met\u00e0 di agosto","og_url":"https:\/\/www.intoscana.it\/it\/caldo-lamma-estate-2022\/","og_site_name":"intoscana","article_publisher":"https:\/\/www.facebook.com\/intoscana.it","article_published_time":"2022-07-19T16:19:02+00:00","article_modified_time":"2022-07-20T10:25:28+00:00","og_image":[{"width":1920,"height":1116,"url":"https:\/\/www.intoscana.it\/wp-content\/uploads\/thermometer-g546ad0ef1_1920.jpg","type":"image\/jpeg"}],"author":"Chiara Bianchini","twitter_card":"summary_large_image","twitter_creator":"@intoscana","twitter_site":"@intoscana","twitter_misc":{"Written by":"Chiara Bianchini","Est. reading time":"3 minuti"},"schema":{"@context":"https:\/\/schema.org","@graph":[{"@type":"WebPage","@id":"https:\/\/www.intoscana.it\/it\/caldo-lamma-estate-2022\/","url":"https:\/\/www.intoscana.it\/it\/caldo-lamma-estate-2022\/","name":"La Toscana nella morsa del caldo. Ci sar\u00e0 una tregua? L'abbiamo chiesto al Lamma - intoscana","isPartOf":{"@id":"https:\/\/www.intoscana.it\/it\/#website"},"primaryImageOfPage":{"@id":"https:\/\/www.intoscana.it\/it\/caldo-lamma-estate-2022\/#primaryimage"},"image":{"@id":"https:\/\/www.intoscana.it\/it\/caldo-lamma-estate-2022\/#primaryimage"},"thumbnailUrl":"https:\/\/www.intoscana.it\/wp-content\/uploads\/thermometer-g546ad0ef1_1920.jpg","datePublished":"2022-07-19T16:19:02+00:00","dateModified":"2022-07-20T10:25:28+00:00","author":{"@id":"https:\/\/www.intoscana.it\/it\/#\/schema\/person\/010af92117f50561886339ad5b873a41"},"breadcrumb":{"@id":"https:\/\/www.intoscana.it\/it\/caldo-lamma-estate-2022\/#breadcrumb"},"inLanguage":"it-IT","potentialAction":[{"@type":"ReadAction","target":["https:\/\/www.intoscana.it\/it\/caldo-lamma-estate-2022\/"]}]},{"@type":"ImageObject","inLanguage":"it-IT","@id":"https:\/\/www.intoscana.it\/it\/caldo-lamma-estate-2022\/#primaryimage","url":"https:\/\/www.intoscana.it\/wp-content\/uploads\/thermometer-g546ad0ef1_1920.jpg","contentUrl":"https:\/\/www.intoscana.it\/wp-content\/uploads\/thermometer-g546ad0ef1_1920.jpg","width":1920,"height":1116},{"@type":"BreadcrumbList","@id":"https:\/\/www.intoscana.it\/it\/caldo-lamma-estate-2022\/#breadcrumb","itemListElement":[{"@type":"ListItem","position":1,"name":"Home","item":"https:\/\/www.intoscana.it\/it\/"},{"@type":"ListItem","position":2,"name":"La Toscana nella morsa del caldo. Ci sar\u00e0 una tregua? L&#8217;abbiamo chiesto al Lamma"}]},{"@type":"WebSite","@id":"https:\/\/www.intoscana.it\/it\/#website","url":"https:\/\/www.intoscana.it\/it\/","name":"intoscana","description":"","potentialAction":[{"@type":"SearchAction","target":{"@type":"EntryPoint","urlTemplate":"https:\/\/www.intoscana.it\/it\/?s={search_term_string}"},"query-input":{"@type":"PropertyValueSpecification","valueRequired":true,"valueName":"search_term_string"}}],"inLanguage":"it-IT"},{"@type":"Person","@id":"https:\/\/www.intoscana.it\/it\/#\/schema\/person\/010af92117f50561886339ad5b873a41","name":"Chiara Bianchini","sameAs":["c.bianchini@fst.it"],"url":"https:\/\/www.intoscana.it\/it\/author\/chiara-bianchini\/"}]}},"_links":{"self":[{"href":"https:\/\/www.intoscana.it\/it\/wp-json\/wp\/v2\/posts\/238464","targetHints":{"allow":["GET"]}}],"collection":[{"href":"https:\/\/www.intoscana.it\/it\/wp-json\/wp\/v2\/posts"}],"about":[{"href":"https:\/\/www.intoscana.it\/it\/wp-json\/wp\/v2\/types\/post"}],"author":[{"embeddable":true,"href":"https:\/\/www.intoscana.it\/it\/wp-json\/wp\/v2\/users\/507"}],"replies":[{"embeddable":true,"href":"https:\/\/www.intoscana.it\/it\/wp-json\/wp\/v2\/comments?post=238464"}],"version-history":[{"count":0,"href":"https:\/\/www.intoscana.it\/it\/wp-json\/wp\/v2\/posts\/238464\/revisions"}],"wp:featuredmedia":[{"embeddable":true,"href":"https:\/\/www.intoscana.it\/it\/wp-json\/wp\/v2\/media\/238621"}],"wp:attachment":[{"href":"https:\/\/www.intoscana.it\/it\/wp-json\/wp\/v2\/media?parent=238464"}],"wp:term":[{"taxonomy":"category","embeddable":true,"href":"https:\/\/www.intoscana.it\/it\/wp-json\/wp\/v2\/categories?post=238464"},{"taxonomy":"post_tag","embeddable":true,"href":"https:\/\/www.intoscana.it\/it\/wp-json\/wp\/v2\/tags?post=238464"}],"curies":[{"name":"wp","href":"https:\/\/api.w.org\/{rel}","templated":true}]}}