{"id":238654,"date":"2022-07-20T13:52:44","date_gmt":"2022-07-20T11:52:44","guid":{"rendered":"https:\/\/www.intoscana.it\/it\/?p=238654"},"modified":"2022-07-20T13:52:44","modified_gmt":"2022-07-20T11:52:44","slug":"con-vivere-carrara-festival-le-tracce-il-tema-delledizione-2022","status":"publish","type":"post","link":"https:\/\/www.intoscana.it\/it\/con-vivere-carrara-festival-le-tracce-il-tema-delledizione-2022\/","title":{"rendered":"Con-Vivere Carrara Festival &#8220;le tracce&#8221; il tema dell\u2019edizione 2022"},"content":{"rendered":"<p>\u2018Le tracce\u2019 sono il tema della diciassettesima edizione di \u2018<em><strong>Con-vivere Carrara Festival\u2019<\/strong><\/em>, rassegna, che si terr\u00e0 <strong>dall\u20198 all\u201911 settembre<\/strong> nella citt\u00e0 toscana.<\/p>\n<p>Il programma prevede <strong>24 appuntamenti<\/strong>\u00a0fra conferenze, dialoghi e dibattiti,<strong>\u00a0quattro spettacoli e oltre venti eventi collaterali<\/strong> fra laboratori di cucina, spazio bambini, mostre.<\/p>\n<p>Saranno quattro giorni densi di incontri, la maggior parte dei quali si svolgeranno sotto forma di dialoghi, con due esperti che affronteranno <strong>un tema legato al tema delle tracce.<\/strong><\/p>\n<p>Tra gli ospiti: il direttore del parco archeologico di Pompei<strong> Gabriel Zuchtriegel,<\/strong>\u00a0il matematico <strong>Piergiorgio Odifreddi, <\/strong>il teologo e informatico <strong>Paolo Benanti,<\/strong> gli esperti <strong>Antonella Viola e Roberto Esposito<\/strong> che parleranno di tecnologie del futuro.<\/p>\n<p>Saranno anche quattro giornate ricche di spettacoli con il <strong>concerto di Ron e l&#8217;Ensemble\u00a0Symphony Orchestra\u00a0<\/strong>sabato 10 settembre, con un omaggio a Lucio Dalla; il concerto &#8220;versatile&#8221; di<strong> Antonella Ruggero <\/strong>gioved\u00ec 8 al Teatro Animosi, i ritmi coinvolgimenti dell\u2019<strong>Orchestra Popolare Italiana <\/strong>venerd\u00ec 9\u00a0<strong>e del Canzoniere Greganico Salentino <\/strong>domenica 11.<\/p>\n<p>Il <strong>presidente del Consiglio regionale Antonio Mazzeo,<\/strong> intervenuto in collegamento video, ha voluto sottolineare un aspetto: \u201c<em>La pandemia ci ha allontanato e questa parola \u2018traccia\u2019 che voi avete scelto come tema dell\u2019iniziativa di quest\u2019anno d\u00e0 un segno forte. La traccia \u00e8 il segno che qualcuno c\u2019\u00e8 stato, \u00e8 il segno di una strada che abbiamo percorso, ma \u00e8 anche il segno di dove vogliamo andare. La traccia \u00e8 quello che siamo stati e quello che vorremmo essere\u201d.<\/em><\/p>\n<p><em>\u201cLa traccia \u2013 <\/em><strong>ha aggiunto Antonio Mazzeo<\/strong><em> \u2013 \u00e8 il segno di qualcosa che c\u2019\u00e8 stato, ma \u00e8 anche il modo in cui possiamo ripercorrere quello che \u00e8 stato, guardando al futuro. Aver pensato di parlare di tracce in un tempo in cui ne abbiamo tante, quelle che troviamo sulla rete, a volte non riusciamo a seguirle e a volte ci disorientano, mi pare che abbia segnato una direzione giusta da seguire anche per le domande che ci fa porre. Sono convinto che Carrara in quei quattro giorni metter\u00e0 a disposizione non solo della sua comunit\u00e0, ma anche dell\u2019intera Toscana, spunti di lavoro per interpretare il tempo che verr\u00e0\u201d.<\/em><\/p>\n<figure id=\"post-238655 media-238655\" class=\"align-none\"><img decoding=\"async\" src=\"https:\/\/www.intoscana.it\/wp-content\/uploads\/Schermata-2022-07-20-alle-09.42.17.jpg\" alt=\"\" \/><\/figure>\n<div class=\"titleimg\"><\/div>\n<p>&nbsp;<\/p>\n<p>&nbsp;<\/p>\n","protected":false},"excerpt":{"rendered":"<p>Dall\u20198 all\u201911 settembre 24 appuntamenti\u00a0fra conferenze, dialoghi e dibattiti, quattro spettacoli, oltre 20 eventi collaterali fra laboratori di cucina, spazio bambini, mostre<\/p>\n","protected":false},"author":525,"featured_media":86436,"comment_status":"open","ping_status":"open","sticky":false,"template":"","format":"standard","meta":{"_acf_changed":false,"footnotes":""},"categories":[493],"tags":[268,4753,228],"class_list":["post-238654","post","type-post","status-publish","format-standard","has-post-thumbnail","hentry","category-cultura","tag-carrara","tag-consiglio-regionale-della-toscana","tag-festival"],"acf":[],"yoast_head":"<!-- This site is optimized with the Yoast SEO Premium plugin v24.2 (Yoast SEO v25.6) - https:\/\/yoast.com\/wordpress\/plugins\/seo\/ -->\n<title>Con-Vivere Carrara Festival &quot;le tracce&quot; il tema dell\u2019edizione 2022 - intoscana<\/title>\n<meta name=\"description\" content=\"Dall\u20198 all\u201911 settembre 24 appuntamenti\u00a0fra conferenze, dialoghi e dibattiti, quattro spettacoli, oltre 20 eventi collaterali\" \/>\n<meta name=\"robots\" content=\"index, follow, max-snippet:-1, max-image-preview:large, max-video-preview:-1\" \/>\n<link rel=\"canonical\" href=\"https:\/\/www.intoscana.it\/it\/con-vivere-carrara-festival-le-tracce-il-tema-delledizione-2022\/\" \/>\n<meta property=\"og:locale\" content=\"it_IT\" \/>\n<meta property=\"og:type\" content=\"article\" \/>\n<meta property=\"og:title\" content=\"Con-Vivere Carrara Festival &quot;le tracce&quot; il tema dell\u2019edizione 2022\" \/>\n<meta property=\"og:description\" content=\"Dall\u20198 all\u201911 settembre 24 appuntamenti\u00a0fra conferenze, dialoghi e dibattiti, quattro spettacoli, oltre 20 eventi collaterali\" \/>\n<meta property=\"og:url\" content=\"https:\/\/www.intoscana.it\/it\/con-vivere-carrara-festival-le-tracce-il-tema-delledizione-2022\/\" \/>\n<meta property=\"og:site_name\" content=\"intoscana\" \/>\n<meta property=\"article:publisher\" content=\"https:\/\/www.facebook.com\/intoscana.it\" \/>\n<meta property=\"article:published_time\" content=\"2022-07-20T11:52:44+00:00\" \/>\n<meta property=\"og:image\" content=\"https:\/\/www.intoscana.it\/wp-content\/uploads\/b1249691aaa5f3506471f37474a57cf1.jpg\" \/>\n\t<meta property=\"og:image:width\" content=\"1000\" \/>\n\t<meta property=\"og:image:height\" content=\"656\" \/>\n\t<meta property=\"og:image:type\" content=\"image\/jpeg\" \/>\n<meta name=\"author\" content=\"Redazione\" \/>\n<meta name=\"twitter:card\" content=\"summary_large_image\" \/>\n<meta name=\"twitter:creator\" content=\"@intoscana\" \/>\n<meta name=\"twitter:site\" content=\"@intoscana\" \/>\n<meta name=\"twitter:label1\" content=\"Written by\" \/>\n\t<meta name=\"twitter:data1\" content=\"Redazione\" \/>\n\t<meta name=\"twitter:label2\" content=\"Est. reading time\" \/>\n\t<meta name=\"twitter:data2\" content=\"2 minuti\" \/>\n<script type=\"application\/ld+json\" class=\"yoast-schema-graph\">{\"@context\":\"https:\/\/schema.org\",\"@graph\":[{\"@type\":\"WebPage\",\"@id\":\"https:\/\/www.intoscana.it\/it\/con-vivere-carrara-festival-le-tracce-il-tema-delledizione-2022\/\",\"url\":\"https:\/\/www.intoscana.it\/it\/con-vivere-carrara-festival-le-tracce-il-tema-delledizione-2022\/\",\"name\":\"Con-Vivere Carrara Festival \\\"le tracce\\\" il tema dell\u2019edizione 2022 - intoscana\",\"isPartOf\":{\"@id\":\"https:\/\/www.intoscana.it\/it\/#website\"},\"primaryImageOfPage\":{\"@id\":\"https:\/\/www.intoscana.it\/it\/con-vivere-carrara-festival-le-tracce-il-tema-delledizione-2022\/#primaryimage\"},\"image\":{\"@id\":\"https:\/\/www.intoscana.it\/it\/con-vivere-carrara-festival-le-tracce-il-tema-delledizione-2022\/#primaryimage\"},\"thumbnailUrl\":\"https:\/\/www.intoscana.it\/wp-content\/uploads\/b1249691aaa5f3506471f37474a57cf1.jpg\",\"datePublished\":\"2022-07-20T11:52:44+00:00\",\"author\":{\"@id\":\"https:\/\/www.intoscana.it\/it\/#\/schema\/person\/9223810753230f20bd670fdd322661f8\"},\"description\":\"Dall\u20198 all\u201911 settembre 24 appuntamenti\u00a0fra conferenze, dialoghi e dibattiti, quattro spettacoli, oltre 20 eventi collaterali\",\"breadcrumb\":{\"@id\":\"https:\/\/www.intoscana.it\/it\/con-vivere-carrara-festival-le-tracce-il-tema-delledizione-2022\/#breadcrumb\"},\"inLanguage\":\"it-IT\",\"potentialAction\":[{\"@type\":\"ReadAction\",\"target\":[\"https:\/\/www.intoscana.it\/it\/con-vivere-carrara-festival-le-tracce-il-tema-delledizione-2022\/\"]}]},{\"@type\":\"ImageObject\",\"inLanguage\":\"it-IT\",\"@id\":\"https:\/\/www.intoscana.it\/it\/con-vivere-carrara-festival-le-tracce-il-tema-delledizione-2022\/#primaryimage\",\"url\":\"https:\/\/www.intoscana.it\/wp-content\/uploads\/b1249691aaa5f3506471f37474a57cf1.jpg\",\"contentUrl\":\"https:\/\/www.intoscana.it\/wp-content\/uploads\/b1249691aaa5f3506471f37474a57cf1.jpg\",\"width\":1000,\"height\":656,\"caption\":\"Il festival Con-Vivere\"},{\"@type\":\"BreadcrumbList\",\"@id\":\"https:\/\/www.intoscana.it\/it\/con-vivere-carrara-festival-le-tracce-il-tema-delledizione-2022\/#breadcrumb\",\"itemListElement\":[{\"@type\":\"ListItem\",\"position\":1,\"name\":\"Home\",\"item\":\"https:\/\/www.intoscana.it\/it\/\"},{\"@type\":\"ListItem\",\"position\":2,\"name\":\"Con-Vivere Carrara Festival &#8220;le tracce&#8221; il tema dell\u2019edizione 2022\"}]},{\"@type\":\"WebSite\",\"@id\":\"https:\/\/www.intoscana.it\/it\/#website\",\"url\":\"https:\/\/www.intoscana.it\/it\/\",\"name\":\"intoscana\",\"description\":\"\",\"potentialAction\":[{\"@type\":\"SearchAction\",\"target\":{\"@type\":\"EntryPoint\",\"urlTemplate\":\"https:\/\/www.intoscana.it\/it\/?s={search_term_string}\"},\"query-input\":{\"@type\":\"PropertyValueSpecification\",\"valueRequired\":true,\"valueName\":\"search_term_string\"}}],\"inLanguage\":\"it-IT\"},{\"@type\":\"Person\",\"@id\":\"https:\/\/www.intoscana.it\/it\/#\/schema\/person\/9223810753230f20bd670fdd322661f8\",\"name\":\"Redazione\",\"url\":\"https:\/\/www.intoscana.it\/it\/author\/redazione\/\"}]}<\/script>\n<!-- \/ Yoast SEO Premium plugin. -->","yoast_head_json":{"title":"Con-Vivere Carrara Festival \"le tracce\" il tema dell\u2019edizione 2022 - intoscana","description":"Dall\u20198 all\u201911 settembre 24 appuntamenti\u00a0fra conferenze, dialoghi e dibattiti, quattro spettacoli, oltre 20 eventi collaterali","robots":{"index":"index","follow":"follow","max-snippet":"max-snippet:-1","max-image-preview":"max-image-preview:large","max-video-preview":"max-video-preview:-1"},"canonical":"https:\/\/www.intoscana.it\/it\/con-vivere-carrara-festival-le-tracce-il-tema-delledizione-2022\/","og_locale":"it_IT","og_type":"article","og_title":"Con-Vivere Carrara Festival \"le tracce\" il tema dell\u2019edizione 2022","og_description":"Dall\u20198 all\u201911 settembre 24 appuntamenti\u00a0fra conferenze, dialoghi e dibattiti, quattro spettacoli, oltre 20 eventi collaterali","og_url":"https:\/\/www.intoscana.it\/it\/con-vivere-carrara-festival-le-tracce-il-tema-delledizione-2022\/","og_site_name":"intoscana","article_publisher":"https:\/\/www.facebook.com\/intoscana.it","article_published_time":"2022-07-20T11:52:44+00:00","og_image":[{"width":1000,"height":656,"url":"https:\/\/www.intoscana.it\/wp-content\/uploads\/b1249691aaa5f3506471f37474a57cf1.jpg","type":"image\/jpeg"}],"author":"Redazione","twitter_card":"summary_large_image","twitter_creator":"@intoscana","twitter_site":"@intoscana","twitter_misc":{"Written by":"Redazione","Est. reading time":"2 minuti"},"schema":{"@context":"https:\/\/schema.org","@graph":[{"@type":"WebPage","@id":"https:\/\/www.intoscana.it\/it\/con-vivere-carrara-festival-le-tracce-il-tema-delledizione-2022\/","url":"https:\/\/www.intoscana.it\/it\/con-vivere-carrara-festival-le-tracce-il-tema-delledizione-2022\/","name":"Con-Vivere Carrara Festival \"le tracce\" il tema dell\u2019edizione 2022 - intoscana","isPartOf":{"@id":"https:\/\/www.intoscana.it\/it\/#website"},"primaryImageOfPage":{"@id":"https:\/\/www.intoscana.it\/it\/con-vivere-carrara-festival-le-tracce-il-tema-delledizione-2022\/#primaryimage"},"image":{"@id":"https:\/\/www.intoscana.it\/it\/con-vivere-carrara-festival-le-tracce-il-tema-delledizione-2022\/#primaryimage"},"thumbnailUrl":"https:\/\/www.intoscana.it\/wp-content\/uploads\/b1249691aaa5f3506471f37474a57cf1.jpg","datePublished":"2022-07-20T11:52:44+00:00","author":{"@id":"https:\/\/www.intoscana.it\/it\/#\/schema\/person\/9223810753230f20bd670fdd322661f8"},"description":"Dall\u20198 all\u201911 settembre 24 appuntamenti\u00a0fra conferenze, dialoghi e dibattiti, quattro spettacoli, oltre 20 eventi collaterali","breadcrumb":{"@id":"https:\/\/www.intoscana.it\/it\/con-vivere-carrara-festival-le-tracce-il-tema-delledizione-2022\/#breadcrumb"},"inLanguage":"it-IT","potentialAction":[{"@type":"ReadAction","target":["https:\/\/www.intoscana.it\/it\/con-vivere-carrara-festival-le-tracce-il-tema-delledizione-2022\/"]}]},{"@type":"ImageObject","inLanguage":"it-IT","@id":"https:\/\/www.intoscana.it\/it\/con-vivere-carrara-festival-le-tracce-il-tema-delledizione-2022\/#primaryimage","url":"https:\/\/www.intoscana.it\/wp-content\/uploads\/b1249691aaa5f3506471f37474a57cf1.jpg","contentUrl":"https:\/\/www.intoscana.it\/wp-content\/uploads\/b1249691aaa5f3506471f37474a57cf1.jpg","width":1000,"height":656,"caption":"Il festival Con-Vivere"},{"@type":"BreadcrumbList","@id":"https:\/\/www.intoscana.it\/it\/con-vivere-carrara-festival-le-tracce-il-tema-delledizione-2022\/#breadcrumb","itemListElement":[{"@type":"ListItem","position":1,"name":"Home","item":"https:\/\/www.intoscana.it\/it\/"},{"@type":"ListItem","position":2,"name":"Con-Vivere Carrara Festival &#8220;le tracce&#8221; il tema dell\u2019edizione 2022"}]},{"@type":"WebSite","@id":"https:\/\/www.intoscana.it\/it\/#website","url":"https:\/\/www.intoscana.it\/it\/","name":"intoscana","description":"","potentialAction":[{"@type":"SearchAction","target":{"@type":"EntryPoint","urlTemplate":"https:\/\/www.intoscana.it\/it\/?s={search_term_string}"},"query-input":{"@type":"PropertyValueSpecification","valueRequired":true,"valueName":"search_term_string"}}],"inLanguage":"it-IT"},{"@type":"Person","@id":"https:\/\/www.intoscana.it\/it\/#\/schema\/person\/9223810753230f20bd670fdd322661f8","name":"Redazione","url":"https:\/\/www.intoscana.it\/it\/author\/redazione\/"}]}},"_links":{"self":[{"href":"https:\/\/www.intoscana.it\/it\/wp-json\/wp\/v2\/posts\/238654","targetHints":{"allow":["GET"]}}],"collection":[{"href":"https:\/\/www.intoscana.it\/it\/wp-json\/wp\/v2\/posts"}],"about":[{"href":"https:\/\/www.intoscana.it\/it\/wp-json\/wp\/v2\/types\/post"}],"author":[{"embeddable":true,"href":"https:\/\/www.intoscana.it\/it\/wp-json\/wp\/v2\/users\/525"}],"replies":[{"embeddable":true,"href":"https:\/\/www.intoscana.it\/it\/wp-json\/wp\/v2\/comments?post=238654"}],"version-history":[{"count":0,"href":"https:\/\/www.intoscana.it\/it\/wp-json\/wp\/v2\/posts\/238654\/revisions"}],"wp:featuredmedia":[{"embeddable":true,"href":"https:\/\/www.intoscana.it\/it\/wp-json\/wp\/v2\/media\/86436"}],"wp:attachment":[{"href":"https:\/\/www.intoscana.it\/it\/wp-json\/wp\/v2\/media?parent=238654"}],"wp:term":[{"taxonomy":"category","embeddable":true,"href":"https:\/\/www.intoscana.it\/it\/wp-json\/wp\/v2\/categories?post=238654"},{"taxonomy":"post_tag","embeddable":true,"href":"https:\/\/www.intoscana.it\/it\/wp-json\/wp\/v2\/tags?post=238654"}],"curies":[{"name":"wp","href":"https:\/\/api.w.org\/{rel}","templated":true}]}}