{"id":238786,"date":"2022-07-20T15:03:38","date_gmt":"2022-07-20T13:03:38","guid":{"rendered":"https:\/\/www.intoscana.it\/it\/?p=238786"},"modified":"2022-07-22T09:14:57","modified_gmt":"2022-07-22T07:14:57","slug":"covid-19-4-259-nuovi-casi-eta-media-51-anni-sono-10-i-decessi","status":"publish","type":"post","link":"https:\/\/www.intoscana.it\/it\/covid-19-4-259-nuovi-casi-eta-media-51-anni-sono-10-i-decessi\/","title":{"rendered":"Covid-19,  4.259 nuovi casi, et\u00e0 media 51 anni. Sono 10 i decessi"},"content":{"rendered":"<p>Covid-19, in Toscana sono <strong>1.304.489 i casi di positivit\u00e0<\/strong>. Si tratta di <strong>4.259 casi in pi\u00f9<\/strong> rispetto a ieri (829 confermati con tampone molecolare e 3.430 da test rapido antigenico), et\u00e0 media 51 anni. <strong>I nuovi casi <\/strong>sono lo<strong> 0,3% in pi\u00f9<\/strong> rispetto al totale del giorno precedente.<\/p>\n<p><strong>I guariti<\/strong> raggiungono <strong>quota 1.199.726<\/strong> (92% dei casi totali). Oggi sono stati eseguiti <strong>2.402 tamponi molecolari e 18.216 tamponi antigenici rapidi<\/strong>, di questi il 20,7% \u00e8 risultato positivo. Sono invece 5.502 i soggetti testati oggi (con tampone antigenico e\/o molecolare, escludendo i tamponi di controllo), di cui il 77,4% \u00e8 risultato positivo.<\/p>\n<p><strong>I positivi sono oggi 94.446<\/strong>, -0,3% rispetto a ieri. Sono <strong>93.635 le persone in isolamento a casa<\/strong>, poich\u00e9 presentano sintomi lievi che non richiedono cure ospedaliere, o risultano prive di sintomi (324 in meno rispetto a ieri, meno 0,3%). <strong>Le persone ricoverate sono 811<\/strong> (21 in pi\u00f9 rispetto a ieri, pi\u00f9 2,7%), <strong>28 in terapia intensiva<\/strong> (3 in meno rispetto a ieri, meno 9,7%).<\/p>\n<p>Oggi si registrano <strong>10 nuovi decessi<\/strong>: 5 uomini e 5 donne con un&#8217;et\u00e0 media di 85,6 anni. Relativamente alla provincia di residenza, le 10 persone decedute sono: 2 a Pistoia, 1 a Massa- Carrara, 2 a Pisa, 3 a Livorno, 2 a Siena.<\/p>\n<p>Sono <strong>361.373 i casi complessivi<\/strong> ad oggi a Firenze (1.045 in pi\u00f9 rispetto a ieri), 88.207 a Prato (279 in pi\u00f9), 103.116 a Pistoia (291 in pi\u00f9), 63.858 a Massa-Carrara (230 in pi\u00f9), 137.801 a Lucca (502 in pi\u00f9), 151.257 a Pisa (492 in pi\u00f9), 116.253 a Livorno (456 in pi\u00f9), 118.103 ad Arezzo (372 in pi\u00f9), 93.825 a Siena (297 in pi\u00f9), 70.141 a Grosseto (295 in pi\u00f9). Sono 555 i casi positivi notificati in Toscana, ma residenti in altre regioni.<\/p>\n<p>Sono <strong>10.317 i deceduti dall&#8217;inizio dell&#8217;epidemia<\/strong> cosi ripartiti: 3.249 a Firenze, 845 a Prato, 931 a Pistoia, 665 a Massa-Carrara, 968 a Lucca, 1.151 a Pisa, 766 a Livorno, 663 ad Arezzo, 544 a Siena, 392 a Grosseto, 143 persone sono decedute sul suolo toscano ma erano residenti fuori regione.<\/p>\n","protected":false},"excerpt":{"rendered":"<p>Le persone ricoverate sono 811 (21 in pi\u00f9 rispetto a ieri, + 2,7%), 28 in terapia intensiva (3 in meno, &#8211; 9,7%)<\/p>\n","protected":false},"author":525,"featured_media":208205,"comment_status":"open","ping_status":"open","sticky":false,"template":"","format":"standard","meta":{"_acf_changed":false,"footnotes":""},"categories":[494],"tags":[4868,4809],"class_list":["post-238786","post","type-post","status-publish","format-standard","has-post-thumbnail","hentry","category-attualita","tag-bollettino-covid-toscana","tag-covid"],"acf":[],"yoast_head":"<!-- This site is optimized with the Yoast SEO Premium plugin v24.2 (Yoast SEO v25.6) - https:\/\/yoast.com\/wordpress\/plugins\/seo\/ -->\n<title>Covid-19, 4.259 nuovi casi, et\u00e0 media 51 anni. Sono 10 i decessi - intoscana<\/title>\n<meta name=\"description\" content=\"Le persone ricoverate sono 811 (21 in pi\u00f9 rispetto a ieri, + 2,7%), 28 in terapia intensiva (3 in meno, - 9,7%)\" \/>\n<meta name=\"robots\" content=\"index, follow, max-snippet:-1, max-image-preview:large, max-video-preview:-1\" \/>\n<link rel=\"canonical\" href=\"https:\/\/www.intoscana.it\/it\/covid-19-4-259-nuovi-casi-eta-media-51-anni-sono-10-i-decessi\/\" \/>\n<meta property=\"og:locale\" content=\"it_IT\" \/>\n<meta property=\"og:type\" content=\"article\" \/>\n<meta property=\"og:title\" content=\"Covid-19, 4.259 nuovi casi, et\u00e0 media 51 anni. Sono 10 i decessi\" \/>\n<meta property=\"og:description\" content=\"Le persone ricoverate sono 811 (21 in pi\u00f9 rispetto a ieri, + 2,7%), 28 in terapia intensiva (3 in meno, - 9,7%)\" \/>\n<meta property=\"og:url\" content=\"https:\/\/www.intoscana.it\/it\/covid-19-4-259-nuovi-casi-eta-media-51-anni-sono-10-i-decessi\/\" \/>\n<meta property=\"og:site_name\" content=\"intoscana\" \/>\n<meta property=\"article:publisher\" content=\"https:\/\/www.facebook.com\/intoscana.it\" \/>\n<meta property=\"article:published_time\" content=\"2022-07-20T13:03:38+00:00\" \/>\n<meta property=\"article:modified_time\" content=\"2022-07-22T07:14:57+00:00\" \/>\n<meta property=\"og:image\" content=\"https:\/\/www.intoscana.it\/wp-content\/uploads\/Protezione-da-Covid-Jan-Kopr\u030civa-Unsplash.jpg\" \/>\n\t<meta property=\"og:image:width\" content=\"1920\" \/>\n\t<meta property=\"og:image:height\" content=\"1281\" \/>\n\t<meta property=\"og:image:type\" content=\"image\/jpeg\" \/>\n<meta name=\"author\" content=\"Redazione\" \/>\n<meta name=\"twitter:card\" content=\"summary_large_image\" \/>\n<meta name=\"twitter:creator\" content=\"@intoscana\" \/>\n<meta name=\"twitter:site\" content=\"@intoscana\" \/>\n<meta name=\"twitter:label1\" content=\"Written by\" \/>\n\t<meta name=\"twitter:data1\" content=\"Redazione\" \/>\n\t<meta name=\"twitter:label2\" content=\"Est. reading time\" \/>\n\t<meta name=\"twitter:data2\" content=\"1 minuto\" \/>\n<script type=\"application\/ld+json\" class=\"yoast-schema-graph\">{\"@context\":\"https:\/\/schema.org\",\"@graph\":[{\"@type\":\"WebPage\",\"@id\":\"https:\/\/www.intoscana.it\/it\/covid-19-4-259-nuovi-casi-eta-media-51-anni-sono-10-i-decessi\/\",\"url\":\"https:\/\/www.intoscana.it\/it\/covid-19-4-259-nuovi-casi-eta-media-51-anni-sono-10-i-decessi\/\",\"name\":\"Covid-19, 4.259 nuovi casi, et\u00e0 media 51 anni. Sono 10 i decessi - intoscana\",\"isPartOf\":{\"@id\":\"https:\/\/www.intoscana.it\/it\/#website\"},\"primaryImageOfPage\":{\"@id\":\"https:\/\/www.intoscana.it\/it\/covid-19-4-259-nuovi-casi-eta-media-51-anni-sono-10-i-decessi\/#primaryimage\"},\"image\":{\"@id\":\"https:\/\/www.intoscana.it\/it\/covid-19-4-259-nuovi-casi-eta-media-51-anni-sono-10-i-decessi\/#primaryimage\"},\"thumbnailUrl\":\"https:\/\/www.intoscana.it\/wp-content\/uploads\/Protezione-da-Covid-Jan-Kopr\u030civa-Unsplash.jpg\",\"datePublished\":\"2022-07-20T13:03:38+00:00\",\"dateModified\":\"2022-07-22T07:14:57+00:00\",\"author\":{\"@id\":\"https:\/\/www.intoscana.it\/it\/#\/schema\/person\/9223810753230f20bd670fdd322661f8\"},\"description\":\"Le persone ricoverate sono 811 (21 in pi\u00f9 rispetto a ieri, + 2,7%), 28 in terapia intensiva (3 in meno, - 9,7%)\",\"breadcrumb\":{\"@id\":\"https:\/\/www.intoscana.it\/it\/covid-19-4-259-nuovi-casi-eta-media-51-anni-sono-10-i-decessi\/#breadcrumb\"},\"inLanguage\":\"it-IT\",\"potentialAction\":[{\"@type\":\"ReadAction\",\"target\":[\"https:\/\/www.intoscana.it\/it\/covid-19-4-259-nuovi-casi-eta-media-51-anni-sono-10-i-decessi\/\"]}]},{\"@type\":\"ImageObject\",\"inLanguage\":\"it-IT\",\"@id\":\"https:\/\/www.intoscana.it\/it\/covid-19-4-259-nuovi-casi-eta-media-51-anni-sono-10-i-decessi\/#primaryimage\",\"url\":\"https:\/\/www.intoscana.it\/wp-content\/uploads\/Protezione-da-Covid-Jan-Kopr\u030civa-Unsplash.jpg\",\"contentUrl\":\"https:\/\/www.intoscana.it\/wp-content\/uploads\/Protezione-da-Covid-Jan-Kopr\u030civa-Unsplash.jpg\",\"width\":1920,\"height\":1281},{\"@type\":\"BreadcrumbList\",\"@id\":\"https:\/\/www.intoscana.it\/it\/covid-19-4-259-nuovi-casi-eta-media-51-anni-sono-10-i-decessi\/#breadcrumb\",\"itemListElement\":[{\"@type\":\"ListItem\",\"position\":1,\"name\":\"Home\",\"item\":\"https:\/\/www.intoscana.it\/it\/\"},{\"@type\":\"ListItem\",\"position\":2,\"name\":\"Covid-19, 4.259 nuovi casi, et\u00e0 media 51 anni. Sono 10 i decessi\"}]},{\"@type\":\"WebSite\",\"@id\":\"https:\/\/www.intoscana.it\/it\/#website\",\"url\":\"https:\/\/www.intoscana.it\/it\/\",\"name\":\"intoscana\",\"description\":\"\",\"potentialAction\":[{\"@type\":\"SearchAction\",\"target\":{\"@type\":\"EntryPoint\",\"urlTemplate\":\"https:\/\/www.intoscana.it\/it\/?s={search_term_string}\"},\"query-input\":{\"@type\":\"PropertyValueSpecification\",\"valueRequired\":true,\"valueName\":\"search_term_string\"}}],\"inLanguage\":\"it-IT\"},{\"@type\":\"Person\",\"@id\":\"https:\/\/www.intoscana.it\/it\/#\/schema\/person\/9223810753230f20bd670fdd322661f8\",\"name\":\"Redazione\",\"url\":\"https:\/\/www.intoscana.it\/it\/author\/redazione\/\"}]}<\/script>\n<!-- \/ Yoast SEO Premium plugin. -->","yoast_head_json":{"title":"Covid-19, 4.259 nuovi casi, et\u00e0 media 51 anni. Sono 10 i decessi - intoscana","description":"Le persone ricoverate sono 811 (21 in pi\u00f9 rispetto a ieri, + 2,7%), 28 in terapia intensiva (3 in meno, - 9,7%)","robots":{"index":"index","follow":"follow","max-snippet":"max-snippet:-1","max-image-preview":"max-image-preview:large","max-video-preview":"max-video-preview:-1"},"canonical":"https:\/\/www.intoscana.it\/it\/covid-19-4-259-nuovi-casi-eta-media-51-anni-sono-10-i-decessi\/","og_locale":"it_IT","og_type":"article","og_title":"Covid-19, 4.259 nuovi casi, et\u00e0 media 51 anni. Sono 10 i decessi","og_description":"Le persone ricoverate sono 811 (21 in pi\u00f9 rispetto a ieri, + 2,7%), 28 in terapia intensiva (3 in meno, - 9,7%)","og_url":"https:\/\/www.intoscana.it\/it\/covid-19-4-259-nuovi-casi-eta-media-51-anni-sono-10-i-decessi\/","og_site_name":"intoscana","article_publisher":"https:\/\/www.facebook.com\/intoscana.it","article_published_time":"2022-07-20T13:03:38+00:00","article_modified_time":"2022-07-22T07:14:57+00:00","og_image":[{"width":1920,"height":1281,"url":"https:\/\/www.intoscana.it\/wp-content\/uploads\/Protezione-da-Covid-Jan-Kopr\u030civa-Unsplash.jpg","type":"image\/jpeg"}],"author":"Redazione","twitter_card":"summary_large_image","twitter_creator":"@intoscana","twitter_site":"@intoscana","twitter_misc":{"Written by":"Redazione","Est. reading time":"1 minuto"},"schema":{"@context":"https:\/\/schema.org","@graph":[{"@type":"WebPage","@id":"https:\/\/www.intoscana.it\/it\/covid-19-4-259-nuovi-casi-eta-media-51-anni-sono-10-i-decessi\/","url":"https:\/\/www.intoscana.it\/it\/covid-19-4-259-nuovi-casi-eta-media-51-anni-sono-10-i-decessi\/","name":"Covid-19, 4.259 nuovi casi, et\u00e0 media 51 anni. Sono 10 i decessi - intoscana","isPartOf":{"@id":"https:\/\/www.intoscana.it\/it\/#website"},"primaryImageOfPage":{"@id":"https:\/\/www.intoscana.it\/it\/covid-19-4-259-nuovi-casi-eta-media-51-anni-sono-10-i-decessi\/#primaryimage"},"image":{"@id":"https:\/\/www.intoscana.it\/it\/covid-19-4-259-nuovi-casi-eta-media-51-anni-sono-10-i-decessi\/#primaryimage"},"thumbnailUrl":"https:\/\/www.intoscana.it\/wp-content\/uploads\/Protezione-da-Covid-Jan-Kopr\u030civa-Unsplash.jpg","datePublished":"2022-07-20T13:03:38+00:00","dateModified":"2022-07-22T07:14:57+00:00","author":{"@id":"https:\/\/www.intoscana.it\/it\/#\/schema\/person\/9223810753230f20bd670fdd322661f8"},"description":"Le persone ricoverate sono 811 (21 in pi\u00f9 rispetto a ieri, + 2,7%), 28 in terapia intensiva (3 in meno, - 9,7%)","breadcrumb":{"@id":"https:\/\/www.intoscana.it\/it\/covid-19-4-259-nuovi-casi-eta-media-51-anni-sono-10-i-decessi\/#breadcrumb"},"inLanguage":"it-IT","potentialAction":[{"@type":"ReadAction","target":["https:\/\/www.intoscana.it\/it\/covid-19-4-259-nuovi-casi-eta-media-51-anni-sono-10-i-decessi\/"]}]},{"@type":"ImageObject","inLanguage":"it-IT","@id":"https:\/\/www.intoscana.it\/it\/covid-19-4-259-nuovi-casi-eta-media-51-anni-sono-10-i-decessi\/#primaryimage","url":"https:\/\/www.intoscana.it\/wp-content\/uploads\/Protezione-da-Covid-Jan-Kopr\u030civa-Unsplash.jpg","contentUrl":"https:\/\/www.intoscana.it\/wp-content\/uploads\/Protezione-da-Covid-Jan-Kopr\u030civa-Unsplash.jpg","width":1920,"height":1281},{"@type":"BreadcrumbList","@id":"https:\/\/www.intoscana.it\/it\/covid-19-4-259-nuovi-casi-eta-media-51-anni-sono-10-i-decessi\/#breadcrumb","itemListElement":[{"@type":"ListItem","position":1,"name":"Home","item":"https:\/\/www.intoscana.it\/it\/"},{"@type":"ListItem","position":2,"name":"Covid-19, 4.259 nuovi casi, et\u00e0 media 51 anni. Sono 10 i decessi"}]},{"@type":"WebSite","@id":"https:\/\/www.intoscana.it\/it\/#website","url":"https:\/\/www.intoscana.it\/it\/","name":"intoscana","description":"","potentialAction":[{"@type":"SearchAction","target":{"@type":"EntryPoint","urlTemplate":"https:\/\/www.intoscana.it\/it\/?s={search_term_string}"},"query-input":{"@type":"PropertyValueSpecification","valueRequired":true,"valueName":"search_term_string"}}],"inLanguage":"it-IT"},{"@type":"Person","@id":"https:\/\/www.intoscana.it\/it\/#\/schema\/person\/9223810753230f20bd670fdd322661f8","name":"Redazione","url":"https:\/\/www.intoscana.it\/it\/author\/redazione\/"}]}},"_links":{"self":[{"href":"https:\/\/www.intoscana.it\/it\/wp-json\/wp\/v2\/posts\/238786","targetHints":{"allow":["GET"]}}],"collection":[{"href":"https:\/\/www.intoscana.it\/it\/wp-json\/wp\/v2\/posts"}],"about":[{"href":"https:\/\/www.intoscana.it\/it\/wp-json\/wp\/v2\/types\/post"}],"author":[{"embeddable":true,"href":"https:\/\/www.intoscana.it\/it\/wp-json\/wp\/v2\/users\/525"}],"replies":[{"embeddable":true,"href":"https:\/\/www.intoscana.it\/it\/wp-json\/wp\/v2\/comments?post=238786"}],"version-history":[{"count":0,"href":"https:\/\/www.intoscana.it\/it\/wp-json\/wp\/v2\/posts\/238786\/revisions"}],"wp:featuredmedia":[{"embeddable":true,"href":"https:\/\/www.intoscana.it\/it\/wp-json\/wp\/v2\/media\/208205"}],"wp:attachment":[{"href":"https:\/\/www.intoscana.it\/it\/wp-json\/wp\/v2\/media?parent=238786"}],"wp:term":[{"taxonomy":"category","embeddable":true,"href":"https:\/\/www.intoscana.it\/it\/wp-json\/wp\/v2\/categories?post=238786"},{"taxonomy":"post_tag","embeddable":true,"href":"https:\/\/www.intoscana.it\/it\/wp-json\/wp\/v2\/tags?post=238786"}],"curies":[{"name":"wp","href":"https:\/\/api.w.org\/{rel}","templated":true}]}}