{"id":238812,"date":"2022-07-20T17:19:01","date_gmt":"2022-07-20T15:19:01","guid":{"rendered":"https:\/\/www.intoscana.it\/it\/?p=238812"},"modified":"2022-07-20T18:18:19","modified_gmt":"2022-07-20T16:18:19","slug":"nasce-villaggio-montedomini-per-gli-anziani-fragili-autosufficienti","status":"publish","type":"post","link":"https:\/\/www.intoscana.it\/it\/nasce-villaggio-montedomini-per-gli-anziani-fragili-autosufficienti\/","title":{"rendered":"Nasce Villaggio Montedomini per gli anziani fragili autosufficienti"},"content":{"rendered":"<p>Sar\u00e0 <mark>il primo villaggio pubblico per anziani fragili autosufficienti a Firenze<\/mark>, composto da <strong>36 miniappartamenti a canone calmierato<\/strong>, per ospitare fino a <strong>65 persone<\/strong>. I lavori per realizzare il &#8216;<em>Villaggio Montedomini<\/em>&#8216; partiranno a ottobre e si concluderanno per il Lotto 1 in 18 mesi.<\/p>\n<p>Gli <mark>anziani non saranno soli, ma in co-housing<\/mark>: vivranno in autonomia, ma se necessario potranno usufruire dei <strong>servizi socio-sanitari<\/strong> resi <strong>da Montedomini<\/strong>, di quelli offerti nel quartiere e di quelli che verranno erogati nella <strong>Casa di Comunit\u00e0<\/strong> che nascer\u00e0 a Montedomini nell&#8217;area di propriet\u00e0 dell&#8217;Azienda sanitaria in via de&#8217; Malcontenti.<\/p>\n<figure id=\"post-238816 media-238816\" class=\"align-none\"><img decoding=\"async\" src=\"https:\/\/www.intoscana.it\/wp-content\/uploads\/294105488_7722726057799777_1491245651755758709_n.jpg\" alt=\"\" \/><\/figure>\n<div class=\"titleimg\">La presentazione del progetto Villaggio Montedomini<\/div>\n<p>Per la realizzazione del progetto <strong>Fondazione Cr Firenze<\/strong> investir\u00e0 un milione di euro e la <strong>Regione Toscana<\/strong> 1,36 milioni, destinati ai lavori del Lotto 1. <strong>Il Comune<\/strong> investir\u00e0 nel progetto 2,46 milioni di euro arrivati con il Pnrr per il Lotto 2. Asp Firenze Montedomini per i due lotti finanzier\u00e0 complessivamente quasi un milione.<\/p>\n<p>&#8220;<em>E&#8217; una iniziativa di grande respiro, molto importante per le indicazioni che potr\u00e0 dare ad affrontare nel modo migliore la grande sfida dell&#8217;assistenza agli anziani<\/em>&#8220;, ha commentato il presidente della Regione Toscana <strong>Eugenio Giani<\/strong>. Il Villaggio Montedomini, per l&#8217;assessora regionale al welfare <strong>Serena Spinelli<\/strong>, &#8220;<em>offrir\u00e0 una opportunit\u00e0 preziosa per garantire alla persona anziana<\/em>&#8221; di poter &#8220;<em>mantenere i suoi spazi e la sua libert\u00e0 in contesto di vicinanza ai servizi e ben inserito nell&#8217;ambito urbano e sociale della citt\u00e0&#8221;<\/em>.<\/p>\n<p>Per il sindaco di Firenze <strong>Dario Nardella<\/strong> &#8220;<em>\u00e8 un progetto bello e innovativo a livello nazionale, che nasce dal mio programma di governo della citt\u00e0<\/em>&#8220;, e rappresenta &#8220;<em>un nuovo concetto di comunit\u00e0, dove gli anziani non sono un peso, ma sono il cuore, dove sono una realt\u00e0 dinamica viva e ben integrata<\/em>&#8220;. Secondo l&#8217;assessora comunale al welfare, <strong>Sara Funaro<\/strong>, &#8220;<em>questo progetto contribuisce a riportare i residenti in centro&#8221;, e &#8220;d\u00e0 importanti risposte a livello abitativo, di prevenzione sanitaria e di socializzazione per gli anziani fragili autosufficienti<\/em>&#8220;.<\/p>\n<p>Il presidente di <strong>Fondazione Cr Firenze Luigi Salvadori<\/strong> ha ricordato che &#8220;<em>il progetto va ben oltre la realizzazione di miniappartamenti, ma dialogher\u00e0 con la citt\u00e0 e sar\u00e0 anche un hub di formazione per le professioni sanitarie<\/em>&#8220;, sottolineando che ogni anno la Fondazione stanzia 3 milioni di euro &#8220;<em>per progetti, bandi e interventi verso le Rsa, i centri diurni, i centri riabilitativi, l&#8217;assistenza domiciliare<\/em>&#8220;.<\/p>\n<p>Per il presidente dell&#8217;Asp Firenze Montedomini, <strong>Luigi Paccosi<\/strong>, &#8220;<em>partendo dalle nostre radici, dalla continua vicinanza agli anziani e alle persone fragili, andremo incontro ai bisogni emergenti della cittadinanza attraverso la rigenerazione degli spazi al momento inutilizzati di Montedomini<\/em>&#8220;.<\/p>\n","protected":false},"excerpt":{"rendered":"<p>Il progetto finanziato da Regione Toscana, Fondazione Cr Firenze, Palazzo Vecchio prevede 36 mini-appartamenti a canone calmierato. Lavori il via a ottobre<\/p>\n","protected":false},"author":525,"featured_media":238815,"comment_status":"open","ping_status":"open","sticky":false,"template":"","format":"standard","meta":{"_acf_changed":false,"footnotes":""},"categories":[494],"tags":[178,6261,5301,151],"class_list":["post-238812","post","type-post","status-publish","format-standard","has-post-thumbnail","hentry","category-attualita","tag-comune-di-firenze","tag-fondazione-cr-firenze","tag-montedomini","tag-regione-toscana"],"acf":[],"yoast_head":"<!-- This site is optimized with the Yoast SEO Premium plugin v24.2 (Yoast SEO v25.6) - https:\/\/yoast.com\/wordpress\/plugins\/seo\/ -->\n<title>Nasce Villaggio Montedomini per gli anziani fragili autosufficienti - intoscana<\/title>\n<meta name=\"description\" content=\"Il progetto finanziato da Regione Toscana, Fondazione Cr Firenze, Palazzo Vecchio prevede 36 mini-appartamenti a canone calmierato\" \/>\n<meta name=\"robots\" content=\"index, follow, max-snippet:-1, max-image-preview:large, max-video-preview:-1\" \/>\n<link rel=\"canonical\" href=\"https:\/\/www.intoscana.it\/it\/nasce-villaggio-montedomini-per-gli-anziani-fragili-autosufficienti\/\" \/>\n<meta property=\"og:locale\" content=\"it_IT\" \/>\n<meta property=\"og:type\" content=\"article\" \/>\n<meta property=\"og:title\" content=\"Nasce Villaggio Montedomini per gli anziani fragili autosufficienti\" \/>\n<meta property=\"og:description\" content=\"Il progetto finanziato da Regione Toscana, Fondazione Cr Firenze, Palazzo Vecchio prevede 36 mini-appartamenti a canone calmierato\" \/>\n<meta property=\"og:url\" content=\"https:\/\/www.intoscana.it\/it\/nasce-villaggio-montedomini-per-gli-anziani-fragili-autosufficienti\/\" \/>\n<meta property=\"og:site_name\" content=\"intoscana\" \/>\n<meta property=\"article:publisher\" content=\"https:\/\/www.facebook.com\/intoscana.it\" \/>\n<meta property=\"article:published_time\" content=\"2022-07-20T15:19:01+00:00\" \/>\n<meta property=\"article:modified_time\" content=\"2022-07-20T16:18:19+00:00\" \/>\n<meta property=\"og:image\" content=\"https:\/\/www.intoscana.it\/wp-content\/uploads\/293793834_7722726067799776_8608032312004721708_n.jpg\" \/>\n\t<meta property=\"og:image:width\" content=\"1522\" \/>\n\t<meta property=\"og:image:height\" content=\"1015\" \/>\n\t<meta property=\"og:image:type\" content=\"image\/jpeg\" \/>\n<meta name=\"author\" content=\"Redazione\" \/>\n<meta name=\"twitter:card\" content=\"summary_large_image\" \/>\n<meta name=\"twitter:creator\" content=\"@intoscana\" \/>\n<meta name=\"twitter:site\" content=\"@intoscana\" \/>\n<meta name=\"twitter:label1\" content=\"Written by\" \/>\n\t<meta name=\"twitter:data1\" content=\"Redazione\" \/>\n\t<meta name=\"twitter:label2\" content=\"Est. reading time\" \/>\n\t<meta name=\"twitter:data2\" content=\"2 minuti\" \/>\n<script type=\"application\/ld+json\" class=\"yoast-schema-graph\">{\"@context\":\"https:\/\/schema.org\",\"@graph\":[{\"@type\":\"WebPage\",\"@id\":\"https:\/\/www.intoscana.it\/it\/nasce-villaggio-montedomini-per-gli-anziani-fragili-autosufficienti\/\",\"url\":\"https:\/\/www.intoscana.it\/it\/nasce-villaggio-montedomini-per-gli-anziani-fragili-autosufficienti\/\",\"name\":\"Nasce Villaggio Montedomini per gli anziani fragili autosufficienti - intoscana\",\"isPartOf\":{\"@id\":\"https:\/\/www.intoscana.it\/it\/#website\"},\"primaryImageOfPage\":{\"@id\":\"https:\/\/www.intoscana.it\/it\/nasce-villaggio-montedomini-per-gli-anziani-fragili-autosufficienti\/#primaryimage\"},\"image\":{\"@id\":\"https:\/\/www.intoscana.it\/it\/nasce-villaggio-montedomini-per-gli-anziani-fragili-autosufficienti\/#primaryimage\"},\"thumbnailUrl\":\"https:\/\/www.intoscana.it\/wp-content\/uploads\/293793834_7722726067799776_8608032312004721708_n.jpg\",\"datePublished\":\"2022-07-20T15:19:01+00:00\",\"dateModified\":\"2022-07-20T16:18:19+00:00\",\"author\":{\"@id\":\"https:\/\/www.intoscana.it\/it\/#\/schema\/person\/9223810753230f20bd670fdd322661f8\"},\"description\":\"Il progetto finanziato da Regione Toscana, Fondazione Cr Firenze, Palazzo Vecchio prevede 36 mini-appartamenti a canone calmierato\",\"breadcrumb\":{\"@id\":\"https:\/\/www.intoscana.it\/it\/nasce-villaggio-montedomini-per-gli-anziani-fragili-autosufficienti\/#breadcrumb\"},\"inLanguage\":\"it-IT\",\"potentialAction\":[{\"@type\":\"ReadAction\",\"target\":[\"https:\/\/www.intoscana.it\/it\/nasce-villaggio-montedomini-per-gli-anziani-fragili-autosufficienti\/\"]}]},{\"@type\":\"ImageObject\",\"inLanguage\":\"it-IT\",\"@id\":\"https:\/\/www.intoscana.it\/it\/nasce-villaggio-montedomini-per-gli-anziani-fragili-autosufficienti\/#primaryimage\",\"url\":\"https:\/\/www.intoscana.it\/wp-content\/uploads\/293793834_7722726067799776_8608032312004721708_n.jpg\",\"contentUrl\":\"https:\/\/www.intoscana.it\/wp-content\/uploads\/293793834_7722726067799776_8608032312004721708_n.jpg\",\"width\":1522,\"height\":1015,\"caption\":\"La presentazione del progetto Villaggio Montedomini\"},{\"@type\":\"BreadcrumbList\",\"@id\":\"https:\/\/www.intoscana.it\/it\/nasce-villaggio-montedomini-per-gli-anziani-fragili-autosufficienti\/#breadcrumb\",\"itemListElement\":[{\"@type\":\"ListItem\",\"position\":1,\"name\":\"Home\",\"item\":\"https:\/\/www.intoscana.it\/it\/\"},{\"@type\":\"ListItem\",\"position\":2,\"name\":\"Nasce Villaggio Montedomini per gli anziani fragili autosufficienti\"}]},{\"@type\":\"WebSite\",\"@id\":\"https:\/\/www.intoscana.it\/it\/#website\",\"url\":\"https:\/\/www.intoscana.it\/it\/\",\"name\":\"intoscana\",\"description\":\"\",\"potentialAction\":[{\"@type\":\"SearchAction\",\"target\":{\"@type\":\"EntryPoint\",\"urlTemplate\":\"https:\/\/www.intoscana.it\/it\/?s={search_term_string}\"},\"query-input\":{\"@type\":\"PropertyValueSpecification\",\"valueRequired\":true,\"valueName\":\"search_term_string\"}}],\"inLanguage\":\"it-IT\"},{\"@type\":\"Person\",\"@id\":\"https:\/\/www.intoscana.it\/it\/#\/schema\/person\/9223810753230f20bd670fdd322661f8\",\"name\":\"Redazione\",\"url\":\"https:\/\/www.intoscana.it\/it\/author\/redazione\/\"}]}<\/script>\n<!-- \/ Yoast SEO Premium plugin. -->","yoast_head_json":{"title":"Nasce Villaggio Montedomini per gli anziani fragili autosufficienti - intoscana","description":"Il progetto finanziato da Regione Toscana, Fondazione Cr Firenze, Palazzo Vecchio prevede 36 mini-appartamenti a canone calmierato","robots":{"index":"index","follow":"follow","max-snippet":"max-snippet:-1","max-image-preview":"max-image-preview:large","max-video-preview":"max-video-preview:-1"},"canonical":"https:\/\/www.intoscana.it\/it\/nasce-villaggio-montedomini-per-gli-anziani-fragili-autosufficienti\/","og_locale":"it_IT","og_type":"article","og_title":"Nasce Villaggio Montedomini per gli anziani fragili autosufficienti","og_description":"Il progetto finanziato da Regione Toscana, Fondazione Cr Firenze, Palazzo Vecchio prevede 36 mini-appartamenti a canone calmierato","og_url":"https:\/\/www.intoscana.it\/it\/nasce-villaggio-montedomini-per-gli-anziani-fragili-autosufficienti\/","og_site_name":"intoscana","article_publisher":"https:\/\/www.facebook.com\/intoscana.it","article_published_time":"2022-07-20T15:19:01+00:00","article_modified_time":"2022-07-20T16:18:19+00:00","og_image":[{"width":1522,"height":1015,"url":"https:\/\/www.intoscana.it\/wp-content\/uploads\/293793834_7722726067799776_8608032312004721708_n.jpg","type":"image\/jpeg"}],"author":"Redazione","twitter_card":"summary_large_image","twitter_creator":"@intoscana","twitter_site":"@intoscana","twitter_misc":{"Written by":"Redazione","Est. reading time":"2 minuti"},"schema":{"@context":"https:\/\/schema.org","@graph":[{"@type":"WebPage","@id":"https:\/\/www.intoscana.it\/it\/nasce-villaggio-montedomini-per-gli-anziani-fragili-autosufficienti\/","url":"https:\/\/www.intoscana.it\/it\/nasce-villaggio-montedomini-per-gli-anziani-fragili-autosufficienti\/","name":"Nasce Villaggio Montedomini per gli anziani fragili autosufficienti - intoscana","isPartOf":{"@id":"https:\/\/www.intoscana.it\/it\/#website"},"primaryImageOfPage":{"@id":"https:\/\/www.intoscana.it\/it\/nasce-villaggio-montedomini-per-gli-anziani-fragili-autosufficienti\/#primaryimage"},"image":{"@id":"https:\/\/www.intoscana.it\/it\/nasce-villaggio-montedomini-per-gli-anziani-fragili-autosufficienti\/#primaryimage"},"thumbnailUrl":"https:\/\/www.intoscana.it\/wp-content\/uploads\/293793834_7722726067799776_8608032312004721708_n.jpg","datePublished":"2022-07-20T15:19:01+00:00","dateModified":"2022-07-20T16:18:19+00:00","author":{"@id":"https:\/\/www.intoscana.it\/it\/#\/schema\/person\/9223810753230f20bd670fdd322661f8"},"description":"Il progetto finanziato da Regione Toscana, Fondazione Cr Firenze, Palazzo Vecchio prevede 36 mini-appartamenti a canone calmierato","breadcrumb":{"@id":"https:\/\/www.intoscana.it\/it\/nasce-villaggio-montedomini-per-gli-anziani-fragili-autosufficienti\/#breadcrumb"},"inLanguage":"it-IT","potentialAction":[{"@type":"ReadAction","target":["https:\/\/www.intoscana.it\/it\/nasce-villaggio-montedomini-per-gli-anziani-fragili-autosufficienti\/"]}]},{"@type":"ImageObject","inLanguage":"it-IT","@id":"https:\/\/www.intoscana.it\/it\/nasce-villaggio-montedomini-per-gli-anziani-fragili-autosufficienti\/#primaryimage","url":"https:\/\/www.intoscana.it\/wp-content\/uploads\/293793834_7722726067799776_8608032312004721708_n.jpg","contentUrl":"https:\/\/www.intoscana.it\/wp-content\/uploads\/293793834_7722726067799776_8608032312004721708_n.jpg","width":1522,"height":1015,"caption":"La presentazione del progetto Villaggio Montedomini"},{"@type":"BreadcrumbList","@id":"https:\/\/www.intoscana.it\/it\/nasce-villaggio-montedomini-per-gli-anziani-fragili-autosufficienti\/#breadcrumb","itemListElement":[{"@type":"ListItem","position":1,"name":"Home","item":"https:\/\/www.intoscana.it\/it\/"},{"@type":"ListItem","position":2,"name":"Nasce Villaggio Montedomini per gli anziani fragili autosufficienti"}]},{"@type":"WebSite","@id":"https:\/\/www.intoscana.it\/it\/#website","url":"https:\/\/www.intoscana.it\/it\/","name":"intoscana","description":"","potentialAction":[{"@type":"SearchAction","target":{"@type":"EntryPoint","urlTemplate":"https:\/\/www.intoscana.it\/it\/?s={search_term_string}"},"query-input":{"@type":"PropertyValueSpecification","valueRequired":true,"valueName":"search_term_string"}}],"inLanguage":"it-IT"},{"@type":"Person","@id":"https:\/\/www.intoscana.it\/it\/#\/schema\/person\/9223810753230f20bd670fdd322661f8","name":"Redazione","url":"https:\/\/www.intoscana.it\/it\/author\/redazione\/"}]}},"_links":{"self":[{"href":"https:\/\/www.intoscana.it\/it\/wp-json\/wp\/v2\/posts\/238812","targetHints":{"allow":["GET"]}}],"collection":[{"href":"https:\/\/www.intoscana.it\/it\/wp-json\/wp\/v2\/posts"}],"about":[{"href":"https:\/\/www.intoscana.it\/it\/wp-json\/wp\/v2\/types\/post"}],"author":[{"embeddable":true,"href":"https:\/\/www.intoscana.it\/it\/wp-json\/wp\/v2\/users\/525"}],"replies":[{"embeddable":true,"href":"https:\/\/www.intoscana.it\/it\/wp-json\/wp\/v2\/comments?post=238812"}],"version-history":[{"count":0,"href":"https:\/\/www.intoscana.it\/it\/wp-json\/wp\/v2\/posts\/238812\/revisions"}],"wp:featuredmedia":[{"embeddable":true,"href":"https:\/\/www.intoscana.it\/it\/wp-json\/wp\/v2\/media\/238815"}],"wp:attachment":[{"href":"https:\/\/www.intoscana.it\/it\/wp-json\/wp\/v2\/media?parent=238812"}],"wp:term":[{"taxonomy":"category","embeddable":true,"href":"https:\/\/www.intoscana.it\/it\/wp-json\/wp\/v2\/categories?post=238812"},{"taxonomy":"post_tag","embeddable":true,"href":"https:\/\/www.intoscana.it\/it\/wp-json\/wp\/v2\/tags?post=238812"}],"curies":[{"name":"wp","href":"https:\/\/api.w.org\/{rel}","templated":true}]}}