{"id":238973,"date":"2022-07-21T16:31:49","date_gmt":"2022-07-21T14:31:49","guid":{"rendered":"https:\/\/www.intoscana.it\/it\/?p=238973"},"modified":"2022-07-22T14:46:09","modified_gmt":"2022-07-22T12:46:09","slug":"covid-toscana-bollettino-21-luglio-2022-4121-nuovi-casi","status":"publish","type":"post","link":"https:\/\/www.intoscana.it\/it\/covid-toscana-bollettino-21-luglio-2022-4121-nuovi-casi\/","title":{"rendered":"Covid, Toscana: 4.121 nuovi cas\u00ec e 13 decessi. L&#8217;et\u00e0 media dei contagiati \u00e8 di 51 anni"},"content":{"rendered":"<div>\n<p><strong>4.121 nuovi contagiati<\/strong> in Toscana, di cui 902 confermati con tampone molecolare e 3.219 da test rapido antigenico. L&#8217;et\u00e0 media dei 4.121 nuovi positivi odierni \u00e8 di 51 anni circa (11% ha meno di 20 anni, 18% tra 20 e 39 anni, 31% tra 40 e 59 anni, 30% tra 60 e 79 anni, 10% ha 80 anni o pi\u00f9).<\/p>\n<p>Relativamente alla provincia di residenza, le 13 persone decedute sono: 3 a Firenze, 2 a Pistoia, 3 a Pisa, 1 a Livorno, 1 a Arezzo, 3 a Siena.<\/p>\n<p>I nuovi casi sono lo 0,3% in pi\u00f9 rispetto al totale del giorno precedente. I<strong> guariti crescono dello 0,3% <\/strong>e raggiungono quota 1.203.198 (91,9% dei casi totali). Oggi sono stati eseguiti 2.530 tamponi molecolari e 18.929 tamponi antigenici rapidi, di questi il 19,2% \u00e8 risultato positivo. Sono invece 5.272 i soggetti testati oggi (con tampone antigenico e\/o molecolare, escludendo i tamponi di controllo), di cui il 78,2% \u00e8 risultato positivo. Gli attualmente positivi sono oggi<strong> 95.082<\/strong>, +0,7% rispetto a ieri. I ricoverati sono <strong>789<\/strong> (22 in meno rispetto a ieri), di cui 26 in terapia intensiva (2 in meno).<\/p>\n<h3><strong>I dati per provincia<\/strong><\/h3>\n<p>Sono 362.364 i casi complessivi ad oggi a <strong>Firenze<\/strong> (991 in pi\u00f9 rispetto a ieri), 88.446 a Prato (239 in pi\u00f9), 103.420 a<strong> Pistoia<\/strong> (304 in pi\u00f9), 64.105 a <strong>Massa-Carrara<\/strong> (247 in pi\u00f9), 138.275 a Lucca (474 in pi\u00f9), 151.697 a <strong>Pisa<\/strong> (440 in pi\u00f9), 116.657 a <strong>Livorno<\/strong> (404 in pi\u00f9), 118.483 a<strong>d Arezzo<\/strong> (380 in pi\u00f9), 94.130 a<strong> Siena<\/strong> (305 in pi\u00f9), 70.478 a<strong> Grosseto<\/strong> (337 in pi\u00f9). Sono 555 i casi positivi notificati in Toscana, ma residenti in altre regioni.<\/p>\n<p>Sono 1.610 i casi riscontrati oggi nell&#8217;Asl Centro, 1.489 nella Nord Ovest, 1.022 nella Sud Est.<\/p>\n<p>La Toscana si trova al<strong> 9\u00b0 posto in Italia<\/strong> come numerosit\u00e0 di casi (comprensivi di residenti e non residenti), con circa 35.436 casi per 100.000 abitanti (media italiana circa 34.414 x100.000, dato di ieri). Le province di notifica con il tasso pi\u00f9 alto sono Firenze con 36.293 casi x100.000 abitanti, Pisa con 36.293, Lucca con 36.013, la pi\u00f9 bassa Grosseto con 32.352.<br \/>\nComplessivamente, 94.293 persone sono in isolamento a casa, poich\u00e9 presentano sintomi lievi che non richiedono cure ospedaliere, o risultano prive di sintomi (658 in pi\u00f9 rispetto a ieri, pi\u00f9 0,7%).<\/p>\n<h3><strong>Guariti e ricoverati<\/strong><\/h3>\n<p>Le persone ricoverate nei posti letto dedicati ai pazienti COVID oggi sono <strong>complessivamente 789<\/strong> (22 in meno rispetto a ieri, meno 2,7%), 26 in terapia intensiva (2 in meno rispetto a ieri, meno 7,1%).<\/p>\n<p>Le persone complessivamente guarite sono 1.203.198 (3.472 in pi\u00f9 rispetto a ieri, pi\u00f9 0,3%): 0 persone clinicamente guarite (stabili rispetto a ieri), divenute cio\u00e8 asintomatiche dopo aver presentato manifestazioni cliniche associate all&#8217;infezione e 1.203.198 (3.472 in pi\u00f9 rispetto a ieri, pi\u00f9 0,3%) dichiarate guarite a tutti gli effetti, le cosiddette guarigioni virali, con tampone negativo.<\/p>\n<h3><strong>Oltre 10 mila decessi da inizio pandemia<\/strong><\/h3>\n<p>Sono<strong> 10.330 i deceduti<\/strong> dall&#8217;inizio dell&#8217;epidemia cosi ripartiti: 3.252 a Firenze, 845 a Prato, 933 a Pistoia, 665 a Massa-Carrara, 968 a Lucca, 1.154 a Pisa, 767 a Livorno, 664 ad Arezzo, 547 a Siena, 392 a Grosseto, 143 persone sono decedute sul suolo toscano ma erano residenti fuori regione.<\/p>\n<\/div>\n<p>&nbsp;<\/p>\n","protected":false},"excerpt":{"rendered":"<p>Toscana al nono posto in Italia per numero di contagi. Gli attualmente positivi sono in totale 95.082 e i ricoverati\u00a0 789 (22 in meno rispetto a ieri), di cui 26 in terapia intensiva (2 in meno)<\/p>\n","protected":false},"author":525,"featured_media":186853,"comment_status":"open","ping_status":"open","sticky":false,"template":"","format":"standard","meta":{"_acf_changed":false,"footnotes":""},"categories":[494],"tags":[4868,4809],"class_list":["post-238973","post","type-post","status-publish","format-standard","has-post-thumbnail","hentry","category-attualita","tag-bollettino-covid-toscana","tag-covid"],"acf":[],"yoast_head":"<!-- This site is optimized with the Yoast SEO Premium plugin v24.2 (Yoast SEO v25.6) - https:\/\/yoast.com\/wordpress\/plugins\/seo\/ -->\n<title>Covid, Toscana: 4.121 nuovi cas\u00ec e 13 decessi. L&#039;et\u00e0 media dei contagiati \u00e8 di 51 anni - intoscana<\/title>\n<meta name=\"description\" content=\"I dati sul covid: nuovi positivi, et\u00e0 media, ricoveri e terapie intensive. Ecco il bollettino della Regione Toscana del 21 luglio 2022.\" \/>\n<meta name=\"robots\" content=\"index, follow, max-snippet:-1, max-image-preview:large, max-video-preview:-1\" \/>\n<link rel=\"canonical\" href=\"https:\/\/www.intoscana.it\/it\/covid-toscana-bollettino-21-luglio-2022-4121-nuovi-casi\/\" \/>\n<meta property=\"og:locale\" content=\"it_IT\" \/>\n<meta property=\"og:type\" content=\"article\" \/>\n<meta property=\"og:title\" content=\"Covid, Toscana: 4.121 nuovi cas\u00ec e 13 decessi. L&#039;et\u00e0 media dei contagiati \u00e8 di 51 anni\" \/>\n<meta property=\"og:description\" content=\"I dati sul covid: nuovi positivi, et\u00e0 media, ricoveri e terapie intensive. Ecco il bollettino della Regione Toscana del 21 luglio 2022.\" \/>\n<meta property=\"og:url\" content=\"https:\/\/www.intoscana.it\/it\/covid-toscana-bollettino-21-luglio-2022-4121-nuovi-casi\/\" \/>\n<meta property=\"og:site_name\" content=\"intoscana\" \/>\n<meta property=\"article:publisher\" content=\"https:\/\/www.facebook.com\/intoscana.it\" \/>\n<meta property=\"article:published_time\" content=\"2022-07-21T14:31:49+00:00\" \/>\n<meta property=\"article:modified_time\" content=\"2022-07-22T12:46:09+00:00\" \/>\n<meta property=\"og:image\" content=\"https:\/\/www.intoscana.it\/wp-content\/uploads\/dati-covid-toscana-19-agosto.001-e1648558488291.jpeg\" \/>\n\t<meta property=\"og:image:width\" content=\"927\" \/>\n\t<meta property=\"og:image:height\" content=\"531\" \/>\n\t<meta property=\"og:image:type\" content=\"image\/jpeg\" \/>\n<meta name=\"author\" content=\"Redazione\" \/>\n<meta name=\"twitter:card\" content=\"summary_large_image\" \/>\n<meta name=\"twitter:creator\" content=\"@intoscana\" \/>\n<meta name=\"twitter:site\" content=\"@intoscana\" \/>\n<meta name=\"twitter:label1\" content=\"Written by\" \/>\n\t<meta name=\"twitter:data1\" content=\"Redazione\" \/>\n\t<meta name=\"twitter:label2\" content=\"Est. reading time\" \/>\n\t<meta name=\"twitter:data2\" content=\"2 minuti\" \/>\n<script type=\"application\/ld+json\" class=\"yoast-schema-graph\">{\"@context\":\"https:\/\/schema.org\",\"@graph\":[{\"@type\":\"WebPage\",\"@id\":\"https:\/\/www.intoscana.it\/it\/covid-toscana-bollettino-21-luglio-2022-4121-nuovi-casi\/\",\"url\":\"https:\/\/www.intoscana.it\/it\/covid-toscana-bollettino-21-luglio-2022-4121-nuovi-casi\/\",\"name\":\"Covid, Toscana: 4.121 nuovi cas\u00ec e 13 decessi. L'et\u00e0 media dei contagiati \u00e8 di 51 anni - intoscana\",\"isPartOf\":{\"@id\":\"https:\/\/www.intoscana.it\/it\/#website\"},\"primaryImageOfPage\":{\"@id\":\"https:\/\/www.intoscana.it\/it\/covid-toscana-bollettino-21-luglio-2022-4121-nuovi-casi\/#primaryimage\"},\"image\":{\"@id\":\"https:\/\/www.intoscana.it\/it\/covid-toscana-bollettino-21-luglio-2022-4121-nuovi-casi\/#primaryimage\"},\"thumbnailUrl\":\"https:\/\/www.intoscana.it\/wp-content\/uploads\/dati-covid-toscana-19-agosto.001-e1648558488291.jpeg\",\"datePublished\":\"2022-07-21T14:31:49+00:00\",\"dateModified\":\"2022-07-22T12:46:09+00:00\",\"author\":{\"@id\":\"https:\/\/www.intoscana.it\/it\/#\/schema\/person\/9223810753230f20bd670fdd322661f8\"},\"description\":\"I dati sul covid: nuovi positivi, et\u00e0 media, ricoveri e terapie intensive. Ecco il bollettino della Regione Toscana del 21 luglio 2022.\",\"breadcrumb\":{\"@id\":\"https:\/\/www.intoscana.it\/it\/covid-toscana-bollettino-21-luglio-2022-4121-nuovi-casi\/#breadcrumb\"},\"inLanguage\":\"it-IT\",\"potentialAction\":[{\"@type\":\"ReadAction\",\"target\":[\"https:\/\/www.intoscana.it\/it\/covid-toscana-bollettino-21-luglio-2022-4121-nuovi-casi\/\"]}]},{\"@type\":\"ImageObject\",\"inLanguage\":\"it-IT\",\"@id\":\"https:\/\/www.intoscana.it\/it\/covid-toscana-bollettino-21-luglio-2022-4121-nuovi-casi\/#primaryimage\",\"url\":\"https:\/\/www.intoscana.it\/wp-content\/uploads\/dati-covid-toscana-19-agosto.001-e1648558488291.jpeg\",\"contentUrl\":\"https:\/\/www.intoscana.it\/wp-content\/uploads\/dati-covid-toscana-19-agosto.001-e1648558488291.jpeg\",\"width\":927,\"height\":531,\"caption\":\"Covid-19\"},{\"@type\":\"BreadcrumbList\",\"@id\":\"https:\/\/www.intoscana.it\/it\/covid-toscana-bollettino-21-luglio-2022-4121-nuovi-casi\/#breadcrumb\",\"itemListElement\":[{\"@type\":\"ListItem\",\"position\":1,\"name\":\"Home\",\"item\":\"https:\/\/www.intoscana.it\/it\/\"},{\"@type\":\"ListItem\",\"position\":2,\"name\":\"Covid, Toscana: 4.121 nuovi cas\u00ec e 13 decessi. L&#8217;et\u00e0 media dei contagiati \u00e8 di 51 anni\"}]},{\"@type\":\"WebSite\",\"@id\":\"https:\/\/www.intoscana.it\/it\/#website\",\"url\":\"https:\/\/www.intoscana.it\/it\/\",\"name\":\"intoscana\",\"description\":\"\",\"potentialAction\":[{\"@type\":\"SearchAction\",\"target\":{\"@type\":\"EntryPoint\",\"urlTemplate\":\"https:\/\/www.intoscana.it\/it\/?s={search_term_string}\"},\"query-input\":{\"@type\":\"PropertyValueSpecification\",\"valueRequired\":true,\"valueName\":\"search_term_string\"}}],\"inLanguage\":\"it-IT\"},{\"@type\":\"Person\",\"@id\":\"https:\/\/www.intoscana.it\/it\/#\/schema\/person\/9223810753230f20bd670fdd322661f8\",\"name\":\"Redazione\",\"url\":\"https:\/\/www.intoscana.it\/it\/author\/redazione\/\"}]}<\/script>\n<!-- \/ Yoast SEO Premium plugin. -->","yoast_head_json":{"title":"Covid, Toscana: 4.121 nuovi cas\u00ec e 13 decessi. L'et\u00e0 media dei contagiati \u00e8 di 51 anni - intoscana","description":"I dati sul covid: nuovi positivi, et\u00e0 media, ricoveri e terapie intensive. Ecco il bollettino della Regione Toscana del 21 luglio 2022.","robots":{"index":"index","follow":"follow","max-snippet":"max-snippet:-1","max-image-preview":"max-image-preview:large","max-video-preview":"max-video-preview:-1"},"canonical":"https:\/\/www.intoscana.it\/it\/covid-toscana-bollettino-21-luglio-2022-4121-nuovi-casi\/","og_locale":"it_IT","og_type":"article","og_title":"Covid, Toscana: 4.121 nuovi cas\u00ec e 13 decessi. L'et\u00e0 media dei contagiati \u00e8 di 51 anni","og_description":"I dati sul covid: nuovi positivi, et\u00e0 media, ricoveri e terapie intensive. Ecco il bollettino della Regione Toscana del 21 luglio 2022.","og_url":"https:\/\/www.intoscana.it\/it\/covid-toscana-bollettino-21-luglio-2022-4121-nuovi-casi\/","og_site_name":"intoscana","article_publisher":"https:\/\/www.facebook.com\/intoscana.it","article_published_time":"2022-07-21T14:31:49+00:00","article_modified_time":"2022-07-22T12:46:09+00:00","og_image":[{"width":927,"height":531,"url":"https:\/\/www.intoscana.it\/wp-content\/uploads\/dati-covid-toscana-19-agosto.001-e1648558488291.jpeg","type":"image\/jpeg"}],"author":"Redazione","twitter_card":"summary_large_image","twitter_creator":"@intoscana","twitter_site":"@intoscana","twitter_misc":{"Written by":"Redazione","Est. reading time":"2 minuti"},"schema":{"@context":"https:\/\/schema.org","@graph":[{"@type":"WebPage","@id":"https:\/\/www.intoscana.it\/it\/covid-toscana-bollettino-21-luglio-2022-4121-nuovi-casi\/","url":"https:\/\/www.intoscana.it\/it\/covid-toscana-bollettino-21-luglio-2022-4121-nuovi-casi\/","name":"Covid, Toscana: 4.121 nuovi cas\u00ec e 13 decessi. L'et\u00e0 media dei contagiati \u00e8 di 51 anni - intoscana","isPartOf":{"@id":"https:\/\/www.intoscana.it\/it\/#website"},"primaryImageOfPage":{"@id":"https:\/\/www.intoscana.it\/it\/covid-toscana-bollettino-21-luglio-2022-4121-nuovi-casi\/#primaryimage"},"image":{"@id":"https:\/\/www.intoscana.it\/it\/covid-toscana-bollettino-21-luglio-2022-4121-nuovi-casi\/#primaryimage"},"thumbnailUrl":"https:\/\/www.intoscana.it\/wp-content\/uploads\/dati-covid-toscana-19-agosto.001-e1648558488291.jpeg","datePublished":"2022-07-21T14:31:49+00:00","dateModified":"2022-07-22T12:46:09+00:00","author":{"@id":"https:\/\/www.intoscana.it\/it\/#\/schema\/person\/9223810753230f20bd670fdd322661f8"},"description":"I dati sul covid: nuovi positivi, et\u00e0 media, ricoveri e terapie intensive. Ecco il bollettino della Regione Toscana del 21 luglio 2022.","breadcrumb":{"@id":"https:\/\/www.intoscana.it\/it\/covid-toscana-bollettino-21-luglio-2022-4121-nuovi-casi\/#breadcrumb"},"inLanguage":"it-IT","potentialAction":[{"@type":"ReadAction","target":["https:\/\/www.intoscana.it\/it\/covid-toscana-bollettino-21-luglio-2022-4121-nuovi-casi\/"]}]},{"@type":"ImageObject","inLanguage":"it-IT","@id":"https:\/\/www.intoscana.it\/it\/covid-toscana-bollettino-21-luglio-2022-4121-nuovi-casi\/#primaryimage","url":"https:\/\/www.intoscana.it\/wp-content\/uploads\/dati-covid-toscana-19-agosto.001-e1648558488291.jpeg","contentUrl":"https:\/\/www.intoscana.it\/wp-content\/uploads\/dati-covid-toscana-19-agosto.001-e1648558488291.jpeg","width":927,"height":531,"caption":"Covid-19"},{"@type":"BreadcrumbList","@id":"https:\/\/www.intoscana.it\/it\/covid-toscana-bollettino-21-luglio-2022-4121-nuovi-casi\/#breadcrumb","itemListElement":[{"@type":"ListItem","position":1,"name":"Home","item":"https:\/\/www.intoscana.it\/it\/"},{"@type":"ListItem","position":2,"name":"Covid, Toscana: 4.121 nuovi cas\u00ec e 13 decessi. L&#8217;et\u00e0 media dei contagiati \u00e8 di 51 anni"}]},{"@type":"WebSite","@id":"https:\/\/www.intoscana.it\/it\/#website","url":"https:\/\/www.intoscana.it\/it\/","name":"intoscana","description":"","potentialAction":[{"@type":"SearchAction","target":{"@type":"EntryPoint","urlTemplate":"https:\/\/www.intoscana.it\/it\/?s={search_term_string}"},"query-input":{"@type":"PropertyValueSpecification","valueRequired":true,"valueName":"search_term_string"}}],"inLanguage":"it-IT"},{"@type":"Person","@id":"https:\/\/www.intoscana.it\/it\/#\/schema\/person\/9223810753230f20bd670fdd322661f8","name":"Redazione","url":"https:\/\/www.intoscana.it\/it\/author\/redazione\/"}]}},"_links":{"self":[{"href":"https:\/\/www.intoscana.it\/it\/wp-json\/wp\/v2\/posts\/238973","targetHints":{"allow":["GET"]}}],"collection":[{"href":"https:\/\/www.intoscana.it\/it\/wp-json\/wp\/v2\/posts"}],"about":[{"href":"https:\/\/www.intoscana.it\/it\/wp-json\/wp\/v2\/types\/post"}],"author":[{"embeddable":true,"href":"https:\/\/www.intoscana.it\/it\/wp-json\/wp\/v2\/users\/525"}],"replies":[{"embeddable":true,"href":"https:\/\/www.intoscana.it\/it\/wp-json\/wp\/v2\/comments?post=238973"}],"version-history":[{"count":0,"href":"https:\/\/www.intoscana.it\/it\/wp-json\/wp\/v2\/posts\/238973\/revisions"}],"wp:featuredmedia":[{"embeddable":true,"href":"https:\/\/www.intoscana.it\/it\/wp-json\/wp\/v2\/media\/186853"}],"wp:attachment":[{"href":"https:\/\/www.intoscana.it\/it\/wp-json\/wp\/v2\/media?parent=238973"}],"wp:term":[{"taxonomy":"category","embeddable":true,"href":"https:\/\/www.intoscana.it\/it\/wp-json\/wp\/v2\/categories?post=238973"},{"taxonomy":"post_tag","embeddable":true,"href":"https:\/\/www.intoscana.it\/it\/wp-json\/wp\/v2\/tags?post=238973"}],"curies":[{"name":"wp","href":"https:\/\/api.w.org\/{rel}","templated":true}]}}