{"id":239018,"date":"2022-07-22T11:11:17","date_gmt":"2022-07-22T09:11:17","guid":{"rendered":"https:\/\/www.intoscana.it\/it\/?p=239018"},"modified":"2022-07-22T11:19:48","modified_gmt":"2022-07-22T09:19:48","slug":"al-via-il-restauro-delle-terme-del-corallo-saranno-gli-uffizi-del-mare","status":"publish","type":"post","link":"https:\/\/www.intoscana.it\/it\/al-via-il-restauro-delle-terme-del-corallo-saranno-gli-uffizi-del-mare\/","title":{"rendered":"Al via il restauro delle Terme del Corallo, saranno gli &#8220;Uffizi del mare&#8221;"},"content":{"rendered":"<p>Ieri le antiche <strong>Terme del Corallo<\/strong>, domani gli <strong>Uffizi al Mare<\/strong>. Il gioiello Liberty di Livorno torna a vivere dopo un abbandono durato decenni ma soprattutto si avvia a diventare una delle sedi degli <strong>Uffizi diffusi<\/strong>. Un primo decisivo passo verso<strong> la rinascita del complesso<\/strong> termale \u00e8<strong> l&#8217;inaugurazione del cantiere<\/strong>. Via ai lavori di restauro del &#8216;<strong>padiglione della mescita<\/strong>&#8216; e del <strong>giardino centrale<\/strong> delle Terme. L&#8217;intenzione \u00e8, passo dopo passo, di procedere al progressivo recupero anche degli altri spazi.<\/p>\n<h3>Il restauro delle Terme del Corallo<\/h3>\n<p>La <strong>Sala della Mescita<\/strong> sar\u00e0 recuperata e trasformata in <strong>spazio polifunzionale<\/strong> per convegni e esposizioni temporanee. Grazie ai restauri sar\u00e0 recuperato uno dei due colonnati per collegare <a href=\"https:\/\/www.intoscana.it\/it\/articolo\/livorno-nuova-vita-per-il-parco-delle-terme\/\" target=\"_blank\" rel=\"noopener\">il parco pubblico oggi gi\u00e0 fruibile<\/a> al giardino storico destinato anch&#8217;esso a ospitare eventi culturali.<\/p>\n<h3>La Montecatini a mare della Toscana<\/h3>\n<p>Il complesso delle <strong>Terme del Corallo<\/strong>, di propriet\u00e0 del Comune di Livorno, si trova in via degli Acquedotti vicino alla Stazione Ferroviaria. Proprio <strong>l&#8217;abbattimento del cavalcaferrovia<\/strong> \u00e8 ritenuto opera prioritaria per un pieno recupero dell&#8217;impianto.<\/p>\n<p>Il complesso fu inaugurato nel 1905 e costruito su progetto dell\u2019ingegnere <strong>Angiolo Badaloni<\/strong>. Venne realizzato a seguito della scoperta nel 1856, di <strong>cinque sorgenti<\/strong> di acque salutari in tutto e per tutto simili a quelle delle <strong>Terme di Montecatini<\/strong>. Al punto che il complesso veniva definito la <strong>Montecatini a mare della Toscana<\/strong>.<\/p>\n<figure id=\"post-162961 media-162961\" class=\"align-none\"><img decoding=\"async\" src=\"https:\/\/www.intoscana.it\/wp-content\/uploads\/Progetto-senza-titolo.png\" alt=\"\" \/><\/figure>\n<div class=\"titleimg\">Terme del Corallo, Livorno<\/div>\n<h3>Com&#8217;erano le Terme del Corallo<\/h3>\n<p>Lo stabilimento, <strong>in stile Liberty<\/strong>, si compone di <mark>un corpo centrale e di due padiglioni laterali collegati da un porticato con alte colonne<\/mark>. In giardino spicca <strong>la fontana con i putti<\/strong> in terracotta. Il fabbricato centrale era utilizzato per <strong>concerti e congressi<\/strong>, il salone centrale era caratterizzato da <strong>un ampio lucernario<\/strong> a vetri colorati.<\/p>\n<p>Nel <strong>padiglione sinistro<\/strong> era presenti <strong>gli studi medici<\/strong> con sale e il laboratorio chimico-farmacologico. Il <strong>padiglione destro<\/strong> aveva <strong>la sala da conversazione<\/strong> e <strong>la Sala della Mescita<\/strong>. Ambiente quest&#8217;ultimo arricchito da ceramiche e maioliche della ditta fiorentina <strong>Maioliche Cantagalli<\/strong>, proprio dove sgorgava l\u2019acqua delle cinque sorgenti.<\/p>\n<p>I <strong>dettagli architettonici<\/strong> stanno a testimoniare l&#8217;eleganza della struttura che ospit\u00f2 anche <strong>un Grand Hotel<\/strong>: gli infissi lignei, i fregi ad elementi naturalistici, le maioliche smaltate disegnate dal pittore fiorentino <strong>Ernesto Bellandi<\/strong> e realizzate dalla Maioliche Cantagalli, le decorazioni in cemento plastico realizzate da <strong>Gaetano Sammoggia<\/strong>.<\/p>\n<h3>Un evento importante per la Toscana<\/h3>\n<p>Il presidente della Regione <strong>Eugenio Giani<\/strong> ha salutato con un messaggio <strong>la riqualificazione delle Terme<\/strong> del Corallo. &#8220;<em>Questo bellissimo complesso veniva chiamato Acque della Salute e rappresenta una delle pi\u00f9 significative architetture della citt\u00e0. E\u2019 un\u2019opera che risente delle influenze culturali ed artistiche del primo Novecento. L\u2019inizio del suo pieno recupero, dopo aver visto rinascere parte del Parco, non pu\u00f2 che essere salutato come un evento importante per Livorno e la Toscana\u201d<\/em> ha sottolineato il governatore<em>.<\/em><\/p>\n<p>L&#8217;inizio del restauro del <strong>padiglione delle mescite<\/strong> e del giardino centrale delle Terme del Corallo \u00e8 fondamentale per la realizzazione del pi\u00f9 ampio progetto di riqualificazione urbana fino <strong>al Cisternone<\/strong> e che porter\u00e0, insieme a <strong>Regione e Uffizi<\/strong>, alla nascita degli <strong>Uffizi al Mare<\/strong>.<\/p>\n<figure id=\"post-239041 media-239041\" class=\"align-none\"><img decoding=\"async\" src=\"https:\/\/www.intoscana.it\/wp-content\/uploads\/La-presentazione-dei-restauri-delle-Terme-del-Corallo.jpeg\" alt=\"\" \/><\/figure>\n<div class=\"titleimg\">La presentazione dei restauri delle Terme del Corallo \u2013 \u00a9 Comune di Livorno<\/div>\n<h3>Le Terme del Corallo, casa della cultura<\/h3>\n<p>Il sindaco <strong>Luca Salvetti<\/strong> ha aggiunto durante l&#8217;inaugurazione del cantiere: \u201c<em>Questa struttura liberty, che sar\u00e0 ulteriormente valorizzata dall&#8217;abbattimento del cavalcaferrovia, diventer\u00e0 il fulcro dell&#8217;attivit\u00e0 culturale livornese, crocevia di turisti e una porta d&#8217;ingresso alla citt\u00e0 finalmente degna e strutturata<\/em>\u201d.<\/p>\n<p><strong>Antonio Mazzeo<\/strong> presidente del Consiglio Regionale ha ricordato quella giornata di <strong>dicembre 2020<\/strong> quando venne dato l&#8217;annuncio che il complesso avrebbe ospitato gli Uffizi Diffusi: &#8220;<em>C&#8217;era la voglia di far tornare a splendere uno dei luoghi simbolo pi\u00f9 belli di Livorno e della nostra regione. Adesso siamo all&#8217;avvio di questo grande progetto sociale, culturale, turistico. Dopo gli anni della pandemia sapere che si pu\u00f2 toccare con mano la ripartenza di questo spazio \u00e8 un altro messaggio di speranza che mandiamo ai cittadini. Sar\u00e0 un luogo di grande attrattivit\u00e0 non solo a livello regionale. Una bella sfida che possiamo vincere tutti insieme. Noi faremo la nostra parte e continueremo a lavorare in questa direzione<\/em>&#8220;.<\/p>\n<p>L&#8217;assessore regionale <strong>Stefano Ciuoffo<\/strong> ha aggiunto che \u201c<em>quello di oggi \u00e8 un momento veramente importante per la citt\u00e0 di Livorno e anche per la Toscana. Livorno \u00e8 una citt\u00e0 straordinaria, ma nel passato ha avuto poca attenzione nei riguardi della propria storia, ora per\u00f2 \u00e8 sulla strada giusta perch\u00e9 questa Amministrazione ha la consapevolezza della cura della citt\u00e0 e della valorizzazione del suo aspetto artistico e urbanistico<\/em>\u201d.<\/p>\n<h3>Il progetto degli Uffizi al Mare<\/h3>\n<p><strong>Eike Schmidt<\/strong>, direttore delle <strong>Gallerie degli Uffizi<\/strong>, ha ricordato come nei progetti del museo c&#8217;\u00e8 la volont\u00e0 di esporre una parte delle <mark>opere soprattutto del periodo Liberty in questo complesso<\/mark>: \u201c<em>Grazie al lavoro di tanti volontari prende avvio una nuova fase, una fase cruciale per lo sviluppo di questo progetto. L&#8217;intero popolo di Livorno ha da anni nel cuore e nella mente di recuperare questo straordinario bene architettonico e paesaggistico e come abbiamo visto nei nostri sopralluoghi \u00e8 veramente una sede perfetta per il progetto oggi battezzato ufficialmente come Uffizi del mare. Ci sono relazioni strettissime tra Firenze e Livorno, fin dai tempi dei Medici<\/em>&#8220;.\u00a0 Gli Uffizi al Mare sono quindi l&#8217;occasione per ribadire <strong>il legame tra le due citt\u00e0<\/strong>.<\/p>\n","protected":false},"excerpt":{"rendered":"<p>La Sala della Mescita e il giardino centrale delle Terme diventeranno spazi multifunzionali per eventi e iniziative. Nel complesso saranno esposte le opere Liberty del museo fiorentino<\/p>\n","protected":false},"author":554,"featured_media":105686,"comment_status":"open","ping_status":"open","sticky":false,"template":"","format":"standard","meta":{"_acf_changed":false,"footnotes":""},"categories":[493],"tags":[273,5234,5402],"class_list":["post-239018","post","type-post","status-publish","format-standard","has-post-thumbnail","hentry","category-cultura","tag-livorno","tag-terme-del-corallo","tag-uffizi-diffusi"],"acf":[],"yoast_head":"<!-- This site is optimized with the Yoast SEO Premium plugin v24.2 (Yoast SEO v25.6) - https:\/\/yoast.com\/wordpress\/plugins\/seo\/ -->\n<title>Terme del Corallo, via ai restauri per gli &quot;Uffizi del mare&quot; - intoscana.it<\/title>\n<meta name=\"description\" content=\"La Sala della Mescita e il giardino centrale delle Terme ospiteranno eventi e iniziative e soprattutto le opere Liberty del museo fiorentino\" \/>\n<meta name=\"robots\" content=\"index, follow, max-snippet:-1, max-image-preview:large, max-video-preview:-1\" \/>\n<link rel=\"canonical\" href=\"https:\/\/www.intoscana.it\/it\/al-via-il-restauro-delle-terme-del-corallo-saranno-gli-uffizi-del-mare\/\" \/>\n<meta property=\"og:locale\" content=\"it_IT\" \/>\n<meta property=\"og:type\" content=\"article\" \/>\n<meta property=\"og:title\" content=\"Al via il restauro delle Terme del Corallo, saranno gli &quot;Uffizi del mare&quot;\" \/>\n<meta property=\"og:description\" content=\"La Sala della Mescita e il giardino centrale delle Terme ospiteranno eventi e iniziative e soprattutto le opere Liberty del museo fiorentino\" \/>\n<meta property=\"og:url\" content=\"https:\/\/www.intoscana.it\/it\/al-via-il-restauro-delle-terme-del-corallo-saranno-gli-uffizi-del-mare\/\" \/>\n<meta property=\"og:site_name\" content=\"intoscana\" \/>\n<meta property=\"article:publisher\" content=\"https:\/\/www.facebook.com\/intoscana.it\" \/>\n<meta property=\"article:published_time\" content=\"2022-07-22T09:11:17+00:00\" \/>\n<meta property=\"article:modified_time\" content=\"2022-07-22T09:19:48+00:00\" \/>\n<meta property=\"og:image\" content=\"https:\/\/www.intoscana.it\/wp-content\/uploads\/termeCorallo-1.jpg\" \/>\n\t<meta property=\"og:image:width\" content=\"1000\" \/>\n\t<meta property=\"og:image:height\" content=\"617\" \/>\n\t<meta property=\"og:image:type\" content=\"image\/jpeg\" \/>\n<meta name=\"author\" content=\"Raffaella Galamini\" \/>\n<meta name=\"twitter:card\" content=\"summary_large_image\" \/>\n<meta name=\"twitter:creator\" content=\"@orio\" \/>\n<meta name=\"twitter:site\" content=\"@intoscana\" \/>\n<meta name=\"twitter:label1\" content=\"Written by\" \/>\n\t<meta name=\"twitter:data1\" content=\"Raffaella Galamini\" \/>\n\t<meta name=\"twitter:label2\" content=\"Est. reading time\" \/>\n\t<meta name=\"twitter:data2\" content=\"4 minuti\" \/>\n<script type=\"application\/ld+json\" class=\"yoast-schema-graph\">{\"@context\":\"https:\/\/schema.org\",\"@graph\":[{\"@type\":\"WebPage\",\"@id\":\"https:\/\/www.intoscana.it\/it\/al-via-il-restauro-delle-terme-del-corallo-saranno-gli-uffizi-del-mare\/\",\"url\":\"https:\/\/www.intoscana.it\/it\/al-via-il-restauro-delle-terme-del-corallo-saranno-gli-uffizi-del-mare\/\",\"name\":\"Terme del Corallo, via ai restauri per gli \\\"Uffizi del mare\\\" - intoscana.it\",\"isPartOf\":{\"@id\":\"https:\/\/www.intoscana.it\/it\/#website\"},\"primaryImageOfPage\":{\"@id\":\"https:\/\/www.intoscana.it\/it\/al-via-il-restauro-delle-terme-del-corallo-saranno-gli-uffizi-del-mare\/#primaryimage\"},\"image\":{\"@id\":\"https:\/\/www.intoscana.it\/it\/al-via-il-restauro-delle-terme-del-corallo-saranno-gli-uffizi-del-mare\/#primaryimage\"},\"thumbnailUrl\":\"https:\/\/www.intoscana.it\/wp-content\/uploads\/termeCorallo-1.jpg\",\"datePublished\":\"2022-07-22T09:11:17+00:00\",\"dateModified\":\"2022-07-22T09:19:48+00:00\",\"author\":{\"@id\":\"https:\/\/www.intoscana.it\/it\/#\/schema\/person\/9eb9daa846a49fe51af39a73d9d1986b\"},\"description\":\"La Sala della Mescita e il giardino centrale delle Terme ospiteranno eventi e iniziative e soprattutto le opere Liberty del museo fiorentino\",\"breadcrumb\":{\"@id\":\"https:\/\/www.intoscana.it\/it\/al-via-il-restauro-delle-terme-del-corallo-saranno-gli-uffizi-del-mare\/#breadcrumb\"},\"inLanguage\":\"it-IT\",\"potentialAction\":[{\"@type\":\"ReadAction\",\"target\":[\"https:\/\/www.intoscana.it\/it\/al-via-il-restauro-delle-terme-del-corallo-saranno-gli-uffizi-del-mare\/\"]}]},{\"@type\":\"ImageObject\",\"inLanguage\":\"it-IT\",\"@id\":\"https:\/\/www.intoscana.it\/it\/al-via-il-restauro-delle-terme-del-corallo-saranno-gli-uffizi-del-mare\/#primaryimage\",\"url\":\"https:\/\/www.intoscana.it\/wp-content\/uploads\/termeCorallo-1.jpg\",\"contentUrl\":\"https:\/\/www.intoscana.it\/wp-content\/uploads\/termeCorallo-1.jpg\",\"width\":1000,\"height\":617,\"caption\":\"Le Terme del Corallo\"},{\"@type\":\"BreadcrumbList\",\"@id\":\"https:\/\/www.intoscana.it\/it\/al-via-il-restauro-delle-terme-del-corallo-saranno-gli-uffizi-del-mare\/#breadcrumb\",\"itemListElement\":[{\"@type\":\"ListItem\",\"position\":1,\"name\":\"Home\",\"item\":\"https:\/\/www.intoscana.it\/it\/\"},{\"@type\":\"ListItem\",\"position\":2,\"name\":\"Al via il restauro delle Terme del Corallo, saranno gli &#8220;Uffizi del mare&#8221;\"}]},{\"@type\":\"WebSite\",\"@id\":\"https:\/\/www.intoscana.it\/it\/#website\",\"url\":\"https:\/\/www.intoscana.it\/it\/\",\"name\":\"intoscana\",\"description\":\"\",\"potentialAction\":[{\"@type\":\"SearchAction\",\"target\":{\"@type\":\"EntryPoint\",\"urlTemplate\":\"https:\/\/www.intoscana.it\/it\/?s={search_term_string}\"},\"query-input\":{\"@type\":\"PropertyValueSpecification\",\"valueRequired\":true,\"valueName\":\"search_term_string\"}}],\"inLanguage\":\"it-IT\"},{\"@type\":\"Person\",\"@id\":\"https:\/\/www.intoscana.it\/it\/#\/schema\/person\/9eb9daa846a49fe51af39a73d9d1986b\",\"name\":\"Raffaella Galamini\",\"sameAs\":[\"https:\/\/x.com\/orio\"],\"url\":\"https:\/\/www.intoscana.it\/it\/author\/r-galamini\/\"}]}<\/script>\n<!-- \/ Yoast SEO Premium plugin. -->","yoast_head_json":{"title":"Terme del Corallo, via ai restauri per gli \"Uffizi del mare\" - intoscana.it","description":"La Sala della Mescita e il giardino centrale delle Terme ospiteranno eventi e iniziative e soprattutto le opere Liberty del museo fiorentino","robots":{"index":"index","follow":"follow","max-snippet":"max-snippet:-1","max-image-preview":"max-image-preview:large","max-video-preview":"max-video-preview:-1"},"canonical":"https:\/\/www.intoscana.it\/it\/al-via-il-restauro-delle-terme-del-corallo-saranno-gli-uffizi-del-mare\/","og_locale":"it_IT","og_type":"article","og_title":"Al via il restauro delle Terme del Corallo, saranno gli \"Uffizi del mare\"","og_description":"La Sala della Mescita e il giardino centrale delle Terme ospiteranno eventi e iniziative e soprattutto le opere Liberty del museo fiorentino","og_url":"https:\/\/www.intoscana.it\/it\/al-via-il-restauro-delle-terme-del-corallo-saranno-gli-uffizi-del-mare\/","og_site_name":"intoscana","article_publisher":"https:\/\/www.facebook.com\/intoscana.it","article_published_time":"2022-07-22T09:11:17+00:00","article_modified_time":"2022-07-22T09:19:48+00:00","og_image":[{"width":1000,"height":617,"url":"https:\/\/www.intoscana.it\/wp-content\/uploads\/termeCorallo-1.jpg","type":"image\/jpeg"}],"author":"Raffaella Galamini","twitter_card":"summary_large_image","twitter_creator":"@orio","twitter_site":"@intoscana","twitter_misc":{"Written by":"Raffaella Galamini","Est. reading time":"4 minuti"},"schema":{"@context":"https:\/\/schema.org","@graph":[{"@type":"WebPage","@id":"https:\/\/www.intoscana.it\/it\/al-via-il-restauro-delle-terme-del-corallo-saranno-gli-uffizi-del-mare\/","url":"https:\/\/www.intoscana.it\/it\/al-via-il-restauro-delle-terme-del-corallo-saranno-gli-uffizi-del-mare\/","name":"Terme del Corallo, via ai restauri per gli \"Uffizi del mare\" - intoscana.it","isPartOf":{"@id":"https:\/\/www.intoscana.it\/it\/#website"},"primaryImageOfPage":{"@id":"https:\/\/www.intoscana.it\/it\/al-via-il-restauro-delle-terme-del-corallo-saranno-gli-uffizi-del-mare\/#primaryimage"},"image":{"@id":"https:\/\/www.intoscana.it\/it\/al-via-il-restauro-delle-terme-del-corallo-saranno-gli-uffizi-del-mare\/#primaryimage"},"thumbnailUrl":"https:\/\/www.intoscana.it\/wp-content\/uploads\/termeCorallo-1.jpg","datePublished":"2022-07-22T09:11:17+00:00","dateModified":"2022-07-22T09:19:48+00:00","author":{"@id":"https:\/\/www.intoscana.it\/it\/#\/schema\/person\/9eb9daa846a49fe51af39a73d9d1986b"},"description":"La Sala della Mescita e il giardino centrale delle Terme ospiteranno eventi e iniziative e soprattutto le opere Liberty del museo fiorentino","breadcrumb":{"@id":"https:\/\/www.intoscana.it\/it\/al-via-il-restauro-delle-terme-del-corallo-saranno-gli-uffizi-del-mare\/#breadcrumb"},"inLanguage":"it-IT","potentialAction":[{"@type":"ReadAction","target":["https:\/\/www.intoscana.it\/it\/al-via-il-restauro-delle-terme-del-corallo-saranno-gli-uffizi-del-mare\/"]}]},{"@type":"ImageObject","inLanguage":"it-IT","@id":"https:\/\/www.intoscana.it\/it\/al-via-il-restauro-delle-terme-del-corallo-saranno-gli-uffizi-del-mare\/#primaryimage","url":"https:\/\/www.intoscana.it\/wp-content\/uploads\/termeCorallo-1.jpg","contentUrl":"https:\/\/www.intoscana.it\/wp-content\/uploads\/termeCorallo-1.jpg","width":1000,"height":617,"caption":"Le Terme del Corallo"},{"@type":"BreadcrumbList","@id":"https:\/\/www.intoscana.it\/it\/al-via-il-restauro-delle-terme-del-corallo-saranno-gli-uffizi-del-mare\/#breadcrumb","itemListElement":[{"@type":"ListItem","position":1,"name":"Home","item":"https:\/\/www.intoscana.it\/it\/"},{"@type":"ListItem","position":2,"name":"Al via il restauro delle Terme del Corallo, saranno gli &#8220;Uffizi del mare&#8221;"}]},{"@type":"WebSite","@id":"https:\/\/www.intoscana.it\/it\/#website","url":"https:\/\/www.intoscana.it\/it\/","name":"intoscana","description":"","potentialAction":[{"@type":"SearchAction","target":{"@type":"EntryPoint","urlTemplate":"https:\/\/www.intoscana.it\/it\/?s={search_term_string}"},"query-input":{"@type":"PropertyValueSpecification","valueRequired":true,"valueName":"search_term_string"}}],"inLanguage":"it-IT"},{"@type":"Person","@id":"https:\/\/www.intoscana.it\/it\/#\/schema\/person\/9eb9daa846a49fe51af39a73d9d1986b","name":"Raffaella Galamini","sameAs":["https:\/\/x.com\/orio"],"url":"https:\/\/www.intoscana.it\/it\/author\/r-galamini\/"}]}},"_links":{"self":[{"href":"https:\/\/www.intoscana.it\/it\/wp-json\/wp\/v2\/posts\/239018","targetHints":{"allow":["GET"]}}],"collection":[{"href":"https:\/\/www.intoscana.it\/it\/wp-json\/wp\/v2\/posts"}],"about":[{"href":"https:\/\/www.intoscana.it\/it\/wp-json\/wp\/v2\/types\/post"}],"author":[{"embeddable":true,"href":"https:\/\/www.intoscana.it\/it\/wp-json\/wp\/v2\/users\/554"}],"replies":[{"embeddable":true,"href":"https:\/\/www.intoscana.it\/it\/wp-json\/wp\/v2\/comments?post=239018"}],"version-history":[{"count":0,"href":"https:\/\/www.intoscana.it\/it\/wp-json\/wp\/v2\/posts\/239018\/revisions"}],"wp:featuredmedia":[{"embeddable":true,"href":"https:\/\/www.intoscana.it\/it\/wp-json\/wp\/v2\/media\/105686"}],"wp:attachment":[{"href":"https:\/\/www.intoscana.it\/it\/wp-json\/wp\/v2\/media?parent=239018"}],"wp:term":[{"taxonomy":"category","embeddable":true,"href":"https:\/\/www.intoscana.it\/it\/wp-json\/wp\/v2\/categories?post=239018"},{"taxonomy":"post_tag","embeddable":true,"href":"https:\/\/www.intoscana.it\/it\/wp-json\/wp\/v2\/tags?post=239018"}],"curies":[{"name":"wp","href":"https:\/\/api.w.org\/{rel}","templated":true}]}}