{"id":239090,"date":"2022-07-22T12:36:18","date_gmt":"2022-07-22T10:36:18","guid":{"rendered":"https:\/\/www.intoscana.it\/it\/?p=239090"},"modified":"2022-07-22T14:53:18","modified_gmt":"2022-07-22T12:53:18","slug":"a-rispescia-festambiente-2022-il-festival-nazionale-di-ecologia-e-pace","status":"publish","type":"post","link":"https:\/\/www.intoscana.it\/it\/a-rispescia-festambiente-2022-il-festival-nazionale-di-ecologia-e-pace\/","title":{"rendered":"A Rispescia &#8220;Festambiente 2022&#8221; il festival nazionale di ecologia che guarda al futuro"},"content":{"rendered":"<p>Legambiente vuole tracciare la strada per un <strong>futuro sostenibile<\/strong> e lo fa con <em><strong>Festambiente<\/strong><\/em> l&#8217;appuntamento che anche quest&#8217;anno torna a <strong>Rispescia<\/strong> a due passi dal <strong>Parco della maremma dal 3 al 7 agosto<\/strong> per parlare delle prossime sfide che riguardano l&#8217;ambiente, il cambiamento climatico e la green economy perch\u00e8 il pianeta non aspetta e ognuno di noi deve fare la sua parte.<\/p>\n<p>Nel 2022, con una <strong>guerra in corso, l&#8217;emergenza sanitaria<\/strong> ancora in atto, la<strong> crisi di governo<\/strong> e la<strong> crisi economica ed energetica<\/strong> che mordono, <strong>Legambiente<\/strong> ha deciso di esserci e di dare prova del fatto che solo insieme e puntando dritti verso traguardi green \u00e8 possibile aggiustare la rotta.<\/p>\n<p>Il claim della manifestazione \u00e8 <em><strong>#lapace\u00e8rinnovabile<\/strong><\/em>\u00a0a ricordare che la costruzione di un mondo non in guerra pu\u00f2 e deve passare solo attraverso l&#8217;abbandono delle fonti fossili e l&#8217;azione positiva e propositiva in tal senso delle istituzioni e dei singoli.<\/p>\n<p><em>&#8220;Festambiente da trentaquattro anni <\/em><strong>&#8211; ha dichiarato Angelo Gentili, coordinatore di Festambiente e componente della Segreteria nazionale di Legambiente<\/strong><em> &#8211; rappresenta un modello a cielo aperto di buone pratiche e dal 3 al 7 agosto, sotto il cielo della Maremma, torner\u00e0 a essere casa di uno dei dibattiti pi\u00f9 avanguardisti della Penisola. In questo 2022, a pochi giorni dalla caduta del governo Draghi, nell&#8217;anno in cui l&#8217;Europa ha purtroppo deciso di voltare lo sguardo all&#8217;indietro, verso il gas, e di considerare il nucleare un&#8217;energia verde, tentando di affievolire la spinta propulsiva di cui la transizione ecologica ha estremamente bisogno, il festival nazionale di Legambiente assumer\u00e0 un significato ancora pi\u00f9 strategico. quasi eroico. La nostra resilienza &#8211; ha proseguito Gentili &#8211; \u00e8 quella di chi non \u00e8 disposto a lasciare che il Pianeta continui a subire impatti devastanti sotto il profilo ambientale. Nonostante la complessa congiuntura politica, economica, sanitaria e sociale, torneremo ad aprire le porte della nostra cittadella ecologica e solidale per dimostrare che il cambiamento attraverso nuovi stili di vita in chiave sostenibile \u00e8 davvero possibile e che la politica deve farsene pienamente carico, a tutti i livelli. Perch\u00e9 una cosa deve essere detta forte e chiara: la crisi climatica non pu\u00f2 essere seconda ad alcuna emergenza. In gioco c&#8217;\u00e8 il nostro presente. \u00c8 tempo di agire. Ora, non domani.&#8221;<\/em><\/p>\n<p><em>&#8220;Per me \u00e8 sempre un onore e un piacere suggellare l&#8217;avvio e il lancio della nostra festa nazionale! &#8211; <\/em><strong>dichiara Fausto Ferruzza, Presidente di Legambiente Toscana e componente della Segreteria nazionale di Legambiente <\/strong><em>&#8211; In questo momento difficilissimo per il nostro Paese, la nostra cittadella ecologica a Rispescia dimostra plasticamente, coi suoi dibattiti di altissimo livello e la sua offerta culturale ed enogastronomica che ce la possiamo fare. Pace, solidariet\u00e0, fratellanza tra i popoli implicano giustizia climatica e il nostro impegno per un modello energetico diverso, decentrato, pulito, basato sulle sole rinnovabili!&#8221;.<\/em><\/p>\n<figure id=\"post-101415 media-101415\" class=\"align-none\"><img decoding=\"async\" src=\"https:\/\/www.intoscana.it\/wp-content\/uploads\/Festambiente-teatro-bambini-1.jpg\" alt=\"\" \/><\/figure>\n<div class=\"titleimg\"><em>Festambiente a Rispescia<\/em><\/div>\n<p>A <strong>Festambiente 2022 <\/strong>tantissimi gli eventi in calendario: \u00a0il cinema del <strong>Clorofilla film festival,<\/strong> le attivit\u00e0 della<strong> Citt\u00e0 dei bambini e delle bambine<\/strong>, <strong>SportAmbiente<\/strong>, i Padiglioni sulle energie rinnovabili, natura e turismo, agroecologia e economia circolare e la ristorazione rigorosamente bio.<\/p>\n<h3>Gli ospiti<\/h3>\n<p><strong>Momenti di riflessione e svago<\/strong> accompagneranno i visitatori di tra<strong> dibattiti animati da personalit\u00e0 di spicco<\/strong> delle istituzioni e della societ\u00e0 civile italiana.<\/p>\n<p>Tra gli ospiti gi\u00e0 confermati: <strong>Luigi Ciotti,<\/strong> presidente Libera;<strong> Maria Grazia Mammuccini,<\/strong> presidente FederBio; <strong>Angelo Frascarelli,<\/strong> presidente ISMEA; <strong>Alessandro Bratti,<\/strong> vicepresidente Agenzia Europa dell&#8217;ambiente;<strong> Giuliano Amato<\/strong>, presidente Corte Costituzionale; <strong>Leonardo Marras,<\/strong> assessore al turismo della Regione Toscana; <strong>Giampiero Sammuri,<\/strong> presidente Federparchi; <strong>Stefano Ciafani,<\/strong> presidente nazionale Legambiente.<\/p>\n<h3>Concerti e spettacoli<\/h3>\n<p>Protagonista anche la musica: nello spazio del <strong>&#8220;RistoBar Mediterraneo<\/strong>&#8220;, in cui si potranno sorseggiare aperitivi rigorosamente naturali e piatti freschi e gustosi realizzati con prodotti bio e di filiera corta, ogni sera si alterneranno artisti di fama nazionale che, dalle 22.30, accompagneranno i visitatori tra suoni, parole ed emozioni.<\/p>\n<p>Ad aprire le danze il 3 agosto sar\u00e0 <strong>Maurizio Carucci (frontman degli Ex-Otago)<\/strong> con il suo &#8220;Respiro in Tour&#8221;. Giovedi 4 agosto sar\u00e0 la volta di <strong>Giovanni Veronesi<\/strong> con i <strong>Musica da Ripostiglio<\/strong> in &#8220;Liberi Tutti!&#8221;.<\/p>\n<p>Venerd\u00ec 5 agosto la scena sar\u00e0 tutta per<strong> Nello Salza<\/strong> in <em><strong>&#8220;Omaggio a Ennio Morricone&#8221;.<\/strong><\/em><\/p>\n<p>Sabato 6 agosto appuntamento con <strong>Max Casacci<\/strong>, musicista e componente dei<strong> Subsonica, e Mariasole Bianco<\/strong>, biologa marina e divulgatrice scientifica con una grandissima passione per il mare e la sua tutela.<\/p>\n<p>Gran finale domenica 7 agosto con <strong>Rodrigo D&#8217;Erasmo e Roberto Angelini<\/strong> in <strong>&#8220;Nick Drake, songs in a conversation&#8221;,<\/strong> un omaggio all&#8217;immenso artista scomparso Nick Drake a 50 anni dall&#8217;uscita del suo ultimo lavoro discografico &#8220;Pink Moon&#8221;.<\/p>\n","protected":false},"excerpt":{"rendered":"<p>Dal 3 al 7 agosto a due passi dal parco della Maremma in provincia di Grosseto torna il festival per parlare delle sfide del futuro che riguardano l&#8217;ambiente, il cambiamento climatico e la green economy<\/p>\n","protected":false},"author":518,"featured_media":239169,"comment_status":"open","ping_status":"open","sticky":false,"template":"","format":"standard","meta":{"_acf_changed":false,"footnotes":""},"categories":[19],"tags":[177,216,228,354,151],"class_list":["post-239090","post","type-post","status-publish","format-standard","has-post-thumbnail","hentry","category-ambiente","tag-ambiente","tag-concerti","tag-festival","tag-legambiente","tag-regione-toscana"],"acf":[],"yoast_head":"<!-- This site is optimized with the Yoast SEO Premium plugin v24.2 (Yoast SEO v25.6) - https:\/\/yoast.com\/wordpress\/plugins\/seo\/ -->\n<title>A Rispescia &quot;Festambiente 2022&quot; il festival nazionale di ecologia che guarda al futuro - intoscana<\/title>\n<meta name=\"description\" content=\"Dal 3 al 7 agosto a Rispescia torna il festival che parla delle sfide che riguardano l&#039;ambiente, il cambiamento climatico e la green economy\" \/>\n<meta name=\"robots\" content=\"index, follow, max-snippet:-1, max-image-preview:large, max-video-preview:-1\" \/>\n<link rel=\"canonical\" href=\"https:\/\/www.intoscana.it\/it\/a-rispescia-festambiente-2022-il-festival-nazionale-di-ecologia-e-pace\/\" \/>\n<meta property=\"og:locale\" content=\"it_IT\" \/>\n<meta property=\"og:type\" content=\"article\" \/>\n<meta property=\"og:title\" content=\"A Rispescia &quot;Festambiente 2022&quot; il festival nazionale di ecologia che guarda al futuro\" \/>\n<meta property=\"og:description\" content=\"Dal 3 al 7 agosto a Rispescia torna il festival che parla delle sfide che riguardano l&#039;ambiente, il cambiamento climatico e la green economy\" \/>\n<meta property=\"og:url\" content=\"https:\/\/www.intoscana.it\/it\/a-rispescia-festambiente-2022-il-festival-nazionale-di-ecologia-e-pace\/\" \/>\n<meta property=\"og:site_name\" content=\"intoscana\" \/>\n<meta property=\"article:publisher\" content=\"https:\/\/www.facebook.com\/intoscana.it\" \/>\n<meta property=\"article:published_time\" content=\"2022-07-22T10:36:18+00:00\" \/>\n<meta property=\"article:modified_time\" content=\"2022-07-22T12:53:18+00:00\" \/>\n<meta property=\"og:image\" content=\"https:\/\/www.intoscana.it\/wp-content\/uploads\/DSC0611-scaled-1-scaled.jpg\" \/>\n\t<meta property=\"og:image:width\" content=\"2048\" \/>\n\t<meta property=\"og:image:height\" content=\"1366\" \/>\n\t<meta property=\"og:image:type\" content=\"image\/jpeg\" \/>\n<meta name=\"author\" content=\"Costanza Baldini\" \/>\n<meta name=\"twitter:card\" content=\"summary_large_image\" \/>\n<meta name=\"twitter:creator\" content=\"@intoscana\" \/>\n<meta name=\"twitter:site\" content=\"@intoscana\" \/>\n<meta name=\"twitter:label1\" content=\"Written by\" \/>\n\t<meta name=\"twitter:data1\" content=\"Costanza Baldini\" \/>\n\t<meta name=\"twitter:label2\" content=\"Est. reading time\" \/>\n\t<meta name=\"twitter:data2\" content=\"4 minuti\" \/>\n<script type=\"application\/ld+json\" class=\"yoast-schema-graph\">{\"@context\":\"https:\/\/schema.org\",\"@graph\":[{\"@type\":\"WebPage\",\"@id\":\"https:\/\/www.intoscana.it\/it\/a-rispescia-festambiente-2022-il-festival-nazionale-di-ecologia-e-pace\/\",\"url\":\"https:\/\/www.intoscana.it\/it\/a-rispescia-festambiente-2022-il-festival-nazionale-di-ecologia-e-pace\/\",\"name\":\"A Rispescia \\\"Festambiente 2022\\\" il festival nazionale di ecologia che guarda al futuro - intoscana\",\"isPartOf\":{\"@id\":\"https:\/\/www.intoscana.it\/it\/#website\"},\"primaryImageOfPage\":{\"@id\":\"https:\/\/www.intoscana.it\/it\/a-rispescia-festambiente-2022-il-festival-nazionale-di-ecologia-e-pace\/#primaryimage\"},\"image\":{\"@id\":\"https:\/\/www.intoscana.it\/it\/a-rispescia-festambiente-2022-il-festival-nazionale-di-ecologia-e-pace\/#primaryimage\"},\"thumbnailUrl\":\"https:\/\/www.intoscana.it\/wp-content\/uploads\/DSC0611-scaled-1-scaled.jpg\",\"datePublished\":\"2022-07-22T10:36:18+00:00\",\"dateModified\":\"2022-07-22T12:53:18+00:00\",\"author\":{\"@id\":\"https:\/\/www.intoscana.it\/it\/#\/schema\/person\/d469f35f09739bdf00bf5dd3f0647a82\"},\"description\":\"Dal 3 al 7 agosto a Rispescia torna il festival che parla delle sfide che riguardano l'ambiente, il cambiamento climatico e la green economy\",\"breadcrumb\":{\"@id\":\"https:\/\/www.intoscana.it\/it\/a-rispescia-festambiente-2022-il-festival-nazionale-di-ecologia-e-pace\/#breadcrumb\"},\"inLanguage\":\"it-IT\",\"potentialAction\":[{\"@type\":\"ReadAction\",\"target\":[\"https:\/\/www.intoscana.it\/it\/a-rispescia-festambiente-2022-il-festival-nazionale-di-ecologia-e-pace\/\"]}]},{\"@type\":\"ImageObject\",\"inLanguage\":\"it-IT\",\"@id\":\"https:\/\/www.intoscana.it\/it\/a-rispescia-festambiente-2022-il-festival-nazionale-di-ecologia-e-pace\/#primaryimage\",\"url\":\"https:\/\/www.intoscana.it\/wp-content\/uploads\/DSC0611-scaled-1-scaled.jpg\",\"contentUrl\":\"https:\/\/www.intoscana.it\/wp-content\/uploads\/DSC0611-scaled-1-scaled.jpg\",\"width\":2048,\"height\":1366},{\"@type\":\"BreadcrumbList\",\"@id\":\"https:\/\/www.intoscana.it\/it\/a-rispescia-festambiente-2022-il-festival-nazionale-di-ecologia-e-pace\/#breadcrumb\",\"itemListElement\":[{\"@type\":\"ListItem\",\"position\":1,\"name\":\"Home\",\"item\":\"https:\/\/www.intoscana.it\/it\/\"},{\"@type\":\"ListItem\",\"position\":2,\"name\":\"A Rispescia &#8220;Festambiente 2022&#8221; il festival nazionale di ecologia che guarda al futuro\"}]},{\"@type\":\"WebSite\",\"@id\":\"https:\/\/www.intoscana.it\/it\/#website\",\"url\":\"https:\/\/www.intoscana.it\/it\/\",\"name\":\"intoscana\",\"description\":\"\",\"potentialAction\":[{\"@type\":\"SearchAction\",\"target\":{\"@type\":\"EntryPoint\",\"urlTemplate\":\"https:\/\/www.intoscana.it\/it\/?s={search_term_string}\"},\"query-input\":{\"@type\":\"PropertyValueSpecification\",\"valueRequired\":true,\"valueName\":\"search_term_string\"}}],\"inLanguage\":\"it-IT\"},{\"@type\":\"Person\",\"@id\":\"https:\/\/www.intoscana.it\/it\/#\/schema\/person\/d469f35f09739bdf00bf5dd3f0647a82\",\"name\":\"Costanza Baldini\",\"url\":\"https:\/\/www.intoscana.it\/it\/author\/costanza-baldini\/\"}]}<\/script>\n<!-- \/ Yoast SEO Premium plugin. -->","yoast_head_json":{"title":"A Rispescia \"Festambiente 2022\" il festival nazionale di ecologia che guarda al futuro - intoscana","description":"Dal 3 al 7 agosto a Rispescia torna il festival che parla delle sfide che riguardano l'ambiente, il cambiamento climatico e la green economy","robots":{"index":"index","follow":"follow","max-snippet":"max-snippet:-1","max-image-preview":"max-image-preview:large","max-video-preview":"max-video-preview:-1"},"canonical":"https:\/\/www.intoscana.it\/it\/a-rispescia-festambiente-2022-il-festival-nazionale-di-ecologia-e-pace\/","og_locale":"it_IT","og_type":"article","og_title":"A Rispescia \"Festambiente 2022\" il festival nazionale di ecologia che guarda al futuro","og_description":"Dal 3 al 7 agosto a Rispescia torna il festival che parla delle sfide che riguardano l'ambiente, il cambiamento climatico e la green economy","og_url":"https:\/\/www.intoscana.it\/it\/a-rispescia-festambiente-2022-il-festival-nazionale-di-ecologia-e-pace\/","og_site_name":"intoscana","article_publisher":"https:\/\/www.facebook.com\/intoscana.it","article_published_time":"2022-07-22T10:36:18+00:00","article_modified_time":"2022-07-22T12:53:18+00:00","og_image":[{"width":2048,"height":1366,"url":"https:\/\/www.intoscana.it\/wp-content\/uploads\/DSC0611-scaled-1-scaled.jpg","type":"image\/jpeg"}],"author":"Costanza Baldini","twitter_card":"summary_large_image","twitter_creator":"@intoscana","twitter_site":"@intoscana","twitter_misc":{"Written by":"Costanza Baldini","Est. reading time":"4 minuti"},"schema":{"@context":"https:\/\/schema.org","@graph":[{"@type":"WebPage","@id":"https:\/\/www.intoscana.it\/it\/a-rispescia-festambiente-2022-il-festival-nazionale-di-ecologia-e-pace\/","url":"https:\/\/www.intoscana.it\/it\/a-rispescia-festambiente-2022-il-festival-nazionale-di-ecologia-e-pace\/","name":"A Rispescia \"Festambiente 2022\" il festival nazionale di ecologia che guarda al futuro - intoscana","isPartOf":{"@id":"https:\/\/www.intoscana.it\/it\/#website"},"primaryImageOfPage":{"@id":"https:\/\/www.intoscana.it\/it\/a-rispescia-festambiente-2022-il-festival-nazionale-di-ecologia-e-pace\/#primaryimage"},"image":{"@id":"https:\/\/www.intoscana.it\/it\/a-rispescia-festambiente-2022-il-festival-nazionale-di-ecologia-e-pace\/#primaryimage"},"thumbnailUrl":"https:\/\/www.intoscana.it\/wp-content\/uploads\/DSC0611-scaled-1-scaled.jpg","datePublished":"2022-07-22T10:36:18+00:00","dateModified":"2022-07-22T12:53:18+00:00","author":{"@id":"https:\/\/www.intoscana.it\/it\/#\/schema\/person\/d469f35f09739bdf00bf5dd3f0647a82"},"description":"Dal 3 al 7 agosto a Rispescia torna il festival che parla delle sfide che riguardano l'ambiente, il cambiamento climatico e la green economy","breadcrumb":{"@id":"https:\/\/www.intoscana.it\/it\/a-rispescia-festambiente-2022-il-festival-nazionale-di-ecologia-e-pace\/#breadcrumb"},"inLanguage":"it-IT","potentialAction":[{"@type":"ReadAction","target":["https:\/\/www.intoscana.it\/it\/a-rispescia-festambiente-2022-il-festival-nazionale-di-ecologia-e-pace\/"]}]},{"@type":"ImageObject","inLanguage":"it-IT","@id":"https:\/\/www.intoscana.it\/it\/a-rispescia-festambiente-2022-il-festival-nazionale-di-ecologia-e-pace\/#primaryimage","url":"https:\/\/www.intoscana.it\/wp-content\/uploads\/DSC0611-scaled-1-scaled.jpg","contentUrl":"https:\/\/www.intoscana.it\/wp-content\/uploads\/DSC0611-scaled-1-scaled.jpg","width":2048,"height":1366},{"@type":"BreadcrumbList","@id":"https:\/\/www.intoscana.it\/it\/a-rispescia-festambiente-2022-il-festival-nazionale-di-ecologia-e-pace\/#breadcrumb","itemListElement":[{"@type":"ListItem","position":1,"name":"Home","item":"https:\/\/www.intoscana.it\/it\/"},{"@type":"ListItem","position":2,"name":"A Rispescia &#8220;Festambiente 2022&#8221; il festival nazionale di ecologia che guarda al futuro"}]},{"@type":"WebSite","@id":"https:\/\/www.intoscana.it\/it\/#website","url":"https:\/\/www.intoscana.it\/it\/","name":"intoscana","description":"","potentialAction":[{"@type":"SearchAction","target":{"@type":"EntryPoint","urlTemplate":"https:\/\/www.intoscana.it\/it\/?s={search_term_string}"},"query-input":{"@type":"PropertyValueSpecification","valueRequired":true,"valueName":"search_term_string"}}],"inLanguage":"it-IT"},{"@type":"Person","@id":"https:\/\/www.intoscana.it\/it\/#\/schema\/person\/d469f35f09739bdf00bf5dd3f0647a82","name":"Costanza Baldini","url":"https:\/\/www.intoscana.it\/it\/author\/costanza-baldini\/"}]}},"_links":{"self":[{"href":"https:\/\/www.intoscana.it\/it\/wp-json\/wp\/v2\/posts\/239090","targetHints":{"allow":["GET"]}}],"collection":[{"href":"https:\/\/www.intoscana.it\/it\/wp-json\/wp\/v2\/posts"}],"about":[{"href":"https:\/\/www.intoscana.it\/it\/wp-json\/wp\/v2\/types\/post"}],"author":[{"embeddable":true,"href":"https:\/\/www.intoscana.it\/it\/wp-json\/wp\/v2\/users\/518"}],"replies":[{"embeddable":true,"href":"https:\/\/www.intoscana.it\/it\/wp-json\/wp\/v2\/comments?post=239090"}],"version-history":[{"count":0,"href":"https:\/\/www.intoscana.it\/it\/wp-json\/wp\/v2\/posts\/239090\/revisions"}],"wp:featuredmedia":[{"embeddable":true,"href":"https:\/\/www.intoscana.it\/it\/wp-json\/wp\/v2\/media\/239169"}],"wp:attachment":[{"href":"https:\/\/www.intoscana.it\/it\/wp-json\/wp\/v2\/media?parent=239090"}],"wp:term":[{"taxonomy":"category","embeddable":true,"href":"https:\/\/www.intoscana.it\/it\/wp-json\/wp\/v2\/categories?post=239090"},{"taxonomy":"post_tag","embeddable":true,"href":"https:\/\/www.intoscana.it\/it\/wp-json\/wp\/v2\/tags?post=239090"}],"curies":[{"name":"wp","href":"https:\/\/api.w.org\/{rel}","templated":true}]}}