{"id":239135,"date":"2022-07-22T14:36:26","date_gmt":"2022-07-22T12:36:26","guid":{"rendered":"https:\/\/www.intoscana.it\/it\/?p=239135"},"modified":"2022-07-22T14:36:26","modified_gmt":"2022-07-22T12:36:26","slug":"covid-19-3-632-nuovi-casi-eta-media-50-anni-i-decessi-sono-10","status":"publish","type":"post","link":"https:\/\/www.intoscana.it\/it\/covid-19-3-632-nuovi-casi-eta-media-50-anni-i-decessi-sono-10\/","title":{"rendered":"Covid-19: 3.632 nuovi casi, et\u00e0 media 50 anni. I decessi sono 10"},"content":{"rendered":"<p>In Toscana sono <strong>1.312.242 i casi di positivit\u00e0<\/strong> al Covid-19, <strong>3.632 in pi\u00f9 rispetto a ieri<\/strong> (796 confermati con tampone molecolare e 2.836 da test rapido antigenico). <strong>L&#8217;et\u00e0 media \u00e8 di 50 anni<\/strong>. I nuovi casi sono lo 0,3% in pi\u00f9 rispetto al totale del giorno precedente. <strong>I guariti<\/strong> crescono dello 0,2% e raggiungono <strong>quota 1.205.860<\/strong> (91,9% dei casi totali).<\/p>\n<p>Sono stati eseguiti <strong>2.299 tamponi molecolari e 16.919 tamponi antigenici<\/strong> rapidi, di questi il 18,9% \u00e8 risultato positivo. Sono invece <strong>4.659 i soggetti testati<\/strong> (con tampone antigenico e\/o molecolare, escludendo i tamponi di controllo), di cui il 78% \u00e8 risultato positivo.<\/p>\n<p><strong>I positivi sono oggi 96.042<\/strong>, +1% rispetto a ieri. Sono <strong>363.240 i casi complessivi ad oggi a Firenze<\/strong> (876 in pi\u00f9 rispetto a ieri), 88.643 a Prato (197 in pi\u00f9), 103.680 a Pistoia (260 in pi\u00f9), 64.306 a Massa-Carrara (201 in pi\u00f9), 138.748 a Lucca (473 in pi\u00f9), 152.106 a Pisa (409 in pi\u00f9), 117.062 a Livorno (405 in pi\u00f9), 118.800 ad Arezzo (317 in pi\u00f9), 94.387 a Siena (257 in pi\u00f9), 70.715 a Grosseto (237 in pi\u00f9). Sono 555 i casi positivi notificati in Toscana, ma residenti in altre regioni.<\/p>\n<p>Sono <strong>95.263 le persone in isolamento a casa<\/strong>, poich\u00e9 presentano sintomi lievi che non richiedono cure ospedaliere, o risultano prive di sintomi (970 in pi\u00f9 rispetto a ieri, pi\u00f9 1%).<\/p>\n<p>Le <strong>persone ricoverate sono 779<\/strong> (10 in meno rispetto a ieri, &#8211; 1,3%), <strong>27 in terapia intensiva<\/strong> (1 in pi\u00f9 rispetto a ieri, + 3,8%).<\/p>\n<p>Oggi si registrano <strong>10 nuovi decessi<\/strong>: 5 uomini e 5 donne con un&#8217;et\u00e0 media di 84,2 anni. Relativamente alla provincia di residenza, le 10 persone decedute sono: 2 a Firenze, 2 a Prato, 1 a Pistoia, 1 a Pisa, 4 a Livorno.<\/p>\n<p>Sono <strong>10.340 i deceduti dall&#8217;inizio dell&#8217;epidemia<\/strong> cosi ripartiti: 3.254 a Firenze, 847 a Prato, 934 a Pistoia, 665 a Massa-Carrara, 968 a Lucca, 1.155 a Pisa, 771 a Livorno, 664 ad Arezzo, 547 a Siena, 392 a Grosseto, 143 persone sono decedute sul suolo toscano ma erano residenti fuori regione.<\/p>\n","protected":false},"excerpt":{"rendered":"<p>Le persone ricoverate sono 779 (10 in meno rispetto a ieri, &#8211; 1,3%), 27 in terapia intensiva (1 in pi\u00f9 rispetto a ieri, + 3,8%)<\/p>\n","protected":false},"author":525,"featured_media":174112,"comment_status":"open","ping_status":"open","sticky":false,"template":"","format":"standard","meta":{"_acf_changed":false,"footnotes":""},"categories":[494],"tags":[418],"class_list":["post-239135","post","type-post","status-publish","format-standard","has-post-thumbnail","hentry","category-attualita","tag-covid-19"],"acf":[],"yoast_head":"<!-- This site is optimized with the Yoast SEO Premium plugin v24.2 (Yoast SEO v25.6) - https:\/\/yoast.com\/wordpress\/plugins\/seo\/ -->\n<title>Covid-19: 3.632 nuovi casi, et\u00e0 media 50 anni. I decessi sono 10 - intoscana<\/title>\n<meta name=\"description\" content=\"Le persone ricoverate sono 779 (10 in meno rispetto a ieri, - 1,3%), 27 in terapia intensiva (1 in pi\u00f9 rispetto a ieri, + 3,8%)\" \/>\n<meta name=\"robots\" content=\"index, follow, max-snippet:-1, max-image-preview:large, max-video-preview:-1\" \/>\n<link rel=\"canonical\" href=\"https:\/\/www.intoscana.it\/it\/covid-19-3-632-nuovi-casi-eta-media-50-anni-i-decessi-sono-10\/\" \/>\n<meta property=\"og:locale\" content=\"it_IT\" \/>\n<meta property=\"og:type\" content=\"article\" \/>\n<meta property=\"og:title\" content=\"Covid-19: 3.632 nuovi casi, et\u00e0 media 50 anni. I decessi sono 10\" \/>\n<meta property=\"og:description\" content=\"Le persone ricoverate sono 779 (10 in meno rispetto a ieri, - 1,3%), 27 in terapia intensiva (1 in pi\u00f9 rispetto a ieri, + 3,8%)\" \/>\n<meta property=\"og:url\" content=\"https:\/\/www.intoscana.it\/it\/covid-19-3-632-nuovi-casi-eta-media-50-anni-i-decessi-sono-10\/\" \/>\n<meta property=\"og:site_name\" content=\"intoscana\" \/>\n<meta property=\"article:publisher\" content=\"https:\/\/www.facebook.com\/intoscana.it\" \/>\n<meta property=\"article:published_time\" content=\"2022-07-22T12:36:26+00:00\" \/>\n<meta property=\"og:image\" content=\"https:\/\/www.intoscana.it\/wp-content\/uploads\/Intoscana-Dati-Coronavirus-19-aprile-e1638022126224.jpeg\" \/>\n\t<meta property=\"og:image:width\" content=\"1053\" \/>\n\t<meta property=\"og:image:height\" content=\"531\" \/>\n\t<meta property=\"og:image:type\" content=\"image\/jpeg\" \/>\n<meta name=\"author\" content=\"Redazione\" \/>\n<meta name=\"twitter:card\" content=\"summary_large_image\" \/>\n<meta name=\"twitter:creator\" content=\"@intoscana\" \/>\n<meta name=\"twitter:site\" content=\"@intoscana\" \/>\n<meta name=\"twitter:label1\" content=\"Written by\" \/>\n\t<meta name=\"twitter:data1\" content=\"Redazione\" \/>\n\t<meta name=\"twitter:label2\" content=\"Est. reading time\" \/>\n\t<meta name=\"twitter:data2\" content=\"1 minuto\" \/>\n<script type=\"application\/ld+json\" class=\"yoast-schema-graph\">{\"@context\":\"https:\/\/schema.org\",\"@graph\":[{\"@type\":\"WebPage\",\"@id\":\"https:\/\/www.intoscana.it\/it\/covid-19-3-632-nuovi-casi-eta-media-50-anni-i-decessi-sono-10\/\",\"url\":\"https:\/\/www.intoscana.it\/it\/covid-19-3-632-nuovi-casi-eta-media-50-anni-i-decessi-sono-10\/\",\"name\":\"Covid-19: 3.632 nuovi casi, et\u00e0 media 50 anni. I decessi sono 10 - intoscana\",\"isPartOf\":{\"@id\":\"https:\/\/www.intoscana.it\/it\/#website\"},\"primaryImageOfPage\":{\"@id\":\"https:\/\/www.intoscana.it\/it\/covid-19-3-632-nuovi-casi-eta-media-50-anni-i-decessi-sono-10\/#primaryimage\"},\"image\":{\"@id\":\"https:\/\/www.intoscana.it\/it\/covid-19-3-632-nuovi-casi-eta-media-50-anni-i-decessi-sono-10\/#primaryimage\"},\"thumbnailUrl\":\"https:\/\/www.intoscana.it\/wp-content\/uploads\/Intoscana-Dati-Coronavirus-19-aprile-e1638022126224.jpeg\",\"datePublished\":\"2022-07-22T12:36:26+00:00\",\"author\":{\"@id\":\"https:\/\/www.intoscana.it\/it\/#\/schema\/person\/9223810753230f20bd670fdd322661f8\"},\"description\":\"Le persone ricoverate sono 779 (10 in meno rispetto a ieri, - 1,3%), 27 in terapia intensiva (1 in pi\u00f9 rispetto a ieri, + 3,8%)\",\"breadcrumb\":{\"@id\":\"https:\/\/www.intoscana.it\/it\/covid-19-3-632-nuovi-casi-eta-media-50-anni-i-decessi-sono-10\/#breadcrumb\"},\"inLanguage\":\"it-IT\",\"potentialAction\":[{\"@type\":\"ReadAction\",\"target\":[\"https:\/\/www.intoscana.it\/it\/covid-19-3-632-nuovi-casi-eta-media-50-anni-i-decessi-sono-10\/\"]}]},{\"@type\":\"ImageObject\",\"inLanguage\":\"it-IT\",\"@id\":\"https:\/\/www.intoscana.it\/it\/covid-19-3-632-nuovi-casi-eta-media-50-anni-i-decessi-sono-10\/#primaryimage\",\"url\":\"https:\/\/www.intoscana.it\/wp-content\/uploads\/Intoscana-Dati-Coronavirus-19-aprile-e1638022126224.jpeg\",\"contentUrl\":\"https:\/\/www.intoscana.it\/wp-content\/uploads\/Intoscana-Dati-Coronavirus-19-aprile-e1638022126224.jpeg\",\"width\":1053,\"height\":531,\"caption\":\"Coronavirus\"},{\"@type\":\"BreadcrumbList\",\"@id\":\"https:\/\/www.intoscana.it\/it\/covid-19-3-632-nuovi-casi-eta-media-50-anni-i-decessi-sono-10\/#breadcrumb\",\"itemListElement\":[{\"@type\":\"ListItem\",\"position\":1,\"name\":\"Home\",\"item\":\"https:\/\/www.intoscana.it\/it\/\"},{\"@type\":\"ListItem\",\"position\":2,\"name\":\"Covid-19: 3.632 nuovi casi, et\u00e0 media 50 anni. I decessi sono 10\"}]},{\"@type\":\"WebSite\",\"@id\":\"https:\/\/www.intoscana.it\/it\/#website\",\"url\":\"https:\/\/www.intoscana.it\/it\/\",\"name\":\"intoscana\",\"description\":\"\",\"potentialAction\":[{\"@type\":\"SearchAction\",\"target\":{\"@type\":\"EntryPoint\",\"urlTemplate\":\"https:\/\/www.intoscana.it\/it\/?s={search_term_string}\"},\"query-input\":{\"@type\":\"PropertyValueSpecification\",\"valueRequired\":true,\"valueName\":\"search_term_string\"}}],\"inLanguage\":\"it-IT\"},{\"@type\":\"Person\",\"@id\":\"https:\/\/www.intoscana.it\/it\/#\/schema\/person\/9223810753230f20bd670fdd322661f8\",\"name\":\"Redazione\",\"url\":\"https:\/\/www.intoscana.it\/it\/author\/redazione\/\"}]}<\/script>\n<!-- \/ Yoast SEO Premium plugin. -->","yoast_head_json":{"title":"Covid-19: 3.632 nuovi casi, et\u00e0 media 50 anni. I decessi sono 10 - intoscana","description":"Le persone ricoverate sono 779 (10 in meno rispetto a ieri, - 1,3%), 27 in terapia intensiva (1 in pi\u00f9 rispetto a ieri, + 3,8%)","robots":{"index":"index","follow":"follow","max-snippet":"max-snippet:-1","max-image-preview":"max-image-preview:large","max-video-preview":"max-video-preview:-1"},"canonical":"https:\/\/www.intoscana.it\/it\/covid-19-3-632-nuovi-casi-eta-media-50-anni-i-decessi-sono-10\/","og_locale":"it_IT","og_type":"article","og_title":"Covid-19: 3.632 nuovi casi, et\u00e0 media 50 anni. I decessi sono 10","og_description":"Le persone ricoverate sono 779 (10 in meno rispetto a ieri, - 1,3%), 27 in terapia intensiva (1 in pi\u00f9 rispetto a ieri, + 3,8%)","og_url":"https:\/\/www.intoscana.it\/it\/covid-19-3-632-nuovi-casi-eta-media-50-anni-i-decessi-sono-10\/","og_site_name":"intoscana","article_publisher":"https:\/\/www.facebook.com\/intoscana.it","article_published_time":"2022-07-22T12:36:26+00:00","og_image":[{"width":1053,"height":531,"url":"https:\/\/www.intoscana.it\/wp-content\/uploads\/Intoscana-Dati-Coronavirus-19-aprile-e1638022126224.jpeg","type":"image\/jpeg"}],"author":"Redazione","twitter_card":"summary_large_image","twitter_creator":"@intoscana","twitter_site":"@intoscana","twitter_misc":{"Written by":"Redazione","Est. reading time":"1 minuto"},"schema":{"@context":"https:\/\/schema.org","@graph":[{"@type":"WebPage","@id":"https:\/\/www.intoscana.it\/it\/covid-19-3-632-nuovi-casi-eta-media-50-anni-i-decessi-sono-10\/","url":"https:\/\/www.intoscana.it\/it\/covid-19-3-632-nuovi-casi-eta-media-50-anni-i-decessi-sono-10\/","name":"Covid-19: 3.632 nuovi casi, et\u00e0 media 50 anni. I decessi sono 10 - intoscana","isPartOf":{"@id":"https:\/\/www.intoscana.it\/it\/#website"},"primaryImageOfPage":{"@id":"https:\/\/www.intoscana.it\/it\/covid-19-3-632-nuovi-casi-eta-media-50-anni-i-decessi-sono-10\/#primaryimage"},"image":{"@id":"https:\/\/www.intoscana.it\/it\/covid-19-3-632-nuovi-casi-eta-media-50-anni-i-decessi-sono-10\/#primaryimage"},"thumbnailUrl":"https:\/\/www.intoscana.it\/wp-content\/uploads\/Intoscana-Dati-Coronavirus-19-aprile-e1638022126224.jpeg","datePublished":"2022-07-22T12:36:26+00:00","author":{"@id":"https:\/\/www.intoscana.it\/it\/#\/schema\/person\/9223810753230f20bd670fdd322661f8"},"description":"Le persone ricoverate sono 779 (10 in meno rispetto a ieri, - 1,3%), 27 in terapia intensiva (1 in pi\u00f9 rispetto a ieri, + 3,8%)","breadcrumb":{"@id":"https:\/\/www.intoscana.it\/it\/covid-19-3-632-nuovi-casi-eta-media-50-anni-i-decessi-sono-10\/#breadcrumb"},"inLanguage":"it-IT","potentialAction":[{"@type":"ReadAction","target":["https:\/\/www.intoscana.it\/it\/covid-19-3-632-nuovi-casi-eta-media-50-anni-i-decessi-sono-10\/"]}]},{"@type":"ImageObject","inLanguage":"it-IT","@id":"https:\/\/www.intoscana.it\/it\/covid-19-3-632-nuovi-casi-eta-media-50-anni-i-decessi-sono-10\/#primaryimage","url":"https:\/\/www.intoscana.it\/wp-content\/uploads\/Intoscana-Dati-Coronavirus-19-aprile-e1638022126224.jpeg","contentUrl":"https:\/\/www.intoscana.it\/wp-content\/uploads\/Intoscana-Dati-Coronavirus-19-aprile-e1638022126224.jpeg","width":1053,"height":531,"caption":"Coronavirus"},{"@type":"BreadcrumbList","@id":"https:\/\/www.intoscana.it\/it\/covid-19-3-632-nuovi-casi-eta-media-50-anni-i-decessi-sono-10\/#breadcrumb","itemListElement":[{"@type":"ListItem","position":1,"name":"Home","item":"https:\/\/www.intoscana.it\/it\/"},{"@type":"ListItem","position":2,"name":"Covid-19: 3.632 nuovi casi, et\u00e0 media 50 anni. I decessi sono 10"}]},{"@type":"WebSite","@id":"https:\/\/www.intoscana.it\/it\/#website","url":"https:\/\/www.intoscana.it\/it\/","name":"intoscana","description":"","potentialAction":[{"@type":"SearchAction","target":{"@type":"EntryPoint","urlTemplate":"https:\/\/www.intoscana.it\/it\/?s={search_term_string}"},"query-input":{"@type":"PropertyValueSpecification","valueRequired":true,"valueName":"search_term_string"}}],"inLanguage":"it-IT"},{"@type":"Person","@id":"https:\/\/www.intoscana.it\/it\/#\/schema\/person\/9223810753230f20bd670fdd322661f8","name":"Redazione","url":"https:\/\/www.intoscana.it\/it\/author\/redazione\/"}]}},"_links":{"self":[{"href":"https:\/\/www.intoscana.it\/it\/wp-json\/wp\/v2\/posts\/239135","targetHints":{"allow":["GET"]}}],"collection":[{"href":"https:\/\/www.intoscana.it\/it\/wp-json\/wp\/v2\/posts"}],"about":[{"href":"https:\/\/www.intoscana.it\/it\/wp-json\/wp\/v2\/types\/post"}],"author":[{"embeddable":true,"href":"https:\/\/www.intoscana.it\/it\/wp-json\/wp\/v2\/users\/525"}],"replies":[{"embeddable":true,"href":"https:\/\/www.intoscana.it\/it\/wp-json\/wp\/v2\/comments?post=239135"}],"version-history":[{"count":0,"href":"https:\/\/www.intoscana.it\/it\/wp-json\/wp\/v2\/posts\/239135\/revisions"}],"wp:featuredmedia":[{"embeddable":true,"href":"https:\/\/www.intoscana.it\/it\/wp-json\/wp\/v2\/media\/174112"}],"wp:attachment":[{"href":"https:\/\/www.intoscana.it\/it\/wp-json\/wp\/v2\/media?parent=239135"}],"wp:term":[{"taxonomy":"category","embeddable":true,"href":"https:\/\/www.intoscana.it\/it\/wp-json\/wp\/v2\/categories?post=239135"},{"taxonomy":"post_tag","embeddable":true,"href":"https:\/\/www.intoscana.it\/it\/wp-json\/wp\/v2\/tags?post=239135"}],"curies":[{"name":"wp","href":"https:\/\/api.w.org\/{rel}","templated":true}]}}