{"id":239266,"date":"2022-07-23T13:26:19","date_gmt":"2022-07-23T11:26:19","guid":{"rendered":"https:\/\/www.intoscana.it\/it\/?p=239266"},"modified":"2022-07-25T09:09:09","modified_gmt":"2022-07-25T07:09:09","slug":"anni-ottanta-remix-firenze-torna-la-capitale-dei-mitici-80","status":"publish","type":"post","link":"https:\/\/www.intoscana.it\/it\/anni-ottanta-remix-firenze-torna-la-capitale-dei-mitici-80\/","title":{"rendered":"&#8220;Anni Hottanta Remix&#8221;: Firenze torna la capitale dei mitici &#8217;80"},"content":{"rendered":"<p>I <strong>ruggenti anni 80<\/strong> si riprendono la scena nell\u2019<strong>Estate Fiorentina 2022<\/strong>.<\/p>\n<p>Quattro decenni dopo, la grande stagione in cui Firenze fu protagonista di quell\u2019onda anomala, osservata speciale da mezza Europa, che la rese un\u00a0<strong>centro di creativit\u00e0 permanente, osservata speciale da tutta Europa,<\/strong> la citt\u00e0 sar\u00e0 attraversata <strong>da luglio a settembre<\/strong> da <strong>concerti, performance, mostre, cinema, talk e incontri, <\/strong>tutti a <strong>ingresso gratuito.<\/strong><\/p>\n<p><strong>Non una mera celebrazione<\/strong> di quegli anni bellissimi che non torneranno mai pi\u00f9, <strong>ma il tentativo di guardarsi nello specchio di allora<\/strong> per trovarvi nuove occasioni, per ritrovare nuovi stimoli e nuove ragioni per proseguire quel percorso anche negli anni Venti del Duemila.<\/p>\n<h3>I protagonisti<\/h3>\n<p>Tantissimi gli ospiti che parteciperanno al programma: dall\u2019esperienza dei <strong>Pankow, a Soul Hunter,<\/strong> e poi <strong>Cricket\u2019s Lullaby, Piero Pel\u00f9, Ghigo Renzulli, Antonio Aiazzi, Gianni Maroccolo, Alberto Pirelli, Nicola Vannini, Sandro Lombardi, Giovanotti Mondani Meccanici, Larry Dj<\/strong>.<\/p>\n<p>Cos\u00ec come per le esperienze di comunicazione, giornalismo ed editoria: <strong>il mondo delle radio, con Controradio e Radio Cento Fiori, Firenze Spettacolo, Westuff<\/strong>, le fanzine ed i primi geniali tentativi web di radio-text.<\/p>\n<p>Per il <strong>cinema<\/strong> una rassegna di due giorni di pellicole dedicate agli anni Ottanta al <strong>Teatro La Compagnia di Firenze<\/strong>, il clubbing, i \u201clibertini\u201d cantati da <strong>Pier Vittorio Tondelli<\/strong> al quale \u00e8 dedicato anche <strong>un reading di Sandro Lombardi.<\/strong><\/p>\n<p>E per la fotografia la mostra che apre la rassegna, allestita al <strong>Museo Marino Marini<\/strong>\u00a0con i <strong>&#8220;<a href=\"https:\/\/www.intoscana.it\/it\/articolo\/musica-stile-ribellione-moda-dagli-anni-80-i-dark-portraits-di-dino-ignani\/\" target=\"_blank\" rel=\"noopener\">Dark Portraits&#8221; di<\/a><\/strong> <strong>Dino Ignani<\/strong>.<\/p>\n<figure id=\"post-239267 media-239267\" class=\"align-none\"><img decoding=\"async\" src=\"https:\/\/www.intoscana.it\/wp-content\/uploads\/Foto-Aiazzi-Maroccolo-2-pic.jpg\" alt=\"\" \/><\/figure>\n<h3>I luoghi e gli eventi<\/h3>\n<p>Il <strong>Museo Marino Marini,<\/strong> nato proprio negli anni Ottanta e che sempre di pi\u00f9 sta diventando la \u201ccasa\u201d di quelle esperienze con la proposta di ospitare \u201cl\u2019archivio dinamico degli anni 80\u201d; il <strong>Tenax<\/strong>, con i suo 40 anni di storia che ancora oggi prosegue, la <strong>Rokkoteca Brighton<\/strong>, che tenne a battesimo i <strong>Litfiba<\/strong>: saranno queste le strutture che ospiteranno gli appuntamenti \u201cclou\u201d del programma.<\/p>\n<p>E poi, luoghi ancora in attivit\u00e0 come <strong>Luisa Via Roma,<\/strong> o che sono rimasti nella memoria e che hanno fatto la storia, come il <strong>Casablanca<\/strong>, che ospit\u00f2 la <strong>Mephistofesta<\/strong> nel 1982, il <strong>Salt Peanuts<\/strong>, tappa obbligata del jazz con star internazionali e gli allora giovani musicisti del nuovo jazz italiano, <strong>l\u2019Universale<\/strong>, la storia <strong>cantina di via dei Bardi, il Banana Moon<\/strong>, la prima sede di Controradio in via dell\u2019Orto e molti altri, tutti legati insieme da mille ricordi.<\/p>\n<p><em><strong>Tutte le iniziative sono a ingresso gratuito con prenotazione obbligatoria.<\/strong><\/em><\/p>\n<h3>Il programma<\/h3>\n<p><strong>Museo Marino Marini &#8211; Firenze<\/strong>:\u00a0<strong>Dino Ignani \u201cDark Portraits\u201d<\/strong><br \/>\nDal 23 luglio al 19 settembre 2022<br \/>\nIl fotografo Dino Ignani ha condotto nei primi anni 80 una vera e propria ricerca di immagini sui giovani che frequentavano i locali musicali di tendenza dell\u2019epoca, in particolare i club legati all\u2019universo dark tra Roma e Firenze. Ha scritto Roberto D\u2019Agostino \u201cIn queste fotografie di Dino Ignani ci si trova quella Italia giovane e giovanile, unica e plateale, di ritratti di ragazzi; c\u2019\u00e8 l\u2019immagine della loro giovinezza, tensione, vitalit\u00e0, confusione, improntitudine, gusto di vivere e paura di cadere\u201d.<br \/>\nDino Ignani \u00e8 nato e vive a Roma. Ha iniziato ad occuparsi di fotografia a met\u00e0 degli anni settanta, privilegiando progetti seriali fra questi i ritratti di poeti italiani, esposti e pubblicati nelle collezioni della Biblioteca Centrale di Roma.Nel 2014 ha pubblicato con Yard Press \u201cDark Portraits Rome 1982\u201d, un volume di 500 ritratti, da tempo esaurito.<\/p>\n<p><strong>Casa del Popolo Settignano &#8211; Firenze<\/strong><br \/>\n<strong>Rokkoteca Brighton<\/strong><br \/>\n<strong>27 luglio 2022<\/strong><br \/>\nOre 19.00 Case del Popolo \/Cultura Rock. La storia della Rokkoteca Brighton con <strong>Nicola Vannini, Checco Calamai (primo batterista dei Litfiba) Giacomo Aloigi, Bruno Casini, Andrea Scami.<\/strong><br \/>\nOre 21.30 Cricket\u2019s Lullaby in concerto.<br \/>\nCrickets\u2019 Lullaby \u201cAs long as we have yesterday\u201d. \u00c8 uscito &#8220;As long as we have yesterday&#8221;, primo album dei Crickets&#8217; Lullaby, band fiorentina nata da un\u2019idea di Giacomo Aloigi (gi\u00e0 chitarrista\/programmatore dei Magic Candle Corporation, vincitori del Rock Contest di Controradio del 1995) e Stefano Magnaschi (gi\u00e0 chitarrista dei Soul Hunter di Nicola Vannini). Nel 2018 i due iniziano a comporre i brani che fin dall\u2019inizio assumono la forma di un concept album in cui confluiscono la passione di Aloigi e Magnaschi per il progressive acustico, la psichedelia, il kraut rock e l\u2019ambient music. Nel 2019 si unisce a loro la cantante Sara Modesti, la cui voce dai molteplici registri si fonde perfettamente con le atmosfere rarefatte e oniriche delle composizioni.<\/p>\n<p><strong>Museo Marino Marini<\/strong><br \/>\n<strong>23 agosto ore 19.00<\/strong><br \/>\n<strong>Le radio degli anni 80<\/strong><br \/>\nTalk sulla storia delle due radio storiche fiorentine e cio\u00e8 Controradio e Radio Cento Fiori attraverso gli eventi che hanno firmato in questo decennio. Con <strong>Stefano Fabbri, Roberto Nistri, Andrea Sbandati, Gianni Pini, Benedetto Ferrara e Sara Maggi.<\/strong><\/p>\n<p><strong>Cinema La Compagnia Firenze<\/strong><br \/>\n<strong>25 \u2013 26 agosto 2022<\/strong><br \/>\nDue giornate dedicate ai documentari che hanno visto Firenze protagonista negli anni 80.<br \/>\n<strong>SCINTILLE. GENERAZIONE TREND.<\/strong><br \/>\nRegia di Carlo Gardenti. 2017. Durata 54 min.<br \/>\nAlla presenza di Carlo Gardenti e Sandro Pestelli (Stilista).<br \/>\nLa mitica festa della rivista Rockstar al Manila di Campi Bisenzio con le sfilate di molti stilisti che parteciperanno al Pitti Trend di Firenze. Con interviste a <strong>Samuele Mazza, Sandro Pestelli, Loretta Mugnai, Luca Ghibaudo e tanti altri.<\/strong><br \/>\nOre 21.00<br \/>\n<strong>CIAO, LIBERTINI! Gli anni ottanta secondo Pier Vittorio Tondelli<\/strong><br \/>\nProduzione Sky Arte 2021. Realizzazione Darallouche. Durata 85 min.<br \/>\nAlla presenza del regista Stefano Pistolini.<br \/>\nGli anni 80 italiani: quelli della creativit\u00e0 e delle tendenze, della societ\u00e0 dello spettacolo, delle sperimentazioni e delle trasgressioni. Gli anni 80 decodificati dallo sguardo e le parole del cronista pi\u00f9 acuto, Pier Vittorio Tondelli, di cui ricorre il 30esimo anniversario della morte. L\u2019aria dei tempi di un periodo elettrico, con tanti testimoni e una selezione di scritti di Tondelli sugli hot topic del momento, curata da Mario Fortunato. Rivisitando gli atti della vita dello scrittore, tra ironia e sentimento, sempre nel culto della \u201cvelocit\u00e0\u201d e della partecipazione.<\/p>\n<p>26 agosto ore 19.00<br \/>\n<strong>Un weekend postmoderno di Ernesto De Pascale, Paolo Donati (Italia, 2002, 35\u2019).<\/strong><br \/>\nDedicato a Michele Manzotti ed Ernesto De Pascale.<br \/>\nAlla presenza di <strong>Giulia Nuti.<\/strong> In collaborazione con Il Popolo del Blues.<br \/>\nUn documentario sulla creativit\u00e0 a Firenze negli anni 80 ispirato al celebre diario dello scrittore Pier Vittorio Tondelli, abituale frequentatore della Firenze di quel decennio. La musica, il teatro, la moda e tutto quello che ha reso importante Firenze e i suoi weekend post moderni. Con immagini di Litfiba, Piero Pel\u00f9, Neon, Diaframma, Tuxedomoon, Patti Smith e interviste ai principali protagonisti di quegli eventi.<br \/>\nOre 21.00<br \/>\n<strong>CROLLO NERVOSO. FIRENZE SOGNA<\/strong><br \/>\nRegia di Pierpaolo De Iulis. Raveup Produzioni. 2008. Dura 50 min.<br \/>\nAlla presenza di <strong>Nicola Vannini.<\/strong><br \/>\nA cavallo dell&#8217;onda lunga delle scosse epilettiche e telluriche che il movimento punk aveva impresso alla scena musicale statunitense e britannica, anche in Italia si assiste alla fine degli anni Settanta a un autentico Rinascimento Musicale. La penisola, in mano alla forma cantautoriale e alle derive del &#8220;progressive&#8221; meno inventivo, si sveglia dal proprio torpore. Epicentri di questa autentica rivoluzione artistica, due citt\u00e0: Bologna e Firenze. Iniziano cos\u00ec le storie di band quali Litfiba, Diaframma, Neon e Pankow.<\/p>\n<p><strong>Museo Marino Marini Firenze<\/strong><br \/>\n<strong>2 settembre 2022 ore 19.00<\/strong><br \/>\n<strong>Sandro Lombardi legge Pier Vittorio Tondelli.<\/strong><br \/>\nSandro Lombardi uno degli attori pi\u00f9 importante della scena teatrale italiana si confronta con un autore\/scrittore molto caro alla Firenze degli anni 80. Lombardi sceglier\u00e0 alcuni testi significativi dello scrittore emiliano che ha vissuto in questa citt\u00e0 partecipando e raccontando gli eventi giovanili a Firenze. Legger\u00e0 alcuni brani da \u201cAltri Libertini\u201d e da \u201cUn week end postmoderno\u201d.<\/p>\n<figure id=\"post-239268 media-239268\" class=\"align-none\"><img decoding=\"async\" src=\"https:\/\/www.intoscana.it\/wp-content\/uploads\/Foto-Dark-Portraits-Florence-1985-photo-by-Dino-Ignani-pic.jpg\" alt=\"\" \/><\/figure>\n<div class=\"titleimg\">Dark Portraits Florence 1985 photo by Dino Ignani<\/div>\n<p><strong>Museo Marino Marini\u00a0<\/strong>in occasione del <strong>BAMM<\/strong><\/p>\n<p><strong>Domenica 4 Settembre ore 12.00<\/strong><br \/>\n<strong>Editoria\u00a0Anni di Carta con Sara Maggi, Leonardo Tozzi, Patrizia Asproni e Gianni Sinni.<\/strong><br \/>\nLa storia di riviste ed esperienze editoriali a Firenze. Un feedback ed approfondimento su esperienze come Westuff, trimestrale bilingue realizzato a Firenze su moda, arte, musica e costume Harno rivista sulle culture underground in questa citt\u00e0 e Firenze Spettacolo, il \u201cTime Out\u201d fiorentino su cultura e intrattenimento, mensile che esce ininterrottamente dal 1980.<\/p>\n<p>Ore 18.00<br \/>\n<strong>Il Casablanca a Firenze.\u00a0Culture Giovanili nelle Case del Popolo<\/strong><br \/>\nDedicato all\u2019esperienza del club ospitato all\u2019Sms di Rifredi con Antonio Aiazzi, Andrea Sbandati, Vincenzo Striano, Silvano Panichi e Marzia Frediani (presidente Arci Firenze).<\/p>\n<p><strong>Museo Marini<\/strong><br \/>\n<strong>4 settembre \u2013 ore 19:30<\/strong><br \/>\n<strong>80\u2019s Tour Firenze Notturno Firenze Anni 80<\/strong><br \/>\n<strong>In bicicletta. Voce narrante: Daniela Morozzi<\/strong><br \/>\nSolo per 20 persone.<br \/>\n\u00c8 una passeggiata postmoderna negli spazi storici della new wave fiorentina, dalla musica alla moda, dal clubbing alla storia del rock fiorentino. Ogni stazione avr\u00e0 un piccolo report affidato alla voce narrante dell\u2019attrice Daniela Morozzi. Le tappe: Museo Marino Marini, Salt Peanuts, Spazio Uno, Luisa Via Roma, Tabasco, Piazzale degli Uffizi (Echo and the Bunnymen), Banana Moon\/KGB\/Liquid\/Discipline\/Black Out, Contempo, Cantina Via Dei Bardi, La Dolce Vita, Controradio (prima sede Via Dell\u2019Orto), Universale via Pisana.<\/p>\n<p><strong>Museo Marino Marini<\/strong><br \/>\n<strong>14 Settembre 2022 ore 19<\/strong><br \/>\n<strong>Giovanotti Mondani Meccanici.\u00a0<\/strong><strong>Hackers dell\u2019immaginario.<\/strong><br \/>\nDai primi computer comics nati nella Firenze degli anni \u201880 alle nuove frontiere del metaverso.<br \/>\nIntervengono Antonio Glessi e Andrea Zingoni fondatori del gruppo. Conduce Francesco Spampinato (Dams Bologna) curatore del libro \u201cGMM computer comics \u201884-87\u201d.<br \/>\nNel corso dell\u2019incontro verranno proiettati alcuni estratti alcuni estratti dai video recentemente presentati nella mostra\u201d Il video rende felici \u2013 40 anni di video arte in Italia\u201d al Palazzo delle Esposizioni di Roma.<br \/>\nSono una delle esperienze pi\u00f9 vitali che gli anni 80 fiorentini abbiano avuto. Nascono sulle pagine della rivista Frigidaire. Mixano musica, fumetto elettronica, moda, performance. Diventano subito molto conosciuti in tutta Italia. Al Museo Marino Marini racconteranno la loro storia attraverso immagini e parole.<\/p>\n<p><strong>Museo Marino Marini<\/strong><br \/>\n<strong>16 settembre ore 18<\/strong><br \/>\n<strong>Ghigo Renzulli presenta l\u2019autobiografia \u201c40 anni da Litfiba\u201d (Arcana Edizioni)<\/strong><br \/>\nInsieme all\u2019autore sar\u00e0 presente Alberto Pirelli.<br \/>\nLa storia e la vita di uno dei musicisti importanti di questa citta attraverso i decenni, dagli anni 70 alla cantina di via Dei Bardi a Firenze, dall\u2019esplosione rock fino al grande successo e poi la carriera da solista.<\/p>\n<p><strong>Museo Marino Marini<\/strong><br \/>\n<strong>17 settembre ore 20.30<\/strong><br \/>\n<strong>Mephisto Ballad:\u00a0Gianni Maroccolo \u2013 Antonio Aiazzi<\/strong><br \/>\nUno degli eventi pi\u00f9 importante della new wave a Firenze fu la Mephistofesta del Litfiba che si tenne al Casablanca Rifredi il 16 Febbraio 1982. A 40 anni esatti, ecco Mephisto Ballad il progetto curato e rivisitato da Gianni Maroccolo ed Antonio Aiazzi. Presenteranno dal vivo questo nuovo percorso con la collaborazione di altri musicisti tra cui Flavio Ferri, Mariano De Tassi, Beppe Brotto e l\u2019ambientazione sonora di Vladimir Jagod.<\/p>\n<p><strong>Museo Marino Marini<\/strong><br \/>\n<strong>19 settembre ore 18<\/strong><br \/>\n<strong>Piero Pel\u00f9 presenta il romanzo autobiografico \u201cSpacca l\u2019infinito\u201d (Giunti Editore)<\/strong><br \/>\nAlla presenza dell\u2019autore e di ospiti<br \/>\nIl viaggio di Piero Pel\u00f9 dall\u2019infanzia alla scelta rock, i suoi viaggi per il mondo, la sua vicinanza alla cultura del Mediterraneo, le sue incursioni nel mondo del teatro. La filosofia dei Litfiba, le sue battaglie sociali sul palco, un talk a tutto tondo dove la musica \u00e8 il background della sua vita.<\/p>\n<p><strong>Tenax Firenze<\/strong><br \/>\n<strong>Cabaret Futura 2<\/strong><br \/>\n<strong>21 settembre 2022 ore 21.30<\/strong><br \/>\nPankow e Soul\u2019s Hunters in concerto. Nella stessa serata Larry Dj, uno dei protagonisti delle notti fiorentine<br \/>\nPankow &#8211; Maurizio Fasolo (sintetizzatori), Bram Declercq (voce), Enzo Regi (sintetizzatori), Alessandro Cellai (sintetizzatori). Una delle band storiche a Firenze. Nati agli inizi degli anni 80 come Roclucka poi diventati Pankow. Sono stati i precursori delle sonorit\u00e0 elettroniche e tecno. Hanno all\u2019attivo decine di album. Conosciuti a livello internazionale. Sono spesso in tour in Europa e Stati Uniti. Dal vivo sono una potenza sonora e regalano un autentico show visivo.<br \/>\nSoul\u2019s Hunters &#8211; Nicola Vannini \u00e8 stato il primo cantante dei Diaframma poi ha fondato il progetto Soul\u2019s Hunters. Dopo decenni torna sul palco per una unica apparizione. La sua musica si muove tra le atmosfere dark e la nuova psichedelia. \u00c8 uno dei rappresentanti della new wave fiorentina.<\/p>\n<figure id=\"post-239271 media-239271\" class=\"align-none\"><img decoding=\"async\" src=\"https:\/\/www.intoscana.it\/wp-content\/uploads\/Foto-Tondelli-Altri-Libertini.jpg\" alt=\"\" \/><\/figure>\n<div class=\"titleimg\">Foto Tondelli Altri Libertini<\/div>\n","protected":false},"excerpt":{"rendered":"<p>Dal 23 luglio al 21 settembre concerti, mostre, incontri, cinema, letteratura, ospiti: Dino Ignani, Sandro Lombardi, Piero Pel\u00f9, Ghigo Renzulli, Antonio Aiazzi, Gianni Maroccolo, Pankow, Soul Hunter\/Nicola Vannini, Alberto Pirelli, Giovanotti Mondani Meccanici, Larry Dj, Cricket\u2019s Lullaby<\/p>\n","protected":false},"author":525,"featured_media":161028,"comment_status":"open","ping_status":"open","sticky":false,"template":"","format":"standard","meta":{"_acf_changed":false,"footnotes":""},"categories":[493],"tags":[235,228,202,5125],"class_list":["post-239266","post","type-post","status-publish","format-standard","has-post-thumbnail","hentry","category-cultura","tag-estate","tag-festival","tag-firenze","tag-litfiba"],"acf":[],"yoast_head":"<!-- This site is optimized with the Yoast SEO Premium plugin v24.2 (Yoast SEO v25.6) - https:\/\/yoast.com\/wordpress\/plugins\/seo\/ -->\n<title>&quot;Anni Hottanta Remix&quot;: Firenze torna la capitale dei mitici &#039;80 - intoscana<\/title>\n<meta name=\"description\" content=\"Dal 23 luglio al 21 settembre concerti, mostre, incontri, cinema, letteratura, ospiti: Dino Ignani, Sandro Lombardi, Piero Pel\u00f9\" \/>\n<meta name=\"robots\" content=\"index, follow, max-snippet:-1, max-image-preview:large, max-video-preview:-1\" \/>\n<link rel=\"canonical\" href=\"https:\/\/www.intoscana.it\/it\/anni-ottanta-remix-firenze-torna-la-capitale-dei-mitici-80\/\" \/>\n<meta property=\"og:locale\" content=\"it_IT\" \/>\n<meta property=\"og:type\" content=\"article\" \/>\n<meta property=\"og:title\" content=\"&quot;Anni Hottanta Remix&quot;: Firenze torna la capitale dei mitici &#039;80\" \/>\n<meta property=\"og:description\" content=\"Dal 23 luglio al 21 settembre concerti, mostre, incontri, cinema, letteratura, ospiti: Dino Ignani, Sandro Lombardi, Piero Pel\u00f9\" \/>\n<meta property=\"og:url\" content=\"https:\/\/www.intoscana.it\/it\/anni-ottanta-remix-firenze-torna-la-capitale-dei-mitici-80\/\" \/>\n<meta property=\"og:site_name\" content=\"intoscana\" \/>\n<meta property=\"article:publisher\" content=\"https:\/\/www.facebook.com\/intoscana.it\" \/>\n<meta property=\"article:published_time\" content=\"2022-07-23T11:26:19+00:00\" \/>\n<meta property=\"article:modified_time\" content=\"2022-07-25T07:09:09+00:00\" \/>\n<meta property=\"og:image\" content=\"https:\/\/www.intoscana.it\/wp-content\/uploads\/litfiba-anni-80.jpg\" \/>\n\t<meta property=\"og:image:width\" content=\"620\" \/>\n\t<meta property=\"og:image:height\" content=\"440\" \/>\n\t<meta property=\"og:image:type\" content=\"image\/jpeg\" \/>\n<meta name=\"author\" content=\"Redazione\" \/>\n<meta name=\"twitter:card\" content=\"summary_large_image\" \/>\n<meta name=\"twitter:creator\" content=\"@intoscana\" \/>\n<meta name=\"twitter:site\" content=\"@intoscana\" \/>\n<meta name=\"twitter:label1\" content=\"Written by\" \/>\n\t<meta name=\"twitter:data1\" content=\"Redazione\" \/>\n\t<meta name=\"twitter:label2\" content=\"Est. reading time\" \/>\n\t<meta name=\"twitter:data2\" content=\"10 minuti\" \/>\n<script type=\"application\/ld+json\" class=\"yoast-schema-graph\">{\"@context\":\"https:\/\/schema.org\",\"@graph\":[{\"@type\":\"WebPage\",\"@id\":\"https:\/\/www.intoscana.it\/it\/anni-ottanta-remix-firenze-torna-la-capitale-dei-mitici-80\/\",\"url\":\"https:\/\/www.intoscana.it\/it\/anni-ottanta-remix-firenze-torna-la-capitale-dei-mitici-80\/\",\"name\":\"\\\"Anni Hottanta Remix\\\": Firenze torna la capitale dei mitici '80 - intoscana\",\"isPartOf\":{\"@id\":\"https:\/\/www.intoscana.it\/it\/#website\"},\"primaryImageOfPage\":{\"@id\":\"https:\/\/www.intoscana.it\/it\/anni-ottanta-remix-firenze-torna-la-capitale-dei-mitici-80\/#primaryimage\"},\"image\":{\"@id\":\"https:\/\/www.intoscana.it\/it\/anni-ottanta-remix-firenze-torna-la-capitale-dei-mitici-80\/#primaryimage\"},\"thumbnailUrl\":\"https:\/\/www.intoscana.it\/wp-content\/uploads\/litfiba-anni-80.jpg\",\"datePublished\":\"2022-07-23T11:26:19+00:00\",\"dateModified\":\"2022-07-25T07:09:09+00:00\",\"author\":{\"@id\":\"https:\/\/www.intoscana.it\/it\/#\/schema\/person\/9223810753230f20bd670fdd322661f8\"},\"description\":\"Dal 23 luglio al 21 settembre concerti, mostre, incontri, cinema, letteratura, ospiti: Dino Ignani, Sandro Lombardi, Piero Pel\u00f9\",\"breadcrumb\":{\"@id\":\"https:\/\/www.intoscana.it\/it\/anni-ottanta-remix-firenze-torna-la-capitale-dei-mitici-80\/#breadcrumb\"},\"inLanguage\":\"it-IT\",\"potentialAction\":[{\"@type\":\"ReadAction\",\"target\":[\"https:\/\/www.intoscana.it\/it\/anni-ottanta-remix-firenze-torna-la-capitale-dei-mitici-80\/\"]}]},{\"@type\":\"ImageObject\",\"inLanguage\":\"it-IT\",\"@id\":\"https:\/\/www.intoscana.it\/it\/anni-ottanta-remix-firenze-torna-la-capitale-dei-mitici-80\/#primaryimage\",\"url\":\"https:\/\/www.intoscana.it\/wp-content\/uploads\/litfiba-anni-80.jpg\",\"contentUrl\":\"https:\/\/www.intoscana.it\/wp-content\/uploads\/litfiba-anni-80.jpg\",\"width\":620,\"height\":440,\"caption\":\"Litfiba\"},{\"@type\":\"BreadcrumbList\",\"@id\":\"https:\/\/www.intoscana.it\/it\/anni-ottanta-remix-firenze-torna-la-capitale-dei-mitici-80\/#breadcrumb\",\"itemListElement\":[{\"@type\":\"ListItem\",\"position\":1,\"name\":\"Home\",\"item\":\"https:\/\/www.intoscana.it\/it\/\"},{\"@type\":\"ListItem\",\"position\":2,\"name\":\"&#8220;Anni Hottanta Remix&#8221;: Firenze torna la capitale dei mitici &#8217;80\"}]},{\"@type\":\"WebSite\",\"@id\":\"https:\/\/www.intoscana.it\/it\/#website\",\"url\":\"https:\/\/www.intoscana.it\/it\/\",\"name\":\"intoscana\",\"description\":\"\",\"potentialAction\":[{\"@type\":\"SearchAction\",\"target\":{\"@type\":\"EntryPoint\",\"urlTemplate\":\"https:\/\/www.intoscana.it\/it\/?s={search_term_string}\"},\"query-input\":{\"@type\":\"PropertyValueSpecification\",\"valueRequired\":true,\"valueName\":\"search_term_string\"}}],\"inLanguage\":\"it-IT\"},{\"@type\":\"Person\",\"@id\":\"https:\/\/www.intoscana.it\/it\/#\/schema\/person\/9223810753230f20bd670fdd322661f8\",\"name\":\"Redazione\",\"url\":\"https:\/\/www.intoscana.it\/it\/author\/redazione\/\"}]}<\/script>\n<!-- \/ Yoast SEO Premium plugin. -->","yoast_head_json":{"title":"\"Anni Hottanta Remix\": Firenze torna la capitale dei mitici '80 - intoscana","description":"Dal 23 luglio al 21 settembre concerti, mostre, incontri, cinema, letteratura, ospiti: Dino Ignani, Sandro Lombardi, Piero Pel\u00f9","robots":{"index":"index","follow":"follow","max-snippet":"max-snippet:-1","max-image-preview":"max-image-preview:large","max-video-preview":"max-video-preview:-1"},"canonical":"https:\/\/www.intoscana.it\/it\/anni-ottanta-remix-firenze-torna-la-capitale-dei-mitici-80\/","og_locale":"it_IT","og_type":"article","og_title":"\"Anni Hottanta Remix\": Firenze torna la capitale dei mitici '80","og_description":"Dal 23 luglio al 21 settembre concerti, mostre, incontri, cinema, letteratura, ospiti: Dino Ignani, Sandro Lombardi, Piero Pel\u00f9","og_url":"https:\/\/www.intoscana.it\/it\/anni-ottanta-remix-firenze-torna-la-capitale-dei-mitici-80\/","og_site_name":"intoscana","article_publisher":"https:\/\/www.facebook.com\/intoscana.it","article_published_time":"2022-07-23T11:26:19+00:00","article_modified_time":"2022-07-25T07:09:09+00:00","og_image":[{"width":620,"height":440,"url":"https:\/\/www.intoscana.it\/wp-content\/uploads\/litfiba-anni-80.jpg","type":"image\/jpeg"}],"author":"Redazione","twitter_card":"summary_large_image","twitter_creator":"@intoscana","twitter_site":"@intoscana","twitter_misc":{"Written by":"Redazione","Est. reading time":"10 minuti"},"schema":{"@context":"https:\/\/schema.org","@graph":[{"@type":"WebPage","@id":"https:\/\/www.intoscana.it\/it\/anni-ottanta-remix-firenze-torna-la-capitale-dei-mitici-80\/","url":"https:\/\/www.intoscana.it\/it\/anni-ottanta-remix-firenze-torna-la-capitale-dei-mitici-80\/","name":"\"Anni Hottanta Remix\": Firenze torna la capitale dei mitici '80 - intoscana","isPartOf":{"@id":"https:\/\/www.intoscana.it\/it\/#website"},"primaryImageOfPage":{"@id":"https:\/\/www.intoscana.it\/it\/anni-ottanta-remix-firenze-torna-la-capitale-dei-mitici-80\/#primaryimage"},"image":{"@id":"https:\/\/www.intoscana.it\/it\/anni-ottanta-remix-firenze-torna-la-capitale-dei-mitici-80\/#primaryimage"},"thumbnailUrl":"https:\/\/www.intoscana.it\/wp-content\/uploads\/litfiba-anni-80.jpg","datePublished":"2022-07-23T11:26:19+00:00","dateModified":"2022-07-25T07:09:09+00:00","author":{"@id":"https:\/\/www.intoscana.it\/it\/#\/schema\/person\/9223810753230f20bd670fdd322661f8"},"description":"Dal 23 luglio al 21 settembre concerti, mostre, incontri, cinema, letteratura, ospiti: Dino Ignani, Sandro Lombardi, Piero Pel\u00f9","breadcrumb":{"@id":"https:\/\/www.intoscana.it\/it\/anni-ottanta-remix-firenze-torna-la-capitale-dei-mitici-80\/#breadcrumb"},"inLanguage":"it-IT","potentialAction":[{"@type":"ReadAction","target":["https:\/\/www.intoscana.it\/it\/anni-ottanta-remix-firenze-torna-la-capitale-dei-mitici-80\/"]}]},{"@type":"ImageObject","inLanguage":"it-IT","@id":"https:\/\/www.intoscana.it\/it\/anni-ottanta-remix-firenze-torna-la-capitale-dei-mitici-80\/#primaryimage","url":"https:\/\/www.intoscana.it\/wp-content\/uploads\/litfiba-anni-80.jpg","contentUrl":"https:\/\/www.intoscana.it\/wp-content\/uploads\/litfiba-anni-80.jpg","width":620,"height":440,"caption":"Litfiba"},{"@type":"BreadcrumbList","@id":"https:\/\/www.intoscana.it\/it\/anni-ottanta-remix-firenze-torna-la-capitale-dei-mitici-80\/#breadcrumb","itemListElement":[{"@type":"ListItem","position":1,"name":"Home","item":"https:\/\/www.intoscana.it\/it\/"},{"@type":"ListItem","position":2,"name":"&#8220;Anni Hottanta Remix&#8221;: Firenze torna la capitale dei mitici &#8217;80"}]},{"@type":"WebSite","@id":"https:\/\/www.intoscana.it\/it\/#website","url":"https:\/\/www.intoscana.it\/it\/","name":"intoscana","description":"","potentialAction":[{"@type":"SearchAction","target":{"@type":"EntryPoint","urlTemplate":"https:\/\/www.intoscana.it\/it\/?s={search_term_string}"},"query-input":{"@type":"PropertyValueSpecification","valueRequired":true,"valueName":"search_term_string"}}],"inLanguage":"it-IT"},{"@type":"Person","@id":"https:\/\/www.intoscana.it\/it\/#\/schema\/person\/9223810753230f20bd670fdd322661f8","name":"Redazione","url":"https:\/\/www.intoscana.it\/it\/author\/redazione\/"}]}},"_links":{"self":[{"href":"https:\/\/www.intoscana.it\/it\/wp-json\/wp\/v2\/posts\/239266","targetHints":{"allow":["GET"]}}],"collection":[{"href":"https:\/\/www.intoscana.it\/it\/wp-json\/wp\/v2\/posts"}],"about":[{"href":"https:\/\/www.intoscana.it\/it\/wp-json\/wp\/v2\/types\/post"}],"author":[{"embeddable":true,"href":"https:\/\/www.intoscana.it\/it\/wp-json\/wp\/v2\/users\/525"}],"replies":[{"embeddable":true,"href":"https:\/\/www.intoscana.it\/it\/wp-json\/wp\/v2\/comments?post=239266"}],"version-history":[{"count":0,"href":"https:\/\/www.intoscana.it\/it\/wp-json\/wp\/v2\/posts\/239266\/revisions"}],"wp:featuredmedia":[{"embeddable":true,"href":"https:\/\/www.intoscana.it\/it\/wp-json\/wp\/v2\/media\/161028"}],"wp:attachment":[{"href":"https:\/\/www.intoscana.it\/it\/wp-json\/wp\/v2\/media?parent=239266"}],"wp:term":[{"taxonomy":"category","embeddable":true,"href":"https:\/\/www.intoscana.it\/it\/wp-json\/wp\/v2\/categories?post=239266"},{"taxonomy":"post_tag","embeddable":true,"href":"https:\/\/www.intoscana.it\/it\/wp-json\/wp\/v2\/tags?post=239266"}],"curies":[{"name":"wp","href":"https:\/\/api.w.org\/{rel}","templated":true}]}}