{"id":239313,"date":"2022-07-25T09:39:01","date_gmt":"2022-07-25T07:39:01","guid":{"rendered":"https:\/\/www.intoscana.it\/it\/?p=239313"},"modified":"2022-07-25T09:39:01","modified_gmt":"2022-07-25T07:39:01","slug":"al-metastasio-di-prato-una-stagione-2022-2023-per-un-teatro-popolare-darte","status":"publish","type":"post","link":"https:\/\/www.intoscana.it\/it\/al-metastasio-di-prato-una-stagione-2022-2023-per-un-teatro-popolare-darte\/","title":{"rendered":"Al Metastasio di Prato una stagione 2022\/2023 per un teatro popolare d&#8217;arte"},"content":{"rendered":"<p>\u00c8\u00a0stata presentata la stagione 2022\/2023 del <strong>Teatro Metastasio di Prato<\/strong>: una stagione in cui <strong>i concetti di \u201cpopolare\u201d e di \u201carte\u201d verranno coniugati insieme<\/strong>\u00a0con spettacoli senza \u201csoglia d&#8217;ingresso\u201d aperti e godibili da tutti, che proporranno anche<strong> temi complessi e di grande portata<\/strong>, tutti affrontati per\u00f2 col pudore, la bellezza e il senso di <strong>\u201ccatarsi\u201d condivisa e collettiva<\/strong> che solo il teatro al suo meglio sa donare.<\/p>\n<p>Un teatro che idealmente prover\u00e0 a proporre<strong> spettacoli che emozionino e divertano<\/strong> sia chi di teatro ne sa molto, sia chi lo frequenta di rado, nella convinzione che<strong> la cultura e l&#8217;arte,<\/strong> quando provano ad essere veramente tali, siano in grado di parlare a tutti, non lasciando indietro nessuno.<\/p>\n<p><em>&#8220;Abbiamo bisogno di un giorno di festa<\/em>. &#8211; <strong>ha dichiarato Massimiliano Civica Direttoredella Fondazione Teatro Metastasio<\/strong> &#8211;<em> Direi che ce lo meritiamo. Perch\u00e9 da qualche tempo <strong>stiamo vivendo \u201cal risparmio\u201d: una quotidianit\u00e0 difficile ci sta addosso, ci pesa e ci porta a risparmiare non solo sui soldi, ma anche sulle emozioni<\/strong>. Ce le chiudiamo dentro, non le facciamo uscire e le mettiamo da parte per il futuro. Ci diciamo che non \u00e8 il momento adatto per \u201cspenderle\u201d: <strong>economizziamo la nostra anima.<\/strong><\/em><\/p>\n<p><span class=\"citazione\">Abbiamo bisogno di un giorno di festa, direi che ce lo meritiamo perch\u00e8 da qualche tempo stiamo vivendo al risparmio<\/span><\/p>\n<p><em><strong>La festa \u00e8 un tempo e uno spazio altro rispetto alla vita di tutti i giorni:<\/strong> in un giorno di festa \u00e8 giusto e legittimo \u201cspendere\u201d tutto quello che abbiamo dentro, \u201cspenderci\u201d nella gioia, nel divertimento e nell&#8217;intensit\u00e0. L&#8217;eccezionalit\u00e0 della festa \u00e8 <strong>l&#8217;occasione per incontrarci e scambiarci le nostre emozioni, in regime di grazia.<\/strong><br \/>\n<\/em><br \/>\n<em><strong>A festa finita, come \u00e8 bene che sia, torneremo alla realt\u00e0 e alla vita di tutti i giorni,<\/strong> ma arricchiti dalla scoperta che, quando \u201cspendiamo\u201d le nostre emozioni, ne riceviamo in contraccambio in misura doppia.\u00a0Per la nostra nuova stagione abbiamo preparato dei giorni di festa per i nostri artisti e i nostri spettatori.&#8221;<\/em><\/p>\n<figure id=\"post-239319 media-239319\" class=\"align-none\"><img decoding=\"async\" src=\"https:\/\/www.intoscana.it\/wp-content\/uploads\/09-Non-tre-sorelle-scaled.jpg\" alt=\"\" \/><\/figure>\n<div class=\"titleimg\">Non tre sorelle<\/div>\n<h3>Il programma<\/h3>\n<p>La stagione 2022\/2023 propone <strong>25 spettacoli<\/strong> distribuiti nelle <strong>quattro sale del Met \u2013 Metastasio, Fabbricone, Magnolfi, Fabbrichino<\/strong> mettendo al centro la <strong>drammaturgia contemporanea,<\/strong> affidando alle artiste e agli artisti che il Teatro Metastasio ha scelto di sostenere il compito di trovare le \u201cparole\u201d per rendere evidenti e condivisi quei sentimenti che oggi si agitano dentro tutti noi in maniera confusa.<\/p>\n<p>Accanto a questi lavori vengono presentati <strong>quattro\u00a0spettacoli di autori classici<\/strong> (<strong>De Filippo, Cechov e Rostand<\/strong>) e il ritorno nella stagione del Metastasio di <strong>grandi artisti internazionali<\/strong> (<strong>Milo Rau<\/strong> con Grief &amp; Beauty, <strong>Amir Reza Koohestani<\/strong> con In Transit, <strong>Jakop Ahlbom<\/strong> con Lebensraum e<strong> Neville Tranter<\/strong> con Babylon): artisti che sono solitamente visibili solo nelle grandi citt\u00e0 europee o nelle metropoli italiane.<\/p>\n<p>Artiste e artisti di riconosciuto valore e<strong> giovani talenti emergenti<\/strong> compongono la rosa dei nomi in cartellone: Daria Deflorian e Antonio Tagliarini, Davide Enia, Claudio Morganti, Fabrizio Sinisi, Lisa Ferlazzo Natoli, Alessandro Ferroni, Riccardo Favaro, Giovanni Ortoleva, Eleonora Danco, Enzo Moscato, Francesco Alberici, Enrico Baraldi, Spiro Scimone e Francesco Sframeli, Roberto And\u00f2, Gli Omini, Giuliana Musso, Massimo Somaglino, Armando Pirozzi, Massimiliano Civica, Liv Ferracchiati, Gabriel Calder\u00f3n, Emanuele Valenti, Fabio Condemi, Ascanio Celestini, Hombre Collettivo, Arturo Cirillo, Simona Gonella, Saverio La Ruina.<\/p>\n<p>La Stagione 2022\/2023 del Teatro Metastasio \u00e8 organizzata con il contributo di <strong>Ministero della Cultura, Regione Toscana, Comune di Prato e Provincia di Prato<\/strong> e con il sostegno di <strong>Unicoop Firenze, Publiacqua e Gruppo Colle.<\/strong><\/p>\n<figure id=\"post-239315 media-239315\" class=\"align-none\"><img decoding=\"async\" src=\"https:\/\/www.intoscana.it\/wp-content\/uploads\/02-Grief-Beauty_\u00a9Michiel-Devijver.jpg\" alt=\"\" \/><\/figure>\n<div class=\"titleimg\">Grief Beauty \u00a9 Michiel Devijver<\/div>\n","protected":false},"excerpt":{"rendered":"<p>La stagione 2022\/2023 propone 25 spettacoli distribuiti nelle quattro sale del Met \u2013 Metastasio, Fabbricone, Magnolfi, Fabbrichino mettendo al centro la drammaturgia contemporanea, autori classici e giovani talenti emergenti<\/p>\n","protected":false},"author":518,"featured_media":239323,"comment_status":"open","ping_status":"open","sticky":false,"template":"","format":"standard","meta":{"_acf_changed":false,"footnotes":""},"categories":[493],"tags":[259,236],"class_list":["post-239313","post","type-post","status-publish","format-standard","has-post-thumbnail","hentry","category-cultura","tag-prato","tag-teatro"],"acf":[],"yoast_head":"<!-- This site is optimized with the Yoast SEO Premium plugin v24.2 (Yoast SEO v25.6) - https:\/\/yoast.com\/wordpress\/plugins\/seo\/ -->\n<title>Al Metastasio di Prato una stagione 2022\/2023 per un teatro popolare d&#039;arte - intoscana<\/title>\n<meta name=\"robots\" content=\"index, follow, max-snippet:-1, max-image-preview:large, max-video-preview:-1\" \/>\n<link rel=\"canonical\" href=\"https:\/\/www.intoscana.it\/it\/al-metastasio-di-prato-una-stagione-2022-2023-per-un-teatro-popolare-darte\/\" \/>\n<meta property=\"og:locale\" content=\"it_IT\" \/>\n<meta property=\"og:type\" content=\"article\" \/>\n<meta property=\"og:title\" content=\"Al Metastasio di Prato una stagione 2022\/2023 per un teatro popolare d&#039;arte\" \/>\n<meta property=\"og:description\" content=\"La stagione 2022\/2023 propone 25 spettacoli distribuiti nelle quattro sale del Met \u2013 Metastasio, Fabbricone, Magnolfi, Fabbrichino mettendo al centro la drammaturgia contemporanea, autori classici e giovani talenti emergenti\" \/>\n<meta property=\"og:url\" content=\"https:\/\/www.intoscana.it\/it\/al-metastasio-di-prato-una-stagione-2022-2023-per-un-teatro-popolare-darte\/\" \/>\n<meta property=\"og:site_name\" content=\"intoscana\" \/>\n<meta property=\"article:publisher\" content=\"https:\/\/www.facebook.com\/intoscana.it\" \/>\n<meta property=\"article:published_time\" content=\"2022-07-25T07:39:01+00:00\" \/>\n<meta property=\"og:image\" content=\"https:\/\/www.intoscana.it\/wp-content\/uploads\/22-Cyrano-de-Bergerac_\u00a9Tommaso-Le-Pera.jpg\" \/>\n\t<meta property=\"og:image:width\" content=\"1600\" \/>\n\t<meta property=\"og:image:height\" content=\"1067\" \/>\n\t<meta property=\"og:image:type\" content=\"image\/jpeg\" \/>\n<meta name=\"author\" content=\"Costanza Baldini\" \/>\n<meta name=\"twitter:card\" content=\"summary_large_image\" \/>\n<meta name=\"twitter:creator\" content=\"@intoscana\" \/>\n<meta name=\"twitter:site\" content=\"@intoscana\" \/>\n<meta name=\"twitter:label1\" content=\"Written by\" \/>\n\t<meta name=\"twitter:data1\" content=\"Costanza Baldini\" \/>\n\t<meta name=\"twitter:label2\" content=\"Est. reading time\" \/>\n\t<meta name=\"twitter:data2\" content=\"3 minuti\" \/>\n<script type=\"application\/ld+json\" class=\"yoast-schema-graph\">{\"@context\":\"https:\/\/schema.org\",\"@graph\":[{\"@type\":\"WebPage\",\"@id\":\"https:\/\/www.intoscana.it\/it\/al-metastasio-di-prato-una-stagione-2022-2023-per-un-teatro-popolare-darte\/\",\"url\":\"https:\/\/www.intoscana.it\/it\/al-metastasio-di-prato-una-stagione-2022-2023-per-un-teatro-popolare-darte\/\",\"name\":\"Al Metastasio di Prato una stagione 2022\/2023 per un teatro popolare d'arte - intoscana\",\"isPartOf\":{\"@id\":\"https:\/\/www.intoscana.it\/it\/#website\"},\"primaryImageOfPage\":{\"@id\":\"https:\/\/www.intoscana.it\/it\/al-metastasio-di-prato-una-stagione-2022-2023-per-un-teatro-popolare-darte\/#primaryimage\"},\"image\":{\"@id\":\"https:\/\/www.intoscana.it\/it\/al-metastasio-di-prato-una-stagione-2022-2023-per-un-teatro-popolare-darte\/#primaryimage\"},\"thumbnailUrl\":\"https:\/\/www.intoscana.it\/wp-content\/uploads\/22-Cyrano-de-Bergerac_\u00a9Tommaso-Le-Pera.jpg\",\"datePublished\":\"2022-07-25T07:39:01+00:00\",\"author\":{\"@id\":\"https:\/\/www.intoscana.it\/it\/#\/schema\/person\/d469f35f09739bdf00bf5dd3f0647a82\"},\"breadcrumb\":{\"@id\":\"https:\/\/www.intoscana.it\/it\/al-metastasio-di-prato-una-stagione-2022-2023-per-un-teatro-popolare-darte\/#breadcrumb\"},\"inLanguage\":\"it-IT\",\"potentialAction\":[{\"@type\":\"ReadAction\",\"target\":[\"https:\/\/www.intoscana.it\/it\/al-metastasio-di-prato-una-stagione-2022-2023-per-un-teatro-popolare-darte\/\"]}]},{\"@type\":\"ImageObject\",\"inLanguage\":\"it-IT\",\"@id\":\"https:\/\/www.intoscana.it\/it\/al-metastasio-di-prato-una-stagione-2022-2023-per-un-teatro-popolare-darte\/#primaryimage\",\"url\":\"https:\/\/www.intoscana.it\/wp-content\/uploads\/22-Cyrano-de-Bergerac_\u00a9Tommaso-Le-Pera.jpg\",\"contentUrl\":\"https:\/\/www.intoscana.it\/wp-content\/uploads\/22-Cyrano-de-Bergerac_\u00a9Tommaso-Le-Pera.jpg\",\"width\":1600,\"height\":1067},{\"@type\":\"BreadcrumbList\",\"@id\":\"https:\/\/www.intoscana.it\/it\/al-metastasio-di-prato-una-stagione-2022-2023-per-un-teatro-popolare-darte\/#breadcrumb\",\"itemListElement\":[{\"@type\":\"ListItem\",\"position\":1,\"name\":\"Home\",\"item\":\"https:\/\/www.intoscana.it\/it\/\"},{\"@type\":\"ListItem\",\"position\":2,\"name\":\"Al Metastasio di Prato una stagione 2022\/2023 per un teatro popolare d&#8217;arte\"}]},{\"@type\":\"WebSite\",\"@id\":\"https:\/\/www.intoscana.it\/it\/#website\",\"url\":\"https:\/\/www.intoscana.it\/it\/\",\"name\":\"intoscana\",\"description\":\"\",\"potentialAction\":[{\"@type\":\"SearchAction\",\"target\":{\"@type\":\"EntryPoint\",\"urlTemplate\":\"https:\/\/www.intoscana.it\/it\/?s={search_term_string}\"},\"query-input\":{\"@type\":\"PropertyValueSpecification\",\"valueRequired\":true,\"valueName\":\"search_term_string\"}}],\"inLanguage\":\"it-IT\"},{\"@type\":\"Person\",\"@id\":\"https:\/\/www.intoscana.it\/it\/#\/schema\/person\/d469f35f09739bdf00bf5dd3f0647a82\",\"name\":\"Costanza Baldini\",\"url\":\"https:\/\/www.intoscana.it\/it\/author\/costanza-baldini\/\"}]}<\/script>\n<!-- \/ Yoast SEO Premium plugin. -->","yoast_head_json":{"title":"Al Metastasio di Prato una stagione 2022\/2023 per un teatro popolare d'arte - intoscana","robots":{"index":"index","follow":"follow","max-snippet":"max-snippet:-1","max-image-preview":"max-image-preview:large","max-video-preview":"max-video-preview:-1"},"canonical":"https:\/\/www.intoscana.it\/it\/al-metastasio-di-prato-una-stagione-2022-2023-per-un-teatro-popolare-darte\/","og_locale":"it_IT","og_type":"article","og_title":"Al Metastasio di Prato una stagione 2022\/2023 per un teatro popolare d'arte","og_description":"La stagione 2022\/2023 propone 25 spettacoli distribuiti nelle quattro sale del Met \u2013 Metastasio, Fabbricone, Magnolfi, Fabbrichino mettendo al centro la drammaturgia contemporanea, autori classici e giovani talenti emergenti","og_url":"https:\/\/www.intoscana.it\/it\/al-metastasio-di-prato-una-stagione-2022-2023-per-un-teatro-popolare-darte\/","og_site_name":"intoscana","article_publisher":"https:\/\/www.facebook.com\/intoscana.it","article_published_time":"2022-07-25T07:39:01+00:00","og_image":[{"width":1600,"height":1067,"url":"https:\/\/www.intoscana.it\/wp-content\/uploads\/22-Cyrano-de-Bergerac_\u00a9Tommaso-Le-Pera.jpg","type":"image\/jpeg"}],"author":"Costanza Baldini","twitter_card":"summary_large_image","twitter_creator":"@intoscana","twitter_site":"@intoscana","twitter_misc":{"Written by":"Costanza Baldini","Est. reading time":"3 minuti"},"schema":{"@context":"https:\/\/schema.org","@graph":[{"@type":"WebPage","@id":"https:\/\/www.intoscana.it\/it\/al-metastasio-di-prato-una-stagione-2022-2023-per-un-teatro-popolare-darte\/","url":"https:\/\/www.intoscana.it\/it\/al-metastasio-di-prato-una-stagione-2022-2023-per-un-teatro-popolare-darte\/","name":"Al Metastasio di Prato una stagione 2022\/2023 per un teatro popolare d'arte - intoscana","isPartOf":{"@id":"https:\/\/www.intoscana.it\/it\/#website"},"primaryImageOfPage":{"@id":"https:\/\/www.intoscana.it\/it\/al-metastasio-di-prato-una-stagione-2022-2023-per-un-teatro-popolare-darte\/#primaryimage"},"image":{"@id":"https:\/\/www.intoscana.it\/it\/al-metastasio-di-prato-una-stagione-2022-2023-per-un-teatro-popolare-darte\/#primaryimage"},"thumbnailUrl":"https:\/\/www.intoscana.it\/wp-content\/uploads\/22-Cyrano-de-Bergerac_\u00a9Tommaso-Le-Pera.jpg","datePublished":"2022-07-25T07:39:01+00:00","author":{"@id":"https:\/\/www.intoscana.it\/it\/#\/schema\/person\/d469f35f09739bdf00bf5dd3f0647a82"},"breadcrumb":{"@id":"https:\/\/www.intoscana.it\/it\/al-metastasio-di-prato-una-stagione-2022-2023-per-un-teatro-popolare-darte\/#breadcrumb"},"inLanguage":"it-IT","potentialAction":[{"@type":"ReadAction","target":["https:\/\/www.intoscana.it\/it\/al-metastasio-di-prato-una-stagione-2022-2023-per-un-teatro-popolare-darte\/"]}]},{"@type":"ImageObject","inLanguage":"it-IT","@id":"https:\/\/www.intoscana.it\/it\/al-metastasio-di-prato-una-stagione-2022-2023-per-un-teatro-popolare-darte\/#primaryimage","url":"https:\/\/www.intoscana.it\/wp-content\/uploads\/22-Cyrano-de-Bergerac_\u00a9Tommaso-Le-Pera.jpg","contentUrl":"https:\/\/www.intoscana.it\/wp-content\/uploads\/22-Cyrano-de-Bergerac_\u00a9Tommaso-Le-Pera.jpg","width":1600,"height":1067},{"@type":"BreadcrumbList","@id":"https:\/\/www.intoscana.it\/it\/al-metastasio-di-prato-una-stagione-2022-2023-per-un-teatro-popolare-darte\/#breadcrumb","itemListElement":[{"@type":"ListItem","position":1,"name":"Home","item":"https:\/\/www.intoscana.it\/it\/"},{"@type":"ListItem","position":2,"name":"Al Metastasio di Prato una stagione 2022\/2023 per un teatro popolare d&#8217;arte"}]},{"@type":"WebSite","@id":"https:\/\/www.intoscana.it\/it\/#website","url":"https:\/\/www.intoscana.it\/it\/","name":"intoscana","description":"","potentialAction":[{"@type":"SearchAction","target":{"@type":"EntryPoint","urlTemplate":"https:\/\/www.intoscana.it\/it\/?s={search_term_string}"},"query-input":{"@type":"PropertyValueSpecification","valueRequired":true,"valueName":"search_term_string"}}],"inLanguage":"it-IT"},{"@type":"Person","@id":"https:\/\/www.intoscana.it\/it\/#\/schema\/person\/d469f35f09739bdf00bf5dd3f0647a82","name":"Costanza Baldini","url":"https:\/\/www.intoscana.it\/it\/author\/costanza-baldini\/"}]}},"_links":{"self":[{"href":"https:\/\/www.intoscana.it\/it\/wp-json\/wp\/v2\/posts\/239313","targetHints":{"allow":["GET"]}}],"collection":[{"href":"https:\/\/www.intoscana.it\/it\/wp-json\/wp\/v2\/posts"}],"about":[{"href":"https:\/\/www.intoscana.it\/it\/wp-json\/wp\/v2\/types\/post"}],"author":[{"embeddable":true,"href":"https:\/\/www.intoscana.it\/it\/wp-json\/wp\/v2\/users\/518"}],"replies":[{"embeddable":true,"href":"https:\/\/www.intoscana.it\/it\/wp-json\/wp\/v2\/comments?post=239313"}],"version-history":[{"count":0,"href":"https:\/\/www.intoscana.it\/it\/wp-json\/wp\/v2\/posts\/239313\/revisions"}],"wp:featuredmedia":[{"embeddable":true,"href":"https:\/\/www.intoscana.it\/it\/wp-json\/wp\/v2\/media\/239323"}],"wp:attachment":[{"href":"https:\/\/www.intoscana.it\/it\/wp-json\/wp\/v2\/media?parent=239313"}],"wp:term":[{"taxonomy":"category","embeddable":true,"href":"https:\/\/www.intoscana.it\/it\/wp-json\/wp\/v2\/categories?post=239313"},{"taxonomy":"post_tag","embeddable":true,"href":"https:\/\/www.intoscana.it\/it\/wp-json\/wp\/v2\/tags?post=239313"}],"curies":[{"name":"wp","href":"https:\/\/api.w.org\/{rel}","templated":true}]}}