{"id":239339,"date":"2022-07-25T10:42:04","date_gmt":"2022-07-25T08:42:04","guid":{"rendered":"https:\/\/www.intoscana.it\/it\/?p=239339"},"modified":"2022-07-25T11:59:44","modified_gmt":"2022-07-25T09:59:44","slug":"musetti-conquista-latp-di-amburgo-e-dedica-la-vittoria-alla-nonna","status":"publish","type":"post","link":"https:\/\/www.intoscana.it\/it\/musetti-conquista-latp-di-amburgo-e-dedica-la-vittoria-alla-nonna\/","title":{"rendered":"Musetti conquista l&#8217;Atp di Amburgo e dedica la vittoria alla nonna"},"content":{"rendered":"<p>Una dedica speciale alla nonna \u201c<em>Questa vittoria \u00e8 un bel test per un attacco di cuore<\/em>\u201d, cos\u00ec il giovane <strong>Lorenzo Musetti<\/strong> ha festeggiato il suo <strong>primo titolo Atp<\/strong> in carriera nel torneo di <strong>Amburgo<\/strong> contro l\u2019altro giovanissimo e promettente, gi\u00e0 numero 6 al mondo, <strong>Carlos Alcaraz<\/strong>. La vittoria \u00e8 arrivata in <strong>tre set<\/strong> con il punteggio di 6-4, 6-7 (6\/8) 6-4, un risultato fortemente voluto e per il quale il carrarino ha lottato fino alla fine, senza farsi fermare dai cinque match point annullati dallo spagnolo nel secondo set.<\/p>\n<p>Ai ringraziamenti di rito (&#8220;ho un grande team&#8221;) citando il suo coach Simone Tartarini (&#8220;stavolta ti ho fatto piangere&#8221;) Musetti ha unito l&#8217;elogio dell&#8217;avversario, con il quale c&#8217;era un solo precedente, favorevole allo spagnolo che si era imposto in tre set nelle semifinali del Trieste Challenger nel 2020: &#8220;<em>Eravamo ragazzini<\/em> &#8211; sorride Musetti proprio riferendosi a quella partita &#8211; n<em>on che adesso siamo tanto pi\u00f9 vecchi. Stavolta hai salvato cos\u00ec tanti match point, sei un grande lavoratore e mi ispiro a te, i sacrifici che faccio sono ispirati al tuo lavoro. \u00c8 stato un <strong>match davvero divertente<\/strong><\/em>&#8220;.<\/p>\n<p>I complimenti per la vittoria sono arrivati anche dal presidente Giani. \u201c<em>E\u2019 un giorno bellissimo per lo <strong>sport toscano<\/strong><\/em><strong>\u201d<\/strong>, ha affermato il presidente della Regione Toscana, <strong>Eugenio Giani<\/strong>, nell\u2019apprendere la notizia. Il presidente ha quindi elogiato il tennista carrarese: \u201cB<em>ravo Lorenzo, hai fatto l\u2019impresa. Chi ama lo sport, chi ama il tennis, chi ama la Toscana, non pu\u00f2 che dirti grazie!<\/em>\u201d.<\/p>\n<h3>Chi \u00e8 Lorenzo Musetti<\/h3>\n<p>Nato a <strong>Carrara<\/strong> nel <strong>2002<\/strong>, ha iniziato fin da subito a giocare a tennis. Per molti anni si \u00e8 allenato al <strong>Centro Tecnico di Tirrenia<\/strong>, in provincia di Pisa, dal 202o si \u00e8 trasferito a Monte Carlo, dove ha la residenza e si allena. Musetti, che tra i senior finora aveva ottenuto il suo miglior piazzamento nel 2021 a Parigi raggiungendo gli ottavi di finale al <strong>Roland Garros<\/strong>, dopo un match combattuto con <strong>Novak Djokovic<\/strong>, tra gli under 18 ha vinto ben sette titoli, tra cui gli Australian Open nel 2019, all\u2019et\u00e0 di 16 anni, quando divenne il pi\u00f9 giovane italiano di sempre ad aggiudicarsi uno Slam a livello juniores. Questa vittoria nell\u2019Atp 500 di Amburgo gli permette di fare un salto importante nel ranking passando dal n.62 al numero <strong>31 al mondo<\/strong>.<\/p>\n","protected":false},"excerpt":{"rendered":"<p>Il tennista azzurro \u00e8 nato a Carrara nel 2002 e si \u00e8 formato al Centro Tecnico di Tirrenia. Grazie a questa vittoria balza al numero 31 del ranking mondiale<\/p>\n","protected":false},"author":507,"featured_media":239341,"comment_status":"open","ping_status":"open","sticky":false,"template":"","format":"standard","meta":{"_acf_changed":false,"footnotes":""},"categories":[494],"tags":[268,158,159],"class_list":["post-239339","post","type-post","status-publish","format-standard","has-post-thumbnail","hentry","category-attualita","tag-carrara","tag-eugenio-giani","tag-sport"],"acf":[],"yoast_head":"<!-- This site is optimized with the Yoast SEO Premium plugin v24.2 (Yoast SEO v25.6) - https:\/\/yoast.com\/wordpress\/plugins\/seo\/ -->\n<title>Musetti conquista l&#039;Atp di Amburgo e dedica la vittoria alla nonna - intoscana<\/title>\n<meta name=\"robots\" content=\"index, follow, max-snippet:-1, max-image-preview:large, max-video-preview:-1\" \/>\n<link rel=\"canonical\" href=\"https:\/\/www.intoscana.it\/it\/musetti-conquista-latp-di-amburgo-e-dedica-la-vittoria-alla-nonna\/\" \/>\n<meta property=\"og:locale\" content=\"it_IT\" \/>\n<meta property=\"og:type\" content=\"article\" \/>\n<meta property=\"og:title\" content=\"Musetti conquista l&#039;Atp di Amburgo e dedica la vittoria alla nonna\" \/>\n<meta property=\"og:description\" content=\"Il tennista azzurro \u00e8 nato a Carrara nel 2002 e si \u00e8 formato al Centro Tecnico di Tirrenia. Grazie a questa vittoria balza al numero 31 del ranking mondiale\" \/>\n<meta property=\"og:url\" content=\"https:\/\/www.intoscana.it\/it\/musetti-conquista-latp-di-amburgo-e-dedica-la-vittoria-alla-nonna\/\" \/>\n<meta property=\"og:site_name\" content=\"intoscana\" \/>\n<meta property=\"article:publisher\" content=\"https:\/\/www.facebook.com\/intoscana.it\" \/>\n<meta property=\"article:published_time\" content=\"2022-07-25T08:42:04+00:00\" \/>\n<meta property=\"article:modified_time\" content=\"2022-07-25T09:59:44+00:00\" \/>\n<meta property=\"og:image\" content=\"https:\/\/www.intoscana.it\/wp-content\/uploads\/lorenzo-musetti-amburgo-atp.jpeg\" \/>\n\t<meta property=\"og:image:width\" content=\"2048\" \/>\n\t<meta property=\"og:image:height\" content=\"1366\" \/>\n\t<meta property=\"og:image:type\" content=\"image\/jpeg\" \/>\n<meta name=\"author\" content=\"Chiara Bianchini\" \/>\n<meta name=\"twitter:card\" content=\"summary_large_image\" \/>\n<meta name=\"twitter:creator\" content=\"@intoscana\" \/>\n<meta name=\"twitter:site\" content=\"@intoscana\" \/>\n<meta name=\"twitter:label1\" content=\"Written by\" \/>\n\t<meta name=\"twitter:data1\" content=\"Chiara Bianchini\" \/>\n\t<meta name=\"twitter:label2\" content=\"Est. reading time\" \/>\n\t<meta name=\"twitter:data2\" content=\"2 minuti\" \/>\n<script type=\"application\/ld+json\" class=\"yoast-schema-graph\">{\"@context\":\"https:\/\/schema.org\",\"@graph\":[{\"@type\":\"WebPage\",\"@id\":\"https:\/\/www.intoscana.it\/it\/musetti-conquista-latp-di-amburgo-e-dedica-la-vittoria-alla-nonna\/\",\"url\":\"https:\/\/www.intoscana.it\/it\/musetti-conquista-latp-di-amburgo-e-dedica-la-vittoria-alla-nonna\/\",\"name\":\"Musetti conquista l'Atp di Amburgo e dedica la vittoria alla nonna - intoscana\",\"isPartOf\":{\"@id\":\"https:\/\/www.intoscana.it\/it\/#website\"},\"primaryImageOfPage\":{\"@id\":\"https:\/\/www.intoscana.it\/it\/musetti-conquista-latp-di-amburgo-e-dedica-la-vittoria-alla-nonna\/#primaryimage\"},\"image\":{\"@id\":\"https:\/\/www.intoscana.it\/it\/musetti-conquista-latp-di-amburgo-e-dedica-la-vittoria-alla-nonna\/#primaryimage\"},\"thumbnailUrl\":\"https:\/\/www.intoscana.it\/wp-content\/uploads\/lorenzo-musetti-amburgo-atp.jpeg\",\"datePublished\":\"2022-07-25T08:42:04+00:00\",\"dateModified\":\"2022-07-25T09:59:44+00:00\",\"author\":{\"@id\":\"https:\/\/www.intoscana.it\/it\/#\/schema\/person\/010af92117f50561886339ad5b873a41\"},\"breadcrumb\":{\"@id\":\"https:\/\/www.intoscana.it\/it\/musetti-conquista-latp-di-amburgo-e-dedica-la-vittoria-alla-nonna\/#breadcrumb\"},\"inLanguage\":\"it-IT\",\"potentialAction\":[{\"@type\":\"ReadAction\",\"target\":[\"https:\/\/www.intoscana.it\/it\/musetti-conquista-latp-di-amburgo-e-dedica-la-vittoria-alla-nonna\/\"]}]},{\"@type\":\"ImageObject\",\"inLanguage\":\"it-IT\",\"@id\":\"https:\/\/www.intoscana.it\/it\/musetti-conquista-latp-di-amburgo-e-dedica-la-vittoria-alla-nonna\/#primaryimage\",\"url\":\"https:\/\/www.intoscana.it\/wp-content\/uploads\/lorenzo-musetti-amburgo-atp.jpeg\",\"contentUrl\":\"https:\/\/www.intoscana.it\/wp-content\/uploads\/lorenzo-musetti-amburgo-atp.jpeg\",\"width\":2048,\"height\":1366,\"caption\":\"Lorenzo Musetti\"},{\"@type\":\"BreadcrumbList\",\"@id\":\"https:\/\/www.intoscana.it\/it\/musetti-conquista-latp-di-amburgo-e-dedica-la-vittoria-alla-nonna\/#breadcrumb\",\"itemListElement\":[{\"@type\":\"ListItem\",\"position\":1,\"name\":\"Home\",\"item\":\"https:\/\/www.intoscana.it\/it\/\"},{\"@type\":\"ListItem\",\"position\":2,\"name\":\"Musetti conquista l&#8217;Atp di Amburgo e dedica la vittoria alla nonna\"}]},{\"@type\":\"WebSite\",\"@id\":\"https:\/\/www.intoscana.it\/it\/#website\",\"url\":\"https:\/\/www.intoscana.it\/it\/\",\"name\":\"intoscana\",\"description\":\"\",\"potentialAction\":[{\"@type\":\"SearchAction\",\"target\":{\"@type\":\"EntryPoint\",\"urlTemplate\":\"https:\/\/www.intoscana.it\/it\/?s={search_term_string}\"},\"query-input\":{\"@type\":\"PropertyValueSpecification\",\"valueRequired\":true,\"valueName\":\"search_term_string\"}}],\"inLanguage\":\"it-IT\"},{\"@type\":\"Person\",\"@id\":\"https:\/\/www.intoscana.it\/it\/#\/schema\/person\/010af92117f50561886339ad5b873a41\",\"name\":\"Chiara Bianchini\",\"sameAs\":[\"c.bianchini@fst.it\"],\"url\":\"https:\/\/www.intoscana.it\/it\/author\/chiara-bianchini\/\"}]}<\/script>\n<!-- \/ Yoast SEO Premium plugin. -->","yoast_head_json":{"title":"Musetti conquista l'Atp di Amburgo e dedica la vittoria alla nonna - intoscana","robots":{"index":"index","follow":"follow","max-snippet":"max-snippet:-1","max-image-preview":"max-image-preview:large","max-video-preview":"max-video-preview:-1"},"canonical":"https:\/\/www.intoscana.it\/it\/musetti-conquista-latp-di-amburgo-e-dedica-la-vittoria-alla-nonna\/","og_locale":"it_IT","og_type":"article","og_title":"Musetti conquista l'Atp di Amburgo e dedica la vittoria alla nonna","og_description":"Il tennista azzurro \u00e8 nato a Carrara nel 2002 e si \u00e8 formato al Centro Tecnico di Tirrenia. Grazie a questa vittoria balza al numero 31 del ranking mondiale","og_url":"https:\/\/www.intoscana.it\/it\/musetti-conquista-latp-di-amburgo-e-dedica-la-vittoria-alla-nonna\/","og_site_name":"intoscana","article_publisher":"https:\/\/www.facebook.com\/intoscana.it","article_published_time":"2022-07-25T08:42:04+00:00","article_modified_time":"2022-07-25T09:59:44+00:00","og_image":[{"width":2048,"height":1366,"url":"https:\/\/www.intoscana.it\/wp-content\/uploads\/lorenzo-musetti-amburgo-atp.jpeg","type":"image\/jpeg"}],"author":"Chiara Bianchini","twitter_card":"summary_large_image","twitter_creator":"@intoscana","twitter_site":"@intoscana","twitter_misc":{"Written by":"Chiara Bianchini","Est. reading time":"2 minuti"},"schema":{"@context":"https:\/\/schema.org","@graph":[{"@type":"WebPage","@id":"https:\/\/www.intoscana.it\/it\/musetti-conquista-latp-di-amburgo-e-dedica-la-vittoria-alla-nonna\/","url":"https:\/\/www.intoscana.it\/it\/musetti-conquista-latp-di-amburgo-e-dedica-la-vittoria-alla-nonna\/","name":"Musetti conquista l'Atp di Amburgo e dedica la vittoria alla nonna - intoscana","isPartOf":{"@id":"https:\/\/www.intoscana.it\/it\/#website"},"primaryImageOfPage":{"@id":"https:\/\/www.intoscana.it\/it\/musetti-conquista-latp-di-amburgo-e-dedica-la-vittoria-alla-nonna\/#primaryimage"},"image":{"@id":"https:\/\/www.intoscana.it\/it\/musetti-conquista-latp-di-amburgo-e-dedica-la-vittoria-alla-nonna\/#primaryimage"},"thumbnailUrl":"https:\/\/www.intoscana.it\/wp-content\/uploads\/lorenzo-musetti-amburgo-atp.jpeg","datePublished":"2022-07-25T08:42:04+00:00","dateModified":"2022-07-25T09:59:44+00:00","author":{"@id":"https:\/\/www.intoscana.it\/it\/#\/schema\/person\/010af92117f50561886339ad5b873a41"},"breadcrumb":{"@id":"https:\/\/www.intoscana.it\/it\/musetti-conquista-latp-di-amburgo-e-dedica-la-vittoria-alla-nonna\/#breadcrumb"},"inLanguage":"it-IT","potentialAction":[{"@type":"ReadAction","target":["https:\/\/www.intoscana.it\/it\/musetti-conquista-latp-di-amburgo-e-dedica-la-vittoria-alla-nonna\/"]}]},{"@type":"ImageObject","inLanguage":"it-IT","@id":"https:\/\/www.intoscana.it\/it\/musetti-conquista-latp-di-amburgo-e-dedica-la-vittoria-alla-nonna\/#primaryimage","url":"https:\/\/www.intoscana.it\/wp-content\/uploads\/lorenzo-musetti-amburgo-atp.jpeg","contentUrl":"https:\/\/www.intoscana.it\/wp-content\/uploads\/lorenzo-musetti-amburgo-atp.jpeg","width":2048,"height":1366,"caption":"Lorenzo Musetti"},{"@type":"BreadcrumbList","@id":"https:\/\/www.intoscana.it\/it\/musetti-conquista-latp-di-amburgo-e-dedica-la-vittoria-alla-nonna\/#breadcrumb","itemListElement":[{"@type":"ListItem","position":1,"name":"Home","item":"https:\/\/www.intoscana.it\/it\/"},{"@type":"ListItem","position":2,"name":"Musetti conquista l&#8217;Atp di Amburgo e dedica la vittoria alla nonna"}]},{"@type":"WebSite","@id":"https:\/\/www.intoscana.it\/it\/#website","url":"https:\/\/www.intoscana.it\/it\/","name":"intoscana","description":"","potentialAction":[{"@type":"SearchAction","target":{"@type":"EntryPoint","urlTemplate":"https:\/\/www.intoscana.it\/it\/?s={search_term_string}"},"query-input":{"@type":"PropertyValueSpecification","valueRequired":true,"valueName":"search_term_string"}}],"inLanguage":"it-IT"},{"@type":"Person","@id":"https:\/\/www.intoscana.it\/it\/#\/schema\/person\/010af92117f50561886339ad5b873a41","name":"Chiara Bianchini","sameAs":["c.bianchini@fst.it"],"url":"https:\/\/www.intoscana.it\/it\/author\/chiara-bianchini\/"}]}},"_links":{"self":[{"href":"https:\/\/www.intoscana.it\/it\/wp-json\/wp\/v2\/posts\/239339","targetHints":{"allow":["GET"]}}],"collection":[{"href":"https:\/\/www.intoscana.it\/it\/wp-json\/wp\/v2\/posts"}],"about":[{"href":"https:\/\/www.intoscana.it\/it\/wp-json\/wp\/v2\/types\/post"}],"author":[{"embeddable":true,"href":"https:\/\/www.intoscana.it\/it\/wp-json\/wp\/v2\/users\/507"}],"replies":[{"embeddable":true,"href":"https:\/\/www.intoscana.it\/it\/wp-json\/wp\/v2\/comments?post=239339"}],"version-history":[{"count":0,"href":"https:\/\/www.intoscana.it\/it\/wp-json\/wp\/v2\/posts\/239339\/revisions"}],"wp:featuredmedia":[{"embeddable":true,"href":"https:\/\/www.intoscana.it\/it\/wp-json\/wp\/v2\/media\/239341"}],"wp:attachment":[{"href":"https:\/\/www.intoscana.it\/it\/wp-json\/wp\/v2\/media?parent=239339"}],"wp:term":[{"taxonomy":"category","embeddable":true,"href":"https:\/\/www.intoscana.it\/it\/wp-json\/wp\/v2\/categories?post=239339"},{"taxonomy":"post_tag","embeddable":true,"href":"https:\/\/www.intoscana.it\/it\/wp-json\/wp\/v2\/tags?post=239339"}],"curies":[{"name":"wp","href":"https:\/\/api.w.org\/{rel}","templated":true}]}}