{"id":239505,"date":"2022-07-25T15:52:59","date_gmt":"2022-07-25T13:52:59","guid":{"rendered":"https:\/\/www.intoscana.it\/it\/?p=239505"},"modified":"2022-07-26T08:31:45","modified_gmt":"2022-07-26T06:31:45","slug":"boom-moda-mostra","status":"publish","type":"post","link":"https:\/\/www.intoscana.it\/it\/boom-moda-mostra\/","title":{"rendered":"&#8220;Boom! La moda italiana&#8221; una mostra celebra l&#8217;imprenditore toscano Giovan Battista Giorgini"},"content":{"rendered":"<p><em><strong>&#8220;BOOM! La moda italiana&#8221;<\/strong> <\/em>\u00e8 il titolo della mostra organizzata dalla <strong>Fondazione Banca del Monte di Lucca<\/strong> su proposta e ideazione di Sabrina Mattei, a 70 anni dalla <strong>prima sfilata di moda italiana nella \u201cSala Bianca\u201d di Palazzo Pitti<\/strong> a Firenze.<\/p>\n<p>L&#8217;esposizione vuole essere un omaggio all\u2019<strong>imprenditore toscano<\/strong>, definito \u201carguto e visionario\u201d, il versiliese<strong> Giovan Battista Giorgini,<\/strong> che ha acceso i riflettori internazionali sulla unicit\u00e0 della moda italiana organizzando<strong>\u00a0la sfilata fiorentina nel 1952.<\/strong><\/p>\n<p>L\u2019esposizione prevede due tappe, entrambe a<strong> ingresso libero<\/strong>: a<strong> Forte dei Marmi <\/strong>presso<strong> Villa Bertelli dal 6 agosto a domenica 28 agosto,<\/strong> citt\u00e0 natale di Giorgini, e a<strong> Lucca<\/strong> nel <strong>Palazzo delle Esposizioni dal 10 settembre al 16 ottobre.<br \/>\n<\/strong><br \/>\n<strong>Sabrina Mattei, ideatrice e curatrice del progetto<\/strong> ha dichiarato: <em>\u201cLa mostra si basa su alcuni masterpiece di quegli anni realizzati da <strong>Schuberth, Ferragamo, Gucci<\/strong> tra gli altri, e sulla restituzione che l\u2019alta moda nascente ebbe sulla provincia italiana. Un punto di vista originale che ha aperto collezioni pubbliche e private non solo toscane e fiorentine, ma anche provenienti dal nord e sud Italia. \u00c8 il frutto di una rete di collaborazioni, in primis quella con il comitato scientifico, che con grande generosit\u00e0 ha supportato il progetto, certificando la scientificit\u00e0 delle scelte e suggerendo importanti chiavi di lettura. Un tema sugli altri \u00e8 stato quello di aprire gli archivi delle famiglie della provincia italiana, molto caro alla professoressa Beatrice Romiti dell\u2019Universit\u00e0 La Sapienza di Roma, che purtroppo ci ha lasciati prematuramente e a cui sar\u00e0 dedicata la mostra e il catalogo\u201d.<\/em><\/p>\n<h3>La mostra<\/h3>\n<p>La mostra espone <strong>una vasta raccolta di abiti e accessori d\u2019epoca, pezzi originali<\/strong> provenienti da alcuni <strong>archivi prestigiosi della moda italiana, atelier e botteghe storiche fiorentine<\/strong> quali: <strong>Atelier Daphne &#8211; Sanremo, Giuliacarla Cecchi &#8211; Firenze, Mazzanti Piume &#8211; Firenze, Flora Lastraioli &#8211; Firenze, Mode Liana Cappelli<\/strong> \u2013 Firenze, e anche da archivi privati. Si tratta di abiti e accessori spesso ispirati a quelli che all\u2019epoca sfilarono negli eventi di Giovan Battista Giorgini.<\/p>\n<p>Oltre ai manufatti, saranno presenti <strong>documenti cartacei e fotografici, nonch\u00e9 filmati d\u2019epoca<\/strong>\u00a0dell&#8217;Istituto Luce e delle Teche Rai).<\/p>\n<p>L\u2019esposizione offrir\u00e0 sezioni sull\u2019alta moda e sul panorama nazionale e provinciale della moda anni Cinquanta con qualche incursione nei primi anni Sessanta.<\/p>\n<p>In mostra saranno esposti anche gli <strong>scatti di un grande fotografo di moda: Mario Semprini,<\/strong> la cui figlia Marina ha aperto in esclusiva l\u2019archivio di famiglia. E di Mario Semprini \u00e8 la foto della modella con <strong>un abito di Schuberth simbolo della mostra.<\/strong><\/p>\n<p>In esposizione anche <strong>la Barbie originale del 1959,<\/strong> in omaggio alle donne americane che tanto apprezzarono il nostro <strong>Made in Italy.<\/strong><\/p>\n<figure id=\"post-239508 media-239508\" class=\"align-none\"><img decoding=\"async\" src=\"https:\/\/www.intoscana.it\/wp-content\/uploads\/Giorgini-.jpeg\" alt=\"\" \/><\/figure>\n<div class=\"titleimg\"><em>Giovan Battista Giorgini &#8211; \u00a9 https:\/\/moda.mam-e.it\/<\/em><\/div>\n<h3>Chi era Giovan Battista Giorgini<\/h3>\n<p>Giovan Battista Giorgini imprenditore arguto e visionario, seppe trasformare una felice intuizione in una meravigliosa realt\u00e0 per l\u2019Italia. Fu grazie a lui, al suo ingegno e alle sue capacit\u00e0, se<strong> la moda italiana<\/strong>, fino ad allora considerata dipendente dalla pi\u00f9 prestigiosa moda francese, <strong>riusc\u00ec a diventare grande e a diffondersi nel mondo<\/strong>, trasformando per sempre la percezione che se ne aveva.<\/p>\n<p><strong>Nato a Forte dei Marmi nel 1898,<\/strong> Giorgini aveva intessuto relazioni con gli USA gi\u00e0 negli anni \u201820 ma aveva dovuto interrompere i rapporti per la crisi del 1929; riprese le sue relazioni nel secondo dopoguerra, organizzando una mostra itinerante nei pi\u00f9 grandi musei americani (Chicago, New York) Italy at Work un\u2019esposizione sul design e l\u2019artigianato italiano che rientrava nelle azioni del Piano Marshall e che aveva fra gli organizzatori la neonata CNA.<\/p>\n<p>Nel 1951 <strong>scommise tutte le sue carte sulla possibilit\u00e0 di far conoscere l\u2019artigianato di eccellenza italiano<\/strong> attraverso un \u201cprodotto\u201d unico, la moda italiana espressa dai sarti e dagli stilisti italiani emergenti:<strong> organizz\u00f2 cos\u00ec la prima sfilata di alta moda italiana<\/strong>, invitando i pi\u00f9 grandi buyer internazionali a Firenze, per far conoscere i nostri stilisti.<\/p>\n<p>La sfilata si tenne il <strong>12 febbraio 1951 a Villa Torrigiani,<\/strong> sua personale residenza fiorentina. Da allora si inizi\u00f2 a parlare per la prima volta di moda italiana.<\/p>\n<p>Giovanni Battista Giorgini, <strong>Bista \u2013 com\u2019era conosciuto da tutti<\/strong> &#8211; mor\u00ec ai primi di gennaio del 1971 a Firenze, legando per sempre \u2013 e indissolubilmente \u2013 il suo nome alla storia dell\u2019alta moda italiana.<\/p>\n","protected":false},"excerpt":{"rendered":"<p>L&#8217;esposizione prevede due tappe una a Forte dei Marmi e l&#8217;altra a Lucca, in mostra una vasta raccolta di abiti e accessori d\u2019epoca, pezzi originali provenienti da \u00a0alcuni archivi prestigiosi della moda italiana, atelier e botteghe storiche fiorentine e numerosi filmati d&#8217;epoca<\/p>\n","protected":false},"author":525,"featured_media":239445,"comment_status":"open","ping_status":"open","sticky":false,"template":"","format":"standard","meta":{"_acf_changed":false,"footnotes":""},"categories":[493],"tags":[189,222],"class_list":["post-239505","post","type-post","status-publish","format-standard","has-post-thumbnail","hentry","category-cultura","tag-moda","tag-mostre"],"acf":[],"yoast_head":"<!-- This site is optimized with the Yoast SEO Premium plugin v24.2 (Yoast SEO v25.6) - https:\/\/yoast.com\/wordpress\/plugins\/seo\/ -->\n<title>&quot;Boom! La moda italiana&quot; una mostra celebra l&#039;imprenditore toscano Giovan Battista Giorgini - intoscana<\/title>\n<meta name=\"description\" content=\"L&#039;esposizione prevede due tappe una a Forte dei Marmi e l&#039;altra a Lucca, in mostrauna vasta raccolta di abiti e accessori d\u2019epoca\" \/>\n<meta name=\"robots\" content=\"index, follow, max-snippet:-1, max-image-preview:large, max-video-preview:-1\" \/>\n<link rel=\"canonical\" href=\"https:\/\/www.intoscana.it\/it\/boom-moda-mostra\/\" \/>\n<meta property=\"og:locale\" content=\"it_IT\" \/>\n<meta property=\"og:type\" content=\"article\" \/>\n<meta property=\"og:title\" content=\"&quot;Boom! La moda italiana&quot; una mostra celebra l&#039;imprenditore toscano Giovan Battista Giorgini\" \/>\n<meta property=\"og:description\" content=\"L&#039;esposizione prevede due tappe una a Forte dei Marmi e l&#039;altra a Lucca, in mostrauna vasta raccolta di abiti e accessori d\u2019epoca\" \/>\n<meta property=\"og:url\" content=\"https:\/\/www.intoscana.it\/it\/boom-moda-mostra\/\" \/>\n<meta property=\"og:site_name\" content=\"intoscana\" \/>\n<meta property=\"article:publisher\" content=\"https:\/\/www.facebook.com\/intoscana.it\" \/>\n<meta property=\"article:published_time\" content=\"2022-07-25T13:52:59+00:00\" \/>\n<meta property=\"article:modified_time\" content=\"2022-07-26T06:31:45+00:00\" \/>\n<meta property=\"og:image\" content=\"https:\/\/www.intoscana.it\/wp-content\/uploads\/2BOOM-manifesto-70x100-corretto_page-0001-2000x1139-1.jpeg\" \/>\n\t<meta property=\"og:image:width\" content=\"2000\" \/>\n\t<meta property=\"og:image:height\" content=\"1139\" \/>\n\t<meta property=\"og:image:type\" content=\"image\/jpeg\" \/>\n<meta name=\"author\" content=\"Redazione\" \/>\n<meta name=\"twitter:card\" content=\"summary_large_image\" \/>\n<meta name=\"twitter:creator\" content=\"@intoscana\" \/>\n<meta name=\"twitter:site\" content=\"@intoscana\" \/>\n<meta name=\"twitter:label1\" content=\"Written by\" \/>\n\t<meta name=\"twitter:data1\" content=\"Redazione\" \/>\n\t<meta name=\"twitter:label2\" content=\"Est. reading time\" \/>\n\t<meta name=\"twitter:data2\" content=\"3 minuti\" \/>\n<script type=\"application\/ld+json\" class=\"yoast-schema-graph\">{\"@context\":\"https:\/\/schema.org\",\"@graph\":[{\"@type\":\"WebPage\",\"@id\":\"https:\/\/www.intoscana.it\/it\/boom-moda-mostra\/\",\"url\":\"https:\/\/www.intoscana.it\/it\/boom-moda-mostra\/\",\"name\":\"\\\"Boom! La moda italiana\\\" una mostra celebra l'imprenditore toscano Giovan Battista Giorgini - intoscana\",\"isPartOf\":{\"@id\":\"https:\/\/www.intoscana.it\/it\/#website\"},\"primaryImageOfPage\":{\"@id\":\"https:\/\/www.intoscana.it\/it\/boom-moda-mostra\/#primaryimage\"},\"image\":{\"@id\":\"https:\/\/www.intoscana.it\/it\/boom-moda-mostra\/#primaryimage\"},\"thumbnailUrl\":\"https:\/\/www.intoscana.it\/wp-content\/uploads\/2BOOM-manifesto-70x100-corretto_page-0001-2000x1139-1.jpeg\",\"datePublished\":\"2022-07-25T13:52:59+00:00\",\"dateModified\":\"2022-07-26T06:31:45+00:00\",\"author\":{\"@id\":\"https:\/\/www.intoscana.it\/it\/#\/schema\/person\/9223810753230f20bd670fdd322661f8\"},\"description\":\"L'esposizione prevede due tappe una a Forte dei Marmi e l'altra a Lucca, in mostrauna vasta raccolta di abiti e accessori d\u2019epoca\",\"breadcrumb\":{\"@id\":\"https:\/\/www.intoscana.it\/it\/boom-moda-mostra\/#breadcrumb\"},\"inLanguage\":\"it-IT\",\"potentialAction\":[{\"@type\":\"ReadAction\",\"target\":[\"https:\/\/www.intoscana.it\/it\/boom-moda-mostra\/\"]}]},{\"@type\":\"ImageObject\",\"inLanguage\":\"it-IT\",\"@id\":\"https:\/\/www.intoscana.it\/it\/boom-moda-mostra\/#primaryimage\",\"url\":\"https:\/\/www.intoscana.it\/wp-content\/uploads\/2BOOM-manifesto-70x100-corretto_page-0001-2000x1139-1.jpeg\",\"contentUrl\":\"https:\/\/www.intoscana.it\/wp-content\/uploads\/2BOOM-manifesto-70x100-corretto_page-0001-2000x1139-1.jpeg\",\"width\":2000,\"height\":1139},{\"@type\":\"BreadcrumbList\",\"@id\":\"https:\/\/www.intoscana.it\/it\/boom-moda-mostra\/#breadcrumb\",\"itemListElement\":[{\"@type\":\"ListItem\",\"position\":1,\"name\":\"Home\",\"item\":\"https:\/\/www.intoscana.it\/it\/\"},{\"@type\":\"ListItem\",\"position\":2,\"name\":\"&#8220;Boom! La moda italiana&#8221; una mostra celebra l&#8217;imprenditore toscano Giovan Battista Giorgini\"}]},{\"@type\":\"WebSite\",\"@id\":\"https:\/\/www.intoscana.it\/it\/#website\",\"url\":\"https:\/\/www.intoscana.it\/it\/\",\"name\":\"intoscana\",\"description\":\"\",\"potentialAction\":[{\"@type\":\"SearchAction\",\"target\":{\"@type\":\"EntryPoint\",\"urlTemplate\":\"https:\/\/www.intoscana.it\/it\/?s={search_term_string}\"},\"query-input\":{\"@type\":\"PropertyValueSpecification\",\"valueRequired\":true,\"valueName\":\"search_term_string\"}}],\"inLanguage\":\"it-IT\"},{\"@type\":\"Person\",\"@id\":\"https:\/\/www.intoscana.it\/it\/#\/schema\/person\/9223810753230f20bd670fdd322661f8\",\"name\":\"Redazione\",\"url\":\"https:\/\/www.intoscana.it\/it\/author\/redazione\/\"}]}<\/script>\n<!-- \/ Yoast SEO Premium plugin. -->","yoast_head_json":{"title":"\"Boom! La moda italiana\" una mostra celebra l'imprenditore toscano Giovan Battista Giorgini - intoscana","description":"L'esposizione prevede due tappe una a Forte dei Marmi e l'altra a Lucca, in mostrauna vasta raccolta di abiti e accessori d\u2019epoca","robots":{"index":"index","follow":"follow","max-snippet":"max-snippet:-1","max-image-preview":"max-image-preview:large","max-video-preview":"max-video-preview:-1"},"canonical":"https:\/\/www.intoscana.it\/it\/boom-moda-mostra\/","og_locale":"it_IT","og_type":"article","og_title":"\"Boom! La moda italiana\" una mostra celebra l'imprenditore toscano Giovan Battista Giorgini","og_description":"L'esposizione prevede due tappe una a Forte dei Marmi e l'altra a Lucca, in mostrauna vasta raccolta di abiti e accessori d\u2019epoca","og_url":"https:\/\/www.intoscana.it\/it\/boom-moda-mostra\/","og_site_name":"intoscana","article_publisher":"https:\/\/www.facebook.com\/intoscana.it","article_published_time":"2022-07-25T13:52:59+00:00","article_modified_time":"2022-07-26T06:31:45+00:00","og_image":[{"width":2000,"height":1139,"url":"https:\/\/www.intoscana.it\/wp-content\/uploads\/2BOOM-manifesto-70x100-corretto_page-0001-2000x1139-1.jpeg","type":"image\/jpeg"}],"author":"Redazione","twitter_card":"summary_large_image","twitter_creator":"@intoscana","twitter_site":"@intoscana","twitter_misc":{"Written by":"Redazione","Est. reading time":"3 minuti"},"schema":{"@context":"https:\/\/schema.org","@graph":[{"@type":"WebPage","@id":"https:\/\/www.intoscana.it\/it\/boom-moda-mostra\/","url":"https:\/\/www.intoscana.it\/it\/boom-moda-mostra\/","name":"\"Boom! La moda italiana\" una mostra celebra l'imprenditore toscano Giovan Battista Giorgini - intoscana","isPartOf":{"@id":"https:\/\/www.intoscana.it\/it\/#website"},"primaryImageOfPage":{"@id":"https:\/\/www.intoscana.it\/it\/boom-moda-mostra\/#primaryimage"},"image":{"@id":"https:\/\/www.intoscana.it\/it\/boom-moda-mostra\/#primaryimage"},"thumbnailUrl":"https:\/\/www.intoscana.it\/wp-content\/uploads\/2BOOM-manifesto-70x100-corretto_page-0001-2000x1139-1.jpeg","datePublished":"2022-07-25T13:52:59+00:00","dateModified":"2022-07-26T06:31:45+00:00","author":{"@id":"https:\/\/www.intoscana.it\/it\/#\/schema\/person\/9223810753230f20bd670fdd322661f8"},"description":"L'esposizione prevede due tappe una a Forte dei Marmi e l'altra a Lucca, in mostrauna vasta raccolta di abiti e accessori d\u2019epoca","breadcrumb":{"@id":"https:\/\/www.intoscana.it\/it\/boom-moda-mostra\/#breadcrumb"},"inLanguage":"it-IT","potentialAction":[{"@type":"ReadAction","target":["https:\/\/www.intoscana.it\/it\/boom-moda-mostra\/"]}]},{"@type":"ImageObject","inLanguage":"it-IT","@id":"https:\/\/www.intoscana.it\/it\/boom-moda-mostra\/#primaryimage","url":"https:\/\/www.intoscana.it\/wp-content\/uploads\/2BOOM-manifesto-70x100-corretto_page-0001-2000x1139-1.jpeg","contentUrl":"https:\/\/www.intoscana.it\/wp-content\/uploads\/2BOOM-manifesto-70x100-corretto_page-0001-2000x1139-1.jpeg","width":2000,"height":1139},{"@type":"BreadcrumbList","@id":"https:\/\/www.intoscana.it\/it\/boom-moda-mostra\/#breadcrumb","itemListElement":[{"@type":"ListItem","position":1,"name":"Home","item":"https:\/\/www.intoscana.it\/it\/"},{"@type":"ListItem","position":2,"name":"&#8220;Boom! La moda italiana&#8221; una mostra celebra l&#8217;imprenditore toscano Giovan Battista Giorgini"}]},{"@type":"WebSite","@id":"https:\/\/www.intoscana.it\/it\/#website","url":"https:\/\/www.intoscana.it\/it\/","name":"intoscana","description":"","potentialAction":[{"@type":"SearchAction","target":{"@type":"EntryPoint","urlTemplate":"https:\/\/www.intoscana.it\/it\/?s={search_term_string}"},"query-input":{"@type":"PropertyValueSpecification","valueRequired":true,"valueName":"search_term_string"}}],"inLanguage":"it-IT"},{"@type":"Person","@id":"https:\/\/www.intoscana.it\/it\/#\/schema\/person\/9223810753230f20bd670fdd322661f8","name":"Redazione","url":"https:\/\/www.intoscana.it\/it\/author\/redazione\/"}]}},"_links":{"self":[{"href":"https:\/\/www.intoscana.it\/it\/wp-json\/wp\/v2\/posts\/239505","targetHints":{"allow":["GET"]}}],"collection":[{"href":"https:\/\/www.intoscana.it\/it\/wp-json\/wp\/v2\/posts"}],"about":[{"href":"https:\/\/www.intoscana.it\/it\/wp-json\/wp\/v2\/types\/post"}],"author":[{"embeddable":true,"href":"https:\/\/www.intoscana.it\/it\/wp-json\/wp\/v2\/users\/525"}],"replies":[{"embeddable":true,"href":"https:\/\/www.intoscana.it\/it\/wp-json\/wp\/v2\/comments?post=239505"}],"version-history":[{"count":0,"href":"https:\/\/www.intoscana.it\/it\/wp-json\/wp\/v2\/posts\/239505\/revisions"}],"wp:featuredmedia":[{"embeddable":true,"href":"https:\/\/www.intoscana.it\/it\/wp-json\/wp\/v2\/media\/239445"}],"wp:attachment":[{"href":"https:\/\/www.intoscana.it\/it\/wp-json\/wp\/v2\/media?parent=239505"}],"wp:term":[{"taxonomy":"category","embeddable":true,"href":"https:\/\/www.intoscana.it\/it\/wp-json\/wp\/v2\/categories?post=239505"},{"taxonomy":"post_tag","embeddable":true,"href":"https:\/\/www.intoscana.it\/it\/wp-json\/wp\/v2\/tags?post=239505"}],"curies":[{"name":"wp","href":"https:\/\/api.w.org\/{rel}","templated":true}]}}