{"id":239718,"date":"2022-07-26T12:41:43","date_gmt":"2022-07-26T10:41:43","guid":{"rendered":"https:\/\/www.intoscana.it\/it\/?p=239718"},"modified":"2022-07-26T14:20:23","modified_gmt":"2022-07-26T12:20:23","slug":"da-pisa-arriva-il-sensore-portatile-che-rileva-il-morbillo-nella-saliva","status":"publish","type":"post","link":"https:\/\/www.intoscana.it\/it\/da-pisa-arriva-il-sensore-portatile-che-rileva-il-morbillo-nella-saliva\/","title":{"rendered":"Da Pisa arriva il sensore portatile che rileva il morbillo nella saliva"},"content":{"rendered":"<p>\u00c8 pronto il<strong> sensore portatile<\/strong>, pi\u00f9 piccolo di una moneta da un centesimo di Euro, in<strong> grado di <\/strong><strong>rilevare il virus del morbillo nella saliva<\/strong>. Il dispositivo, che utilizza una tecnologia innovativa basata su onde acustiche, si presta a essere usato per test di diagnosi precoci e in situazioni di emergenza, e potrebbe essere adattato anche per altri virus come Sars-CoV-2 e per i batteri.<\/p>\n<p>\u00c8 stato messo a punto da una collaborazione fra <strong>l&#8217;Istituto Nanoscienze del <\/strong><strong>Consiglio Nazionale delle Ricerche di Pisa (Cnr-Nano) ed Archa <\/strong><strong>srl, con l&#8217;Universit\u00e0 di Pisa, la Scuola Normale Superiore e <\/strong><strong>Inta srl<\/strong>. La<a href=\"https:\/\/onlinelibrary.wiley.com\/doi\/10.1002\/adfm.202201958\" target=\"_blank\" rel=\"noopener\"> ricerca<\/a> \u00e8 stata pubblicata sulla rivista Advanced Functional Materials.<\/p>\n<h3>Il sensore utilizza le onde acustiche<\/h3>\n<p>Il morbillo \u00e8 una delle malattie a trasmissione aerea pi\u00f9 infettive, responsabile di 140mila decessi in tutto il mondo ogni anno e con una capacit\u00e0 di diffusione simile a quella della variante Omicron di Sars-CoV-2. Il biosensore messo a punto dai ricercatori, coordinati da <strong>Marco Cecchini di Cnr-Nan<\/strong>o, \u00e8 un lab-on-a-chip pi\u00f9 piccolo di un centesimo di euro che<strong> usa onde acustiche di superficie per rilevare virus in un campione di fluido salivare<\/strong><\/p>\n<p><em>&#8220;Le onde acustiche di superficie sono una sorta di micro-terremoto che si propaga lungo la superficie del sensore<\/em> &#8211; spiega Cecchini di Cnr-Nano &#8211; <em><strong>quando il virus si attacca al sensore, rallenta la velocit\u00e0 di propagazione delle onde,<\/strong> rendendo possibile registrare la presenza della molecola&#8221;.<\/em><\/p>\n<h3>Diagnosi precoci e pi\u00f9 veloci<\/h3>\n<p>L\u2019apparecchio potr\u00e0 essere sviluppato per eseguire diagnosi precoci di tipo point-of-care, ovvero in prossimit\u00e0 del paziente. &#8220;<em>Mentre i test convenzionali richiedono l&#8217;elaborazione del <\/em><em>campione, laboratori dedicati e personale specializzato, <strong>questo <\/strong><\/em><em><strong>sensore non richiede particolare elaborazione<\/strong> e pu\u00f2 essere <\/em><em>impiegato in situazioni dove i test convenzionali non sono <\/em><em>praticabili, come aeroporti, stazioni, situazioni di emergenza&#8221; <\/em>sottolinea Mauro Pistello dell&#8217;Universit\u00e0 di Pisa, uno degli autori dello studio.<\/p>\n<p><em> &#8220;Una diagnosi tempestiva \u00e8 infatti cruciale per ostacolare precocemente la diffusione di malattie ad alta trasmissibilit\u00e0<\/em> &#8211; conclude Pistello &#8211; <em><strong>come morbillo, influenza e Covid-19&#8243;.<\/strong><\/em><\/p>\n","protected":false},"excerpt":{"rendered":"<p>Dalla collaborazione tra Cnr-Nano, Universit\u00e0 di Pisa, Normale e Archea nasce il dispositivo che potrebbe essere adattato anche per individuare il Covid-19<\/p>\n","protected":false},"author":525,"featured_media":239757,"comment_status":"open","ping_status":"open","sticky":false,"template":"","format":"standard","meta":{"_acf_changed":false,"footnotes":""},"categories":[475],"tags":[5747,213,4438,368],"class_list":["post-239718","post","type-post","status-publish","format-standard","has-post-thumbnail","hentry","category-innovazione","tag-cnr","tag-ricerca","tag-scuola-normale-di-pisa","tag-universita-di-pisa"],"acf":[],"yoast_head":"<!-- This site is optimized with the Yoast SEO Premium plugin v24.2 (Yoast SEO v25.6) - https:\/\/yoast.com\/wordpress\/plugins\/seo\/ -->\n<title>Da Pisa arriva il sensore portatile che rileva il morbillo nella saliva - intoscana<\/title>\n<meta name=\"description\" content=\"I ricercatori di Cnr-Nano, Universit\u00e0 di Pisa, Normale e Archea hanno messo a punto un sensore portatile che rileva il morbillo nella saliva.\" \/>\n<meta name=\"robots\" content=\"index, follow, max-snippet:-1, max-image-preview:large, max-video-preview:-1\" \/>\n<link rel=\"canonical\" href=\"https:\/\/www.intoscana.it\/it\/da-pisa-arriva-il-sensore-portatile-che-rileva-il-morbillo-nella-saliva\/\" \/>\n<meta property=\"og:locale\" content=\"it_IT\" \/>\n<meta property=\"og:type\" content=\"article\" \/>\n<meta property=\"og:title\" content=\"Da Pisa arriva il sensore portatile che rileva il morbillo nella saliva\" \/>\n<meta property=\"og:description\" content=\"I ricercatori di Cnr-Nano, Universit\u00e0 di Pisa, Normale e Archea hanno messo a punto un sensore portatile che rileva il morbillo nella saliva.\" \/>\n<meta property=\"og:url\" content=\"https:\/\/www.intoscana.it\/it\/da-pisa-arriva-il-sensore-portatile-che-rileva-il-morbillo-nella-saliva\/\" \/>\n<meta property=\"og:site_name\" content=\"intoscana\" \/>\n<meta property=\"article:publisher\" content=\"https:\/\/www.facebook.com\/intoscana.it\" \/>\n<meta property=\"article:published_time\" content=\"2022-07-26T10:41:43+00:00\" \/>\n<meta property=\"article:modified_time\" content=\"2022-07-26T12:20:23+00:00\" \/>\n<meta property=\"og:image\" content=\"https:\/\/www.intoscana.it\/wp-content\/uploads\/image-2.png\" \/>\n\t<meta property=\"og:image:width\" content=\"1367\" \/>\n\t<meta property=\"og:image:height\" content=\"539\" \/>\n\t<meta property=\"og:image:type\" content=\"image\/png\" \/>\n<meta name=\"author\" content=\"Redazione\" \/>\n<meta name=\"twitter:card\" content=\"summary_large_image\" \/>\n<meta name=\"twitter:creator\" content=\"@intoscana\" \/>\n<meta name=\"twitter:site\" content=\"@intoscana\" \/>\n<meta name=\"twitter:label1\" content=\"Written by\" \/>\n\t<meta name=\"twitter:data1\" content=\"Redazione\" \/>\n\t<meta name=\"twitter:label2\" content=\"Est. reading time\" \/>\n\t<meta name=\"twitter:data2\" content=\"2 minuti\" \/>\n<script type=\"application\/ld+json\" class=\"yoast-schema-graph\">{\"@context\":\"https:\/\/schema.org\",\"@graph\":[{\"@type\":\"WebPage\",\"@id\":\"https:\/\/www.intoscana.it\/it\/da-pisa-arriva-il-sensore-portatile-che-rileva-il-morbillo-nella-saliva\/\",\"url\":\"https:\/\/www.intoscana.it\/it\/da-pisa-arriva-il-sensore-portatile-che-rileva-il-morbillo-nella-saliva\/\",\"name\":\"Da Pisa arriva il sensore portatile che rileva il morbillo nella saliva - intoscana\",\"isPartOf\":{\"@id\":\"https:\/\/www.intoscana.it\/it\/#website\"},\"primaryImageOfPage\":{\"@id\":\"https:\/\/www.intoscana.it\/it\/da-pisa-arriva-il-sensore-portatile-che-rileva-il-morbillo-nella-saliva\/#primaryimage\"},\"image\":{\"@id\":\"https:\/\/www.intoscana.it\/it\/da-pisa-arriva-il-sensore-portatile-che-rileva-il-morbillo-nella-saliva\/#primaryimage\"},\"thumbnailUrl\":\"https:\/\/www.intoscana.it\/wp-content\/uploads\/image-2.png\",\"datePublished\":\"2022-07-26T10:41:43+00:00\",\"dateModified\":\"2022-07-26T12:20:23+00:00\",\"author\":{\"@id\":\"https:\/\/www.intoscana.it\/it\/#\/schema\/person\/9223810753230f20bd670fdd322661f8\"},\"description\":\"I ricercatori di Cnr-Nano, Universit\u00e0 di Pisa, Normale e Archea hanno messo a punto un sensore portatile che rileva il morbillo nella saliva.\",\"breadcrumb\":{\"@id\":\"https:\/\/www.intoscana.it\/it\/da-pisa-arriva-il-sensore-portatile-che-rileva-il-morbillo-nella-saliva\/#breadcrumb\"},\"inLanguage\":\"it-IT\",\"potentialAction\":[{\"@type\":\"ReadAction\",\"target\":[\"https:\/\/www.intoscana.it\/it\/da-pisa-arriva-il-sensore-portatile-che-rileva-il-morbillo-nella-saliva\/\"]}]},{\"@type\":\"ImageObject\",\"inLanguage\":\"it-IT\",\"@id\":\"https:\/\/www.intoscana.it\/it\/da-pisa-arriva-il-sensore-portatile-che-rileva-il-morbillo-nella-saliva\/#primaryimage\",\"url\":\"https:\/\/www.intoscana.it\/wp-content\/uploads\/image-2.png\",\"contentUrl\":\"https:\/\/www.intoscana.it\/wp-content\/uploads\/image-2.png\",\"width\":1367,\"height\":539,\"caption\":\"Il sensore portatile del Cnr-Nano\"},{\"@type\":\"BreadcrumbList\",\"@id\":\"https:\/\/www.intoscana.it\/it\/da-pisa-arriva-il-sensore-portatile-che-rileva-il-morbillo-nella-saliva\/#breadcrumb\",\"itemListElement\":[{\"@type\":\"ListItem\",\"position\":1,\"name\":\"Home\",\"item\":\"https:\/\/www.intoscana.it\/it\/\"},{\"@type\":\"ListItem\",\"position\":2,\"name\":\"Da Pisa arriva il sensore portatile che rileva il morbillo nella saliva\"}]},{\"@type\":\"WebSite\",\"@id\":\"https:\/\/www.intoscana.it\/it\/#website\",\"url\":\"https:\/\/www.intoscana.it\/it\/\",\"name\":\"intoscana\",\"description\":\"\",\"potentialAction\":[{\"@type\":\"SearchAction\",\"target\":{\"@type\":\"EntryPoint\",\"urlTemplate\":\"https:\/\/www.intoscana.it\/it\/?s={search_term_string}\"},\"query-input\":{\"@type\":\"PropertyValueSpecification\",\"valueRequired\":true,\"valueName\":\"search_term_string\"}}],\"inLanguage\":\"it-IT\"},{\"@type\":\"Person\",\"@id\":\"https:\/\/www.intoscana.it\/it\/#\/schema\/person\/9223810753230f20bd670fdd322661f8\",\"name\":\"Redazione\",\"url\":\"https:\/\/www.intoscana.it\/it\/author\/redazione\/\"}]}<\/script>\n<!-- \/ Yoast SEO Premium plugin. -->","yoast_head_json":{"title":"Da Pisa arriva il sensore portatile che rileva il morbillo nella saliva - intoscana","description":"I ricercatori di Cnr-Nano, Universit\u00e0 di Pisa, Normale e Archea hanno messo a punto un sensore portatile che rileva il morbillo nella saliva.","robots":{"index":"index","follow":"follow","max-snippet":"max-snippet:-1","max-image-preview":"max-image-preview:large","max-video-preview":"max-video-preview:-1"},"canonical":"https:\/\/www.intoscana.it\/it\/da-pisa-arriva-il-sensore-portatile-che-rileva-il-morbillo-nella-saliva\/","og_locale":"it_IT","og_type":"article","og_title":"Da Pisa arriva il sensore portatile che rileva il morbillo nella saliva","og_description":"I ricercatori di Cnr-Nano, Universit\u00e0 di Pisa, Normale e Archea hanno messo a punto un sensore portatile che rileva il morbillo nella saliva.","og_url":"https:\/\/www.intoscana.it\/it\/da-pisa-arriva-il-sensore-portatile-che-rileva-il-morbillo-nella-saliva\/","og_site_name":"intoscana","article_publisher":"https:\/\/www.facebook.com\/intoscana.it","article_published_time":"2022-07-26T10:41:43+00:00","article_modified_time":"2022-07-26T12:20:23+00:00","og_image":[{"width":1367,"height":539,"url":"https:\/\/www.intoscana.it\/wp-content\/uploads\/image-2.png","type":"image\/png"}],"author":"Redazione","twitter_card":"summary_large_image","twitter_creator":"@intoscana","twitter_site":"@intoscana","twitter_misc":{"Written by":"Redazione","Est. reading time":"2 minuti"},"schema":{"@context":"https:\/\/schema.org","@graph":[{"@type":"WebPage","@id":"https:\/\/www.intoscana.it\/it\/da-pisa-arriva-il-sensore-portatile-che-rileva-il-morbillo-nella-saliva\/","url":"https:\/\/www.intoscana.it\/it\/da-pisa-arriva-il-sensore-portatile-che-rileva-il-morbillo-nella-saliva\/","name":"Da Pisa arriva il sensore portatile che rileva il morbillo nella saliva - intoscana","isPartOf":{"@id":"https:\/\/www.intoscana.it\/it\/#website"},"primaryImageOfPage":{"@id":"https:\/\/www.intoscana.it\/it\/da-pisa-arriva-il-sensore-portatile-che-rileva-il-morbillo-nella-saliva\/#primaryimage"},"image":{"@id":"https:\/\/www.intoscana.it\/it\/da-pisa-arriva-il-sensore-portatile-che-rileva-il-morbillo-nella-saliva\/#primaryimage"},"thumbnailUrl":"https:\/\/www.intoscana.it\/wp-content\/uploads\/image-2.png","datePublished":"2022-07-26T10:41:43+00:00","dateModified":"2022-07-26T12:20:23+00:00","author":{"@id":"https:\/\/www.intoscana.it\/it\/#\/schema\/person\/9223810753230f20bd670fdd322661f8"},"description":"I ricercatori di Cnr-Nano, Universit\u00e0 di Pisa, Normale e Archea hanno messo a punto un sensore portatile che rileva il morbillo nella saliva.","breadcrumb":{"@id":"https:\/\/www.intoscana.it\/it\/da-pisa-arriva-il-sensore-portatile-che-rileva-il-morbillo-nella-saliva\/#breadcrumb"},"inLanguage":"it-IT","potentialAction":[{"@type":"ReadAction","target":["https:\/\/www.intoscana.it\/it\/da-pisa-arriva-il-sensore-portatile-che-rileva-il-morbillo-nella-saliva\/"]}]},{"@type":"ImageObject","inLanguage":"it-IT","@id":"https:\/\/www.intoscana.it\/it\/da-pisa-arriva-il-sensore-portatile-che-rileva-il-morbillo-nella-saliva\/#primaryimage","url":"https:\/\/www.intoscana.it\/wp-content\/uploads\/image-2.png","contentUrl":"https:\/\/www.intoscana.it\/wp-content\/uploads\/image-2.png","width":1367,"height":539,"caption":"Il sensore portatile del Cnr-Nano"},{"@type":"BreadcrumbList","@id":"https:\/\/www.intoscana.it\/it\/da-pisa-arriva-il-sensore-portatile-che-rileva-il-morbillo-nella-saliva\/#breadcrumb","itemListElement":[{"@type":"ListItem","position":1,"name":"Home","item":"https:\/\/www.intoscana.it\/it\/"},{"@type":"ListItem","position":2,"name":"Da Pisa arriva il sensore portatile che rileva il morbillo nella saliva"}]},{"@type":"WebSite","@id":"https:\/\/www.intoscana.it\/it\/#website","url":"https:\/\/www.intoscana.it\/it\/","name":"intoscana","description":"","potentialAction":[{"@type":"SearchAction","target":{"@type":"EntryPoint","urlTemplate":"https:\/\/www.intoscana.it\/it\/?s={search_term_string}"},"query-input":{"@type":"PropertyValueSpecification","valueRequired":true,"valueName":"search_term_string"}}],"inLanguage":"it-IT"},{"@type":"Person","@id":"https:\/\/www.intoscana.it\/it\/#\/schema\/person\/9223810753230f20bd670fdd322661f8","name":"Redazione","url":"https:\/\/www.intoscana.it\/it\/author\/redazione\/"}]}},"_links":{"self":[{"href":"https:\/\/www.intoscana.it\/it\/wp-json\/wp\/v2\/posts\/239718","targetHints":{"allow":["GET"]}}],"collection":[{"href":"https:\/\/www.intoscana.it\/it\/wp-json\/wp\/v2\/posts"}],"about":[{"href":"https:\/\/www.intoscana.it\/it\/wp-json\/wp\/v2\/types\/post"}],"author":[{"embeddable":true,"href":"https:\/\/www.intoscana.it\/it\/wp-json\/wp\/v2\/users\/525"}],"replies":[{"embeddable":true,"href":"https:\/\/www.intoscana.it\/it\/wp-json\/wp\/v2\/comments?post=239718"}],"version-history":[{"count":0,"href":"https:\/\/www.intoscana.it\/it\/wp-json\/wp\/v2\/posts\/239718\/revisions"}],"wp:featuredmedia":[{"embeddable":true,"href":"https:\/\/www.intoscana.it\/it\/wp-json\/wp\/v2\/media\/239757"}],"wp:attachment":[{"href":"https:\/\/www.intoscana.it\/it\/wp-json\/wp\/v2\/media?parent=239718"}],"wp:term":[{"taxonomy":"category","embeddable":true,"href":"https:\/\/www.intoscana.it\/it\/wp-json\/wp\/v2\/categories?post=239718"},{"taxonomy":"post_tag","embeddable":true,"href":"https:\/\/www.intoscana.it\/it\/wp-json\/wp\/v2\/tags?post=239718"}],"curies":[{"name":"wp","href":"https:\/\/api.w.org\/{rel}","templated":true}]}}