{"id":239956,"date":"2022-08-01T10:57:53","date_gmt":"2022-08-01T08:57:53","guid":{"rendered":"https:\/\/www.intoscana.it\/it\/?p=239956"},"modified":"2022-08-17T11:23:03","modified_gmt":"2022-08-17T09:23:03","slug":"intervista-lorenzo-zazzeri","status":"publish","type":"post","link":"https:\/\/www.intoscana.it\/it\/intervista-lorenzo-zazzeri\/","title":{"rendered":"Il golden boy del nuoto italiano, Zazzeri inedito: un artista fuori e dentro la vasca"},"content":{"rendered":"<p>Medaglia d\u2019argento alle <strong>Olimpiadi di Tokyo<\/strong> nella 4&#215;100 stile, medaglia di bronzo nella stessa gara ai <strong>Mondiali di nuoto di Budapest<\/strong>, altre 8 medaglie (di tutti i metalli) tra europei e mondiali di vasca corta, questi sono alcuni degli impressionanti risultati conquistati nell\u2019ultimo anno di gare dal velocista fiorentino <strong>Lorenzo Zazzeri<\/strong>. A pochi giorni di distanza dall\u2019inizio degli <a href=\"https:\/\/www.intoscana.it\/it\/articolo\/europei-di-nuoto-lorenzo-zazzeri-e-oro-nella-staffetta-noi-come-i-gladiatori\/\" target=\"_blank\" rel=\"noopener\"><strong>Europei di nuoto di Roma<\/strong> <\/a>lo abbiamo incontrato per conoscere gli obiettivi in vista di questa manifestazione e fargli qualche domanda sul prossimo futuro.<\/p>\n<figure id=\"post-239771 media-239771\" class=\"align-center\"><img decoding=\"async\" src=\"https:\/\/www.intoscana.it\/wp-content\/uploads\/4x100m_freestyle_relay_men_final_dbm_as29360_20220618_1513117987.jpeg\" alt=\"\" \/><\/figure>\n<div class=\"titleimg\">\u00a9 Andrea Staccioli \/ DBM<\/div>\n<h3>La stagione 2021-2022 \u00e8 stata lunga, impegnativa, ricca di gare, risultati e soddisfazioni importanti.<\/h3>\n<p>\u00c8 stata una stagione lunghissima. \u00c8 la prima volta, da atleta professionista, che <strong>nuoto ininterrottamente da un anno<\/strong> senza mai staccare. Questo \u00e8 dovuto al Covid perch\u00e9 tutte le manifestazioni che, sono state rimandante negli anni scorsi, sono state recuperate in questa stagione. In questi 12 mesi <strong>ho gareggiato in tutte le manifestazioni possibili del nuoto<\/strong>: le Olimpiadi a luglio dell&#8217;anno scorso, gli Europei e i Mondiali di vasca corta tra novembre e dicembre, i Mondiali di vasca lunga a giugno e ora gli Europei di vasca lunga. Tutte queste competizioni, di normale, sono distribuite sui 4 anni del quadriennio olimpico. \u00c8 stata una <strong>stagione impegnativa<\/strong> ma anche <strong>ricca di soddisfazioni, miglioramenti, ricordi e di gare<\/strong> che mi hanno aiutato a <strong>crescere e consolidare il mio livello.<\/strong> Non \u00e8 stato semplice anche da un punto di vista della preparazione e dello<strong> stress psicologico<\/strong> da gestire, per\u00f2 sono un sostenitore delle gare. Per me \u00e8 sempre meglio avere tante opportunit\u00e0 per dimostrare il proprio valore piuttosto che gareggiare poco.<\/p>\n<h3>L\u201911 agosto iniziano gli Europei di nuoto, come procede la preparazione e in che gare ti vedremo?<\/h3>\n<p>Far\u00f2 i 50 stile, i 100 stile e le staffette 4&#215;100 stile libero, 4&#215;100 mixed e la 4&#215;100 mista. Praticamente <strong>garegger\u00f2 tutti i giorni,<\/strong> dal 12 al 17 agosto. Sar\u00e0 impegnativo, ma siamo molto emozionati all\u2019idea di <strong>gareggiare di fronte al pubblico di casa<\/strong>. \u00a0\u00c8 un evento che capita una volta nella carriera della nostra generazione. L&#8217;ultima manifestazione in casa sono stati i Mondiali di Roma nel 2009 e noi eravamo tutti ragazzini. <strong>La preparazione procede bene<\/strong>, stiamo affrontando un periodo di rifinitura e mantenimento della forma fisica. Mancano due settimane, non c&#8217;\u00e8 tempo per fare allenamento. Tutto quello che abbiamo addosso \u00e8 gi\u00e0 stato fatto durante la stagione, ora si tratta di tenere la forma e il tono muscolare e <strong>affinare i dettagli tecnici di gara<\/strong>.<\/p>\n<h3>Che obiettivi ti sei dato per questa manifestazione?<\/h3>\n<p><p><span class=\"citazione\">A me piace sempre pensarla come <strong>una sfida con s\u00e9 stessi<\/span><\/p><\/strong><\/p>\n<p>Il mio obiettivo primario rimane quello di <strong>migliorare i propri personali.<\/strong> Mi piacerebbe farlo sia nei 50 che nei 100 stile e di conseguenza, se ci dovessi riuscire, so che <strong>i tempi sono da medaglia.<\/strong> Penso sempre a fare il mio e a controllare quello che posso controllare quindi me stesso e le mie azioni, se poi i miei avversari saranno pi\u00f9 bravi complimenti a loro. Sicuramente <strong>ho voglia di fare bene e continuare il trend di crescita<\/strong>.<\/p>\n<figure id=\"post-239770 media-239770\" class=\"align-center\"><img decoding=\"async\" src=\"https:\/\/www.intoscana.it\/wp-content\/uploads\/italy_4x100m_freestyle_relay_men_dbm_as03712_20220618_1828363613.jpeg\" alt=\"\" \/><\/figure>\n<div class=\"titleimg\">\u00a9 Andrea Staccioli \/ DBM<\/div>\n<h3>Alcuni atleti quando raggiungono certi livelli scelgono di spostarsi in altre citt\u00e0 pi\u00f9 grandi o squadre diverse, tu invece sei nato a Firenze e sei un atleta di punta della Rari Nantes Florentia<\/h3>\n<p>Sono stato fortunato in questo, non ho mai avuto l&#8217;esigenza o il bisogno di trasferirmi. Molti dei miei compagni si sono trasferiti, soprattutto dal sud dove mancano le strutture. Ho avuto la fortuna di <strong>trovare impianti adeguati all\u2019attivit\u00e0 di alto livello<\/strong> che una <strong>societ\u00e0 e un gruppo di tecnici all&#8217;altezza<\/strong> del nuoto agonistico. Ho il mio coach storico <strong>Paolo Palchetti<\/strong> che \u00e8 stato, per me, un <strong>maestro<\/strong> non solo in acqua ma anche di vita. Ci ha sempre stimolato a studiare, a non focalizzarsi solo sul nuoto. Con il tempo, grazie ai risultati miei, di <strong>Filippo Megli e di Matteo Restivo<\/strong> si \u00e8 creato un gruppo di ragazzi e <strong>Firenze<\/strong> \u00e8 diventato un<strong> polo natatorio<\/strong> per tutta Italia. Questo \u00e8 certamente stimolante, il gruppo diventa pi\u00f9 forte e competitivo e, anche in allenamento, riusciamo a tirare fuori qualcosa in pi\u00f9 oltre. E&#8217; bello perch\u00e9 ti rendi conto che sei d\u2019ispirazione per atleti pi\u00f9 giovani che ambiscono a risultati pi\u00f9 grandi. Ho vissuto tutto il percorso qui a Firenze e, per esperienza, so che prima non era cos\u00ec. Sapere ora di essere riusciti a creare una realt\u00e0 sul territorio toscano e a Firenze di questo tipo \u00e8 molto bello.<\/p>\n<h3>Oltre al nuoto, un\u2019altra tua grande passione \u00e8 l\u2019arte e la pittura che racconti sul tuo profilo Instagram Zazzart. Come coniughi queste tue passioni?<\/h3>\n<p>Insieme al nuoto \u00e8 stata l&#8217;altra mia grande passione. Ho iniziato a <strong>disegnare da giovanissimo<\/strong>, a 5 anni, ricopiavo le figurine e le videocassette della Disney. Si \u00e8 sviluppata in maniera naturale fino al liceo dove ho scelto l&#8217;artistico. Poi ho proseguito questa mia passione cercando di farla diventare, non dico un lavoro, ma una attivit\u00e0 parallela.<\/p>\n<p><p><span class=\"citazione\">Ho sempre vissuto seguendo quello che mi piaceva fare e <strong>vivendo di passioni<\/span><\/p><\/strong><\/p>\n<p>Il nuoto \u00e8 diventato la mia attivit\u00e0 principale a cui dedico la maggior parte delle mie energie fisiche e mentali anche perch\u00e9 la carriera di uno sportivo \u00e8 limitata dall&#8217;et\u00e0 e ad un certo punto sai che dovrai smettere, mentre quella di artista e disegnatore pu\u00f2 durare fino alla fine. Ho sempre cercato di portarla avanti in quel poco tempo che avevo. Ho i miei collezionisti, ho fatto le mie mostre. Ora sono in un periodo dove sono molto focalizzato sul nuoto, mi sento bene e ci sono state tante gare ma ad <strong>ottobre<\/strong> inizier\u00f2 un percorso formativo alla Laba \u2013 <strong>Libera Accademia di Belle Arti<\/strong> in arti visive e pittura. La mia routine \u00e8 allenamento-riposo, per questo quando sono a casa <strong>mi serve qualcosa per staccare<\/strong> e, avere altri obiettivi al di fuori del nuoto, mi aiuta a rendere di pi\u00f9 nel nuoto. Mi d\u00e0 fastidio quando le persone mi valutano solo per i risultati agonistici nel nuoto, per il me nuotatore quando dietro ci sono tante sfaccettature, per questo sono contento di investire in questa mia passione.<\/p>\n<blockquote class=\"instagram-media\" style=\"background: #FFF; border: 0; border-radius: 3px; box-shadow: 0 0 1px 0 rgba(0,0,0,0.5),0 1px 10px 0 rgba(0,0,0,0.15); margin: 1px; max-width: 540px; min-width: 326px; padding: 0; width: calc(100% - 2px);\" data-instgrm-captioned=\"\" data-instgrm-permalink=\"https:\/\/www.instagram.com\/p\/CFKU7jsIs_x\/?utm_source=ig_embed&amp;utm_campaign=loading\" data-instgrm-version=\"14\">\n<div style=\"padding: 16px;\">\n<p>&nbsp;<\/p>\n<div style=\"display: flex; flex-direction: row; align-items: center;\">\n<div style=\"background-color: #f4f4f4; border-radius: 50%; flex-grow: 0; height: 40px; margin-right: 14px; width: 40px;\"><\/div>\n<div style=\"display: flex; flex-direction: column; flex-grow: 1; justify-content: center;\">\n<div style=\"background-color: #f4f4f4; border-radius: 4px; flex-grow: 0; height: 14px; margin-bottom: 6px; width: 100px;\"><\/div>\n<div style=\"background-color: #f4f4f4; border-radius: 4px; flex-grow: 0; height: 14px; width: 60px;\"><\/div>\n<\/div>\n<\/div>\n<div style=\"padding: 19% 0;\"><\/div>\n<div style=\"display: block; height: 50px; margin: 0 auto 12px; width: 50px;\"><\/div>\n<div style=\"padding-top: 8px;\">\n<div style=\"color: #3897f0; font-family: Arial,sans-serif; font-size: 14px; font-style: normal; font-weight: 550; line-height: 18px;\">Visualizza questo post su Instagram<\/div>\n<\/div>\n<div style=\"padding: 12.5% 0;\"><\/div>\n<div style=\"display: flex; flex-direction: row; margin-bottom: 14px; align-items: center;\">\n<div>\n<div style=\"background-color: #f4f4f4; border-radius: 50%; height: 12.5px; width: 12.5px; transform: translateX(0px) translateY(7px);\"><\/div>\n<div style=\"background-color: #f4f4f4; height: 12.5px; transform: rotate(-45deg) translateX(3px) translateY(1px); width: 12.5px; flex-grow: 0; margin-right: 14px; margin-left: 2px;\"><\/div>\n<div style=\"background-color: #f4f4f4; border-radius: 50%; height: 12.5px; width: 12.5px; transform: translateX(9px) translateY(-18px);\"><\/div>\n<\/div>\n<div style=\"margin-left: 8px;\">\n<div style=\"background-color: #f4f4f4; border-radius: 50%; flex-grow: 0; height: 20px; width: 20px;\"><\/div>\n<div style=\"width: 0; height: 0; border-top: 2px solid transparent; border-left: 6px solid #f4f4f4; border-bottom: 2px solid transparent; transform: translateX(16px) translateY(-4px) rotate(30deg);\"><\/div>\n<\/div>\n<div style=\"margin-left: auto;\">\n<div style=\"width: 0px; border-top: 8px solid #F4F4F4; border-right: 8px solid transparent; transform: translateY(16px);\"><\/div>\n<div style=\"background-color: #f4f4f4; flex-grow: 0; height: 12px; width: 16px; transform: translateY(-4px);\"><\/div>\n<div style=\"width: 0; height: 0; border-top: 8px solid #F4F4F4; border-left: 8px solid transparent; transform: translateY(-4px) translateX(8px);\"><\/div>\n<\/div>\n<\/div>\n<div style=\"display: flex; flex-direction: column; flex-grow: 1; justify-content: center; margin-bottom: 24px;\">\n<div style=\"background-color: #f4f4f4; border-radius: 4px; flex-grow: 0; height: 14px; margin-bottom: 6px; width: 224px;\"><\/div>\n<div style=\"background-color: #f4f4f4; border-radius: 4px; flex-grow: 0; height: 14px; width: 144px;\"><\/div>\n<\/div>\n<p>&nbsp;<\/p>\n<p style=\"color: #c9c8cd; font-family: Arial,sans-serif; font-size: 14px; line-height: 17px; margin-bottom: 0; margin-top: 8px; overflow: hidden; padding: 8px 0 7px; text-align: center; text-overflow: ellipsis; white-space: nowrap;\"><a style=\"color: #c9c8cd; font-family: Arial,sans-serif; font-size: 14px; font-style: normal; font-weight: normal; line-height: 17px; text-decoration: none;\" href=\"https:\/\/www.instagram.com\/p\/CFKU7jsIs_x\/?utm_source=ig_embed&amp;utm_campaign=loading\" target=\"_blank\" rel=\"noopener\">Un post condiviso da Lorenzo Zazzeri (@zazzart)<\/a><\/p>\n<\/div>\n<\/blockquote>\n<p><script async src=\"\/\/www.instagram.com\/embed.js\"><\/script><\/p>\n<h3>Hai gi\u00e0 deciso cosa farai in futuro e che carriera ti aspetta dopo quella di nuotatore professionista? Restare nel nuoto come allenatore o cronista sportivo o continuare la strada come artista?<\/h3>\n<p>Sono un ragazzo molto <strong>curioso<\/strong> a cui piacciono fare tante cose. Uno dei miei problemi principali \u00e8 proprio questo, decidere su cosa dovermi concentrare. Mi sono <strong>laureato in scienze motorie<\/strong> proprio l&#8217;anno scorso per lasciarmi aperta una eventuale strada o <strong>carriera da allenatore<\/strong>. Mi piace allenare e molti miei compagni mi dicono che \u00e8 un piacere allenarsi con me perch\u00e8 riesco sempre a stimolarli e a dare consigli giusti. Ho sempre pensato che tutto il bagaglio d&#8217;atleta che ho costruito e sto costruendo possa essere molto utile per le generazioni future.<\/p>\n<p>So che arriver\u00e0 un momento della vita in cui mi si potrebbe aprire questa strada, ma dall\u2019altro ho sempre ambito ad un <strong>lavoro creativo.<\/strong> Mi piacerebbe diventare art director, artista indipendente o grafico pubblicitario. Insomma, lavorare nell&#8217;ambito creativo mi ha sempre affascinato. Sono poi tifoso della Fiorentina, seguo il calcio e diventare <strong>cronista sportivo<\/strong> \u00e8 una possibilit\u00e0 che mi \u00e8 sempre piaciuta. Ho avuto una esperienza a Sky come commentatore dell\u2019ISL &#8211;\u00a0 International Swimming League a Cristina Chiuso. La redazione mi ha fatto i complimenti e mi sono divertito molto.<\/p>\n<p>In pi\u00f9 faccio parte del gruppo sportivo militare <strong>dell\u2019Esercito<\/strong>, grazie ai risultati sto accumulando punteggi molto alti in graduatoria o volendo potrei fare carriera nell\u2019Esercito. Non escludo nulla, l\u2019Esercito per me \u00e8 una<strong> seconda famiglia<\/strong>, mi supportano in tutto e senza di loro avrei certamente pi\u00f9 difficolt\u00e0 a nuotare. Insomma le strade sono tante, ora mi concentro a fare l\u2019atleta, ad un certo punto poi decider\u00f2.<\/p>\n<figure id=\"post-239773 media-239773\" class=\"align-center\"><img decoding=\"async\" src=\"https:\/\/www.intoscana.it\/wp-content\/uploads\/zazzeri_lorenzo_ita_dbm_gs10582_20220623_1170544656.jpeg\" alt=\"\" \/><\/figure>\n<div class=\"titleimg\">\u00a9 Giorgio Scala e Andrea Staccioli \/ DBM<\/div>\n","protected":false},"excerpt":{"rendered":"<p>Fiorentino, classe 1994, nuotatore, 11 medaglie internazionali vinte in un anno. Conosciamo Lorenzo Zazzeri a pochi giorni dagli Europei di Roma<\/p>\n","protected":false},"author":507,"featured_media":190497,"comment_status":"open","ping_status":"open","sticky":false,"template":"","format":"standard","meta":{"_acf_changed":false,"footnotes":""},"categories":[4],"tags":[202,6110,6505,159],"class_list":["post-239956","post","type-post","status-publish","format-standard","has-post-thumbnail","hentry","category-storie","tag-firenze","tag-lorenzo-zazzeri","tag-nuoto","tag-sport"],"acf":[],"yoast_head":"<!-- This site is optimized with the Yoast SEO Premium plugin v24.2 (Yoast SEO v25.6) - https:\/\/yoast.com\/wordpress\/plugins\/seo\/ -->\n<title>Il golden boy del nuoto italiano, Zazzeri inedito: un artista fuori e dentro la vasca - intoscana<\/title>\n<meta name=\"robots\" content=\"index, follow, max-snippet:-1, max-image-preview:large, max-video-preview:-1\" \/>\n<link rel=\"canonical\" href=\"https:\/\/www.intoscana.it\/it\/intervista-lorenzo-zazzeri\/\" \/>\n<meta property=\"og:locale\" content=\"it_IT\" \/>\n<meta property=\"og:type\" content=\"article\" \/>\n<meta property=\"og:title\" content=\"Il golden boy del nuoto italiano, Zazzeri inedito: un artista fuori e dentro la vasca\" \/>\n<meta property=\"og:description\" content=\"Fiorentino, classe 1994, nuotatore, 11 medaglie internazionali vinte in un anno. Conosciamo Lorenzo Zazzeri a pochi giorni dagli Europei di Roma\" \/>\n<meta property=\"og:url\" content=\"https:\/\/www.intoscana.it\/it\/intervista-lorenzo-zazzeri\/\" \/>\n<meta property=\"og:site_name\" content=\"intoscana\" \/>\n<meta property=\"article:publisher\" content=\"https:\/\/www.facebook.com\/intoscana.it\" \/>\n<meta property=\"article:published_time\" content=\"2022-08-01T08:57:53+00:00\" \/>\n<meta property=\"article:modified_time\" content=\"2022-08-17T09:23:03+00:00\" \/>\n<meta property=\"og:image\" content=\"https:\/\/www.intoscana.it\/wp-content\/uploads\/Lorenzo-Zazzeri.jpg\" \/>\n\t<meta property=\"og:image:width\" content=\"1199\" \/>\n\t<meta property=\"og:image:height\" content=\"860\" \/>\n\t<meta property=\"og:image:type\" content=\"image\/jpeg\" \/>\n<meta name=\"author\" content=\"Chiara Bianchini\" \/>\n<meta name=\"twitter:card\" content=\"summary_large_image\" \/>\n<meta name=\"twitter:creator\" content=\"@intoscana\" \/>\n<meta name=\"twitter:site\" content=\"@intoscana\" \/>\n<meta name=\"twitter:label1\" content=\"Written by\" \/>\n\t<meta name=\"twitter:data1\" content=\"Chiara Bianchini\" \/>\n\t<meta name=\"twitter:label2\" content=\"Est. reading time\" \/>\n\t<meta name=\"twitter:data2\" content=\"6 minuti\" \/>\n<script type=\"application\/ld+json\" class=\"yoast-schema-graph\">{\"@context\":\"https:\/\/schema.org\",\"@graph\":[{\"@type\":\"WebPage\",\"@id\":\"https:\/\/www.intoscana.it\/it\/intervista-lorenzo-zazzeri\/\",\"url\":\"https:\/\/www.intoscana.it\/it\/intervista-lorenzo-zazzeri\/\",\"name\":\"Il golden boy del nuoto italiano, Zazzeri inedito: un artista fuori e dentro la vasca - intoscana\",\"isPartOf\":{\"@id\":\"https:\/\/www.intoscana.it\/it\/#website\"},\"primaryImageOfPage\":{\"@id\":\"https:\/\/www.intoscana.it\/it\/intervista-lorenzo-zazzeri\/#primaryimage\"},\"image\":{\"@id\":\"https:\/\/www.intoscana.it\/it\/intervista-lorenzo-zazzeri\/#primaryimage\"},\"thumbnailUrl\":\"https:\/\/www.intoscana.it\/wp-content\/uploads\/Lorenzo-Zazzeri.jpg\",\"datePublished\":\"2022-08-01T08:57:53+00:00\",\"dateModified\":\"2022-08-17T09:23:03+00:00\",\"author\":{\"@id\":\"https:\/\/www.intoscana.it\/it\/#\/schema\/person\/010af92117f50561886339ad5b873a41\"},\"breadcrumb\":{\"@id\":\"https:\/\/www.intoscana.it\/it\/intervista-lorenzo-zazzeri\/#breadcrumb\"},\"inLanguage\":\"it-IT\",\"potentialAction\":[{\"@type\":\"ReadAction\",\"target\":[\"https:\/\/www.intoscana.it\/it\/intervista-lorenzo-zazzeri\/\"]}]},{\"@type\":\"ImageObject\",\"inLanguage\":\"it-IT\",\"@id\":\"https:\/\/www.intoscana.it\/it\/intervista-lorenzo-zazzeri\/#primaryimage\",\"url\":\"https:\/\/www.intoscana.it\/wp-content\/uploads\/Lorenzo-Zazzeri.jpg\",\"contentUrl\":\"https:\/\/www.intoscana.it\/wp-content\/uploads\/Lorenzo-Zazzeri.jpg\",\"width\":1199,\"height\":860},{\"@type\":\"BreadcrumbList\",\"@id\":\"https:\/\/www.intoscana.it\/it\/intervista-lorenzo-zazzeri\/#breadcrumb\",\"itemListElement\":[{\"@type\":\"ListItem\",\"position\":1,\"name\":\"Home\",\"item\":\"https:\/\/www.intoscana.it\/it\/\"},{\"@type\":\"ListItem\",\"position\":2,\"name\":\"Il golden boy del nuoto italiano, Zazzeri inedito: un artista fuori e dentro la vasca\"}]},{\"@type\":\"WebSite\",\"@id\":\"https:\/\/www.intoscana.it\/it\/#website\",\"url\":\"https:\/\/www.intoscana.it\/it\/\",\"name\":\"intoscana\",\"description\":\"\",\"potentialAction\":[{\"@type\":\"SearchAction\",\"target\":{\"@type\":\"EntryPoint\",\"urlTemplate\":\"https:\/\/www.intoscana.it\/it\/?s={search_term_string}\"},\"query-input\":{\"@type\":\"PropertyValueSpecification\",\"valueRequired\":true,\"valueName\":\"search_term_string\"}}],\"inLanguage\":\"it-IT\"},{\"@type\":\"Person\",\"@id\":\"https:\/\/www.intoscana.it\/it\/#\/schema\/person\/010af92117f50561886339ad5b873a41\",\"name\":\"Chiara Bianchini\",\"sameAs\":[\"c.bianchini@fst.it\"],\"url\":\"https:\/\/www.intoscana.it\/it\/author\/chiara-bianchini\/\"}]}<\/script>\n<!-- \/ Yoast SEO Premium plugin. -->","yoast_head_json":{"title":"Il golden boy del nuoto italiano, Zazzeri inedito: un artista fuori e dentro la vasca - intoscana","robots":{"index":"index","follow":"follow","max-snippet":"max-snippet:-1","max-image-preview":"max-image-preview:large","max-video-preview":"max-video-preview:-1"},"canonical":"https:\/\/www.intoscana.it\/it\/intervista-lorenzo-zazzeri\/","og_locale":"it_IT","og_type":"article","og_title":"Il golden boy del nuoto italiano, Zazzeri inedito: un artista fuori e dentro la vasca","og_description":"Fiorentino, classe 1994, nuotatore, 11 medaglie internazionali vinte in un anno. Conosciamo Lorenzo Zazzeri a pochi giorni dagli Europei di Roma","og_url":"https:\/\/www.intoscana.it\/it\/intervista-lorenzo-zazzeri\/","og_site_name":"intoscana","article_publisher":"https:\/\/www.facebook.com\/intoscana.it","article_published_time":"2022-08-01T08:57:53+00:00","article_modified_time":"2022-08-17T09:23:03+00:00","og_image":[{"width":1199,"height":860,"url":"https:\/\/www.intoscana.it\/wp-content\/uploads\/Lorenzo-Zazzeri.jpg","type":"image\/jpeg"}],"author":"Chiara Bianchini","twitter_card":"summary_large_image","twitter_creator":"@intoscana","twitter_site":"@intoscana","twitter_misc":{"Written by":"Chiara Bianchini","Est. reading time":"6 minuti"},"schema":{"@context":"https:\/\/schema.org","@graph":[{"@type":"WebPage","@id":"https:\/\/www.intoscana.it\/it\/intervista-lorenzo-zazzeri\/","url":"https:\/\/www.intoscana.it\/it\/intervista-lorenzo-zazzeri\/","name":"Il golden boy del nuoto italiano, Zazzeri inedito: un artista fuori e dentro la vasca - intoscana","isPartOf":{"@id":"https:\/\/www.intoscana.it\/it\/#website"},"primaryImageOfPage":{"@id":"https:\/\/www.intoscana.it\/it\/intervista-lorenzo-zazzeri\/#primaryimage"},"image":{"@id":"https:\/\/www.intoscana.it\/it\/intervista-lorenzo-zazzeri\/#primaryimage"},"thumbnailUrl":"https:\/\/www.intoscana.it\/wp-content\/uploads\/Lorenzo-Zazzeri.jpg","datePublished":"2022-08-01T08:57:53+00:00","dateModified":"2022-08-17T09:23:03+00:00","author":{"@id":"https:\/\/www.intoscana.it\/it\/#\/schema\/person\/010af92117f50561886339ad5b873a41"},"breadcrumb":{"@id":"https:\/\/www.intoscana.it\/it\/intervista-lorenzo-zazzeri\/#breadcrumb"},"inLanguage":"it-IT","potentialAction":[{"@type":"ReadAction","target":["https:\/\/www.intoscana.it\/it\/intervista-lorenzo-zazzeri\/"]}]},{"@type":"ImageObject","inLanguage":"it-IT","@id":"https:\/\/www.intoscana.it\/it\/intervista-lorenzo-zazzeri\/#primaryimage","url":"https:\/\/www.intoscana.it\/wp-content\/uploads\/Lorenzo-Zazzeri.jpg","contentUrl":"https:\/\/www.intoscana.it\/wp-content\/uploads\/Lorenzo-Zazzeri.jpg","width":1199,"height":860},{"@type":"BreadcrumbList","@id":"https:\/\/www.intoscana.it\/it\/intervista-lorenzo-zazzeri\/#breadcrumb","itemListElement":[{"@type":"ListItem","position":1,"name":"Home","item":"https:\/\/www.intoscana.it\/it\/"},{"@type":"ListItem","position":2,"name":"Il golden boy del nuoto italiano, Zazzeri inedito: un artista fuori e dentro la vasca"}]},{"@type":"WebSite","@id":"https:\/\/www.intoscana.it\/it\/#website","url":"https:\/\/www.intoscana.it\/it\/","name":"intoscana","description":"","potentialAction":[{"@type":"SearchAction","target":{"@type":"EntryPoint","urlTemplate":"https:\/\/www.intoscana.it\/it\/?s={search_term_string}"},"query-input":{"@type":"PropertyValueSpecification","valueRequired":true,"valueName":"search_term_string"}}],"inLanguage":"it-IT"},{"@type":"Person","@id":"https:\/\/www.intoscana.it\/it\/#\/schema\/person\/010af92117f50561886339ad5b873a41","name":"Chiara Bianchini","sameAs":["c.bianchini@fst.it"],"url":"https:\/\/www.intoscana.it\/it\/author\/chiara-bianchini\/"}]}},"_links":{"self":[{"href":"https:\/\/www.intoscana.it\/it\/wp-json\/wp\/v2\/posts\/239956","targetHints":{"allow":["GET"]}}],"collection":[{"href":"https:\/\/www.intoscana.it\/it\/wp-json\/wp\/v2\/posts"}],"about":[{"href":"https:\/\/www.intoscana.it\/it\/wp-json\/wp\/v2\/types\/post"}],"author":[{"embeddable":true,"href":"https:\/\/www.intoscana.it\/it\/wp-json\/wp\/v2\/users\/507"}],"replies":[{"embeddable":true,"href":"https:\/\/www.intoscana.it\/it\/wp-json\/wp\/v2\/comments?post=239956"}],"version-history":[{"count":0,"href":"https:\/\/www.intoscana.it\/it\/wp-json\/wp\/v2\/posts\/239956\/revisions"}],"wp:featuredmedia":[{"embeddable":true,"href":"https:\/\/www.intoscana.it\/it\/wp-json\/wp\/v2\/media\/190497"}],"wp:attachment":[{"href":"https:\/\/www.intoscana.it\/it\/wp-json\/wp\/v2\/media?parent=239956"}],"wp:term":[{"taxonomy":"category","embeddable":true,"href":"https:\/\/www.intoscana.it\/it\/wp-json\/wp\/v2\/categories?post=239956"},{"taxonomy":"post_tag","embeddable":true,"href":"https:\/\/www.intoscana.it\/it\/wp-json\/wp\/v2\/tags?post=239956"}],"curies":[{"name":"wp","href":"https:\/\/api.w.org\/{rel}","templated":true}]}}