{"id":240084,"date":"2022-07-28T14:53:33","date_gmt":"2022-07-28T12:53:33","guid":{"rendered":"https:\/\/www.intoscana.it\/it\/?p=240084"},"modified":"2022-07-28T15:50:23","modified_gmt":"2022-07-28T13:50:23","slug":"rivoluzione-trasporto-pubblico-a-firenze-i-bus-extraurbani-salutano-santa-maria-novella-per-vittorio-veneto-e-montelungo","status":"publish","type":"post","link":"https:\/\/www.intoscana.it\/it\/rivoluzione-trasporto-pubblico-a-firenze-i-bus-extraurbani-salutano-santa-maria-novella-per-vittorio-veneto-e-montelungo\/","title":{"rendered":"Rivoluzione trasporto pubblico a Firenze, i bus extraurbani salutano Santa Maria Novella per Vittorio Veneto e Montelungo"},"content":{"rendered":"<p>Scatta dal <strong>1\u00b0 agosto<\/strong> la riorganizzazione del trasporto pubblico nel nodo fiorentino promossa dall&#8217;amministrazione comunale. Da questa data molti autobus del <strong>servizio extraurbano<\/strong> da e per il capoluogo toscano non arriveranno pi\u00f9 in Santa Maria Novella, dove ha sede l\u2019<strong>autostazione di Santa Caterina,<\/strong> ma faranno capolinea negli <strong>hub di Vittorio Veneto<\/strong> (vicino a Porta a Prato) e <strong>Montelungo<\/strong> (che si trova all\u2019altezza del binario 16 della stazione ferroviaria di Santa Maria Novella). Sar\u00e0 una <strong>rivoluzione graduale<\/strong>, in tre fasi.<\/p>\n<h3>Prima fase &#8211; Hub Vittorio Veneto<\/h3>\n<p>La prima inizia proprio<strong> luned\u00ec 1\u00b0 agosto<\/strong> quando entrer\u00e0 in funzione<strong> l\u2019hub in Piazza Vittorio Veneto a Firenze<\/strong>. Qui si attesteranno i capolinea delle <strong>6 linee<\/strong> extraurbane provenienti da <strong>Greve, San Casciano, Poggibonsi e Castelfiorentino<\/strong>. E sono la 365A (Gaiole-Radda-Greve-Firenze &#8211; Via Ferrone), la 368A (Montefiridolfi-Mercatale-San Casciano-Firenze), la 370 A (Poggibonsi-Barberino Val D&#8217;elsa-San Donato-Tavarnelle-San Casciano-Firenze), 371A (San Casciano-Scandicci-Firenze), 372 A (Marcialla-Tavarnelle-Cerbaia-Firenze) e la 37 (Cev) &#8211; (Firenze-Scandicci-Montespertoli-Castelfiorentino). Da questo nodo di interscambio, tutti i passeggeri potranno<strong> raggiungere il centro di Firenze prendendo la tramvia<\/strong>, linea T1, dalla fermata \u201cPorta al Prato \u2013 Leopolda\u201d. Il biglietto\/abbonamento extraurbano consentir\u00e0 di viaggiare sulla tratta fino alla Stazione (Fermate Alamanni e Valfonda).<\/p>\n<h3>Seconda fase &#8211; Hub Montelungo<\/h3>\n<p>La seconda fase inizier\u00e0 <strong>gioved\u00ec 1\u00b0 settembre<\/strong> quando sar\u00e0 istituito il nodo di <strong>Montelungo<\/strong>. Qui si attesteranno le linee extraurbane con provenienza da e partenza per il <strong>circondario Empolese-Valdelsa, dal Chianti<\/strong> (Greve in Chianti, Impruneta, San Casciano, Tavarnelle), <strong>Mugello e dall\u2019Alto Mugello, dalla Valdisieve, dal Valdarno Fiorentino ed Aretino<\/strong> (corse dal Casentino-Consuma) e dal Chianti (corse provenienti dalla Chiantigiana) per un totale di <strong>18 linee coinvolte<\/strong>. Nello specifico, arriveranno a Montelungo per il Mugello: la 301a (Monghidoro-Bruscoli-Barberino Di Mugello-Firenze), la 302a (Monghidoro-Barberino Di Mugello-San Piero A Sieve-Vaglia-Firenze), la 307a (Razzuolo-Borgo San Lorenzo-San Piero A Sieve-Firenze) e la 319a (Grezzano-Borgo San Lorenzo-Polcanto-Firenze).<br \/>\nMentre per e da la Valdisieve sono: 322a (Passo Del Muraglione-San Godenzo-Rufina-Pontassieve-Firenze), 330a (Fornello-Santa Brigida-Molino Del Piano-Firenze), 333a (Monterifrassine-Molino Del Piano-Firenze), 343a (Saltino-Vallombrosa-Pontassieve-Firenze), 345ba (Pontassieve &#8211; Firenze), 350a (Rignano sull&#8217;Arno-Pontassieve-Firenze), 357a (Reggello-Rignano Sull&#8217;Arno-Pontassieve-Firenze) e la Si90 (Bibbiena-Consuma-Firenze).<br \/>\nPer il Chianti\/Valdarno sono: 351A (Montevarchi-Figline Valdarno-Incisa Valdarno-Firenze), 353a (Reggello-Figline Valdarno-Incisa Valdarno-Firenze), 354a (Figline Valdarno-Lucolena-San Polo-Firenze), 357a (Reggello-Rignano Sull&#8217;arno-Pontassieve-Firenze), 360a (Montevarchi-Incisa Valdarno-Pontassieve-Firenze), 365a (Gaiole-Radda-Greve-Firenze &#8211; Via Strada In Chianti) e la Si330 (Arezzo-Montevarchi-S.Giovanni Valdarno-Figline Valdarno-Firenze).<br \/>\nI capolinea di queste corse, che attualmente arrivano all\u2019autostazione di Santa Caterina, saranno quindi spostati nella zona adiacente alla Fortezza e all\u2019ingresso del binario 16 della Stazione ferroviaria di Santa Maria Novella.<br \/>\nDa questo nodo i passeggeri potranno raggiungere il centro a piedi in pochi minuti o, con il biglietto\/abbonamento extraurbano, <strong>potranno utilizzare la tramvia<\/strong> sulla tratta Strozzi Fallaci-Fortezza-Stazione e viceversa. E sulle<strong> linee urbane 20 e 31\/32<\/strong> che collegano Montelungo a piazza San Marco, anche in questo caso esclusivamente per quella tratta, e viceversa.<\/p>\n<p>Questi cambiamenti non interesseranno<strong> le linee da e per Siena e Grosseto<\/strong> che continueranno ad avere come capolinea di arrivo e partenza l\u2019autostazione in Via Santa Caterina da Siena, davanti alla Stazione SMN, ovvero le linee: 131 (Siena-Colle-Poggibonsi-Firenze), 131r (Siena-Poggibonsi Salceto-Firenze) e 50g (Grosseto \u2013 Firenze).<\/p>\n<h3>Terza fase &#8211; Hub Guidoni<\/h3>\n<p>Dopo questa riorganizzazione, seguir\u00e0 il terzo e ultimo step che vedr\u00e0 l\u2019entrata in funzione del nodo di <strong>Guidoni <\/strong>che far\u00e0 da interscambio tra bus, tramvia, treno e aeroporto.<\/p>\n<figure id=\"post-240104 media-240104\" class=\"align-center\"><img decoding=\"async\" src=\"https:\/\/www.intoscana.it\/wp-content\/uploads\/AT_hub_vittorio_veneto_exedef-page-001-1-scaled.jpg\" alt=\"\" \/><\/figure>\n<div class=\"titleimg\"><\/div>\n<h3>Informazione ai viaggiatori<\/h3>\n<p>Autolinee Toscane informer\u00e0 i passeggeri grazie ai punti di assistenza e informazione presenti agli hub, in cui saranno distribuiti d\u00e9pliant con note e indicazioni che spiegano nel dettaglio le linee e come muoversi da e per il centro citt\u00e0. Informazioni saranno presenti anche all\u2019autostazione di Santa Caterina e alle fermate delle linee interessate da questo cambiamento. Ulteriori informazioni si potranno trovare sul sito ufficiale di Autolinee Toscane, at-bust.it, in cui sar\u00e0 aperta una pagina dedicata, sui canali Facebook e Twitter.<\/p>\n<p>L\u2019assessore alla Mobilit\u00e0 del Comune di Firenze ha sottolineato come l&#8217;attivazione di questi due nodi di interscambio del trasporto pubblico siano <strong>indispensabili per efficientare i collegamenti<\/strong> e recuperare i chilometri in esubero da riutilizzare per incrementare il servizio. Nello specifico non ci saranno pi\u00f9 centinaia di bus che percorrono via Nazionale per raggiungere l\u2019autostazione. Il prossimo nodo da attuare, quanto prima, \u00e8 Guidoni dove ci sar\u00e0 l\u2019interscambio fra bus, tramvia, treno e aeroporto. Si tratta di un nodo importantissimo e con <strong>l\u2019integrazione tariffaria<\/strong> potr\u00e0 essere utilizzata la tramvia per arrivare in centro con la riduzione del passaggio da via Baracca e Ponte alle Mosse di molti bus. E consentir\u00e0 anche l&#8217;eliminazione della corsia preferenziale in via Ponte alle Mosse.<\/p>\n","protected":false},"excerpt":{"rendered":"<p>Meno chilometri e collegamenti pi\u00f9 efficienti, dal 1\u00b0 agosto inizia la riorganizzazione del trasporto extraurbano a Firenze con i capolinea dei bus dal Mugello, Chianti, Valdisieve, Valdarno e circondario Empolese Valdesa spostati nei nuovi hub in piazza Vittorio Veneto e Montelungo<\/p>\n","protected":false},"author":525,"featured_media":220926,"comment_status":"open","ping_status":"open","sticky":false,"template":"","format":"standard","meta":{"_acf_changed":false,"footnotes":""},"categories":[494],"tags":[4296,202,1577,4295],"class_list":["post-240084","post","type-post","status-publish","format-standard","has-post-thumbnail","hentry","category-attualita","tag-autolinee-toscane","tag-firenze","tag-muoversi-in-toscana","tag-trasporto-pubblico"],"acf":[],"yoast_head":"<!-- This site is optimized with the Yoast SEO Premium plugin v24.2 (Yoast SEO v25.6) - https:\/\/yoast.com\/wordpress\/plugins\/seo\/ -->\n<title>Rivoluzione trasporto pubblico a Firenze, i bus extraurbani salutano Santa Maria Novella per Vittorio Veneto e Montelungo - intoscana<\/title>\n<meta name=\"robots\" content=\"index, follow, max-snippet:-1, max-image-preview:large, max-video-preview:-1\" \/>\n<link rel=\"canonical\" href=\"https:\/\/www.intoscana.it\/it\/rivoluzione-trasporto-pubblico-a-firenze-i-bus-extraurbani-salutano-santa-maria-novella-per-vittorio-veneto-e-montelungo\/\" \/>\n<meta property=\"og:locale\" content=\"it_IT\" \/>\n<meta property=\"og:type\" content=\"article\" \/>\n<meta property=\"og:title\" content=\"Rivoluzione trasporto pubblico a Firenze, i bus extraurbani salutano Santa Maria Novella per Vittorio Veneto e Montelungo\" \/>\n<meta property=\"og:description\" content=\"Meno chilometri e collegamenti pi\u00f9 efficienti, dal 1\u00b0 agosto inizia la riorganizzazione del trasporto extraurbano a Firenze con i capolinea dei bus dal Mugello, Chianti, Valdisieve, Valdarno e circondario Empolese Valdesa spostati nei nuovi hub in piazza Vittorio Veneto e Montelungo\" \/>\n<meta property=\"og:url\" content=\"https:\/\/www.intoscana.it\/it\/rivoluzione-trasporto-pubblico-a-firenze-i-bus-extraurbani-salutano-santa-maria-novella-per-vittorio-veneto-e-montelungo\/\" \/>\n<meta property=\"og:site_name\" content=\"intoscana\" \/>\n<meta property=\"article:publisher\" content=\"https:\/\/www.facebook.com\/intoscana.it\" \/>\n<meta property=\"article:published_time\" content=\"2022-07-28T12:53:33+00:00\" \/>\n<meta property=\"article:modified_time\" content=\"2022-07-28T13:50:23+00:00\" \/>\n<meta property=\"og:image\" content=\"https:\/\/www.intoscana.it\/wp-content\/uploads\/bus-extraurbani-autolinee-toscane-4.jpeg\" \/>\n\t<meta property=\"og:image:width\" content=\"1280\" \/>\n\t<meta property=\"og:image:height\" content=\"960\" \/>\n\t<meta property=\"og:image:type\" content=\"image\/jpeg\" \/>\n<meta name=\"author\" content=\"Redazione\" \/>\n<meta name=\"twitter:card\" content=\"summary_large_image\" \/>\n<meta name=\"twitter:creator\" content=\"@intoscana\" \/>\n<meta name=\"twitter:site\" content=\"@intoscana\" \/>\n<meta name=\"twitter:label1\" content=\"Written by\" \/>\n\t<meta name=\"twitter:data1\" content=\"Redazione\" \/>\n\t<meta name=\"twitter:label2\" content=\"Est. reading time\" \/>\n\t<meta name=\"twitter:data2\" content=\"4 minuti\" \/>\n<script type=\"application\/ld+json\" class=\"yoast-schema-graph\">{\"@context\":\"https:\/\/schema.org\",\"@graph\":[{\"@type\":\"WebPage\",\"@id\":\"https:\/\/www.intoscana.it\/it\/rivoluzione-trasporto-pubblico-a-firenze-i-bus-extraurbani-salutano-santa-maria-novella-per-vittorio-veneto-e-montelungo\/\",\"url\":\"https:\/\/www.intoscana.it\/it\/rivoluzione-trasporto-pubblico-a-firenze-i-bus-extraurbani-salutano-santa-maria-novella-per-vittorio-veneto-e-montelungo\/\",\"name\":\"Rivoluzione trasporto pubblico a Firenze, i bus extraurbani salutano Santa Maria Novella per Vittorio Veneto e Montelungo - intoscana\",\"isPartOf\":{\"@id\":\"https:\/\/www.intoscana.it\/it\/#website\"},\"primaryImageOfPage\":{\"@id\":\"https:\/\/www.intoscana.it\/it\/rivoluzione-trasporto-pubblico-a-firenze-i-bus-extraurbani-salutano-santa-maria-novella-per-vittorio-veneto-e-montelungo\/#primaryimage\"},\"image\":{\"@id\":\"https:\/\/www.intoscana.it\/it\/rivoluzione-trasporto-pubblico-a-firenze-i-bus-extraurbani-salutano-santa-maria-novella-per-vittorio-veneto-e-montelungo\/#primaryimage\"},\"thumbnailUrl\":\"https:\/\/www.intoscana.it\/wp-content\/uploads\/bus-extraurbani-autolinee-toscane-4.jpeg\",\"datePublished\":\"2022-07-28T12:53:33+00:00\",\"dateModified\":\"2022-07-28T13:50:23+00:00\",\"author\":{\"@id\":\"https:\/\/www.intoscana.it\/it\/#\/schema\/person\/9223810753230f20bd670fdd322661f8\"},\"breadcrumb\":{\"@id\":\"https:\/\/www.intoscana.it\/it\/rivoluzione-trasporto-pubblico-a-firenze-i-bus-extraurbani-salutano-santa-maria-novella-per-vittorio-veneto-e-montelungo\/#breadcrumb\"},\"inLanguage\":\"it-IT\",\"potentialAction\":[{\"@type\":\"ReadAction\",\"target\":[\"https:\/\/www.intoscana.it\/it\/rivoluzione-trasporto-pubblico-a-firenze-i-bus-extraurbani-salutano-santa-maria-novella-per-vittorio-veneto-e-montelungo\/\"]}]},{\"@type\":\"ImageObject\",\"inLanguage\":\"it-IT\",\"@id\":\"https:\/\/www.intoscana.it\/it\/rivoluzione-trasporto-pubblico-a-firenze-i-bus-extraurbani-salutano-santa-maria-novella-per-vittorio-veneto-e-montelungo\/#primaryimage\",\"url\":\"https:\/\/www.intoscana.it\/wp-content\/uploads\/bus-extraurbani-autolinee-toscane-4.jpeg\",\"contentUrl\":\"https:\/\/www.intoscana.it\/wp-content\/uploads\/bus-extraurbani-autolinee-toscane-4.jpeg\",\"width\":1280,\"height\":960},{\"@type\":\"BreadcrumbList\",\"@id\":\"https:\/\/www.intoscana.it\/it\/rivoluzione-trasporto-pubblico-a-firenze-i-bus-extraurbani-salutano-santa-maria-novella-per-vittorio-veneto-e-montelungo\/#breadcrumb\",\"itemListElement\":[{\"@type\":\"ListItem\",\"position\":1,\"name\":\"Home\",\"item\":\"https:\/\/www.intoscana.it\/it\/\"},{\"@type\":\"ListItem\",\"position\":2,\"name\":\"Rivoluzione trasporto pubblico a Firenze, i bus extraurbani salutano Santa Maria Novella per Vittorio Veneto e Montelungo\"}]},{\"@type\":\"WebSite\",\"@id\":\"https:\/\/www.intoscana.it\/it\/#website\",\"url\":\"https:\/\/www.intoscana.it\/it\/\",\"name\":\"intoscana\",\"description\":\"\",\"potentialAction\":[{\"@type\":\"SearchAction\",\"target\":{\"@type\":\"EntryPoint\",\"urlTemplate\":\"https:\/\/www.intoscana.it\/it\/?s={search_term_string}\"},\"query-input\":{\"@type\":\"PropertyValueSpecification\",\"valueRequired\":true,\"valueName\":\"search_term_string\"}}],\"inLanguage\":\"it-IT\"},{\"@type\":\"Person\",\"@id\":\"https:\/\/www.intoscana.it\/it\/#\/schema\/person\/9223810753230f20bd670fdd322661f8\",\"name\":\"Redazione\",\"url\":\"https:\/\/www.intoscana.it\/it\/author\/redazione\/\"}]}<\/script>\n<!-- \/ Yoast SEO Premium plugin. -->","yoast_head_json":{"title":"Rivoluzione trasporto pubblico a Firenze, i bus extraurbani salutano Santa Maria Novella per Vittorio Veneto e Montelungo - intoscana","robots":{"index":"index","follow":"follow","max-snippet":"max-snippet:-1","max-image-preview":"max-image-preview:large","max-video-preview":"max-video-preview:-1"},"canonical":"https:\/\/www.intoscana.it\/it\/rivoluzione-trasporto-pubblico-a-firenze-i-bus-extraurbani-salutano-santa-maria-novella-per-vittorio-veneto-e-montelungo\/","og_locale":"it_IT","og_type":"article","og_title":"Rivoluzione trasporto pubblico a Firenze, i bus extraurbani salutano Santa Maria Novella per Vittorio Veneto e Montelungo","og_description":"Meno chilometri e collegamenti pi\u00f9 efficienti, dal 1\u00b0 agosto inizia la riorganizzazione del trasporto extraurbano a Firenze con i capolinea dei bus dal Mugello, Chianti, Valdisieve, Valdarno e circondario Empolese Valdesa spostati nei nuovi hub in piazza Vittorio Veneto e Montelungo","og_url":"https:\/\/www.intoscana.it\/it\/rivoluzione-trasporto-pubblico-a-firenze-i-bus-extraurbani-salutano-santa-maria-novella-per-vittorio-veneto-e-montelungo\/","og_site_name":"intoscana","article_publisher":"https:\/\/www.facebook.com\/intoscana.it","article_published_time":"2022-07-28T12:53:33+00:00","article_modified_time":"2022-07-28T13:50:23+00:00","og_image":[{"width":1280,"height":960,"url":"https:\/\/www.intoscana.it\/wp-content\/uploads\/bus-extraurbani-autolinee-toscane-4.jpeg","type":"image\/jpeg"}],"author":"Redazione","twitter_card":"summary_large_image","twitter_creator":"@intoscana","twitter_site":"@intoscana","twitter_misc":{"Written by":"Redazione","Est. reading time":"4 minuti"},"schema":{"@context":"https:\/\/schema.org","@graph":[{"@type":"WebPage","@id":"https:\/\/www.intoscana.it\/it\/rivoluzione-trasporto-pubblico-a-firenze-i-bus-extraurbani-salutano-santa-maria-novella-per-vittorio-veneto-e-montelungo\/","url":"https:\/\/www.intoscana.it\/it\/rivoluzione-trasporto-pubblico-a-firenze-i-bus-extraurbani-salutano-santa-maria-novella-per-vittorio-veneto-e-montelungo\/","name":"Rivoluzione trasporto pubblico a Firenze, i bus extraurbani salutano Santa Maria Novella per Vittorio Veneto e Montelungo - intoscana","isPartOf":{"@id":"https:\/\/www.intoscana.it\/it\/#website"},"primaryImageOfPage":{"@id":"https:\/\/www.intoscana.it\/it\/rivoluzione-trasporto-pubblico-a-firenze-i-bus-extraurbani-salutano-santa-maria-novella-per-vittorio-veneto-e-montelungo\/#primaryimage"},"image":{"@id":"https:\/\/www.intoscana.it\/it\/rivoluzione-trasporto-pubblico-a-firenze-i-bus-extraurbani-salutano-santa-maria-novella-per-vittorio-veneto-e-montelungo\/#primaryimage"},"thumbnailUrl":"https:\/\/www.intoscana.it\/wp-content\/uploads\/bus-extraurbani-autolinee-toscane-4.jpeg","datePublished":"2022-07-28T12:53:33+00:00","dateModified":"2022-07-28T13:50:23+00:00","author":{"@id":"https:\/\/www.intoscana.it\/it\/#\/schema\/person\/9223810753230f20bd670fdd322661f8"},"breadcrumb":{"@id":"https:\/\/www.intoscana.it\/it\/rivoluzione-trasporto-pubblico-a-firenze-i-bus-extraurbani-salutano-santa-maria-novella-per-vittorio-veneto-e-montelungo\/#breadcrumb"},"inLanguage":"it-IT","potentialAction":[{"@type":"ReadAction","target":["https:\/\/www.intoscana.it\/it\/rivoluzione-trasporto-pubblico-a-firenze-i-bus-extraurbani-salutano-santa-maria-novella-per-vittorio-veneto-e-montelungo\/"]}]},{"@type":"ImageObject","inLanguage":"it-IT","@id":"https:\/\/www.intoscana.it\/it\/rivoluzione-trasporto-pubblico-a-firenze-i-bus-extraurbani-salutano-santa-maria-novella-per-vittorio-veneto-e-montelungo\/#primaryimage","url":"https:\/\/www.intoscana.it\/wp-content\/uploads\/bus-extraurbani-autolinee-toscane-4.jpeg","contentUrl":"https:\/\/www.intoscana.it\/wp-content\/uploads\/bus-extraurbani-autolinee-toscane-4.jpeg","width":1280,"height":960},{"@type":"BreadcrumbList","@id":"https:\/\/www.intoscana.it\/it\/rivoluzione-trasporto-pubblico-a-firenze-i-bus-extraurbani-salutano-santa-maria-novella-per-vittorio-veneto-e-montelungo\/#breadcrumb","itemListElement":[{"@type":"ListItem","position":1,"name":"Home","item":"https:\/\/www.intoscana.it\/it\/"},{"@type":"ListItem","position":2,"name":"Rivoluzione trasporto pubblico a Firenze, i bus extraurbani salutano Santa Maria Novella per Vittorio Veneto e Montelungo"}]},{"@type":"WebSite","@id":"https:\/\/www.intoscana.it\/it\/#website","url":"https:\/\/www.intoscana.it\/it\/","name":"intoscana","description":"","potentialAction":[{"@type":"SearchAction","target":{"@type":"EntryPoint","urlTemplate":"https:\/\/www.intoscana.it\/it\/?s={search_term_string}"},"query-input":{"@type":"PropertyValueSpecification","valueRequired":true,"valueName":"search_term_string"}}],"inLanguage":"it-IT"},{"@type":"Person","@id":"https:\/\/www.intoscana.it\/it\/#\/schema\/person\/9223810753230f20bd670fdd322661f8","name":"Redazione","url":"https:\/\/www.intoscana.it\/it\/author\/redazione\/"}]}},"_links":{"self":[{"href":"https:\/\/www.intoscana.it\/it\/wp-json\/wp\/v2\/posts\/240084","targetHints":{"allow":["GET"]}}],"collection":[{"href":"https:\/\/www.intoscana.it\/it\/wp-json\/wp\/v2\/posts"}],"about":[{"href":"https:\/\/www.intoscana.it\/it\/wp-json\/wp\/v2\/types\/post"}],"author":[{"embeddable":true,"href":"https:\/\/www.intoscana.it\/it\/wp-json\/wp\/v2\/users\/525"}],"replies":[{"embeddable":true,"href":"https:\/\/www.intoscana.it\/it\/wp-json\/wp\/v2\/comments?post=240084"}],"version-history":[{"count":0,"href":"https:\/\/www.intoscana.it\/it\/wp-json\/wp\/v2\/posts\/240084\/revisions"}],"wp:featuredmedia":[{"embeddable":true,"href":"https:\/\/www.intoscana.it\/it\/wp-json\/wp\/v2\/media\/220926"}],"wp:attachment":[{"href":"https:\/\/www.intoscana.it\/it\/wp-json\/wp\/v2\/media?parent=240084"}],"wp:term":[{"taxonomy":"category","embeddable":true,"href":"https:\/\/www.intoscana.it\/it\/wp-json\/wp\/v2\/categories?post=240084"},{"taxonomy":"post_tag","embeddable":true,"href":"https:\/\/www.intoscana.it\/it\/wp-json\/wp\/v2\/tags?post=240084"}],"curies":[{"name":"wp","href":"https:\/\/api.w.org\/{rel}","templated":true}]}}