{"id":240139,"date":"2022-07-28T15:56:52","date_gmt":"2022-07-28T13:56:52","guid":{"rendered":"https:\/\/www.intoscana.it\/it\/?p=240139"},"modified":"2022-07-28T15:57:31","modified_gmt":"2022-07-28T13:57:31","slug":"a-firenze-porte-chiuse-nei-negozi-coi-condizionatori-accesi","status":"publish","type":"post","link":"https:\/\/www.intoscana.it\/it\/a-firenze-porte-chiuse-nei-negozi-coi-condizionatori-accesi\/","title":{"rendered":"A Firenze porte chiuse nei negozi coi condizionatori accesi"},"content":{"rendered":"<p><strong>Se l&#8217;aria condizionata \u00e8 accesa le porte dovranno essere chiuse chiuse.<\/strong> \u00c8 la norma di buon senso che dall&#8217;1 agosto dovranno osservare a Firenze gli edifici con accesso al pubblico, gli esercizi commerciali e di somministrazione, in base all&#8217;ordinanza firmata dall&#8217;assessore all&#8217;ambiente del Comune, valida fino all&#8217;1 settembre<strong>. Un provvedimento analogo a<\/strong><br \/>\n<strong>quello appena varato a Parigi<\/strong> che, si spiega da Palazzo Vecchio, sta valutando di rendere permanente la nuova regola.<\/p>\n<h3>L&#8217;ordinanza per limitare i consumi di energia<\/h3>\n<p><strong>Dall&#8217;ordinanza sono esclusi esercizi commerciali e di somministrazione che hanno spazi e dehors all&#8217;aperto,<\/strong> gli esercizi le cui porte di accesso al pubblico non si affacciano direttamente verso l&#8217;esterno (ad esempio negozi all&#8217;interno dicentri commerciali) o quei negozi dotati di &#8216;lame d&#8217;aria&#8217; per evitare la dispersione termica, cos\u00ec come i locali in cui l&#8217;eccessivo affollamento richieda idoneo ricambio d&#8217;aria o renda impossibile la chiusura delle porte.<\/p>\n<p><strong>L&#8217;ordinanza prevede una sanzione per gli inadempienti da 25 a 500 eur<\/strong>o ed entrer\u00e0 in vigore da luned\u00ec per permettere la migliore organizzazione delle strutture.<br \/>\n<em>&#8220;Vogliamo posizionare la nostra citt\u00e0 tra le grandi capitali europee in prima linea nella sfida per la sostenibilit\u00e0, \u00e8 una scelta condivisa col sindaco e strategica per Firenze<\/em> &#8211; afferma l&#8217;assessore all&#8217;ambiente &#8211; <em><strong>questa estate gli effetti dei mutamenti climatici in atto e della crisi energetica sono davanti agli occhi di tutti<\/strong> e solo cambiando abitudini e aumentando la consapevolezza sar\u00e0 possibile invertire la rotta, dobbiamo eliminare gli sprechi e limitare i consumi: tutti insieme dobbiamo fare qualcosa&#8221;.<\/em><\/p>\n<h3>Vietato l&#8217;uso di acqua per scopo non domestico<\/h3>\n<p>A proposito di cambiamenti climatici e siccit\u00e0, sempre oggi il <strong>Comune di Firenze ha varato un&#8217;altra ordinanza che vieta alle utenze private di utilizzare acqua potabile per scopi diversi da quelli igienici e domestici<\/strong> e in particolare: annaffiare giardini e orti, lavare cortili o auto, riempire vasche o fontane ornamentali. Il provvedimento, spiega Palazzo Vecchio, entra in vigore da subito.<\/p>\n<p><strong>Il Comune non \u00e8 in emergenza idrica<\/strong> ma la Regione ha dichiarato lo stato di emergenza regionale ed \u00e8 fondamentale non abbassare la guardia. La sanzione prevista per gli inadempienti sar\u00e0 da 25 a 500 euro e la scadenza \u00e8 il 30 settembre.<\/p>\n","protected":false},"excerpt":{"rendered":"<p>L&#8217;ordinanza del Comune sar\u00e0 in vigore dal 1 agosto al 1 settembre: un provvedimento analogo a quello varato a Parigi. Firenze vieta anche l&#8217;uso di acqua per scopi non domestici<\/p>\n","protected":false},"author":525,"featured_media":144284,"comment_status":"open","ping_status":"open","sticky":false,"template":"","format":"standard","meta":{"_acf_changed":false,"footnotes":""},"categories":[494],"tags":[6520,235,202,6510],"class_list":["post-240139","post","type-post","status-publish","format-standard","has-post-thumbnail","hentry","category-attualita","tag-caldo","tag-estate","tag-firenze","tag-siccita"],"acf":[],"yoast_head":"<!-- This site is optimized with the Yoast SEO Premium plugin v24.2 (Yoast SEO v25.6) - https:\/\/yoast.com\/wordpress\/plugins\/seo\/ -->\n<title>A Firenze porte chiuse nei negozi coi condizionatori accesi - intoscana<\/title>\n<meta name=\"description\" content=\"A Firenze un&#039;ordinanza del Comune dal 1 agosto impone ai locali con aria condizionata di tenere le porte chiuse per evitare sprechi.\" \/>\n<meta name=\"robots\" content=\"index, follow, max-snippet:-1, max-image-preview:large, max-video-preview:-1\" \/>\n<link rel=\"canonical\" href=\"https:\/\/www.intoscana.it\/it\/a-firenze-porte-chiuse-nei-negozi-coi-condizionatori-accesi\/\" \/>\n<meta property=\"og:locale\" content=\"it_IT\" \/>\n<meta property=\"og:type\" content=\"article\" \/>\n<meta property=\"og:title\" content=\"A Firenze porte chiuse nei negozi coi condizionatori accesi\" \/>\n<meta property=\"og:description\" content=\"A Firenze un&#039;ordinanza del Comune dal 1 agosto impone ai locali con aria condizionata di tenere le porte chiuse per evitare sprechi.\" \/>\n<meta property=\"og:url\" content=\"https:\/\/www.intoscana.it\/it\/a-firenze-porte-chiuse-nei-negozi-coi-condizionatori-accesi\/\" \/>\n<meta property=\"og:site_name\" content=\"intoscana\" \/>\n<meta property=\"article:publisher\" content=\"https:\/\/www.facebook.com\/intoscana.it\" \/>\n<meta property=\"article:published_time\" content=\"2022-07-28T13:56:52+00:00\" \/>\n<meta property=\"article:modified_time\" content=\"2022-07-28T13:57:31+00:00\" \/>\n<meta property=\"og:image\" content=\"https:\/\/www.intoscana.it\/wp-content\/uploads\/img_8898.jpg\" \/>\n\t<meta property=\"og:image:width\" content=\"2000\" \/>\n\t<meta property=\"og:image:height\" content=\"1500\" \/>\n\t<meta property=\"og:image:type\" content=\"image\/jpeg\" \/>\n<meta name=\"author\" content=\"Redazione\" \/>\n<meta name=\"twitter:card\" content=\"summary_large_image\" \/>\n<meta name=\"twitter:creator\" content=\"@intoscana\" \/>\n<meta name=\"twitter:site\" content=\"@intoscana\" \/>\n<meta name=\"twitter:label1\" content=\"Written by\" \/>\n\t<meta name=\"twitter:data1\" content=\"Redazione\" \/>\n\t<meta name=\"twitter:label2\" content=\"Est. reading time\" \/>\n\t<meta name=\"twitter:data2\" content=\"2 minuti\" \/>\n<script type=\"application\/ld+json\" class=\"yoast-schema-graph\">{\"@context\":\"https:\/\/schema.org\",\"@graph\":[{\"@type\":\"WebPage\",\"@id\":\"https:\/\/www.intoscana.it\/it\/a-firenze-porte-chiuse-nei-negozi-coi-condizionatori-accesi\/\",\"url\":\"https:\/\/www.intoscana.it\/it\/a-firenze-porte-chiuse-nei-negozi-coi-condizionatori-accesi\/\",\"name\":\"A Firenze porte chiuse nei negozi coi condizionatori accesi - intoscana\",\"isPartOf\":{\"@id\":\"https:\/\/www.intoscana.it\/it\/#website\"},\"primaryImageOfPage\":{\"@id\":\"https:\/\/www.intoscana.it\/it\/a-firenze-porte-chiuse-nei-negozi-coi-condizionatori-accesi\/#primaryimage\"},\"image\":{\"@id\":\"https:\/\/www.intoscana.it\/it\/a-firenze-porte-chiuse-nei-negozi-coi-condizionatori-accesi\/#primaryimage\"},\"thumbnailUrl\":\"https:\/\/www.intoscana.it\/wp-content\/uploads\/img_8898.jpg\",\"datePublished\":\"2022-07-28T13:56:52+00:00\",\"dateModified\":\"2022-07-28T13:57:31+00:00\",\"author\":{\"@id\":\"https:\/\/www.intoscana.it\/it\/#\/schema\/person\/9223810753230f20bd670fdd322661f8\"},\"description\":\"A Firenze un'ordinanza del Comune dal 1 agosto impone ai locali con aria condizionata di tenere le porte chiuse per evitare sprechi.\",\"breadcrumb\":{\"@id\":\"https:\/\/www.intoscana.it\/it\/a-firenze-porte-chiuse-nei-negozi-coi-condizionatori-accesi\/#breadcrumb\"},\"inLanguage\":\"it-IT\",\"potentialAction\":[{\"@type\":\"ReadAction\",\"target\":[\"https:\/\/www.intoscana.it\/it\/a-firenze-porte-chiuse-nei-negozi-coi-condizionatori-accesi\/\"]}]},{\"@type\":\"ImageObject\",\"inLanguage\":\"it-IT\",\"@id\":\"https:\/\/www.intoscana.it\/it\/a-firenze-porte-chiuse-nei-negozi-coi-condizionatori-accesi\/#primaryimage\",\"url\":\"https:\/\/www.intoscana.it\/wp-content\/uploads\/img_8898.jpg\",\"contentUrl\":\"https:\/\/www.intoscana.it\/wp-content\/uploads\/img_8898.jpg\",\"width\":2000,\"height\":1500},{\"@type\":\"BreadcrumbList\",\"@id\":\"https:\/\/www.intoscana.it\/it\/a-firenze-porte-chiuse-nei-negozi-coi-condizionatori-accesi\/#breadcrumb\",\"itemListElement\":[{\"@type\":\"ListItem\",\"position\":1,\"name\":\"Home\",\"item\":\"https:\/\/www.intoscana.it\/it\/\"},{\"@type\":\"ListItem\",\"position\":2,\"name\":\"A Firenze porte chiuse nei negozi coi condizionatori accesi\"}]},{\"@type\":\"WebSite\",\"@id\":\"https:\/\/www.intoscana.it\/it\/#website\",\"url\":\"https:\/\/www.intoscana.it\/it\/\",\"name\":\"intoscana\",\"description\":\"\",\"potentialAction\":[{\"@type\":\"SearchAction\",\"target\":{\"@type\":\"EntryPoint\",\"urlTemplate\":\"https:\/\/www.intoscana.it\/it\/?s={search_term_string}\"},\"query-input\":{\"@type\":\"PropertyValueSpecification\",\"valueRequired\":true,\"valueName\":\"search_term_string\"}}],\"inLanguage\":\"it-IT\"},{\"@type\":\"Person\",\"@id\":\"https:\/\/www.intoscana.it\/it\/#\/schema\/person\/9223810753230f20bd670fdd322661f8\",\"name\":\"Redazione\",\"url\":\"https:\/\/www.intoscana.it\/it\/author\/redazione\/\"}]}<\/script>\n<!-- \/ Yoast SEO Premium plugin. -->","yoast_head_json":{"title":"A Firenze porte chiuse nei negozi coi condizionatori accesi - intoscana","description":"A Firenze un'ordinanza del Comune dal 1 agosto impone ai locali con aria condizionata di tenere le porte chiuse per evitare sprechi.","robots":{"index":"index","follow":"follow","max-snippet":"max-snippet:-1","max-image-preview":"max-image-preview:large","max-video-preview":"max-video-preview:-1"},"canonical":"https:\/\/www.intoscana.it\/it\/a-firenze-porte-chiuse-nei-negozi-coi-condizionatori-accesi\/","og_locale":"it_IT","og_type":"article","og_title":"A Firenze porte chiuse nei negozi coi condizionatori accesi","og_description":"A Firenze un'ordinanza del Comune dal 1 agosto impone ai locali con aria condizionata di tenere le porte chiuse per evitare sprechi.","og_url":"https:\/\/www.intoscana.it\/it\/a-firenze-porte-chiuse-nei-negozi-coi-condizionatori-accesi\/","og_site_name":"intoscana","article_publisher":"https:\/\/www.facebook.com\/intoscana.it","article_published_time":"2022-07-28T13:56:52+00:00","article_modified_time":"2022-07-28T13:57:31+00:00","og_image":[{"width":2000,"height":1500,"url":"https:\/\/www.intoscana.it\/wp-content\/uploads\/img_8898.jpg","type":"image\/jpeg"}],"author":"Redazione","twitter_card":"summary_large_image","twitter_creator":"@intoscana","twitter_site":"@intoscana","twitter_misc":{"Written by":"Redazione","Est. reading time":"2 minuti"},"schema":{"@context":"https:\/\/schema.org","@graph":[{"@type":"WebPage","@id":"https:\/\/www.intoscana.it\/it\/a-firenze-porte-chiuse-nei-negozi-coi-condizionatori-accesi\/","url":"https:\/\/www.intoscana.it\/it\/a-firenze-porte-chiuse-nei-negozi-coi-condizionatori-accesi\/","name":"A Firenze porte chiuse nei negozi coi condizionatori accesi - intoscana","isPartOf":{"@id":"https:\/\/www.intoscana.it\/it\/#website"},"primaryImageOfPage":{"@id":"https:\/\/www.intoscana.it\/it\/a-firenze-porte-chiuse-nei-negozi-coi-condizionatori-accesi\/#primaryimage"},"image":{"@id":"https:\/\/www.intoscana.it\/it\/a-firenze-porte-chiuse-nei-negozi-coi-condizionatori-accesi\/#primaryimage"},"thumbnailUrl":"https:\/\/www.intoscana.it\/wp-content\/uploads\/img_8898.jpg","datePublished":"2022-07-28T13:56:52+00:00","dateModified":"2022-07-28T13:57:31+00:00","author":{"@id":"https:\/\/www.intoscana.it\/it\/#\/schema\/person\/9223810753230f20bd670fdd322661f8"},"description":"A Firenze un'ordinanza del Comune dal 1 agosto impone ai locali con aria condizionata di tenere le porte chiuse per evitare sprechi.","breadcrumb":{"@id":"https:\/\/www.intoscana.it\/it\/a-firenze-porte-chiuse-nei-negozi-coi-condizionatori-accesi\/#breadcrumb"},"inLanguage":"it-IT","potentialAction":[{"@type":"ReadAction","target":["https:\/\/www.intoscana.it\/it\/a-firenze-porte-chiuse-nei-negozi-coi-condizionatori-accesi\/"]}]},{"@type":"ImageObject","inLanguage":"it-IT","@id":"https:\/\/www.intoscana.it\/it\/a-firenze-porte-chiuse-nei-negozi-coi-condizionatori-accesi\/#primaryimage","url":"https:\/\/www.intoscana.it\/wp-content\/uploads\/img_8898.jpg","contentUrl":"https:\/\/www.intoscana.it\/wp-content\/uploads\/img_8898.jpg","width":2000,"height":1500},{"@type":"BreadcrumbList","@id":"https:\/\/www.intoscana.it\/it\/a-firenze-porte-chiuse-nei-negozi-coi-condizionatori-accesi\/#breadcrumb","itemListElement":[{"@type":"ListItem","position":1,"name":"Home","item":"https:\/\/www.intoscana.it\/it\/"},{"@type":"ListItem","position":2,"name":"A Firenze porte chiuse nei negozi coi condizionatori accesi"}]},{"@type":"WebSite","@id":"https:\/\/www.intoscana.it\/it\/#website","url":"https:\/\/www.intoscana.it\/it\/","name":"intoscana","description":"","potentialAction":[{"@type":"SearchAction","target":{"@type":"EntryPoint","urlTemplate":"https:\/\/www.intoscana.it\/it\/?s={search_term_string}"},"query-input":{"@type":"PropertyValueSpecification","valueRequired":true,"valueName":"search_term_string"}}],"inLanguage":"it-IT"},{"@type":"Person","@id":"https:\/\/www.intoscana.it\/it\/#\/schema\/person\/9223810753230f20bd670fdd322661f8","name":"Redazione","url":"https:\/\/www.intoscana.it\/it\/author\/redazione\/"}]}},"_links":{"self":[{"href":"https:\/\/www.intoscana.it\/it\/wp-json\/wp\/v2\/posts\/240139","targetHints":{"allow":["GET"]}}],"collection":[{"href":"https:\/\/www.intoscana.it\/it\/wp-json\/wp\/v2\/posts"}],"about":[{"href":"https:\/\/www.intoscana.it\/it\/wp-json\/wp\/v2\/types\/post"}],"author":[{"embeddable":true,"href":"https:\/\/www.intoscana.it\/it\/wp-json\/wp\/v2\/users\/525"}],"replies":[{"embeddable":true,"href":"https:\/\/www.intoscana.it\/it\/wp-json\/wp\/v2\/comments?post=240139"}],"version-history":[{"count":0,"href":"https:\/\/www.intoscana.it\/it\/wp-json\/wp\/v2\/posts\/240139\/revisions"}],"wp:featuredmedia":[{"embeddable":true,"href":"https:\/\/www.intoscana.it\/it\/wp-json\/wp\/v2\/media\/144284"}],"wp:attachment":[{"href":"https:\/\/www.intoscana.it\/it\/wp-json\/wp\/v2\/media?parent=240139"}],"wp:term":[{"taxonomy":"category","embeddable":true,"href":"https:\/\/www.intoscana.it\/it\/wp-json\/wp\/v2\/categories?post=240139"},{"taxonomy":"post_tag","embeddable":true,"href":"https:\/\/www.intoscana.it\/it\/wp-json\/wp\/v2\/tags?post=240139"}],"curies":[{"name":"wp","href":"https:\/\/api.w.org\/{rel}","templated":true}]}}