{"id":240471,"date":"2022-08-01T14:54:17","date_gmt":"2022-08-01T12:54:17","guid":{"rendered":"https:\/\/www.intoscana.it\/it\/?p=240471"},"modified":"2022-08-01T14:54:17","modified_gmt":"2022-08-01T12:54:17","slug":"tutto-pronto-per-internet-festival-2022-linnovazione-digitale-si-fa-umana","status":"publish","type":"post","link":"https:\/\/www.intoscana.it\/it\/tutto-pronto-per-internet-festival-2022-linnovazione-digitale-si-fa-umana\/","title":{"rendered":"Tutto pronto per Internet Festival 2022: l&#8217;innovazione digitale si fa umana"},"content":{"rendered":"<p><strong>#imperfezione<\/strong> \u00e8 la parola chiave della nuova edizione di<strong> Internet Festival,<\/strong> in programma <strong>a Pisa da 6 al 9 ottobre<\/strong>.<\/p>\n<p>Una scelta apparentemente controcorrente quando si parla di <strong>innovazione digitale<\/strong>, dai pi\u00f9 considerata il regno della potenza, dell\u2019infallibilit\u00e0, dell\u2019efficacia; dove progresso e tecnologia sono protagonisti indiscussi.<\/p>\n<p>Eppure, mai come adesso <strong>la rivoluzione digitale \u00e8 apparsa fragile e vulnerabile.<\/strong><\/p>\n<p>Per la sua dodicesima edizione<strong> Internet Festival<\/strong> ha scelto di raccontare un\u2019innovazione digitale meno idealizzata, pi\u00f9 imperfetta, e di <strong>rimettere al centro l\u2019essere umano<\/strong> e il suo ecosistema.<\/p>\n<p>Un\u2019innovazione ispirata a <strong>principi etici e solidali<\/strong>, non pi\u00f9 uno scudo per diventare invincibili, ma un percorso di<strong> sensibilit\u00e0 e inclusion<\/strong>e, in grado di preservare l\u2019equilibrio dell\u2019<strong>ecosistema naturale<\/strong> in cui viviamo.<\/p>\n<figure id=\"post-154301 media-154301\" class=\"align-none\"><img decoding=\"async\" src=\"https:\/\/www.intoscana.it\/wp-content\/uploads\/Derrick_de_Kerckhove_-_March_2015_Milan_2-scaled.jpg\" alt=\"\" \/><\/figure>\n<div class=\"titleimg\"><em>Derrick de Kerckhove &#8211; \u00a9 Daniel Trudu<\/em><\/div>\n<h3>Gli ospiti dell&#8217;edizione 2022<\/h3>\n<p>Numerosi gli ospiti attesi, tra cui: la giornalista e scrittrice <strong>Francesca Mannocchi<\/strong>, il Commissario Agcom<strong> Elisa Giomi,<\/strong> lo scrittore e blogger <strong>Paolo Nori,<\/strong> il massmediologo <strong>Derrick de Kerckhove<\/strong>, il regista <strong>Alessio Marzilli,<\/strong> la filosofa e saggista <strong>Michela Marzano<\/strong>, il dj e producer <strong>Dino Sabatini,<\/strong> il responsabile del Center of Data Science and Complexity for Society della Sapienza di Roma <strong>Walter Quattrociocchi<\/strong>, la divulgatrice scientifica e scrittrice <strong>Gabriella Greison<\/strong>, il professore di Informatica giuridica presso l&#8217;Universit\u00e0 di Milano e docente di criminalit\u00e0 informatica al Master dell&#8217;Universit\u00e0 di Bologna, <strong>Giovanni Ziccardi.<\/strong><\/p>\n<figure id=\"post-240478 media-240478\" class=\"align-none\"><img decoding=\"async\" src=\"https:\/\/www.intoscana.it\/wp-content\/uploads\/Internet-Festival_01_foto-Antonio-Viscido-1-1.jpg\" alt=\"\" \/><\/figure>\n<div class=\"titleimg\"><em>Internet Festival, foto di Antonio Viscido\u00a0<\/em><\/div>\n<h3>Gli eventi<\/h3>\n<p>Quattro giorni di<strong> panel, tavole rotonde, lectio magistralis, laboratori, incontri con autori, workshop<\/strong>, in cui si parler\u00e0 di sostenibilit\u00e0, informazione, del rapporto tra <strong>diritto e cibo, di guerra e democrazia,<\/strong> ma anche di arte al tempo degli <strong>NFT e della Blockchain,<\/strong> attivismo fuori e dentro la rete, sport e inclusione, e di <strong>Metaverso<\/strong> tra narrativa e realt\u00e0.<\/p>\n<p>E poi spazio, come sempre, alla <strong>musica, al cinema e alle performance artistiche.<\/strong> Un programma di appuntamenti che proseguir\u00e0 online sino al mese di dicembre.<\/p>\n<figure id=\"post-240475 media-240475\" class=\"align-none\"><img decoding=\"async\" src=\"https:\/\/www.intoscana.it\/wp-content\/uploads\/IF_AlgoRitmidiDanza_02-1-1.jpg\" alt=\"\" \/><\/figure>\n<div class=\"titleimg\"><em>AlgoRitmi di Danza<\/em><\/div>\n<h3>I partner del festival<\/h3>\n<p>Naturalmente la <strong>citt\u00e0 di Pis<\/strong>a \u00e8 pronta a farsi attraversare dall\u2019onda di <strong>IF2022.<\/strong><\/p>\n<p>Confermate le sedi storiche del festival: dalle <strong>Logge dei Banchi<\/strong> concesse dal Comune che ospiteranno installazioni interattive e un vero e proprio sportello tech della <strong>Regione Toscana, al Centro Congressi le Benedettine,<\/strong> base operativa dei laboratori dedicati a bambini e ragazzi, dalla <strong>Scuola Normale Superiore<\/strong>, alla <strong>Scuola Superiore Sant\u2019Anna, all\u2019Area della Ricerca CNR,<\/strong> e ancor<strong>a Cinema Arsenale, Royal Victoria Hotel, Gipsoteca di Arte Antica, Cinema Lumiere, Camera di Commercio<\/strong>.<\/p>\n<p>A queste si aggiungono alcune novit\u00e0 per l\u2019edizione 2022: il <strong>Deposito Pontecorvo,<\/strong> luogo di contaminazione culturale e creativa, location di eventi e formazione, nonch\u00e9 di una inedita serata tecno,<strong> OpenPi,<\/strong> spazio coworking dinamico pensato per la professione e anche il tempo libero e la sede dell\u2019<strong>azienda RJC Soft.<\/strong><\/p>\n","protected":false},"excerpt":{"rendered":"<p>L\u2019edizione numero dodici si terr\u00e0 a Pisa dal 6 al 9 ottobre: quattro giorni di panel, laboratori, incontri con autori, workshop e spettacoli diffusi in 13 diverse sedi della citt\u00e0 toscana, capitale italiana dell\u2019informatica<\/p>\n","protected":false},"author":525,"featured_media":240479,"comment_status":"open","ping_status":"open","sticky":false,"template":"","format":"standard","meta":{"_acf_changed":false,"footnotes":""},"categories":[475],"tags":[176],"class_list":["post-240471","post","type-post","status-publish","format-standard","has-post-thumbnail","hentry","category-innovazione","tag-internet-festival"],"acf":[],"yoast_head":"<!-- This site is optimized with the Yoast SEO Premium plugin v24.2 (Yoast SEO v25.6) - https:\/\/yoast.com\/wordpress\/plugins\/seo\/ -->\n<title>Tutto pronto per Internet Festival 2022: l&#039;innovazione digitale si fa umana - intoscana<\/title>\n<meta name=\"description\" content=\"L\u2019edizione numero dodici si terr\u00e0 a Pisa dal 6 al 9 ottobre: quattro giorni di panel, laboratori, incontri con autori, workshop e spettacoli\" \/>\n<meta name=\"robots\" content=\"index, follow, max-snippet:-1, max-image-preview:large, max-video-preview:-1\" \/>\n<link rel=\"canonical\" href=\"https:\/\/www.intoscana.it\/it\/tutto-pronto-per-internet-festival-2022-linnovazione-digitale-si-fa-umana\/\" \/>\n<meta property=\"og:locale\" content=\"it_IT\" \/>\n<meta property=\"og:type\" content=\"article\" \/>\n<meta property=\"og:title\" content=\"Tutto pronto per Internet Festival 2022: l&#039;innovazione digitale si fa umana\" \/>\n<meta property=\"og:description\" content=\"L\u2019edizione numero dodici si terr\u00e0 a Pisa dal 6 al 9 ottobre: quattro giorni di panel, laboratori, incontri con autori, workshop e spettacoli\" \/>\n<meta property=\"og:url\" content=\"https:\/\/www.intoscana.it\/it\/tutto-pronto-per-internet-festival-2022-linnovazione-digitale-si-fa-umana\/\" \/>\n<meta property=\"og:site_name\" content=\"intoscana\" \/>\n<meta property=\"article:publisher\" content=\"https:\/\/www.facebook.com\/intoscana.it\" \/>\n<meta property=\"article:published_time\" content=\"2022-08-01T12:54:17+00:00\" \/>\n<meta property=\"og:image\" content=\"https:\/\/www.intoscana.it\/wp-content\/uploads\/NOCURVES-1-2.jpg\" \/>\n\t<meta property=\"og:image:width\" content=\"702\" \/>\n\t<meta property=\"og:image:height\" content=\"496\" \/>\n\t<meta property=\"og:image:type\" content=\"image\/jpeg\" \/>\n<meta name=\"author\" content=\"Redazione\" \/>\n<meta name=\"twitter:card\" content=\"summary_large_image\" \/>\n<meta name=\"twitter:creator\" content=\"@intoscana\" \/>\n<meta name=\"twitter:site\" content=\"@intoscana\" \/>\n<meta name=\"twitter:label1\" content=\"Written by\" \/>\n\t<meta name=\"twitter:data1\" content=\"Redazione\" \/>\n\t<meta name=\"twitter:label2\" content=\"Est. reading time\" \/>\n\t<meta name=\"twitter:data2\" content=\"2 minuti\" \/>\n<script type=\"application\/ld+json\" class=\"yoast-schema-graph\">{\"@context\":\"https:\/\/schema.org\",\"@graph\":[{\"@type\":\"WebPage\",\"@id\":\"https:\/\/www.intoscana.it\/it\/tutto-pronto-per-internet-festival-2022-linnovazione-digitale-si-fa-umana\/\",\"url\":\"https:\/\/www.intoscana.it\/it\/tutto-pronto-per-internet-festival-2022-linnovazione-digitale-si-fa-umana\/\",\"name\":\"Tutto pronto per Internet Festival 2022: l'innovazione digitale si fa umana - intoscana\",\"isPartOf\":{\"@id\":\"https:\/\/www.intoscana.it\/it\/#website\"},\"primaryImageOfPage\":{\"@id\":\"https:\/\/www.intoscana.it\/it\/tutto-pronto-per-internet-festival-2022-linnovazione-digitale-si-fa-umana\/#primaryimage\"},\"image\":{\"@id\":\"https:\/\/www.intoscana.it\/it\/tutto-pronto-per-internet-festival-2022-linnovazione-digitale-si-fa-umana\/#primaryimage\"},\"thumbnailUrl\":\"https:\/\/www.intoscana.it\/wp-content\/uploads\/NOCURVES-1-2.jpg\",\"datePublished\":\"2022-08-01T12:54:17+00:00\",\"author\":{\"@id\":\"https:\/\/www.intoscana.it\/it\/#\/schema\/person\/9223810753230f20bd670fdd322661f8\"},\"description\":\"L\u2019edizione numero dodici si terr\u00e0 a Pisa dal 6 al 9 ottobre: quattro giorni di panel, laboratori, incontri con autori, workshop e spettacoli\",\"breadcrumb\":{\"@id\":\"https:\/\/www.intoscana.it\/it\/tutto-pronto-per-internet-festival-2022-linnovazione-digitale-si-fa-umana\/#breadcrumb\"},\"inLanguage\":\"it-IT\",\"potentialAction\":[{\"@type\":\"ReadAction\",\"target\":[\"https:\/\/www.intoscana.it\/it\/tutto-pronto-per-internet-festival-2022-linnovazione-digitale-si-fa-umana\/\"]}]},{\"@type\":\"ImageObject\",\"inLanguage\":\"it-IT\",\"@id\":\"https:\/\/www.intoscana.it\/it\/tutto-pronto-per-internet-festival-2022-linnovazione-digitale-si-fa-umana\/#primaryimage\",\"url\":\"https:\/\/www.intoscana.it\/wp-content\/uploads\/NOCURVES-1-2.jpg\",\"contentUrl\":\"https:\/\/www.intoscana.it\/wp-content\/uploads\/NOCURVES-1-2.jpg\",\"width\":702,\"height\":496},{\"@type\":\"BreadcrumbList\",\"@id\":\"https:\/\/www.intoscana.it\/it\/tutto-pronto-per-internet-festival-2022-linnovazione-digitale-si-fa-umana\/#breadcrumb\",\"itemListElement\":[{\"@type\":\"ListItem\",\"position\":1,\"name\":\"Home\",\"item\":\"https:\/\/www.intoscana.it\/it\/\"},{\"@type\":\"ListItem\",\"position\":2,\"name\":\"Tutto pronto per Internet Festival 2022: l&#8217;innovazione digitale si fa umana\"}]},{\"@type\":\"WebSite\",\"@id\":\"https:\/\/www.intoscana.it\/it\/#website\",\"url\":\"https:\/\/www.intoscana.it\/it\/\",\"name\":\"intoscana\",\"description\":\"\",\"potentialAction\":[{\"@type\":\"SearchAction\",\"target\":{\"@type\":\"EntryPoint\",\"urlTemplate\":\"https:\/\/www.intoscana.it\/it\/?s={search_term_string}\"},\"query-input\":{\"@type\":\"PropertyValueSpecification\",\"valueRequired\":true,\"valueName\":\"search_term_string\"}}],\"inLanguage\":\"it-IT\"},{\"@type\":\"Person\",\"@id\":\"https:\/\/www.intoscana.it\/it\/#\/schema\/person\/9223810753230f20bd670fdd322661f8\",\"name\":\"Redazione\",\"url\":\"https:\/\/www.intoscana.it\/it\/author\/redazione\/\"}]}<\/script>\n<!-- \/ Yoast SEO Premium plugin. -->","yoast_head_json":{"title":"Tutto pronto per Internet Festival 2022: l'innovazione digitale si fa umana - intoscana","description":"L\u2019edizione numero dodici si terr\u00e0 a Pisa dal 6 al 9 ottobre: quattro giorni di panel, laboratori, incontri con autori, workshop e spettacoli","robots":{"index":"index","follow":"follow","max-snippet":"max-snippet:-1","max-image-preview":"max-image-preview:large","max-video-preview":"max-video-preview:-1"},"canonical":"https:\/\/www.intoscana.it\/it\/tutto-pronto-per-internet-festival-2022-linnovazione-digitale-si-fa-umana\/","og_locale":"it_IT","og_type":"article","og_title":"Tutto pronto per Internet Festival 2022: l'innovazione digitale si fa umana","og_description":"L\u2019edizione numero dodici si terr\u00e0 a Pisa dal 6 al 9 ottobre: quattro giorni di panel, laboratori, incontri con autori, workshop e spettacoli","og_url":"https:\/\/www.intoscana.it\/it\/tutto-pronto-per-internet-festival-2022-linnovazione-digitale-si-fa-umana\/","og_site_name":"intoscana","article_publisher":"https:\/\/www.facebook.com\/intoscana.it","article_published_time":"2022-08-01T12:54:17+00:00","og_image":[{"width":702,"height":496,"url":"https:\/\/www.intoscana.it\/wp-content\/uploads\/NOCURVES-1-2.jpg","type":"image\/jpeg"}],"author":"Redazione","twitter_card":"summary_large_image","twitter_creator":"@intoscana","twitter_site":"@intoscana","twitter_misc":{"Written by":"Redazione","Est. reading time":"2 minuti"},"schema":{"@context":"https:\/\/schema.org","@graph":[{"@type":"WebPage","@id":"https:\/\/www.intoscana.it\/it\/tutto-pronto-per-internet-festival-2022-linnovazione-digitale-si-fa-umana\/","url":"https:\/\/www.intoscana.it\/it\/tutto-pronto-per-internet-festival-2022-linnovazione-digitale-si-fa-umana\/","name":"Tutto pronto per Internet Festival 2022: l'innovazione digitale si fa umana - intoscana","isPartOf":{"@id":"https:\/\/www.intoscana.it\/it\/#website"},"primaryImageOfPage":{"@id":"https:\/\/www.intoscana.it\/it\/tutto-pronto-per-internet-festival-2022-linnovazione-digitale-si-fa-umana\/#primaryimage"},"image":{"@id":"https:\/\/www.intoscana.it\/it\/tutto-pronto-per-internet-festival-2022-linnovazione-digitale-si-fa-umana\/#primaryimage"},"thumbnailUrl":"https:\/\/www.intoscana.it\/wp-content\/uploads\/NOCURVES-1-2.jpg","datePublished":"2022-08-01T12:54:17+00:00","author":{"@id":"https:\/\/www.intoscana.it\/it\/#\/schema\/person\/9223810753230f20bd670fdd322661f8"},"description":"L\u2019edizione numero dodici si terr\u00e0 a Pisa dal 6 al 9 ottobre: quattro giorni di panel, laboratori, incontri con autori, workshop e spettacoli","breadcrumb":{"@id":"https:\/\/www.intoscana.it\/it\/tutto-pronto-per-internet-festival-2022-linnovazione-digitale-si-fa-umana\/#breadcrumb"},"inLanguage":"it-IT","potentialAction":[{"@type":"ReadAction","target":["https:\/\/www.intoscana.it\/it\/tutto-pronto-per-internet-festival-2022-linnovazione-digitale-si-fa-umana\/"]}]},{"@type":"ImageObject","inLanguage":"it-IT","@id":"https:\/\/www.intoscana.it\/it\/tutto-pronto-per-internet-festival-2022-linnovazione-digitale-si-fa-umana\/#primaryimage","url":"https:\/\/www.intoscana.it\/wp-content\/uploads\/NOCURVES-1-2.jpg","contentUrl":"https:\/\/www.intoscana.it\/wp-content\/uploads\/NOCURVES-1-2.jpg","width":702,"height":496},{"@type":"BreadcrumbList","@id":"https:\/\/www.intoscana.it\/it\/tutto-pronto-per-internet-festival-2022-linnovazione-digitale-si-fa-umana\/#breadcrumb","itemListElement":[{"@type":"ListItem","position":1,"name":"Home","item":"https:\/\/www.intoscana.it\/it\/"},{"@type":"ListItem","position":2,"name":"Tutto pronto per Internet Festival 2022: l&#8217;innovazione digitale si fa umana"}]},{"@type":"WebSite","@id":"https:\/\/www.intoscana.it\/it\/#website","url":"https:\/\/www.intoscana.it\/it\/","name":"intoscana","description":"","potentialAction":[{"@type":"SearchAction","target":{"@type":"EntryPoint","urlTemplate":"https:\/\/www.intoscana.it\/it\/?s={search_term_string}"},"query-input":{"@type":"PropertyValueSpecification","valueRequired":true,"valueName":"search_term_string"}}],"inLanguage":"it-IT"},{"@type":"Person","@id":"https:\/\/www.intoscana.it\/it\/#\/schema\/person\/9223810753230f20bd670fdd322661f8","name":"Redazione","url":"https:\/\/www.intoscana.it\/it\/author\/redazione\/"}]}},"_links":{"self":[{"href":"https:\/\/www.intoscana.it\/it\/wp-json\/wp\/v2\/posts\/240471","targetHints":{"allow":["GET"]}}],"collection":[{"href":"https:\/\/www.intoscana.it\/it\/wp-json\/wp\/v2\/posts"}],"about":[{"href":"https:\/\/www.intoscana.it\/it\/wp-json\/wp\/v2\/types\/post"}],"author":[{"embeddable":true,"href":"https:\/\/www.intoscana.it\/it\/wp-json\/wp\/v2\/users\/525"}],"replies":[{"embeddable":true,"href":"https:\/\/www.intoscana.it\/it\/wp-json\/wp\/v2\/comments?post=240471"}],"version-history":[{"count":0,"href":"https:\/\/www.intoscana.it\/it\/wp-json\/wp\/v2\/posts\/240471\/revisions"}],"wp:featuredmedia":[{"embeddable":true,"href":"https:\/\/www.intoscana.it\/it\/wp-json\/wp\/v2\/media\/240479"}],"wp:attachment":[{"href":"https:\/\/www.intoscana.it\/it\/wp-json\/wp\/v2\/media?parent=240471"}],"wp:term":[{"taxonomy":"category","embeddable":true,"href":"https:\/\/www.intoscana.it\/it\/wp-json\/wp\/v2\/categories?post=240471"},{"taxonomy":"post_tag","embeddable":true,"href":"https:\/\/www.intoscana.it\/it\/wp-json\/wp\/v2\/tags?post=240471"}],"curies":[{"name":"wp","href":"https:\/\/api.w.org\/{rel}","templated":true}]}}