{"id":240866,"date":"2022-08-03T11:09:05","date_gmt":"2022-08-03T09:09:05","guid":{"rendered":"https:\/\/www.intoscana.it\/it\/?p=240866"},"modified":"2022-08-04T12:26:45","modified_gmt":"2022-08-04T10:26:45","slug":"covid-2-260-nuovi-contagi","status":"publish","type":"post","link":"https:\/\/www.intoscana.it\/it\/covid-2-260-nuovi-contagi\/","title":{"rendered":"Covid, 2.260 nuovi contagi, nove i decessi"},"content":{"rendered":"<p>n Toscana sono 1.344.844 i nuovi contagi, <strong>2.260<\/strong> in pi\u00f9 rispetto a ieri: 451 confermati con tampone molecolare e 1.809 da test rapido antigenico.<\/p>\n<h3>I nuovi casi<\/h3>\n<p>I nuovi casi sono lo <strong>0,2%<\/strong> in pi\u00f9 rispetto al totale del giorno precedente. Oggi sono stati eseguiti 1.956 tamponi molecolari e 12.004 tamponi antigenici rapidi, di questi il <strong>16,2% \u00e8 risultato positivo<\/strong>. Sono invece 3.083 i soggetti testati oggi (con tampone antigenico e\/o molecolare, escludendo i tamponi di controllo), di cui il 73,3% \u00e8 risultato positivo. Gli attualmente positivi sono oggi 91.494, -1% rispetto a ieri.<\/p>\n<p>L&#8217;et\u00e0 media dei 2.260 nuovi positivi odierni \u00e8 di <strong>51<\/strong> anni circa (11% ha meno di 20 anni, 17% tra 20 e 39 anni, 30% tra 40 e 59 anni, 32% tra 60 e 79 anni, 10% ha 80 anni o pi\u00f9).<\/p>\n<h3>Nuovi contagi sul territorio<\/h3>\n<p>Di seguito i casi di positivit\u00e0 sul territorio con la variazione rispetto a ieri (451 confermati con tampone molecolare e 1.809 da test rapido antigenico). Sono 370.126 i casi complessivi ad oggi a Firenze (488 in pi\u00f9 rispetto a ieri), 90.680 a Prato (142 in pi\u00f9), 106.225 a Pistoia (158 in pi\u00f9), 66.437 a Massa (192 in pi\u00f9), 142.848 a Lucca (292 in pi\u00f9), 155.840 a Pisa (264 in pi\u00f9), 120.853 a Livorno (238 in pi\u00f9), 121.646 ad Arezzo (167 in pi\u00f9), 96.556 a Siena (141 in pi\u00f9), 73.078 a Grosseto (178 in pi\u00f9). Sono 555 i casi positivi notificati in Toscana, ma residenti in altre regioni.<\/p>\n<p>Sono 819 i casi riscontrati oggi nell&#8217;Asl Centro, 955 nella Nord Ovest, 486 nella Sud est.<\/p>\n<p>La Toscana si trova al 9\u00b0 posto in Italia come numerosit\u00e0 di casi (comprensivi di residenti e non residenti), con circa 36.417 casi per 100.000 abitanti (media italiana circa 35.662 x100.000, dato di ieri). Le province di notifica con il tasso pi\u00f9 alto sono Pisa con 37.284 casi x100.000 abitanti, Lucca con 37.204, Firenze con 37.071, la pi\u00f9 bassa Grosseto con 33.546.<\/p>\n<h3>Isolamento e ricoveri<\/h3>\n<p>Complessivamente, 90.811 persone sono in isolamento a casa, poich\u00e9 presentano sintomi lievi che non richiedono cure ospedaliere, o risultano prive di sintomi (883 in meno rispetto a ieri, meno 1%).<\/p>\n<p>Le persone <strong>ricoverate<\/strong> nei posti letto dedicati ai pazienti Covid oggi sono complessivamente 683 (23 in meno rispetto a ieri, meno 3,3%), 28 in terapia intensiva (2 in pi\u00f9 rispetto a ieri, pi\u00f9 7,7%).<\/p>\n<p>Le persone complessivamente <strong>guarite<\/strong> sono 1.242.902 (3.157 in pi\u00f9 rispetto a ieri, pi\u00f9 0,3%): 0 persone clinicamente guarite (stabili rispetto a ieri), divenute cio\u00e8 asintomatiche dopo aver presentato manifestazioni cliniche associate all&#8217;infezione e 1.242.902 (3.157 in pi\u00f9 rispetto a ieri, pi\u00f9 0,3%) dichiarate guarite a tutti gli effetti, le cosiddette guarigioni virali, con tampone negativo.<\/p>\n<h3>Mortalit\u00e0<\/h3>\n<p>Oggi si registrano <strong>9 nuovi decessi:<\/strong> 4 uomini e 5 donne con un&#8217;et\u00e0 media di 89 anni.<br \/>\nRelativamente alla provincia di residenza, le persone decedute sono: 3 a Firenze, 1 a Prato, 1 a Pistoia, 2 a Lucca, 1 a Pisa, 1 a Livorno.<\/p>\n<p>Sono 10.448 i deceduti dall&#8217;inizio dell&#8217;epidemia cosi ripartiti: 3.290 a Firenze, 855 a Prato, 936 a Pistoia, 669 a Massa Carrara, 986 a Lucca, 1.174 a Pisa, 786 a Livorno, 665 ad Arezzo, 549 a Siena, 392 a Grosseto, 146 persone sono decedute sul suolo toscano ma erano residenti fuori regione.<\/p>\n<p>Il tasso grezzo di mortalit\u00e0 toscano (numero di deceduti\/popolazione residente) per Covid-19 \u00e8 di 282,9 x100.000 residenti contro il 291 x100.000 della media italiana (9\u00b0 regione). Per quanto riguarda le province, il tasso di mortalit\u00e0 pi\u00f9 alto si riscontra a Massa Carrara (352,4 x100.000), Firenze (329,5 x100.000) e Pistoia (322,5 x100.000), il pi\u00f9 basso a Grosseto (179,9 x100.000)<\/p>\n","protected":false},"excerpt":{"rendered":"<p>Oggi sono stati eseguiti 1.956 tamponi molecolari e 12.004 tamponi antigenici rapidi, di questi il 16,2% \u00e8 risultato positivo. 683 persone ricoverate<\/p>\n","protected":false},"author":525,"featured_media":185986,"comment_status":"open","ping_status":"open","sticky":false,"template":"","format":"standard","meta":{"_acf_changed":false,"footnotes":""},"categories":[494],"tags":[4868,4809,5149,134],"class_list":["post-240866","post","type-post","status-publish","format-standard","has-post-thumbnail","hentry","category-attualita","tag-bollettino-covid-toscana","tag-covid","tag-pandemia","tag-salute"],"acf":[],"yoast_head":"<!-- This site is optimized with the Yoast SEO Premium plugin v24.2 (Yoast SEO v25.6) - https:\/\/yoast.com\/wordpress\/plugins\/seo\/ -->\n<title>Covid, 2.260 nuovi contagi, nove i decessi - intoscana<\/title>\n<meta name=\"description\" content=\"Oggi sono stati eseguiti 1.956 tamponi molecolari e 12.004 tamponi antigenici rapidi, di questi il 16,2% \u00e8 risultato positivo\" \/>\n<meta name=\"robots\" content=\"index, follow, max-snippet:-1, max-image-preview:large, max-video-preview:-1\" \/>\n<link rel=\"canonical\" href=\"https:\/\/www.intoscana.it\/it\/covid-2-260-nuovi-contagi\/\" \/>\n<meta property=\"og:locale\" content=\"it_IT\" \/>\n<meta property=\"og:type\" content=\"article\" \/>\n<meta property=\"og:title\" content=\"Covid, 2.260 nuovi contagi, nove i decessi\" \/>\n<meta property=\"og:description\" content=\"Oggi sono stati eseguiti 1.956 tamponi molecolari e 12.004 tamponi antigenici rapidi, di questi il 16,2% \u00e8 risultato positivo\" \/>\n<meta property=\"og:url\" content=\"https:\/\/www.intoscana.it\/it\/covid-2-260-nuovi-contagi\/\" \/>\n<meta property=\"og:site_name\" content=\"intoscana\" \/>\n<meta property=\"article:publisher\" content=\"https:\/\/www.facebook.com\/intoscana.it\" \/>\n<meta property=\"article:published_time\" content=\"2022-08-03T09:09:05+00:00\" \/>\n<meta property=\"article:modified_time\" content=\"2022-08-04T10:26:45+00:00\" \/>\n<meta property=\"og:image\" content=\"https:\/\/www.intoscana.it\/wp-content\/uploads\/Ragazza-con-la-mascherina-Faith-Crabtree-Unsplash.jpg\" \/>\n\t<meta property=\"og:image:width\" content=\"1920\" \/>\n\t<meta property=\"og:image:height\" content=\"1280\" \/>\n\t<meta property=\"og:image:type\" content=\"image\/jpeg\" \/>\n<meta name=\"author\" content=\"Redazione\" \/>\n<meta name=\"twitter:card\" content=\"summary_large_image\" \/>\n<meta name=\"twitter:creator\" content=\"@intoscana\" \/>\n<meta name=\"twitter:site\" content=\"@intoscana\" \/>\n<meta name=\"twitter:label1\" content=\"Written by\" \/>\n\t<meta name=\"twitter:data1\" content=\"Redazione\" \/>\n\t<meta name=\"twitter:label2\" content=\"Est. reading time\" \/>\n\t<meta name=\"twitter:data2\" content=\"2 minuti\" \/>\n<script type=\"application\/ld+json\" class=\"yoast-schema-graph\">{\"@context\":\"https:\/\/schema.org\",\"@graph\":[{\"@type\":\"WebPage\",\"@id\":\"https:\/\/www.intoscana.it\/it\/covid-2-260-nuovi-contagi\/\",\"url\":\"https:\/\/www.intoscana.it\/it\/covid-2-260-nuovi-contagi\/\",\"name\":\"Covid, 2.260 nuovi contagi, nove i decessi - intoscana\",\"isPartOf\":{\"@id\":\"https:\/\/www.intoscana.it\/it\/#website\"},\"primaryImageOfPage\":{\"@id\":\"https:\/\/www.intoscana.it\/it\/covid-2-260-nuovi-contagi\/#primaryimage\"},\"image\":{\"@id\":\"https:\/\/www.intoscana.it\/it\/covid-2-260-nuovi-contagi\/#primaryimage\"},\"thumbnailUrl\":\"https:\/\/www.intoscana.it\/wp-content\/uploads\/Ragazza-con-la-mascherina-Faith-Crabtree-Unsplash.jpg\",\"datePublished\":\"2022-08-03T09:09:05+00:00\",\"dateModified\":\"2022-08-04T10:26:45+00:00\",\"author\":{\"@id\":\"https:\/\/www.intoscana.it\/it\/#\/schema\/person\/9223810753230f20bd670fdd322661f8\"},\"description\":\"Oggi sono stati eseguiti 1.956 tamponi molecolari e 12.004 tamponi antigenici rapidi, di questi il 16,2% \u00e8 risultato positivo\",\"breadcrumb\":{\"@id\":\"https:\/\/www.intoscana.it\/it\/covid-2-260-nuovi-contagi\/#breadcrumb\"},\"inLanguage\":\"it-IT\",\"potentialAction\":[{\"@type\":\"ReadAction\",\"target\":[\"https:\/\/www.intoscana.it\/it\/covid-2-260-nuovi-contagi\/\"]}]},{\"@type\":\"ImageObject\",\"inLanguage\":\"it-IT\",\"@id\":\"https:\/\/www.intoscana.it\/it\/covid-2-260-nuovi-contagi\/#primaryimage\",\"url\":\"https:\/\/www.intoscana.it\/wp-content\/uploads\/Ragazza-con-la-mascherina-Faith-Crabtree-Unsplash.jpg\",\"contentUrl\":\"https:\/\/www.intoscana.it\/wp-content\/uploads\/Ragazza-con-la-mascherina-Faith-Crabtree-Unsplash.jpg\",\"width\":1920,\"height\":1280},{\"@type\":\"BreadcrumbList\",\"@id\":\"https:\/\/www.intoscana.it\/it\/covid-2-260-nuovi-contagi\/#breadcrumb\",\"itemListElement\":[{\"@type\":\"ListItem\",\"position\":1,\"name\":\"Home\",\"item\":\"https:\/\/www.intoscana.it\/it\/\"},{\"@type\":\"ListItem\",\"position\":2,\"name\":\"Covid, 2.260 nuovi contagi, nove i decessi\"}]},{\"@type\":\"WebSite\",\"@id\":\"https:\/\/www.intoscana.it\/it\/#website\",\"url\":\"https:\/\/www.intoscana.it\/it\/\",\"name\":\"intoscana\",\"description\":\"\",\"potentialAction\":[{\"@type\":\"SearchAction\",\"target\":{\"@type\":\"EntryPoint\",\"urlTemplate\":\"https:\/\/www.intoscana.it\/it\/?s={search_term_string}\"},\"query-input\":{\"@type\":\"PropertyValueSpecification\",\"valueRequired\":true,\"valueName\":\"search_term_string\"}}],\"inLanguage\":\"it-IT\"},{\"@type\":\"Person\",\"@id\":\"https:\/\/www.intoscana.it\/it\/#\/schema\/person\/9223810753230f20bd670fdd322661f8\",\"name\":\"Redazione\",\"url\":\"https:\/\/www.intoscana.it\/it\/author\/redazione\/\"}]}<\/script>\n<!-- \/ Yoast SEO Premium plugin. -->","yoast_head_json":{"title":"Covid, 2.260 nuovi contagi, nove i decessi - intoscana","description":"Oggi sono stati eseguiti 1.956 tamponi molecolari e 12.004 tamponi antigenici rapidi, di questi il 16,2% \u00e8 risultato positivo","robots":{"index":"index","follow":"follow","max-snippet":"max-snippet:-1","max-image-preview":"max-image-preview:large","max-video-preview":"max-video-preview:-1"},"canonical":"https:\/\/www.intoscana.it\/it\/covid-2-260-nuovi-contagi\/","og_locale":"it_IT","og_type":"article","og_title":"Covid, 2.260 nuovi contagi, nove i decessi","og_description":"Oggi sono stati eseguiti 1.956 tamponi molecolari e 12.004 tamponi antigenici rapidi, di questi il 16,2% \u00e8 risultato positivo","og_url":"https:\/\/www.intoscana.it\/it\/covid-2-260-nuovi-contagi\/","og_site_name":"intoscana","article_publisher":"https:\/\/www.facebook.com\/intoscana.it","article_published_time":"2022-08-03T09:09:05+00:00","article_modified_time":"2022-08-04T10:26:45+00:00","og_image":[{"width":1920,"height":1280,"url":"https:\/\/www.intoscana.it\/wp-content\/uploads\/Ragazza-con-la-mascherina-Faith-Crabtree-Unsplash.jpg","type":"image\/jpeg"}],"author":"Redazione","twitter_card":"summary_large_image","twitter_creator":"@intoscana","twitter_site":"@intoscana","twitter_misc":{"Written by":"Redazione","Est. reading time":"2 minuti"},"schema":{"@context":"https:\/\/schema.org","@graph":[{"@type":"WebPage","@id":"https:\/\/www.intoscana.it\/it\/covid-2-260-nuovi-contagi\/","url":"https:\/\/www.intoscana.it\/it\/covid-2-260-nuovi-contagi\/","name":"Covid, 2.260 nuovi contagi, nove i decessi - intoscana","isPartOf":{"@id":"https:\/\/www.intoscana.it\/it\/#website"},"primaryImageOfPage":{"@id":"https:\/\/www.intoscana.it\/it\/covid-2-260-nuovi-contagi\/#primaryimage"},"image":{"@id":"https:\/\/www.intoscana.it\/it\/covid-2-260-nuovi-contagi\/#primaryimage"},"thumbnailUrl":"https:\/\/www.intoscana.it\/wp-content\/uploads\/Ragazza-con-la-mascherina-Faith-Crabtree-Unsplash.jpg","datePublished":"2022-08-03T09:09:05+00:00","dateModified":"2022-08-04T10:26:45+00:00","author":{"@id":"https:\/\/www.intoscana.it\/it\/#\/schema\/person\/9223810753230f20bd670fdd322661f8"},"description":"Oggi sono stati eseguiti 1.956 tamponi molecolari e 12.004 tamponi antigenici rapidi, di questi il 16,2% \u00e8 risultato positivo","breadcrumb":{"@id":"https:\/\/www.intoscana.it\/it\/covid-2-260-nuovi-contagi\/#breadcrumb"},"inLanguage":"it-IT","potentialAction":[{"@type":"ReadAction","target":["https:\/\/www.intoscana.it\/it\/covid-2-260-nuovi-contagi\/"]}]},{"@type":"ImageObject","inLanguage":"it-IT","@id":"https:\/\/www.intoscana.it\/it\/covid-2-260-nuovi-contagi\/#primaryimage","url":"https:\/\/www.intoscana.it\/wp-content\/uploads\/Ragazza-con-la-mascherina-Faith-Crabtree-Unsplash.jpg","contentUrl":"https:\/\/www.intoscana.it\/wp-content\/uploads\/Ragazza-con-la-mascherina-Faith-Crabtree-Unsplash.jpg","width":1920,"height":1280},{"@type":"BreadcrumbList","@id":"https:\/\/www.intoscana.it\/it\/covid-2-260-nuovi-contagi\/#breadcrumb","itemListElement":[{"@type":"ListItem","position":1,"name":"Home","item":"https:\/\/www.intoscana.it\/it\/"},{"@type":"ListItem","position":2,"name":"Covid, 2.260 nuovi contagi, nove i decessi"}]},{"@type":"WebSite","@id":"https:\/\/www.intoscana.it\/it\/#website","url":"https:\/\/www.intoscana.it\/it\/","name":"intoscana","description":"","potentialAction":[{"@type":"SearchAction","target":{"@type":"EntryPoint","urlTemplate":"https:\/\/www.intoscana.it\/it\/?s={search_term_string}"},"query-input":{"@type":"PropertyValueSpecification","valueRequired":true,"valueName":"search_term_string"}}],"inLanguage":"it-IT"},{"@type":"Person","@id":"https:\/\/www.intoscana.it\/it\/#\/schema\/person\/9223810753230f20bd670fdd322661f8","name":"Redazione","url":"https:\/\/www.intoscana.it\/it\/author\/redazione\/"}]}},"_links":{"self":[{"href":"https:\/\/www.intoscana.it\/it\/wp-json\/wp\/v2\/posts\/240866","targetHints":{"allow":["GET"]}}],"collection":[{"href":"https:\/\/www.intoscana.it\/it\/wp-json\/wp\/v2\/posts"}],"about":[{"href":"https:\/\/www.intoscana.it\/it\/wp-json\/wp\/v2\/types\/post"}],"author":[{"embeddable":true,"href":"https:\/\/www.intoscana.it\/it\/wp-json\/wp\/v2\/users\/525"}],"replies":[{"embeddable":true,"href":"https:\/\/www.intoscana.it\/it\/wp-json\/wp\/v2\/comments?post=240866"}],"version-history":[{"count":0,"href":"https:\/\/www.intoscana.it\/it\/wp-json\/wp\/v2\/posts\/240866\/revisions"}],"wp:featuredmedia":[{"embeddable":true,"href":"https:\/\/www.intoscana.it\/it\/wp-json\/wp\/v2\/media\/185986"}],"wp:attachment":[{"href":"https:\/\/www.intoscana.it\/it\/wp-json\/wp\/v2\/media?parent=240866"}],"wp:term":[{"taxonomy":"category","embeddable":true,"href":"https:\/\/www.intoscana.it\/it\/wp-json\/wp\/v2\/categories?post=240866"},{"taxonomy":"post_tag","embeddable":true,"href":"https:\/\/www.intoscana.it\/it\/wp-json\/wp\/v2\/tags?post=240866"}],"curies":[{"name":"wp","href":"https:\/\/api.w.org\/{rel}","templated":true}]}}