{"id":241282,"date":"2022-09-05T10:06:50","date_gmt":"2022-09-05T08:06:50","guid":{"rendered":"https:\/\/www.intoscana.it\/it\/?p=241282"},"modified":"2022-09-05T12:54:31","modified_gmt":"2022-09-05T10:54:31","slug":"a-firenze-il-festival-delle-associazioni-culturali-oltre-30-eventi-e-piu-di-40-realta-coinvolte","status":"publish","type":"post","link":"https:\/\/www.intoscana.it\/it\/a-firenze-il-festival-delle-associazioni-culturali-oltre-30-eventi-e-piu-di-40-realta-coinvolte\/","title":{"rendered":"A Firenze il Festival delle Associazioni Culturali: oltre 30 eventi e pi\u00f9 di 40 realt\u00e0 coinvolte"},"content":{"rendered":"<p><strong>Dall\u20198 al 30 settembre a Firenze<\/strong> \u00e8 in arrivo la seconda edizione del<strong> Festival delle Associazioni Culturali<\/strong>, l\u2019iniziativa organizzata da Centro Associazioni Culturali Fiorentine APS.<\/p>\n<p>In programma<strong> un calendario fitto di appuntamenti<\/strong> che offrir\u00e0 ai partecipanti la possibilit\u00e0 di scoprire<strong> spazi di immenso valore storico e artistico,<\/strong> di cui molti apriranno le porte in via straordinaria per l\u2019occasione.\u00a0Non solo: <strong>dal 1 al 19 ottobre<\/strong> in programma una selezione di proposte <strong>fuori festival.\u00a0<\/strong><\/p>\n<h3>I luoghi del Festival<\/h3>\n<p>Elemento distintivo del festival sono i luoghi che lo ospitano: da <strong>spazi iconici della cultura fiorentina<\/strong> \u2013 tra gli altri il <strong>Teatro della Pergola, l\u2019Istituto Francese, la Biblioteca delle Oblate, il Giardino delle Rose, la Basilica della SS Annunziata e la Villa Medicea La Petraia, Villa Bardini e il Museo Stibbert<\/strong> \u2013 a spazi che deviano dagli itinerari consueti \u2013 come <strong>Piazza del Limbo, il Cimitero agli Allori, il Parco della Rimembranza e la Certosa di Firenze<\/strong>.<\/p>\n<p>Fino a <strong>palazzi, chiese e residenze e istituzioni private<\/strong> normalmente chiusi al pubblico, che per un giorno riveleranno i propri tesori: la <strong>Casa del Mutilato<\/strong>, per un viaggio tra architettura, opere d&#8217;arte e arredi dal XIV secolo al primo Novecento; <strong>Villa Tornabuoni Lemmi,<\/strong> dove si parler\u00e0 della <strong>Villa Medicea di Careggi<\/strong> e della poco conosciuta <strong>Loggia Platonica<\/strong> posta sulle rive del Terzolle; l<strong>\u2019archivio storico del Maggio Musicale<\/strong> e la sua inestimabile collezione di documenti, bozzetti originali di grandi maestri della pittura contemporanea e del 900, maquettes di scena, costumi, manifesti e fotografie;<strong> Casa Museo Schlatter,<\/strong> atelier del pittore mistico Carlo Adolfo Schlatter;<strong> Villa Il Palmerino,<\/strong> dimora della poetessa e scrittrice Vernon Lee; e ben <strong>sei antichi oratori<\/strong> sconosciuti anche agli stessi fiorentini.<\/p>\n<figure id=\"post-241290 media-241290\" class=\"align-none\"><img decoding=\"async\" src=\"https:\/\/www.intoscana.it\/wp-content\/uploads\/Casa-del-Mutilato_Chiostro-degli-Angeli-con-campanile.jpg\" alt=\"\" \/><\/figure>\n<div class=\"titleimg\"><em>Casa del Mutilato, Chiostro degli Angeli con campanile<\/em><\/div>\n<h3>Gli eventi<\/h3>\n<p>Inaugurazione <strong>gioved\u00ec 8 settembre al Saloncino del Teatro della Pergola<\/strong>, con un doppio concerto su brani di Johannes Brahms, Ludwig van Beethoven, Claudio Monterverdi, Henry Purcell, Gaetano Donizetti, Francesco Paolo Tosti, Charles Gounod, Georges Bizet e Manuel de Falla.<\/p>\n<p>A seguire<a href=\"https:\/\/www.intoscana.it\/it\/articolo\/ottavia-piccolo-interpreta-elda-pucci-la-prima-sindaca-donna-nella-palermo-del-1983\/\" target=\"_blank\" rel=\"noopener\"> <strong>Ottavia Piccolo<\/strong><\/a> sar\u00e0 protagonista di <em><strong>\u201cCosa nostra spiegata ai bambini\u201d:<\/strong><\/em> un\u2019attrice, un ensemble di voci, la scrittura di <strong>Stefano Massini<\/strong> e la storia di una donna, Elda Pucci, eletta sindaco della citt\u00e0 di Palermo, la cui abitazione salt\u00f2 in aria due anni pi\u00f9 tardi. La Piccolo e i Solisti dell\u2019<strong>Orchestra Multietnica di Arezzo<\/strong> tornano a confrontarsi con le parole di Massini, dando struttura a un teatro civile in cui il racconto passa attraverso la voce di coloro che spesso non l\u2019hanno, in collaborazione con <strong>Fondazione Teatro della Toscana.<\/strong><\/p>\n<p>Il <strong>12 settembre a Villa Tornabuoni Lemmi,<\/strong> oggi sede istituzionale INAIL, un tempo importante centro umanistico nella Firenze del \u2018400, il simposio <em><strong>\u201cUn luogo della memoria del Rinascimento a Firenze: la Villa Medicea e la Loggia Platonica a Careggi dal XV secolo ad oggi\u201d<\/strong><\/em>, che ripercorrer\u00e0 la storia della <strong>Villa Medicea di Careggi<\/strong> e della sua <strong>Accademia Neo-Platonica.<\/strong><\/p>\n<p>Il <strong>18 settembre<em> \u201cLa verde collina di San Miniato\u201d<\/em><\/strong>, itinerario fra giardini e luoghi della memoria con tre diverse visite guidate: una mattinata al <strong>Giardino delle Rose<\/strong> con le<strong> sculture di Folon,<\/strong> che comprender\u00e0 laboratori per famiglie e un momento musicale; il pomeriggio presso il<strong> Parco della Rimembranza,<\/strong> e conclusione da EdV a Garden with a View, un singolare giardino contemporaneo in cui si uniscono bellezza e sostenibilit\u00e0.<\/p>\n<p>Il <strong>19 settembre<\/strong> sar\u00e0 poi possibile approfondire la conoscenza della<strong> Basilica della SS Annunziata<\/strong> in un pomeriggio scandito da due appuntamenti: una visita guidata che comprender\u00e0 straordinariamente anche la <strong>Cappella di San Luca<\/strong>, restaurata di recente, e una serie di interventi su potere e devozione nella famiglia Medici.<\/p>\n<p>E ancora: alla storia di Firenze sar\u00e0 dedicato il convegno in programma per il<strong> 22 e 29 settembre tra l\u2019Auditorium al Duomo e Villa Il Palmerino<\/strong> dal titolo <em><strong>\u201cL\u2019idea di Firenze. Relazioni fra la cultura fiorentina e quella europea nel XIX e XX secolo\u201d<\/strong><\/em>. Luogo principe di cultura europea, Firenze ha attratto artisti, poeti, scrittori di ogni parte del mondo che, nei decenni a cavallo fra Otto e Novecento, l\u2019hanno eletta loro residenza. I relatori invitati spazieranno dalla presenza di Giovanni Verga nei caff\u00e8 cittadini all\u2019epoca di Firenze capitale al cosmopolitismo di <strong>Frederick Stibbert,<\/strong> dall\u2019 internazionalit\u00e0 delle famiglie fiorentine al racconto delle donne venute da lontano che hanno trovato riposo nel Cimitero agli Allori.<\/p>\n<p>Architettura e arte delle fortificazioni saranno al centro della conferenza organizzata il <strong>25 settembre presso la Certosa di Firenze;<\/strong> mentre una giornata su studi d\u2019artista, libri e cultura nel quartiere di San Lorenzo, e in particolare in via Panicale tra Otto e Novecento sar\u00e0 convocata il <strong>27 settembre presso l\u2019Auditorium Fondazione Cassa di Risparmio<\/strong>.<\/p>\n<p>Firenze al centro della narrativa del Novecento e contemporanea, \u00e8 il tema della tavola rotonda alla <strong>Biblioteca delle Oblate il 15 settembre,<\/strong> con la partecipazione di <strong>Daniela Cavini, Marco Vichi e Paolo Ciampi<\/strong>.<\/p>\n<p>Non mancheranno le celebrazioni:<strong> mercoled\u00ec 21 settembre a Palazzo Medici Riccardi,<\/strong> per onorare la ricorrenza della<strong> Giornata Internazionale della Pace<\/strong> istituita dalle Nazioni Unite, in programma una mattinata di approfondimento che si aprir\u00e0 con una prima parte legata alla memoria del centenario della nascita di <strong>Padre Balducci<\/strong>, esempio di una comunit\u00e0 volta a costruire la pace in piena guerra fredda. La seconda parte verter\u00e0 sulla prospettiva internazionale declinata a livello locale da parte del Club per l\u2019UNESCO di Firenze.<\/p>\n<p>Nel centenario della nascita di <strong>Ugo Tognazzi<\/strong> il <strong>24 settembre a Villa Bardini<\/strong> \u00e8 indetta una grande festa tra cucina, film, ospiti e zingarate. Saranno presenti gli amici del grande interprete insieme ai registi e attori <strong>Gianmarco e Ricky Tognazzi<\/strong>, per una giornata che prevede presentazioni di libri tra cinema e gastronomia \u2013 grande passione di Tognazzi \u2013 e proiezioni. Inoltre le Mariette di casa Artusi, proporranno una dimostrazione di pasta fresca fatta a mano, oltre alla degustazione della ricetta n. 604<strong> \u201cPanettone Marietta\u201d.<\/strong><\/p>\n<p><strong>Ingresso gratuito per tutti gli appuntamenti<\/strong><\/p>\n<figure id=\"post-241293 media-241293\" class=\"align-none\"><img decoding=\"async\" src=\"https:\/\/www.intoscana.it\/wp-content\/uploads\/Locandina-festival-associazioni-2022-scaled.jpg\" alt=\"\" \/><\/figure>\n<div class=\"titleimg\">Locandina festival associazioni 2022<\/div>\n","protected":false},"excerpt":{"rendered":"<p>Dall&#8217;8 al 30 settembre visite guidate, concerti, cinema, teatro e conversazioni su arte, letteratura e storia, in 34 luoghi inconsueti e affascinanti della citt\u00e0<\/p>\n","protected":false},"author":525,"featured_media":241292,"comment_status":"open","ping_status":"open","sticky":false,"template":"","format":"standard","meta":{"_acf_changed":false,"footnotes":""},"categories":[493],"tags":[235,239,4474,228,202],"class_list":["post-241282","post","type-post","status-publish","format-standard","has-post-thumbnail","hentry","category-cultura","tag-estate","tag-estate-fiorentina","tag-eventi","tag-festival","tag-firenze"],"acf":[],"yoast_head":"<!-- This site is optimized with the Yoast SEO Premium plugin v24.2 (Yoast SEO v25.6) - https:\/\/yoast.com\/wordpress\/plugins\/seo\/ -->\n<title>A Firenze il Festival delle Associazioni Culturali: oltre 30 eventi e pi\u00f9 di 40 realt\u00e0 coinvolte - intoscana<\/title>\n<meta name=\"description\" content=\"Dall&#039;8 al 30 settembre visite guidate, concerti, cinema, teatro e conversazioni su arte, letteratura e storia, in 34 luoghi\" \/>\n<meta name=\"robots\" content=\"index, follow, max-snippet:-1, max-image-preview:large, max-video-preview:-1\" \/>\n<link rel=\"canonical\" href=\"https:\/\/www.intoscana.it\/it\/a-firenze-il-festival-delle-associazioni-culturali-oltre-30-eventi-e-piu-di-40-realta-coinvolte\/\" \/>\n<meta property=\"og:locale\" content=\"it_IT\" \/>\n<meta property=\"og:type\" content=\"article\" \/>\n<meta property=\"og:title\" content=\"A Firenze il Festival delle Associazioni Culturali: oltre 30 eventi e pi\u00f9 di 40 realt\u00e0 coinvolte\" \/>\n<meta property=\"og:description\" content=\"Dall&#039;8 al 30 settembre visite guidate, concerti, cinema, teatro e conversazioni su arte, letteratura e storia, in 34 luoghi\" \/>\n<meta property=\"og:url\" content=\"https:\/\/www.intoscana.it\/it\/a-firenze-il-festival-delle-associazioni-culturali-oltre-30-eventi-e-piu-di-40-realta-coinvolte\/\" \/>\n<meta property=\"og:site_name\" content=\"intoscana\" \/>\n<meta property=\"article:publisher\" content=\"https:\/\/www.facebook.com\/intoscana.it\" \/>\n<meta property=\"article:published_time\" content=\"2022-09-05T08:06:50+00:00\" \/>\n<meta property=\"article:modified_time\" content=\"2022-09-05T10:54:31+00:00\" \/>\n<meta property=\"og:image\" content=\"https:\/\/www.intoscana.it\/wp-content\/uploads\/Cosa-nostra-spiegata-ai-bambini_credits-Raffaella-Rivi.jpg\" \/>\n\t<meta property=\"og:image:width\" content=\"1280\" \/>\n\t<meta property=\"og:image:height\" content=\"954\" \/>\n\t<meta property=\"og:image:type\" content=\"image\/jpeg\" \/>\n<meta name=\"author\" content=\"Redazione\" \/>\n<meta name=\"twitter:card\" content=\"summary_large_image\" \/>\n<meta name=\"twitter:creator\" content=\"@intoscana\" \/>\n<meta name=\"twitter:site\" content=\"@intoscana\" \/>\n<meta name=\"twitter:label1\" content=\"Written by\" \/>\n\t<meta name=\"twitter:data1\" content=\"Redazione\" \/>\n\t<meta name=\"twitter:label2\" content=\"Est. reading time\" \/>\n\t<meta name=\"twitter:data2\" content=\"5 minuti\" \/>\n<script type=\"application\/ld+json\" class=\"yoast-schema-graph\">{\"@context\":\"https:\/\/schema.org\",\"@graph\":[{\"@type\":\"WebPage\",\"@id\":\"https:\/\/www.intoscana.it\/it\/a-firenze-il-festival-delle-associazioni-culturali-oltre-30-eventi-e-piu-di-40-realta-coinvolte\/\",\"url\":\"https:\/\/www.intoscana.it\/it\/a-firenze-il-festival-delle-associazioni-culturali-oltre-30-eventi-e-piu-di-40-realta-coinvolte\/\",\"name\":\"A Firenze il Festival delle Associazioni Culturali: oltre 30 eventi e pi\u00f9 di 40 realt\u00e0 coinvolte - intoscana\",\"isPartOf\":{\"@id\":\"https:\/\/www.intoscana.it\/it\/#website\"},\"primaryImageOfPage\":{\"@id\":\"https:\/\/www.intoscana.it\/it\/a-firenze-il-festival-delle-associazioni-culturali-oltre-30-eventi-e-piu-di-40-realta-coinvolte\/#primaryimage\"},\"image\":{\"@id\":\"https:\/\/www.intoscana.it\/it\/a-firenze-il-festival-delle-associazioni-culturali-oltre-30-eventi-e-piu-di-40-realta-coinvolte\/#primaryimage\"},\"thumbnailUrl\":\"https:\/\/www.intoscana.it\/wp-content\/uploads\/Cosa-nostra-spiegata-ai-bambini_credits-Raffaella-Rivi.jpg\",\"datePublished\":\"2022-09-05T08:06:50+00:00\",\"dateModified\":\"2022-09-05T10:54:31+00:00\",\"author\":{\"@id\":\"https:\/\/www.intoscana.it\/it\/#\/schema\/person\/9223810753230f20bd670fdd322661f8\"},\"description\":\"Dall'8 al 30 settembre visite guidate, concerti, cinema, teatro e conversazioni su arte, letteratura e storia, in 34 luoghi\",\"breadcrumb\":{\"@id\":\"https:\/\/www.intoscana.it\/it\/a-firenze-il-festival-delle-associazioni-culturali-oltre-30-eventi-e-piu-di-40-realta-coinvolte\/#breadcrumb\"},\"inLanguage\":\"it-IT\",\"potentialAction\":[{\"@type\":\"ReadAction\",\"target\":[\"https:\/\/www.intoscana.it\/it\/a-firenze-il-festival-delle-associazioni-culturali-oltre-30-eventi-e-piu-di-40-realta-coinvolte\/\"]}]},{\"@type\":\"ImageObject\",\"inLanguage\":\"it-IT\",\"@id\":\"https:\/\/www.intoscana.it\/it\/a-firenze-il-festival-delle-associazioni-culturali-oltre-30-eventi-e-piu-di-40-realta-coinvolte\/#primaryimage\",\"url\":\"https:\/\/www.intoscana.it\/wp-content\/uploads\/Cosa-nostra-spiegata-ai-bambini_credits-Raffaella-Rivi.jpg\",\"contentUrl\":\"https:\/\/www.intoscana.it\/wp-content\/uploads\/Cosa-nostra-spiegata-ai-bambini_credits-Raffaella-Rivi.jpg\",\"width\":1280,\"height\":954},{\"@type\":\"BreadcrumbList\",\"@id\":\"https:\/\/www.intoscana.it\/it\/a-firenze-il-festival-delle-associazioni-culturali-oltre-30-eventi-e-piu-di-40-realta-coinvolte\/#breadcrumb\",\"itemListElement\":[{\"@type\":\"ListItem\",\"position\":1,\"name\":\"Home\",\"item\":\"https:\/\/www.intoscana.it\/it\/\"},{\"@type\":\"ListItem\",\"position\":2,\"name\":\"A Firenze il Festival delle Associazioni Culturali: oltre 30 eventi e pi\u00f9 di 40 realt\u00e0 coinvolte\"}]},{\"@type\":\"WebSite\",\"@id\":\"https:\/\/www.intoscana.it\/it\/#website\",\"url\":\"https:\/\/www.intoscana.it\/it\/\",\"name\":\"intoscana\",\"description\":\"\",\"potentialAction\":[{\"@type\":\"SearchAction\",\"target\":{\"@type\":\"EntryPoint\",\"urlTemplate\":\"https:\/\/www.intoscana.it\/it\/?s={search_term_string}\"},\"query-input\":{\"@type\":\"PropertyValueSpecification\",\"valueRequired\":true,\"valueName\":\"search_term_string\"}}],\"inLanguage\":\"it-IT\"},{\"@type\":\"Person\",\"@id\":\"https:\/\/www.intoscana.it\/it\/#\/schema\/person\/9223810753230f20bd670fdd322661f8\",\"name\":\"Redazione\",\"url\":\"https:\/\/www.intoscana.it\/it\/author\/redazione\/\"}]}<\/script>\n<!-- \/ Yoast SEO Premium plugin. -->","yoast_head_json":{"title":"A Firenze il Festival delle Associazioni Culturali: oltre 30 eventi e pi\u00f9 di 40 realt\u00e0 coinvolte - intoscana","description":"Dall'8 al 30 settembre visite guidate, concerti, cinema, teatro e conversazioni su arte, letteratura e storia, in 34 luoghi","robots":{"index":"index","follow":"follow","max-snippet":"max-snippet:-1","max-image-preview":"max-image-preview:large","max-video-preview":"max-video-preview:-1"},"canonical":"https:\/\/www.intoscana.it\/it\/a-firenze-il-festival-delle-associazioni-culturali-oltre-30-eventi-e-piu-di-40-realta-coinvolte\/","og_locale":"it_IT","og_type":"article","og_title":"A Firenze il Festival delle Associazioni Culturali: oltre 30 eventi e pi\u00f9 di 40 realt\u00e0 coinvolte","og_description":"Dall'8 al 30 settembre visite guidate, concerti, cinema, teatro e conversazioni su arte, letteratura e storia, in 34 luoghi","og_url":"https:\/\/www.intoscana.it\/it\/a-firenze-il-festival-delle-associazioni-culturali-oltre-30-eventi-e-piu-di-40-realta-coinvolte\/","og_site_name":"intoscana","article_publisher":"https:\/\/www.facebook.com\/intoscana.it","article_published_time":"2022-09-05T08:06:50+00:00","article_modified_time":"2022-09-05T10:54:31+00:00","og_image":[{"width":1280,"height":954,"url":"https:\/\/www.intoscana.it\/wp-content\/uploads\/Cosa-nostra-spiegata-ai-bambini_credits-Raffaella-Rivi.jpg","type":"image\/jpeg"}],"author":"Redazione","twitter_card":"summary_large_image","twitter_creator":"@intoscana","twitter_site":"@intoscana","twitter_misc":{"Written by":"Redazione","Est. reading time":"5 minuti"},"schema":{"@context":"https:\/\/schema.org","@graph":[{"@type":"WebPage","@id":"https:\/\/www.intoscana.it\/it\/a-firenze-il-festival-delle-associazioni-culturali-oltre-30-eventi-e-piu-di-40-realta-coinvolte\/","url":"https:\/\/www.intoscana.it\/it\/a-firenze-il-festival-delle-associazioni-culturali-oltre-30-eventi-e-piu-di-40-realta-coinvolte\/","name":"A Firenze il Festival delle Associazioni Culturali: oltre 30 eventi e pi\u00f9 di 40 realt\u00e0 coinvolte - intoscana","isPartOf":{"@id":"https:\/\/www.intoscana.it\/it\/#website"},"primaryImageOfPage":{"@id":"https:\/\/www.intoscana.it\/it\/a-firenze-il-festival-delle-associazioni-culturali-oltre-30-eventi-e-piu-di-40-realta-coinvolte\/#primaryimage"},"image":{"@id":"https:\/\/www.intoscana.it\/it\/a-firenze-il-festival-delle-associazioni-culturali-oltre-30-eventi-e-piu-di-40-realta-coinvolte\/#primaryimage"},"thumbnailUrl":"https:\/\/www.intoscana.it\/wp-content\/uploads\/Cosa-nostra-spiegata-ai-bambini_credits-Raffaella-Rivi.jpg","datePublished":"2022-09-05T08:06:50+00:00","dateModified":"2022-09-05T10:54:31+00:00","author":{"@id":"https:\/\/www.intoscana.it\/it\/#\/schema\/person\/9223810753230f20bd670fdd322661f8"},"description":"Dall'8 al 30 settembre visite guidate, concerti, cinema, teatro e conversazioni su arte, letteratura e storia, in 34 luoghi","breadcrumb":{"@id":"https:\/\/www.intoscana.it\/it\/a-firenze-il-festival-delle-associazioni-culturali-oltre-30-eventi-e-piu-di-40-realta-coinvolte\/#breadcrumb"},"inLanguage":"it-IT","potentialAction":[{"@type":"ReadAction","target":["https:\/\/www.intoscana.it\/it\/a-firenze-il-festival-delle-associazioni-culturali-oltre-30-eventi-e-piu-di-40-realta-coinvolte\/"]}]},{"@type":"ImageObject","inLanguage":"it-IT","@id":"https:\/\/www.intoscana.it\/it\/a-firenze-il-festival-delle-associazioni-culturali-oltre-30-eventi-e-piu-di-40-realta-coinvolte\/#primaryimage","url":"https:\/\/www.intoscana.it\/wp-content\/uploads\/Cosa-nostra-spiegata-ai-bambini_credits-Raffaella-Rivi.jpg","contentUrl":"https:\/\/www.intoscana.it\/wp-content\/uploads\/Cosa-nostra-spiegata-ai-bambini_credits-Raffaella-Rivi.jpg","width":1280,"height":954},{"@type":"BreadcrumbList","@id":"https:\/\/www.intoscana.it\/it\/a-firenze-il-festival-delle-associazioni-culturali-oltre-30-eventi-e-piu-di-40-realta-coinvolte\/#breadcrumb","itemListElement":[{"@type":"ListItem","position":1,"name":"Home","item":"https:\/\/www.intoscana.it\/it\/"},{"@type":"ListItem","position":2,"name":"A Firenze il Festival delle Associazioni Culturali: oltre 30 eventi e pi\u00f9 di 40 realt\u00e0 coinvolte"}]},{"@type":"WebSite","@id":"https:\/\/www.intoscana.it\/it\/#website","url":"https:\/\/www.intoscana.it\/it\/","name":"intoscana","description":"","potentialAction":[{"@type":"SearchAction","target":{"@type":"EntryPoint","urlTemplate":"https:\/\/www.intoscana.it\/it\/?s={search_term_string}"},"query-input":{"@type":"PropertyValueSpecification","valueRequired":true,"valueName":"search_term_string"}}],"inLanguage":"it-IT"},{"@type":"Person","@id":"https:\/\/www.intoscana.it\/it\/#\/schema\/person\/9223810753230f20bd670fdd322661f8","name":"Redazione","url":"https:\/\/www.intoscana.it\/it\/author\/redazione\/"}]}},"_links":{"self":[{"href":"https:\/\/www.intoscana.it\/it\/wp-json\/wp\/v2\/posts\/241282","targetHints":{"allow":["GET"]}}],"collection":[{"href":"https:\/\/www.intoscana.it\/it\/wp-json\/wp\/v2\/posts"}],"about":[{"href":"https:\/\/www.intoscana.it\/it\/wp-json\/wp\/v2\/types\/post"}],"author":[{"embeddable":true,"href":"https:\/\/www.intoscana.it\/it\/wp-json\/wp\/v2\/users\/525"}],"replies":[{"embeddable":true,"href":"https:\/\/www.intoscana.it\/it\/wp-json\/wp\/v2\/comments?post=241282"}],"version-history":[{"count":0,"href":"https:\/\/www.intoscana.it\/it\/wp-json\/wp\/v2\/posts\/241282\/revisions"}],"wp:featuredmedia":[{"embeddable":true,"href":"https:\/\/www.intoscana.it\/it\/wp-json\/wp\/v2\/media\/241292"}],"wp:attachment":[{"href":"https:\/\/www.intoscana.it\/it\/wp-json\/wp\/v2\/media?parent=241282"}],"wp:term":[{"taxonomy":"category","embeddable":true,"href":"https:\/\/www.intoscana.it\/it\/wp-json\/wp\/v2\/categories?post=241282"},{"taxonomy":"post_tag","embeddable":true,"href":"https:\/\/www.intoscana.it\/it\/wp-json\/wp\/v2\/tags?post=241282"}],"curies":[{"name":"wp","href":"https:\/\/api.w.org\/{rel}","templated":true}]}}