{"id":241481,"date":"2022-08-06T10:57:14","date_gmt":"2022-08-06T08:57:14","guid":{"rendered":"https:\/\/www.intoscana.it\/it\/?p=241481"},"modified":"2022-08-08T11:35:01","modified_gmt":"2022-08-08T09:35:01","slug":"covid-19-1777-nuovi-casi-e-10-decessi-in-toscana","status":"publish","type":"post","link":"https:\/\/www.intoscana.it\/it\/covid-19-1777-nuovi-casi-e-10-decessi-in-toscana\/","title":{"rendered":"Covid-19: 1777 nuovi casi e 10 decessi in Toscana"},"content":{"rendered":"<p>Sono 1.777 i nuovi casi di Covid-19 oggi in Toscana,<strong> 401 confermati con tampone molecolare e 1.376 da test rapido antigenico<\/strong>, pari a lo 0,1% in pi\u00f9 rispetto al totale del giorno precedente. L&#8217;et\u00e0 media dei 1.777 nuovi positivi odierni \u00e8 di 50 anni circa (10% ha meno di 20 anni, 15% tra 20 e 39 anni, 29% tra 40 e 59 anni, 32% tra 60 e 79 anni, 12% ha 80 anni o pi\u00f9). <strong>Oggi si registrano 10 decessi: 5 uomini e 5 donne con un&#8217;et\u00e0 media di 85,1 anni.<\/strong><\/p>\n<p>I guariti crescono dello 0,2% e raggiungono quota 1.251.788 (92,7% dei casi totali). O<strong>ggi sono stati eseguiti 1.723 tamponi molecolari e 11.370 tamponi antigenici rapidi, di questi il 13,6% \u00e8 risultato positivo<\/strong>. Sono invece 2.526 i soggetti testati oggi (con tampone antigenico e\/o molecolare, escludendo i tamponi di controllo), di cui il 70,3% \u00e8 risultato positivo. Gli attualmente positivi sono oggi 88.268, -1,1% rispetto a ieri. I ricoverati sono 623 (24 in meno rispetto a ieri), di cui 21 in terapia intensiva (1 in pi\u00f9).<br \/>\nQuesti i dati &#8211; accertati alle ore 12 di oggi sulla base delle richieste della Protezione Civile Nazionale &#8211; relativi all&#8217;andamento dell&#8217;epidemia in regione.<\/p>\n<h3>3.991 le nuove vaccinazioni effettuate<\/h3>\n<p>Alle 12.00 di oggi sono state effettuate complessivamente 9.028.854 vaccinazioni, <strong>3.991 in pi\u00f9 rispetto a ieri (+0%), tenendo presente che le Aziende del Sistema Sanitario Regionale proseguono per l&#8217;intera giornata.<\/strong> La Toscana \u00e8 la 8\u00b0 regione per % di dosi somministrate su quelle consegnate (il 98,9% delle 9.129.504 consegnate), per un tasso di vaccinazioni effettuate di 244.495 per 100mila abitanti (media italiana: 236.142 per 100mila).<\/p>\n<p>Di seguito i casi di positivit\u00e0 sul territorio con la variazione rispetto a ieri (401 confermati con tampone molecolare e 1.376 da test rapido antigenico). Sono 371.314 i casi complessivi ad oggi a Firenze (368 in pi\u00f9 rispetto a ieri), 91.003 a Prato (87 in pi\u00f9), 106.613 a Pistoia (121 in pi\u00f9), 66.797 a Massa (108 in pi\u00f9), 143.565 a Lucca (238 in pi\u00f9), 156.575 a Pisa (224 in pi\u00f9), 121.510 a Livorno (204 in pi\u00f9), 122.205 ad Arezzo (182 in pi\u00f9), 96.917 a Siena (105 in pi\u00f9), 73.490 a Grosseto (140 in pi\u00f9). Sono 555 i casi positivi notificati in Toscana, ma residenti in altre regioni.<\/p>\n<p><strong>Sono 609 i casi riscontrati oggi nell&#8217;Asl Centro, 741 nella Nord Ovest, 427 nella Sud est.<\/strong><\/p>\n<p>La Toscana si trova al 9\u00b0 posto in Italia come numerosit\u00e0 di casi (comprensivi di residenti e non residenti), con circa 36.572 casi per 100.000 abitanti (media italiana circa 35.876 x100.000, dato di ieri). Le province di notifica con il tasso pi\u00f9 alto sono Pisa con 37.460 casi x100.000 abitanti, Lucca con 37.391, Firenze con 37.190, la pi\u00f9 bassa Grosseto con 33.735.<\/p>\n<h3>87mila persone in isolamento, ricoveri in calo<\/h3>\n<p>Complessivamente, 87.645 persone sono in isolamento a casa, poich\u00e9 presentano sintomi lievi che non richiedono cure ospedaliere, o risultano prive di sintomi (998 in meno rispetto a ieri, meno 1,1%).<br \/>\nLe persone ricoverate nei posti letto dedicati ai pazienti COVID oggi sono complessivamente 623 (24 in meno rispetto a ieri, meno 3,7%), 21 in terapia intensiva (1 in pi\u00f9 rispetto a ieri, pi\u00f9 5%).<br \/>\n<strong>Le persone complessivamente guarite sono 1.251.788 (2.789 in pi\u00f9 rispetto a ieri, pi\u00f9 0,2%):<\/strong> 0 persone clinicamente guarite (stabili rispetto a ieri), divenute cio\u00e8 asintomatiche dopo aver presentato manifestazioni cliniche associate all&#8217;infezione e 1.251.788 (2.789 in pi\u00f9 rispetto a ieri, pi\u00f9 0,2%) dichiarate guarite a tutti gli effetti, le cosiddette guarigioni virali, con tampone negativo.<\/p>\n<h3>10 decessi con et\u00e0 media 85,1 anni<\/h3>\n<p><strong>Purtroppo, oggi si registrano 10 nuovi decessi: 5 uomini e 5 donne con un&#8217;et\u00e0 media di 85,1 anni. <\/strong>Relativamente alla provincia di residenza, le persone decedute sono: 1 a Prato, 2 a Massa Carrara, 4 a Pisa, 1 a Livorno, 2 fuori Toscana.<\/p>\n<p>Sono 10.488 i deceduti dall&#8217;inizio dell&#8217;epidemia cosi ripartiti: 3.298 a Firenze, 858 a Prato, 941 a Pistoia, 672 a Massa Carrara, 992 a Lucca, 1.182 a Pisa, 791 a Livorno, 665 ad Arezzo, 549 a Siena, 392 a Grosseto, 148 persone sono decedute sul suolo toscano ma erano residenti fuori regione.<\/p>\n<p>Il tasso grezzo di mortalit\u00e0 toscano (numero di deceduti\/popolazione residente) per Covid-19 \u00e8 di 284,0 x100.000 residenti contro il 291,9 x100.000 della media italiana (9\u00b0 regione). Per quanto riguarda le province, il tasso di mortalit\u00e0 pi\u00f9 alto si riscontra a Massa Carrara (354,0 x100.000), Firenze (330,3 x100.000) e Pistoia (324,2 x100.000), il pi\u00f9 basso a Grosseto (179,9 x100.000).<\/p>\n","protected":false},"excerpt":{"rendered":"<p>L&#8217;et\u00e0 media dei nuovi positivi \u00e8 di circa 50 anni. Diminuiscono i ricoveri, 87mila persone sono in isolamento<\/p>\n","protected":false},"author":525,"featured_media":191044,"comment_status":"open","ping_status":"open","sticky":false,"template":"","format":"standard","meta":{"_acf_changed":false,"footnotes":""},"categories":[494],"tags":[4868,418],"class_list":["post-241481","post","type-post","status-publish","format-standard","has-post-thumbnail","hentry","category-attualita","tag-bollettino-covid-toscana","tag-covid-19"],"acf":[],"yoast_head":"<!-- This site is optimized with the Yoast SEO Premium plugin v24.2 (Yoast SEO v25.6) - https:\/\/yoast.com\/wordpress\/plugins\/seo\/ -->\n<title>Covid-19: 1777 nuovi casi e 10 decessi in Toscana - intoscana<\/title>\n<meta name=\"description\" content=\"Sono 1777 i nuovi casi di Covid-19 oggi in Toscana, si registrano anche 10 decessi mentre diminuiscono le persone ricoverate.\" \/>\n<meta name=\"robots\" content=\"index, follow, max-snippet:-1, max-image-preview:large, max-video-preview:-1\" \/>\n<link rel=\"canonical\" href=\"https:\/\/www.intoscana.it\/it\/covid-19-1777-nuovi-casi-e-10-decessi-in-toscana\/\" \/>\n<meta property=\"og:locale\" content=\"it_IT\" \/>\n<meta property=\"og:type\" content=\"article\" \/>\n<meta property=\"og:title\" content=\"Covid-19: 1777 nuovi casi e 10 decessi in Toscana\" \/>\n<meta property=\"og:description\" content=\"Sono 1777 i nuovi casi di Covid-19 oggi in Toscana, si registrano anche 10 decessi mentre diminuiscono le persone ricoverate.\" \/>\n<meta property=\"og:url\" content=\"https:\/\/www.intoscana.it\/it\/covid-19-1777-nuovi-casi-e-10-decessi-in-toscana\/\" \/>\n<meta property=\"og:site_name\" content=\"intoscana\" \/>\n<meta property=\"article:publisher\" content=\"https:\/\/www.facebook.com\/intoscana.it\" \/>\n<meta property=\"article:published_time\" content=\"2022-08-06T08:57:14+00:00\" \/>\n<meta property=\"article:modified_time\" content=\"2022-08-08T09:35:01+00:00\" \/>\n<meta property=\"og:image\" content=\"https:\/\/www.intoscana.it\/wp-content\/uploads\/Ragazze-con-mascherina-Masao-Mask-Unsplash.jpg\" \/>\n\t<meta property=\"og:image:width\" content=\"1920\" \/>\n\t<meta property=\"og:image:height\" content=\"1280\" \/>\n\t<meta property=\"og:image:type\" content=\"image\/jpeg\" \/>\n<meta name=\"author\" content=\"Redazione\" \/>\n<meta name=\"twitter:card\" content=\"summary_large_image\" \/>\n<meta name=\"twitter:creator\" content=\"@intoscana\" \/>\n<meta name=\"twitter:site\" content=\"@intoscana\" \/>\n<meta name=\"twitter:label1\" content=\"Written by\" \/>\n\t<meta name=\"twitter:data1\" content=\"Redazione\" \/>\n\t<meta name=\"twitter:label2\" content=\"Est. reading time\" \/>\n\t<meta name=\"twitter:data2\" content=\"3 minuti\" \/>\n<script type=\"application\/ld+json\" class=\"yoast-schema-graph\">{\"@context\":\"https:\/\/schema.org\",\"@graph\":[{\"@type\":\"WebPage\",\"@id\":\"https:\/\/www.intoscana.it\/it\/covid-19-1777-nuovi-casi-e-10-decessi-in-toscana\/\",\"url\":\"https:\/\/www.intoscana.it\/it\/covid-19-1777-nuovi-casi-e-10-decessi-in-toscana\/\",\"name\":\"Covid-19: 1777 nuovi casi e 10 decessi in Toscana - intoscana\",\"isPartOf\":{\"@id\":\"https:\/\/www.intoscana.it\/it\/#website\"},\"primaryImageOfPage\":{\"@id\":\"https:\/\/www.intoscana.it\/it\/covid-19-1777-nuovi-casi-e-10-decessi-in-toscana\/#primaryimage\"},\"image\":{\"@id\":\"https:\/\/www.intoscana.it\/it\/covid-19-1777-nuovi-casi-e-10-decessi-in-toscana\/#primaryimage\"},\"thumbnailUrl\":\"https:\/\/www.intoscana.it\/wp-content\/uploads\/Ragazze-con-mascherina-Masao-Mask-Unsplash.jpg\",\"datePublished\":\"2022-08-06T08:57:14+00:00\",\"dateModified\":\"2022-08-08T09:35:01+00:00\",\"author\":{\"@id\":\"https:\/\/www.intoscana.it\/it\/#\/schema\/person\/9223810753230f20bd670fdd322661f8\"},\"description\":\"Sono 1777 i nuovi casi di Covid-19 oggi in Toscana, si registrano anche 10 decessi mentre diminuiscono le persone ricoverate.\",\"breadcrumb\":{\"@id\":\"https:\/\/www.intoscana.it\/it\/covid-19-1777-nuovi-casi-e-10-decessi-in-toscana\/#breadcrumb\"},\"inLanguage\":\"it-IT\",\"potentialAction\":[{\"@type\":\"ReadAction\",\"target\":[\"https:\/\/www.intoscana.it\/it\/covid-19-1777-nuovi-casi-e-10-decessi-in-toscana\/\"]}]},{\"@type\":\"ImageObject\",\"inLanguage\":\"it-IT\",\"@id\":\"https:\/\/www.intoscana.it\/it\/covid-19-1777-nuovi-casi-e-10-decessi-in-toscana\/#primaryimage\",\"url\":\"https:\/\/www.intoscana.it\/wp-content\/uploads\/Ragazze-con-mascherina-Masao-Mask-Unsplash.jpg\",\"contentUrl\":\"https:\/\/www.intoscana.it\/wp-content\/uploads\/Ragazze-con-mascherina-Masao-Mask-Unsplash.jpg\",\"width\":1920,\"height\":1280,\"caption\":\"Ragazze con mascherina\"},{\"@type\":\"BreadcrumbList\",\"@id\":\"https:\/\/www.intoscana.it\/it\/covid-19-1777-nuovi-casi-e-10-decessi-in-toscana\/#breadcrumb\",\"itemListElement\":[{\"@type\":\"ListItem\",\"position\":1,\"name\":\"Home\",\"item\":\"https:\/\/www.intoscana.it\/it\/\"},{\"@type\":\"ListItem\",\"position\":2,\"name\":\"Covid-19: 1777 nuovi casi e 10 decessi in Toscana\"}]},{\"@type\":\"WebSite\",\"@id\":\"https:\/\/www.intoscana.it\/it\/#website\",\"url\":\"https:\/\/www.intoscana.it\/it\/\",\"name\":\"intoscana\",\"description\":\"\",\"potentialAction\":[{\"@type\":\"SearchAction\",\"target\":{\"@type\":\"EntryPoint\",\"urlTemplate\":\"https:\/\/www.intoscana.it\/it\/?s={search_term_string}\"},\"query-input\":{\"@type\":\"PropertyValueSpecification\",\"valueRequired\":true,\"valueName\":\"search_term_string\"}}],\"inLanguage\":\"it-IT\"},{\"@type\":\"Person\",\"@id\":\"https:\/\/www.intoscana.it\/it\/#\/schema\/person\/9223810753230f20bd670fdd322661f8\",\"name\":\"Redazione\",\"url\":\"https:\/\/www.intoscana.it\/it\/author\/redazione\/\"}]}<\/script>\n<!-- \/ Yoast SEO Premium plugin. -->","yoast_head_json":{"title":"Covid-19: 1777 nuovi casi e 10 decessi in Toscana - intoscana","description":"Sono 1777 i nuovi casi di Covid-19 oggi in Toscana, si registrano anche 10 decessi mentre diminuiscono le persone ricoverate.","robots":{"index":"index","follow":"follow","max-snippet":"max-snippet:-1","max-image-preview":"max-image-preview:large","max-video-preview":"max-video-preview:-1"},"canonical":"https:\/\/www.intoscana.it\/it\/covid-19-1777-nuovi-casi-e-10-decessi-in-toscana\/","og_locale":"it_IT","og_type":"article","og_title":"Covid-19: 1777 nuovi casi e 10 decessi in Toscana","og_description":"Sono 1777 i nuovi casi di Covid-19 oggi in Toscana, si registrano anche 10 decessi mentre diminuiscono le persone ricoverate.","og_url":"https:\/\/www.intoscana.it\/it\/covid-19-1777-nuovi-casi-e-10-decessi-in-toscana\/","og_site_name":"intoscana","article_publisher":"https:\/\/www.facebook.com\/intoscana.it","article_published_time":"2022-08-06T08:57:14+00:00","article_modified_time":"2022-08-08T09:35:01+00:00","og_image":[{"width":1920,"height":1280,"url":"https:\/\/www.intoscana.it\/wp-content\/uploads\/Ragazze-con-mascherina-Masao-Mask-Unsplash.jpg","type":"image\/jpeg"}],"author":"Redazione","twitter_card":"summary_large_image","twitter_creator":"@intoscana","twitter_site":"@intoscana","twitter_misc":{"Written by":"Redazione","Est. reading time":"3 minuti"},"schema":{"@context":"https:\/\/schema.org","@graph":[{"@type":"WebPage","@id":"https:\/\/www.intoscana.it\/it\/covid-19-1777-nuovi-casi-e-10-decessi-in-toscana\/","url":"https:\/\/www.intoscana.it\/it\/covid-19-1777-nuovi-casi-e-10-decessi-in-toscana\/","name":"Covid-19: 1777 nuovi casi e 10 decessi in Toscana - intoscana","isPartOf":{"@id":"https:\/\/www.intoscana.it\/it\/#website"},"primaryImageOfPage":{"@id":"https:\/\/www.intoscana.it\/it\/covid-19-1777-nuovi-casi-e-10-decessi-in-toscana\/#primaryimage"},"image":{"@id":"https:\/\/www.intoscana.it\/it\/covid-19-1777-nuovi-casi-e-10-decessi-in-toscana\/#primaryimage"},"thumbnailUrl":"https:\/\/www.intoscana.it\/wp-content\/uploads\/Ragazze-con-mascherina-Masao-Mask-Unsplash.jpg","datePublished":"2022-08-06T08:57:14+00:00","dateModified":"2022-08-08T09:35:01+00:00","author":{"@id":"https:\/\/www.intoscana.it\/it\/#\/schema\/person\/9223810753230f20bd670fdd322661f8"},"description":"Sono 1777 i nuovi casi di Covid-19 oggi in Toscana, si registrano anche 10 decessi mentre diminuiscono le persone ricoverate.","breadcrumb":{"@id":"https:\/\/www.intoscana.it\/it\/covid-19-1777-nuovi-casi-e-10-decessi-in-toscana\/#breadcrumb"},"inLanguage":"it-IT","potentialAction":[{"@type":"ReadAction","target":["https:\/\/www.intoscana.it\/it\/covid-19-1777-nuovi-casi-e-10-decessi-in-toscana\/"]}]},{"@type":"ImageObject","inLanguage":"it-IT","@id":"https:\/\/www.intoscana.it\/it\/covid-19-1777-nuovi-casi-e-10-decessi-in-toscana\/#primaryimage","url":"https:\/\/www.intoscana.it\/wp-content\/uploads\/Ragazze-con-mascherina-Masao-Mask-Unsplash.jpg","contentUrl":"https:\/\/www.intoscana.it\/wp-content\/uploads\/Ragazze-con-mascherina-Masao-Mask-Unsplash.jpg","width":1920,"height":1280,"caption":"Ragazze con mascherina"},{"@type":"BreadcrumbList","@id":"https:\/\/www.intoscana.it\/it\/covid-19-1777-nuovi-casi-e-10-decessi-in-toscana\/#breadcrumb","itemListElement":[{"@type":"ListItem","position":1,"name":"Home","item":"https:\/\/www.intoscana.it\/it\/"},{"@type":"ListItem","position":2,"name":"Covid-19: 1777 nuovi casi e 10 decessi in Toscana"}]},{"@type":"WebSite","@id":"https:\/\/www.intoscana.it\/it\/#website","url":"https:\/\/www.intoscana.it\/it\/","name":"intoscana","description":"","potentialAction":[{"@type":"SearchAction","target":{"@type":"EntryPoint","urlTemplate":"https:\/\/www.intoscana.it\/it\/?s={search_term_string}"},"query-input":{"@type":"PropertyValueSpecification","valueRequired":true,"valueName":"search_term_string"}}],"inLanguage":"it-IT"},{"@type":"Person","@id":"https:\/\/www.intoscana.it\/it\/#\/schema\/person\/9223810753230f20bd670fdd322661f8","name":"Redazione","url":"https:\/\/www.intoscana.it\/it\/author\/redazione\/"}]}},"_links":{"self":[{"href":"https:\/\/www.intoscana.it\/it\/wp-json\/wp\/v2\/posts\/241481","targetHints":{"allow":["GET"]}}],"collection":[{"href":"https:\/\/www.intoscana.it\/it\/wp-json\/wp\/v2\/posts"}],"about":[{"href":"https:\/\/www.intoscana.it\/it\/wp-json\/wp\/v2\/types\/post"}],"author":[{"embeddable":true,"href":"https:\/\/www.intoscana.it\/it\/wp-json\/wp\/v2\/users\/525"}],"replies":[{"embeddable":true,"href":"https:\/\/www.intoscana.it\/it\/wp-json\/wp\/v2\/comments?post=241481"}],"version-history":[{"count":0,"href":"https:\/\/www.intoscana.it\/it\/wp-json\/wp\/v2\/posts\/241481\/revisions"}],"wp:featuredmedia":[{"embeddable":true,"href":"https:\/\/www.intoscana.it\/it\/wp-json\/wp\/v2\/media\/191044"}],"wp:attachment":[{"href":"https:\/\/www.intoscana.it\/it\/wp-json\/wp\/v2\/media?parent=241481"}],"wp:term":[{"taxonomy":"category","embeddable":true,"href":"https:\/\/www.intoscana.it\/it\/wp-json\/wp\/v2\/categories?post=241481"},{"taxonomy":"post_tag","embeddable":true,"href":"https:\/\/www.intoscana.it\/it\/wp-json\/wp\/v2\/tags?post=241481"}],"curies":[{"name":"wp","href":"https:\/\/api.w.org\/{rel}","templated":true}]}}