{"id":241623,"date":"2022-08-08T17:31:49","date_gmt":"2022-08-08T15:31:49","guid":{"rendered":"https:\/\/www.intoscana.it\/it\/?p=241623"},"modified":"2022-08-08T17:53:06","modified_gmt":"2022-08-08T15:53:06","slug":"la-emma-villas-lo-ingaggia-il-pallavolista-arriva-a-siena-a-piedi-50-chilometri-in-due-giorni","status":"publish","type":"post","link":"https:\/\/www.intoscana.it\/it\/la-emma-villas-lo-ingaggia-il-pallavolista-arriva-a-siena-a-piedi-50-chilometri-in-due-giorni\/","title":{"rendered":"La Emma Villas lo ingaggia, il pallavolista arriva a Siena a piedi: 50 chilometri in due giorni"},"content":{"rendered":"<p><mark>\u00c8 arrivato a <strong>Siena<\/strong>, per iniziare la sua avventura nella squadra <strong>Emma Villas Aubay<\/strong>, a piedi.<\/mark> Per uno sportivo come lui, che della pallavolo ha fatto una professione, non sar\u00e0 stata nemmeno tanto dura, anche se il caldo di questi giorni deve aver reso la prova di forza &#8211; e di volont\u00e0 &#8211; pi\u00f9 dura. <strong>Federico Bonami<\/strong>, 28 anni, nato a Bagno a Ripoli, entrer\u00e0 cos\u00ec nel ruolo di libero nella squadra senese che partecipa al campionato di Superlega di pallavolo.<\/p>\n<h3><em>Il percorso: da Greve fino a piazza del Campo, passando per Castellina, Leonina e Quercegrossa<\/em><\/h3>\n<p>Un ingaggio arrivato agli sgoccioli del mercato, tanto da sorpendere anche lui. Un ritorno in Toscana, dopo diversi anni, e la sua gioia l&#8217;ha espressa cos\u00ec: <em>&#8220;Sono entrato nella nuova realt\u00e0 camminando. Sono positivamente emozionato da questo ritorno nella mia regione. Non conoscevo bene il territorio senese, questa camminata mi ha consentito di conoscerlo meglio&#8221;<\/em>. <mark>E cos\u00ec \u00e8 partito da Greve, poi ho toccato Panzano e Castellina in Chianti, dove ho dormito la prima notte. Il giorno dopo \u00e8 poi ripartito passando da Fonterutoli, Leonina, Quercegrossa e poi fino a piazza del Campo. In totale 50 chilometri in due giorni.<\/mark><\/p>\n<p>Una camminata che ha toccato localit\u00e0 bellissime, che in effetti stimola la meditazione e favorisce la preparazione atletica. Tra l&#8217;altro, sono imprese a cui Bonomi non \u00e8 nuovo. <em>\u201cFare qualcosa di simile non \u00e8 una novit\u00e0 per me<\/em> \u2013 sono le sue parole \u2013 <em>dato che alcuni anni fa percorsi gli 800 chilometri del Cammino di Santiago. <mark>Per me camminare \u00e8 anche una forma meditativa, \u00e8 un modo per rallentare dai ritmi frenetici delle nostre esistenze e per riflettere. Quando cammini hai tempo e modo per pensare a tante cose\u201d.<\/mark><\/em><\/p>\n<h3><em>Iniza la preparazione per il campionato di Superlega<\/em><\/h3>\n<p>Ma adesso la concentrazione \u00e8 tutta per la prossima stagione e tra pochi giorni partir\u00e0 la preparazione del team biancoblu. La squadra inizier\u00e0 il 12 agosto gli allenamenti al centro di preparazione olimpica di Tirrenia, in provincia di Pisa. <em>\u201cLa squadra che \u00e8 stata allestita mi sembra interessante, mi piace<\/em> \u2013 dice Bonami \u2013 <em>Tanti dei ragazzi li conosco gi\u00e0. Il campionato di Superlega \u00e8 ovviamente difficilissimo, ci sono dei roster importanti. Noi dovremo pensare a creare un bel gruppo e a raggiungere il nostro obiettivo, che \u00e8 la salvezza. <mark>Io sono pronto, ho tanta voglia di giocare e sento molta energia positiva\u201d.<\/mark><\/em><\/p>\n","protected":false},"excerpt":{"rendered":"<p>L&#8217;impresa di Federico Bonami: parte da Greve in Chianti e raggiunge piazza del Campo. &#8220;Camminare \u00e8 un modo per riflettere&#8221;<\/p>\n","protected":false},"author":545,"featured_media":241624,"comment_status":"open","ping_status":"open","sticky":false,"template":"","format":"standard","meta":{"_acf_changed":false,"footnotes":""},"categories":[4],"tags":[6234,164],"class_list":["post-241623","post","type-post","status-publish","format-standard","has-post-thumbnail","hentry","category-storie","tag-pallavolo","tag-siena"],"acf":[],"yoast_head":"<!-- This site is optimized with the Yoast SEO Premium plugin v24.2 (Yoast SEO v25.6) - https:\/\/yoast.com\/wordpress\/plugins\/seo\/ -->\n<title>La Emma Villas lo ingaggia, il pallavolista arriva a Siena a piedi: 50 chilometri in due giorni - intoscana<\/title>\n<meta name=\"description\" content=\"L&#039;impresa di Federico Bonami: parte da Greve in Chianti e raggiunge piazza del Campo. &quot;Camminare \u00e8 un modo per riflettere&quot;\" \/>\n<meta name=\"robots\" content=\"index, follow, max-snippet:-1, max-image-preview:large, max-video-preview:-1\" \/>\n<link rel=\"canonical\" href=\"https:\/\/www.intoscana.it\/it\/la-emma-villas-lo-ingaggia-il-pallavolista-arriva-a-siena-a-piedi-50-chilometri-in-due-giorni\/\" \/>\n<meta property=\"og:locale\" content=\"it_IT\" \/>\n<meta property=\"og:type\" content=\"article\" \/>\n<meta property=\"og:title\" content=\"La Emma Villas lo ingaggia, il pallavolista arriva a Siena a piedi: 50 chilometri in due giorni\" \/>\n<meta property=\"og:description\" content=\"L&#039;impresa di Federico Bonami: parte da Greve in Chianti e raggiunge piazza del Campo. &quot;Camminare \u00e8 un modo per riflettere&quot;\" \/>\n<meta property=\"og:url\" content=\"https:\/\/www.intoscana.it\/it\/la-emma-villas-lo-ingaggia-il-pallavolista-arriva-a-siena-a-piedi-50-chilometri-in-due-giorni\/\" \/>\n<meta property=\"og:site_name\" content=\"intoscana\" \/>\n<meta property=\"article:publisher\" content=\"https:\/\/www.facebook.com\/intoscana.it\" \/>\n<meta property=\"article:published_time\" content=\"2022-08-08T15:31:49+00:00\" \/>\n<meta property=\"article:modified_time\" content=\"2022-08-08T15:53:06+00:00\" \/>\n<meta property=\"og:image\" content=\"https:\/\/www.intoscana.it\/wp-content\/uploads\/Federico-Bonami.jpeg\" \/>\n\t<meta property=\"og:image:width\" content=\"1536\" \/>\n\t<meta property=\"og:image:height\" content=\"951\" \/>\n\t<meta property=\"og:image:type\" content=\"image\/jpeg\" \/>\n<meta name=\"author\" content=\"Clara D&#039;Acunto\" \/>\n<meta name=\"twitter:card\" content=\"summary_large_image\" \/>\n<meta name=\"twitter:creator\" content=\"@intoscana\" \/>\n<meta name=\"twitter:site\" content=\"@intoscana\" \/>\n<meta name=\"twitter:label1\" content=\"Written by\" \/>\n\t<meta name=\"twitter:data1\" content=\"Clara D&#039;Acunto\" \/>\n\t<meta name=\"twitter:label2\" content=\"Est. reading time\" \/>\n\t<meta name=\"twitter:data2\" content=\"2 minuti\" \/>\n<script type=\"application\/ld+json\" class=\"yoast-schema-graph\">{\"@context\":\"https:\/\/schema.org\",\"@graph\":[{\"@type\":\"WebPage\",\"@id\":\"https:\/\/www.intoscana.it\/it\/la-emma-villas-lo-ingaggia-il-pallavolista-arriva-a-siena-a-piedi-50-chilometri-in-due-giorni\/\",\"url\":\"https:\/\/www.intoscana.it\/it\/la-emma-villas-lo-ingaggia-il-pallavolista-arriva-a-siena-a-piedi-50-chilometri-in-due-giorni\/\",\"name\":\"La Emma Villas lo ingaggia, il pallavolista arriva a Siena a piedi: 50 chilometri in due giorni - intoscana\",\"isPartOf\":{\"@id\":\"https:\/\/www.intoscana.it\/it\/#website\"},\"primaryImageOfPage\":{\"@id\":\"https:\/\/www.intoscana.it\/it\/la-emma-villas-lo-ingaggia-il-pallavolista-arriva-a-siena-a-piedi-50-chilometri-in-due-giorni\/#primaryimage\"},\"image\":{\"@id\":\"https:\/\/www.intoscana.it\/it\/la-emma-villas-lo-ingaggia-il-pallavolista-arriva-a-siena-a-piedi-50-chilometri-in-due-giorni\/#primaryimage\"},\"thumbnailUrl\":\"https:\/\/www.intoscana.it\/wp-content\/uploads\/Federico-Bonami.jpeg\",\"datePublished\":\"2022-08-08T15:31:49+00:00\",\"dateModified\":\"2022-08-08T15:53:06+00:00\",\"author\":{\"@id\":\"https:\/\/www.intoscana.it\/it\/#\/schema\/person\/137419af9ef5d385bde52864a841e6ce\"},\"description\":\"L'impresa di Federico Bonami: parte da Greve in Chianti e raggiunge piazza del Campo. \\\"Camminare \u00e8 un modo per riflettere\\\"\",\"breadcrumb\":{\"@id\":\"https:\/\/www.intoscana.it\/it\/la-emma-villas-lo-ingaggia-il-pallavolista-arriva-a-siena-a-piedi-50-chilometri-in-due-giorni\/#breadcrumb\"},\"inLanguage\":\"it-IT\",\"potentialAction\":[{\"@type\":\"ReadAction\",\"target\":[\"https:\/\/www.intoscana.it\/it\/la-emma-villas-lo-ingaggia-il-pallavolista-arriva-a-siena-a-piedi-50-chilometri-in-due-giorni\/\"]}]},{\"@type\":\"ImageObject\",\"inLanguage\":\"it-IT\",\"@id\":\"https:\/\/www.intoscana.it\/it\/la-emma-villas-lo-ingaggia-il-pallavolista-arriva-a-siena-a-piedi-50-chilometri-in-due-giorni\/#primaryimage\",\"url\":\"https:\/\/www.intoscana.it\/wp-content\/uploads\/Federico-Bonami.jpeg\",\"contentUrl\":\"https:\/\/www.intoscana.it\/wp-content\/uploads\/Federico-Bonami.jpeg\",\"width\":1536,\"height\":951},{\"@type\":\"BreadcrumbList\",\"@id\":\"https:\/\/www.intoscana.it\/it\/la-emma-villas-lo-ingaggia-il-pallavolista-arriva-a-siena-a-piedi-50-chilometri-in-due-giorni\/#breadcrumb\",\"itemListElement\":[{\"@type\":\"ListItem\",\"position\":1,\"name\":\"Home\",\"item\":\"https:\/\/www.intoscana.it\/it\/\"},{\"@type\":\"ListItem\",\"position\":2,\"name\":\"La Emma Villas lo ingaggia, il pallavolista arriva a Siena a piedi: 50 chilometri in due giorni\"}]},{\"@type\":\"WebSite\",\"@id\":\"https:\/\/www.intoscana.it\/it\/#website\",\"url\":\"https:\/\/www.intoscana.it\/it\/\",\"name\":\"intoscana\",\"description\":\"\",\"potentialAction\":[{\"@type\":\"SearchAction\",\"target\":{\"@type\":\"EntryPoint\",\"urlTemplate\":\"https:\/\/www.intoscana.it\/it\/?s={search_term_string}\"},\"query-input\":{\"@type\":\"PropertyValueSpecification\",\"valueRequired\":true,\"valueName\":\"search_term_string\"}}],\"inLanguage\":\"it-IT\"},{\"@type\":\"Person\",\"@id\":\"https:\/\/www.intoscana.it\/it\/#\/schema\/person\/137419af9ef5d385bde52864a841e6ce\",\"name\":\"Clara D'Acunto\",\"url\":\"https:\/\/www.intoscana.it\/it\/author\/clara-d_acunto\/\"}]}<\/script>\n<!-- \/ Yoast SEO Premium plugin. -->","yoast_head_json":{"title":"La Emma Villas lo ingaggia, il pallavolista arriva a Siena a piedi: 50 chilometri in due giorni - intoscana","description":"L'impresa di Federico Bonami: parte da Greve in Chianti e raggiunge piazza del Campo. \"Camminare \u00e8 un modo per riflettere\"","robots":{"index":"index","follow":"follow","max-snippet":"max-snippet:-1","max-image-preview":"max-image-preview:large","max-video-preview":"max-video-preview:-1"},"canonical":"https:\/\/www.intoscana.it\/it\/la-emma-villas-lo-ingaggia-il-pallavolista-arriva-a-siena-a-piedi-50-chilometri-in-due-giorni\/","og_locale":"it_IT","og_type":"article","og_title":"La Emma Villas lo ingaggia, il pallavolista arriva a Siena a piedi: 50 chilometri in due giorni","og_description":"L'impresa di Federico Bonami: parte da Greve in Chianti e raggiunge piazza del Campo. \"Camminare \u00e8 un modo per riflettere\"","og_url":"https:\/\/www.intoscana.it\/it\/la-emma-villas-lo-ingaggia-il-pallavolista-arriva-a-siena-a-piedi-50-chilometri-in-due-giorni\/","og_site_name":"intoscana","article_publisher":"https:\/\/www.facebook.com\/intoscana.it","article_published_time":"2022-08-08T15:31:49+00:00","article_modified_time":"2022-08-08T15:53:06+00:00","og_image":[{"width":1536,"height":951,"url":"https:\/\/www.intoscana.it\/wp-content\/uploads\/Federico-Bonami.jpeg","type":"image\/jpeg"}],"author":"Clara D'Acunto","twitter_card":"summary_large_image","twitter_creator":"@intoscana","twitter_site":"@intoscana","twitter_misc":{"Written by":"Clara D'Acunto","Est. reading time":"2 minuti"},"schema":{"@context":"https:\/\/schema.org","@graph":[{"@type":"WebPage","@id":"https:\/\/www.intoscana.it\/it\/la-emma-villas-lo-ingaggia-il-pallavolista-arriva-a-siena-a-piedi-50-chilometri-in-due-giorni\/","url":"https:\/\/www.intoscana.it\/it\/la-emma-villas-lo-ingaggia-il-pallavolista-arriva-a-siena-a-piedi-50-chilometri-in-due-giorni\/","name":"La Emma Villas lo ingaggia, il pallavolista arriva a Siena a piedi: 50 chilometri in due giorni - intoscana","isPartOf":{"@id":"https:\/\/www.intoscana.it\/it\/#website"},"primaryImageOfPage":{"@id":"https:\/\/www.intoscana.it\/it\/la-emma-villas-lo-ingaggia-il-pallavolista-arriva-a-siena-a-piedi-50-chilometri-in-due-giorni\/#primaryimage"},"image":{"@id":"https:\/\/www.intoscana.it\/it\/la-emma-villas-lo-ingaggia-il-pallavolista-arriva-a-siena-a-piedi-50-chilometri-in-due-giorni\/#primaryimage"},"thumbnailUrl":"https:\/\/www.intoscana.it\/wp-content\/uploads\/Federico-Bonami.jpeg","datePublished":"2022-08-08T15:31:49+00:00","dateModified":"2022-08-08T15:53:06+00:00","author":{"@id":"https:\/\/www.intoscana.it\/it\/#\/schema\/person\/137419af9ef5d385bde52864a841e6ce"},"description":"L'impresa di Federico Bonami: parte da Greve in Chianti e raggiunge piazza del Campo. \"Camminare \u00e8 un modo per riflettere\"","breadcrumb":{"@id":"https:\/\/www.intoscana.it\/it\/la-emma-villas-lo-ingaggia-il-pallavolista-arriva-a-siena-a-piedi-50-chilometri-in-due-giorni\/#breadcrumb"},"inLanguage":"it-IT","potentialAction":[{"@type":"ReadAction","target":["https:\/\/www.intoscana.it\/it\/la-emma-villas-lo-ingaggia-il-pallavolista-arriva-a-siena-a-piedi-50-chilometri-in-due-giorni\/"]}]},{"@type":"ImageObject","inLanguage":"it-IT","@id":"https:\/\/www.intoscana.it\/it\/la-emma-villas-lo-ingaggia-il-pallavolista-arriva-a-siena-a-piedi-50-chilometri-in-due-giorni\/#primaryimage","url":"https:\/\/www.intoscana.it\/wp-content\/uploads\/Federico-Bonami.jpeg","contentUrl":"https:\/\/www.intoscana.it\/wp-content\/uploads\/Federico-Bonami.jpeg","width":1536,"height":951},{"@type":"BreadcrumbList","@id":"https:\/\/www.intoscana.it\/it\/la-emma-villas-lo-ingaggia-il-pallavolista-arriva-a-siena-a-piedi-50-chilometri-in-due-giorni\/#breadcrumb","itemListElement":[{"@type":"ListItem","position":1,"name":"Home","item":"https:\/\/www.intoscana.it\/it\/"},{"@type":"ListItem","position":2,"name":"La Emma Villas lo ingaggia, il pallavolista arriva a Siena a piedi: 50 chilometri in due giorni"}]},{"@type":"WebSite","@id":"https:\/\/www.intoscana.it\/it\/#website","url":"https:\/\/www.intoscana.it\/it\/","name":"intoscana","description":"","potentialAction":[{"@type":"SearchAction","target":{"@type":"EntryPoint","urlTemplate":"https:\/\/www.intoscana.it\/it\/?s={search_term_string}"},"query-input":{"@type":"PropertyValueSpecification","valueRequired":true,"valueName":"search_term_string"}}],"inLanguage":"it-IT"},{"@type":"Person","@id":"https:\/\/www.intoscana.it\/it\/#\/schema\/person\/137419af9ef5d385bde52864a841e6ce","name":"Clara D'Acunto","url":"https:\/\/www.intoscana.it\/it\/author\/clara-d_acunto\/"}]}},"_links":{"self":[{"href":"https:\/\/www.intoscana.it\/it\/wp-json\/wp\/v2\/posts\/241623","targetHints":{"allow":["GET"]}}],"collection":[{"href":"https:\/\/www.intoscana.it\/it\/wp-json\/wp\/v2\/posts"}],"about":[{"href":"https:\/\/www.intoscana.it\/it\/wp-json\/wp\/v2\/types\/post"}],"author":[{"embeddable":true,"href":"https:\/\/www.intoscana.it\/it\/wp-json\/wp\/v2\/users\/545"}],"replies":[{"embeddable":true,"href":"https:\/\/www.intoscana.it\/it\/wp-json\/wp\/v2\/comments?post=241623"}],"version-history":[{"count":0,"href":"https:\/\/www.intoscana.it\/it\/wp-json\/wp\/v2\/posts\/241623\/revisions"}],"wp:featuredmedia":[{"embeddable":true,"href":"https:\/\/www.intoscana.it\/it\/wp-json\/wp\/v2\/media\/241624"}],"wp:attachment":[{"href":"https:\/\/www.intoscana.it\/it\/wp-json\/wp\/v2\/media?parent=241623"}],"wp:term":[{"taxonomy":"category","embeddable":true,"href":"https:\/\/www.intoscana.it\/it\/wp-json\/wp\/v2\/categories?post=241623"},{"taxonomy":"post_tag","embeddable":true,"href":"https:\/\/www.intoscana.it\/it\/wp-json\/wp\/v2\/tags?post=241623"}],"curies":[{"name":"wp","href":"https:\/\/api.w.org\/{rel}","templated":true}]}}