{"id":241900,"date":"2022-08-11T09:32:34","date_gmt":"2022-08-11T07:32:34","guid":{"rendered":"https:\/\/www.intoscana.it\/it\/?p=241900"},"modified":"2022-08-11T09:59:57","modified_gmt":"2022-08-11T07:59:57","slug":"il-volto-della-vergine-di-tiziano-e-migliaia-di-paillettes-il-drappellone-di-anastasio-brilla-sul-palio-di-siena","status":"publish","type":"post","link":"https:\/\/www.intoscana.it\/it\/il-volto-della-vergine-di-tiziano-e-migliaia-di-paillettes-il-drappellone-di-anastasio-brilla-sul-palio-di-siena\/","title":{"rendered":"Il volto della Vergine di Tiziano e migliaia di paillettes, il drappellone di Anastasio brilla sul Palio di Siena"},"content":{"rendered":"<p>Cos\u00ec non si era mai visto e l&#8217;effetto meraviglia dilaga a <strong>Siena<\/strong>, ma alla fine sfocia nel lungo applauso che ha accolto <mark>il drappellone di Andrea Anastasio nel Cortile del Podest\u00e0.<\/mark> La luce riflessa dalle migliaia di pailettes che compongono questo cencio di seta abbagliano e svelano volta per volta dettagli che si legano alla tradizione secolare del <strong>Palio<\/strong> del 16 agosto, dell&#8217;Assunta, quindi la Vergine e i fiori, oltre alle contrade, i barberi e ai cavalli.<\/p>\n<p>\u00c8 il modo di ritrarle che desta stupore e ispira una leggerezza delicata e quasi infantile: <mark>il volto della Madonna che \u00e8 la Vergine di Tiziano, i potenti cavalli della quadrigia di San Marco, il manto fiorito con le rose i gigli bianchi di Santa Caterina da Siena.<\/mark> E poi questo cielo che sembra un mare, dove galleggiano in uno spazio quasi onirico gli animali simboli delle contrade. Sotto si stagliano i lineamenti del Palazzo Pubblico, la cui sagoma \u00e8 l&#8217;unica nota di colore scuro dell&#8217;opera.<\/p>\n<h3><em>La tecnica, dalla stampa digitale al ricamo manuale<\/em><\/h3>\n<p><strong>Andrea Anastasio<\/strong>, artista romano di 61 anni, ha scartato la consueta tecnica pittorica preferendo una stampa digitale su sequins e il ricamo manuale. L&#8217;effetto \u00e8 di un drappellone vivo, grazie alle migliaia di paillettes cucite sul lato frontale in chiffon di seta. Luce riflessa che danza su questo drappellone e che &#8211; \u00e8 nell&#8217;intenzione dell&#8217;artista &#8211; vuole raffigurare anche una corazza medievale. \u00c8 un cencio a due facce: il retro \u00e8 la riproduzione fedele dell&#8217;immagine del fronte, ma statica.<\/p>\n<p>C&#8217;\u00e8 moda, sapienza artigianale e innovazione in questo drappellone, che di sicuro \u00e8 uno dei pi\u00f9 originali mai realizzati. Andrea Anastasio &#8211; che oltre ad essere pittore \u00e8 anche designer &#8211; ha studiato la Festa senese, approfondendo soprattutto la conoscenza sui <mark>drappelloni dipinti dagli artisti pi\u00f9 famosi, come Guttuso, Botero, Vespignani.<\/mark> Il risultato \u00e8 stato positivo e apre con i migliori auspici gli attesi giorni del Palio.<\/p>\n<h3><em>Il Palio del 16 agosto, iniziano le prove sul tufo<\/em><\/h3>\n<p>Le <a href=\"https:\/\/www.intoscana.it\/it\/articolo\/palio-di-siena-estratte-onda-selva-e-chiocciola-per-il-16-agosto\/\" target=\"_blank\" rel=\"noopener\">dieci contrade<\/a> che si contenderanno il drappellone dedicato alla Madonna Assunta sono <mark>Tartuca, Lupa, Giraffa, Civetta, Leocorno, Nicchio, Valdimontone, Onda, Selva e Chiocciola.<\/mark> Sono 64 i cavalli ammessi alle prove che si alterneranno in questi giorni, di notte e all&#8217;alba,\u00a0 e questa volta, dopo le polemiche del Palio di luglio, ci sono meno esordienti e pi\u00f9 esperti, a partire da diversi vincitori.<\/p>\n<p>&nbsp;<\/p>\n","protected":false},"excerpt":{"rendered":"<p>Il cencio dell&#8217;artista romano stupisce per la sua originalit\u00e0. A contenderselo le dieci contrade che correranno la Carriera del 16 agosto dedicata alla Madonna dell&#8217;Assunta<\/p>\n","protected":false},"author":545,"featured_media":241904,"comment_status":"open","ping_status":"open","sticky":false,"template":"","format":"standard","meta":{"_acf_changed":false,"footnotes":""},"categories":[493],"tags":[4432],"class_list":["post-241900","post","type-post","status-publish","format-standard","has-post-thumbnail","hentry","category-cultura","tag-palio-di-siena"],"acf":[],"yoast_head":"<!-- This site is optimized with the Yoast SEO Premium plugin v24.2 (Yoast SEO v25.6) - https:\/\/yoast.com\/wordpress\/plugins\/seo\/ -->\n<title>Il volto della Vergine di Tiziano e migliaia di paillettes, il drappellone di Anastasio brilla sul Palio di Siena - intoscana<\/title>\n<meta name=\"description\" content=\"Il cencio dell&#039;artista romano stupisce per la sua originalit\u00e0. A contenderselo le dieci contrade che correranno la Carriera del 16 agosto dedicata alla Madonna dell&#039;Assunta\" \/>\n<meta name=\"robots\" content=\"index, follow, max-snippet:-1, max-image-preview:large, max-video-preview:-1\" \/>\n<link rel=\"canonical\" href=\"https:\/\/www.intoscana.it\/it\/il-volto-della-vergine-di-tiziano-e-migliaia-di-paillettes-il-drappellone-di-anastasio-brilla-sul-palio-di-siena\/\" \/>\n<meta property=\"og:locale\" content=\"it_IT\" \/>\n<meta property=\"og:type\" content=\"article\" \/>\n<meta property=\"og:title\" content=\"Il volto della Vergine di Tiziano e migliaia di paillettes, il drappellone di Anastasio brilla sul Palio di Siena\" \/>\n<meta property=\"og:description\" content=\"Il cencio dell&#039;artista romano stupisce per la sua originalit\u00e0. A contenderselo le dieci contrade che correranno la Carriera del 16 agosto dedicata alla Madonna dell&#039;Assunta\" \/>\n<meta property=\"og:url\" content=\"https:\/\/www.intoscana.it\/it\/il-volto-della-vergine-di-tiziano-e-migliaia-di-paillettes-il-drappellone-di-anastasio-brilla-sul-palio-di-siena\/\" \/>\n<meta property=\"og:site_name\" content=\"intoscana\" \/>\n<meta property=\"article:publisher\" content=\"https:\/\/www.facebook.com\/intoscana.it\" \/>\n<meta property=\"article:published_time\" content=\"2022-08-11T07:32:34+00:00\" \/>\n<meta property=\"article:modified_time\" content=\"2022-08-11T07:59:57+00:00\" \/>\n<meta property=\"og:image\" content=\"https:\/\/www.intoscana.it\/wp-content\/uploads\/IMG_20220810_191200-scaled.jpg\" \/>\n\t<meta property=\"og:image:width\" content=\"2048\" \/>\n\t<meta property=\"og:image:height\" content=\"1536\" \/>\n\t<meta property=\"og:image:type\" content=\"image\/jpeg\" \/>\n<meta name=\"author\" content=\"Clara D&#039;Acunto\" \/>\n<meta name=\"twitter:card\" content=\"summary_large_image\" \/>\n<meta name=\"twitter:creator\" content=\"@intoscana\" \/>\n<meta name=\"twitter:site\" content=\"@intoscana\" \/>\n<meta name=\"twitter:label1\" content=\"Written by\" \/>\n\t<meta name=\"twitter:data1\" content=\"Clara D&#039;Acunto\" \/>\n\t<meta name=\"twitter:label2\" content=\"Est. reading time\" \/>\n\t<meta name=\"twitter:data2\" content=\"2 minuti\" \/>\n<script type=\"application\/ld+json\" class=\"yoast-schema-graph\">{\"@context\":\"https:\/\/schema.org\",\"@graph\":[{\"@type\":\"WebPage\",\"@id\":\"https:\/\/www.intoscana.it\/it\/il-volto-della-vergine-di-tiziano-e-migliaia-di-paillettes-il-drappellone-di-anastasio-brilla-sul-palio-di-siena\/\",\"url\":\"https:\/\/www.intoscana.it\/it\/il-volto-della-vergine-di-tiziano-e-migliaia-di-paillettes-il-drappellone-di-anastasio-brilla-sul-palio-di-siena\/\",\"name\":\"Il volto della Vergine di Tiziano e migliaia di paillettes, il drappellone di Anastasio brilla sul Palio di Siena - intoscana\",\"isPartOf\":{\"@id\":\"https:\/\/www.intoscana.it\/it\/#website\"},\"primaryImageOfPage\":{\"@id\":\"https:\/\/www.intoscana.it\/it\/il-volto-della-vergine-di-tiziano-e-migliaia-di-paillettes-il-drappellone-di-anastasio-brilla-sul-palio-di-siena\/#primaryimage\"},\"image\":{\"@id\":\"https:\/\/www.intoscana.it\/it\/il-volto-della-vergine-di-tiziano-e-migliaia-di-paillettes-il-drappellone-di-anastasio-brilla-sul-palio-di-siena\/#primaryimage\"},\"thumbnailUrl\":\"https:\/\/www.intoscana.it\/wp-content\/uploads\/IMG_20220810_191200-scaled.jpg\",\"datePublished\":\"2022-08-11T07:32:34+00:00\",\"dateModified\":\"2022-08-11T07:59:57+00:00\",\"author\":{\"@id\":\"https:\/\/www.intoscana.it\/it\/#\/schema\/person\/137419af9ef5d385bde52864a841e6ce\"},\"description\":\"Il cencio dell'artista romano stupisce per la sua originalit\u00e0. A contenderselo le dieci contrade che correranno la Carriera del 16 agosto dedicata alla Madonna dell'Assunta\",\"breadcrumb\":{\"@id\":\"https:\/\/www.intoscana.it\/it\/il-volto-della-vergine-di-tiziano-e-migliaia-di-paillettes-il-drappellone-di-anastasio-brilla-sul-palio-di-siena\/#breadcrumb\"},\"inLanguage\":\"it-IT\",\"potentialAction\":[{\"@type\":\"ReadAction\",\"target\":[\"https:\/\/www.intoscana.it\/it\/il-volto-della-vergine-di-tiziano-e-migliaia-di-paillettes-il-drappellone-di-anastasio-brilla-sul-palio-di-siena\/\"]}]},{\"@type\":\"ImageObject\",\"inLanguage\":\"it-IT\",\"@id\":\"https:\/\/www.intoscana.it\/it\/il-volto-della-vergine-di-tiziano-e-migliaia-di-paillettes-il-drappellone-di-anastasio-brilla-sul-palio-di-siena\/#primaryimage\",\"url\":\"https:\/\/www.intoscana.it\/wp-content\/uploads\/IMG_20220810_191200-scaled.jpg\",\"contentUrl\":\"https:\/\/www.intoscana.it\/wp-content\/uploads\/IMG_20220810_191200-scaled.jpg\",\"width\":2048,\"height\":1536},{\"@type\":\"BreadcrumbList\",\"@id\":\"https:\/\/www.intoscana.it\/it\/il-volto-della-vergine-di-tiziano-e-migliaia-di-paillettes-il-drappellone-di-anastasio-brilla-sul-palio-di-siena\/#breadcrumb\",\"itemListElement\":[{\"@type\":\"ListItem\",\"position\":1,\"name\":\"Home\",\"item\":\"https:\/\/www.intoscana.it\/it\/\"},{\"@type\":\"ListItem\",\"position\":2,\"name\":\"Il volto della Vergine di Tiziano e migliaia di paillettes, il drappellone di Anastasio brilla sul Palio di Siena\"}]},{\"@type\":\"WebSite\",\"@id\":\"https:\/\/www.intoscana.it\/it\/#website\",\"url\":\"https:\/\/www.intoscana.it\/it\/\",\"name\":\"intoscana\",\"description\":\"\",\"potentialAction\":[{\"@type\":\"SearchAction\",\"target\":{\"@type\":\"EntryPoint\",\"urlTemplate\":\"https:\/\/www.intoscana.it\/it\/?s={search_term_string}\"},\"query-input\":{\"@type\":\"PropertyValueSpecification\",\"valueRequired\":true,\"valueName\":\"search_term_string\"}}],\"inLanguage\":\"it-IT\"},{\"@type\":\"Person\",\"@id\":\"https:\/\/www.intoscana.it\/it\/#\/schema\/person\/137419af9ef5d385bde52864a841e6ce\",\"name\":\"Clara D'Acunto\",\"url\":\"https:\/\/www.intoscana.it\/it\/author\/clara-d_acunto\/\"}]}<\/script>\n<!-- \/ Yoast SEO Premium plugin. -->","yoast_head_json":{"title":"Il volto della Vergine di Tiziano e migliaia di paillettes, il drappellone di Anastasio brilla sul Palio di Siena - intoscana","description":"Il cencio dell'artista romano stupisce per la sua originalit\u00e0. A contenderselo le dieci contrade che correranno la Carriera del 16 agosto dedicata alla Madonna dell'Assunta","robots":{"index":"index","follow":"follow","max-snippet":"max-snippet:-1","max-image-preview":"max-image-preview:large","max-video-preview":"max-video-preview:-1"},"canonical":"https:\/\/www.intoscana.it\/it\/il-volto-della-vergine-di-tiziano-e-migliaia-di-paillettes-il-drappellone-di-anastasio-brilla-sul-palio-di-siena\/","og_locale":"it_IT","og_type":"article","og_title":"Il volto della Vergine di Tiziano e migliaia di paillettes, il drappellone di Anastasio brilla sul Palio di Siena","og_description":"Il cencio dell'artista romano stupisce per la sua originalit\u00e0. A contenderselo le dieci contrade che correranno la Carriera del 16 agosto dedicata alla Madonna dell'Assunta","og_url":"https:\/\/www.intoscana.it\/it\/il-volto-della-vergine-di-tiziano-e-migliaia-di-paillettes-il-drappellone-di-anastasio-brilla-sul-palio-di-siena\/","og_site_name":"intoscana","article_publisher":"https:\/\/www.facebook.com\/intoscana.it","article_published_time":"2022-08-11T07:32:34+00:00","article_modified_time":"2022-08-11T07:59:57+00:00","og_image":[{"width":2048,"height":1536,"url":"https:\/\/www.intoscana.it\/wp-content\/uploads\/IMG_20220810_191200-scaled.jpg","type":"image\/jpeg"}],"author":"Clara D'Acunto","twitter_card":"summary_large_image","twitter_creator":"@intoscana","twitter_site":"@intoscana","twitter_misc":{"Written by":"Clara D'Acunto","Est. reading time":"2 minuti"},"schema":{"@context":"https:\/\/schema.org","@graph":[{"@type":"WebPage","@id":"https:\/\/www.intoscana.it\/it\/il-volto-della-vergine-di-tiziano-e-migliaia-di-paillettes-il-drappellone-di-anastasio-brilla-sul-palio-di-siena\/","url":"https:\/\/www.intoscana.it\/it\/il-volto-della-vergine-di-tiziano-e-migliaia-di-paillettes-il-drappellone-di-anastasio-brilla-sul-palio-di-siena\/","name":"Il volto della Vergine di Tiziano e migliaia di paillettes, il drappellone di Anastasio brilla sul Palio di Siena - intoscana","isPartOf":{"@id":"https:\/\/www.intoscana.it\/it\/#website"},"primaryImageOfPage":{"@id":"https:\/\/www.intoscana.it\/it\/il-volto-della-vergine-di-tiziano-e-migliaia-di-paillettes-il-drappellone-di-anastasio-brilla-sul-palio-di-siena\/#primaryimage"},"image":{"@id":"https:\/\/www.intoscana.it\/it\/il-volto-della-vergine-di-tiziano-e-migliaia-di-paillettes-il-drappellone-di-anastasio-brilla-sul-palio-di-siena\/#primaryimage"},"thumbnailUrl":"https:\/\/www.intoscana.it\/wp-content\/uploads\/IMG_20220810_191200-scaled.jpg","datePublished":"2022-08-11T07:32:34+00:00","dateModified":"2022-08-11T07:59:57+00:00","author":{"@id":"https:\/\/www.intoscana.it\/it\/#\/schema\/person\/137419af9ef5d385bde52864a841e6ce"},"description":"Il cencio dell'artista romano stupisce per la sua originalit\u00e0. A contenderselo le dieci contrade che correranno la Carriera del 16 agosto dedicata alla Madonna dell'Assunta","breadcrumb":{"@id":"https:\/\/www.intoscana.it\/it\/il-volto-della-vergine-di-tiziano-e-migliaia-di-paillettes-il-drappellone-di-anastasio-brilla-sul-palio-di-siena\/#breadcrumb"},"inLanguage":"it-IT","potentialAction":[{"@type":"ReadAction","target":["https:\/\/www.intoscana.it\/it\/il-volto-della-vergine-di-tiziano-e-migliaia-di-paillettes-il-drappellone-di-anastasio-brilla-sul-palio-di-siena\/"]}]},{"@type":"ImageObject","inLanguage":"it-IT","@id":"https:\/\/www.intoscana.it\/it\/il-volto-della-vergine-di-tiziano-e-migliaia-di-paillettes-il-drappellone-di-anastasio-brilla-sul-palio-di-siena\/#primaryimage","url":"https:\/\/www.intoscana.it\/wp-content\/uploads\/IMG_20220810_191200-scaled.jpg","contentUrl":"https:\/\/www.intoscana.it\/wp-content\/uploads\/IMG_20220810_191200-scaled.jpg","width":2048,"height":1536},{"@type":"BreadcrumbList","@id":"https:\/\/www.intoscana.it\/it\/il-volto-della-vergine-di-tiziano-e-migliaia-di-paillettes-il-drappellone-di-anastasio-brilla-sul-palio-di-siena\/#breadcrumb","itemListElement":[{"@type":"ListItem","position":1,"name":"Home","item":"https:\/\/www.intoscana.it\/it\/"},{"@type":"ListItem","position":2,"name":"Il volto della Vergine di Tiziano e migliaia di paillettes, il drappellone di Anastasio brilla sul Palio di Siena"}]},{"@type":"WebSite","@id":"https:\/\/www.intoscana.it\/it\/#website","url":"https:\/\/www.intoscana.it\/it\/","name":"intoscana","description":"","potentialAction":[{"@type":"SearchAction","target":{"@type":"EntryPoint","urlTemplate":"https:\/\/www.intoscana.it\/it\/?s={search_term_string}"},"query-input":{"@type":"PropertyValueSpecification","valueRequired":true,"valueName":"search_term_string"}}],"inLanguage":"it-IT"},{"@type":"Person","@id":"https:\/\/www.intoscana.it\/it\/#\/schema\/person\/137419af9ef5d385bde52864a841e6ce","name":"Clara D'Acunto","url":"https:\/\/www.intoscana.it\/it\/author\/clara-d_acunto\/"}]}},"_links":{"self":[{"href":"https:\/\/www.intoscana.it\/it\/wp-json\/wp\/v2\/posts\/241900","targetHints":{"allow":["GET"]}}],"collection":[{"href":"https:\/\/www.intoscana.it\/it\/wp-json\/wp\/v2\/posts"}],"about":[{"href":"https:\/\/www.intoscana.it\/it\/wp-json\/wp\/v2\/types\/post"}],"author":[{"embeddable":true,"href":"https:\/\/www.intoscana.it\/it\/wp-json\/wp\/v2\/users\/545"}],"replies":[{"embeddable":true,"href":"https:\/\/www.intoscana.it\/it\/wp-json\/wp\/v2\/comments?post=241900"}],"version-history":[{"count":0,"href":"https:\/\/www.intoscana.it\/it\/wp-json\/wp\/v2\/posts\/241900\/revisions"}],"wp:featuredmedia":[{"embeddable":true,"href":"https:\/\/www.intoscana.it\/it\/wp-json\/wp\/v2\/media\/241904"}],"wp:attachment":[{"href":"https:\/\/www.intoscana.it\/it\/wp-json\/wp\/v2\/media?parent=241900"}],"wp:term":[{"taxonomy":"category","embeddable":true,"href":"https:\/\/www.intoscana.it\/it\/wp-json\/wp\/v2\/categories?post=241900"},{"taxonomy":"post_tag","embeddable":true,"href":"https:\/\/www.intoscana.it\/it\/wp-json\/wp\/v2\/tags?post=241900"}],"curies":[{"name":"wp","href":"https:\/\/api.w.org\/{rel}","templated":true}]}}