{"id":242288,"date":"2022-08-13T16:13:13","date_gmt":"2022-08-13T14:13:13","guid":{"rendered":"https:\/\/www.intoscana.it\/it\/?p=242288"},"modified":"2022-08-24T15:05:14","modified_gmt":"2022-08-24T13:05:14","slug":"piero-angela-la-toscana-ricorda-lasteroide-7197-che-montelupo-gli-ha-dedicato-e-il-legame-con-la-versilia","status":"publish","type":"post","link":"https:\/\/www.intoscana.it\/it\/piero-angela-la-toscana-ricorda-lasteroide-7197-che-montelupo-gli-ha-dedicato-e-il-legame-con-la-versilia\/","title":{"rendered":"Piero Angela, la Toscana ricorda: l&#8217;asteroide 7197 che Montelupo gli ha &#8220;dedicato&#8221; e il legame con la Versilia"},"content":{"rendered":"<p>A 93 anni <strong>Piero Angela<\/strong> \u00e8 morto, lasciando come ultimo regalo un messaggio ai tanti, giovani e meno giovani, che hanno trovato in lui ispirazione e spirito critico: <em>\u201cCarissimi tutti<\/em> &#8211; \u00e8 la chiusa del suo messaggio sui social di SuperQuark &#8211;\u00a0 <em>penso di aver fatto la mia parte. Cercate di fare anche voi la vostra per questo nostro difficile Paese&#8221;<\/em>. Ovunque andasse, il primo e il pi\u00f9 grande dei divulgatori scientifici lasciava un segno e in Toscana lo ricordano, come tutti, con affetto.<\/p>\n<p>Da <strong>Montelupo<\/strong>, dove <mark>l&#8217;osservatorio si \u00e8 spinto fino a dedicargli un asteroide, la &#8220;Pieroangela&#8221;, scritto tutto attaccato, fino alla Versilia, dove a venti anni suonava il piano come &#8220;Peter Angela&#8221; in una Capannina appena aperta &#8211; il jazz \u00e8 stata una delle sue pi\u00f9 grandi passioni &#8211; e anni dopo \u00e8 andato al Festival della Versiliana come ospite d&#8217;onore.<\/mark> E poi <strong>Siena<\/strong>, dove nel 2019 <a href=\"https:\/\/www.youtube.com\/watch?v=sK1CzvAMdis&amp;t=1274s\" target=\"_blank\" rel=\"noopener\">ricevette la laurea<\/a> honoris causa in Strategie e tecniche della comunicazione. Tutti hanno avuto un pensiero per lui, dalle massime cariche istituzionali, di ogni livello, ai semplici telespettatori e ammiratori che si affideranno adesso a chi ha raccolto la sua eredit\u00e0, il figlio Alberto.<\/p>\n<figure id=\"post-242317 media-242317\" class=\"align-none\"><img decoding=\"async\" src=\"https:\/\/www.intoscana.it\/wp-content\/uploads\/01_PieroAngela_Unisi-scaled.jpg\" alt=\"\" \/><\/figure>\n<div class=\"titleimg\" style=\"text-align: center;\"><em>Piero Angela riceva la laurea honoris causa dall\u2019Universit\u00e0 di Siena &#8211; \u00a9 Universit\u00e0 di Siena<\/em><\/div>\n<h3><em>Cittadino onorario di Montelupo<\/em><\/h3>\n<p>Il legame con il gruppo astrofili di <strong>Montelupo<\/strong> era stretto e solido, tanto da <mark>ricevere dal Comune la <a href=\"https:\/\/www.intoscana.it\/it\/articolo\/montelupo-fiorentino-cittadinanza-onoraria-a-piero-angela\/\" target=\"_blank\" rel=\"noopener\">cittadinanza onoraria<\/a>, quattro anni fa, proprio nel giorno dell\u2019inaugurazione dell\u2019Osservatorio con la sua nuova cupola.<\/mark><\/p>\n<p><em>\u201cQuesto avvenimento \u00e8 molto vicino al mio modo di essere e per questo mi \u00e8 particolarmente caro<\/em> &#8211; disse quel giorno &#8211; <em>Degli appassionati astrofili, che anche con mezzi limitati riescono a portare avanti la ricerca e hanno fondato un vero e proprio osservatorio. Poi qualche anno fa mi hanno dedicato un asteroide. Quando ci sar\u00e0 anche il telescopio torner\u00f2 a Montelupo\u201d<\/em>, \u00e8 la promessa che non potr\u00e0 mantenere.<\/p>\n<p>L\u2019asteroide \u00e8 il <mark>7197 &#8220;Pieroangela&#8221; scoperto da Maura Tombelli e Andrea Boattini, grazie al quale nel 2003 Piero Angela venne in visita per la prima volta a Montelupo, in occasione della prima pietra dell\u2019Osservatorio \u201cBeppe Forti\u201d.<\/mark><\/p>\n<p>Sempre a Montelupo, Piero Angela diede una lezione di scienza che, come accadeva spesso, diventata di vita. Ecco le sue parole, come riportate da una nota del Comune: <em>\u201cBisogna diffondere, non solo la conoscenza, ma anche la mentalit\u00e0 scientifica, cultura scientifica; quando si dice 2030, 2050 sembrano tempi lontanissimi, ma un bambino che nasce oggi, sar\u00e0 un giovane adulto a quel tempo: <mark>noi dobbiamo pensare a loro, creare nel paese una cultura scientifica per tornare ad essere un paese moderno, attento alle grandi questioni come quelle demografiche o ambientali. Per questo penso che il ruolo del divulgatore scientifico sia molto importante perch\u00e9 deve fare un collegamento fra la cultura classica e tradizionale e il sapere scientifico\u201d<\/em>.<\/mark><\/p>\n<figure id=\"post-242294 media-242294\" class=\"align-none\"><img decoding=\"async\" src=\"https:\/\/www.intoscana.it\/wp-content\/uploads\/EMA_6113-Piero-Angela-scaled.jpg\" alt=\"\" \/><\/figure>\n<div class=\"titleimg\" style=\"text-align: center;\"><em>Piero Angela &#8211; \u00a9 Versiliana<\/em><\/div>\n<h3><em>Il saluto della\u00a0Fondazione Versiliana\u00a0<\/em><\/h3>\n<p>Ospite della <strong>Versiliana<\/strong> in pi\u00f9 occasioni, la sua ultima volta sul noto palco fu nel 2019. <em>&#8220;Ad accoglierlo<\/em>\u00a0 &#8211; ricorda il presidente della Fondazione &#8211; <em>ci fu un teatro gremito di persone. Aveva gi\u00e0 90 anni, ma <mark>chi ha avuto il piacere di ascoltarlo in Versiliana sicuramente ricorder\u00e0 la straordinaria lucidit\u00e0, la facilit\u00e0 di parola, la profondit\u00e0 degli argomenti e la capacit\u00e0 di rendere semplice anche materie di grande complessit\u00e0.<\/mark> Al figlio Alberto e alla famiglia tutta, vanno le nostre sentite condoglianze e il pi\u00f9 forte abbraccio di tutta la Versiliana&#8221;.<\/em><\/p>\n<h3><em>Firenze gli dedicher\u00e0 una scuola<\/em><\/h3>\n<p>Un istituto scolastico di Firenze sar\u00e0 intitolato a Piero Angela. Lo fa sapere <strong>Palazzo Vecchio<\/strong> &#8220;<em>per ricordare la sua grande sensibilit\u00e0 divulgativa che ha formato intere generazioni di donne e di uomini alla cultura scientifica generale&#8221;, &#8220;affinch\u00e9 rimanga salda nella memoria di tutti e in particolare delle nuove generazioni, la sua grandezza intellettuale&#8221;.<\/em><\/p>\n<blockquote class=\"instagram-media\" style=\"background: #FFF; border: 0; border-radius: 3px; box-shadow: 0 0 1px 0 rgba(0,0,0,0.5),0 1px 10px 0 rgba(0,0,0,0.15); margin: 1px; max-width: 540px; min-width: 326px; padding: 0; width: calc(100% - 2px);\" data-instgrm-captioned=\"\" data-instgrm-permalink=\"https:\/\/www.instagram.com\/p\/ChMgfcEr848\/?utm_source=ig_embed&amp;utm_campaign=loading\" data-instgrm-version=\"14\">\n<div style=\"padding: 16px;\">\n<p>&nbsp;<\/p>\n<div style=\"display: flex; flex-direction: row; align-items: center;\">\n<div style=\"background-color: #f4f4f4; border-radius: 50%; flex-grow: 0; height: 40px; margin-right: 14px; width: 40px;\"><\/div>\n<div style=\"display: flex; flex-direction: column; flex-grow: 1; justify-content: center;\">\n<div style=\"background-color: #f4f4f4; border-radius: 4px; flex-grow: 0; height: 14px; margin-bottom: 6px; width: 100px;\"><\/div>\n<div style=\"background-color: #f4f4f4; border-radius: 4px; flex-grow: 0; height: 14px; width: 60px;\"><\/div>\n<\/div>\n<\/div>\n<div style=\"padding: 19% 0;\"><\/div>\n<div style=\"display: block; height: 50px; margin: 0 auto 12px; width: 50px;\"><\/div>\n<div style=\"padding-top: 8px;\">\n<div style=\"color: #3897f0; font-family: Arial,sans-serif; font-size: 14px; font-style: normal; font-weight: 550; line-height: 18px;\">Visualizza questo post su Instagram<\/div>\n<\/div>\n<div style=\"padding: 12.5% 0;\"><\/div>\n<div style=\"display: flex; flex-direction: row; margin-bottom: 14px; align-items: center;\">\n<div>\n<div style=\"background-color: #f4f4f4; border-radius: 50%; height: 12.5px; width: 12.5px; transform: translateX(0px) translateY(7px);\"><\/div>\n<div style=\"background-color: #f4f4f4; height: 12.5px; transform: rotate(-45deg) translateX(3px) translateY(1px); width: 12.5px; flex-grow: 0; margin-right: 14px; margin-left: 2px;\"><\/div>\n<div style=\"background-color: #f4f4f4; border-radius: 50%; height: 12.5px; width: 12.5px; transform: translateX(9px) translateY(-18px);\"><\/div>\n<\/div>\n<div style=\"margin-left: 8px;\">\n<div style=\"background-color: #f4f4f4; border-radius: 50%; flex-grow: 0; height: 20px; width: 20px;\"><\/div>\n<div style=\"width: 0; height: 0; border-top: 2px solid transparent; border-left: 6px solid #f4f4f4; border-bottom: 2px solid transparent; transform: translateX(16px) translateY(-4px) rotate(30deg);\"><\/div>\n<\/div>\n<div style=\"margin-left: auto;\">\n<div style=\"width: 0px; border-top: 8px solid #F4F4F4; border-right: 8px solid transparent; transform: translateY(16px);\"><\/div>\n<div style=\"background-color: #f4f4f4; flex-grow: 0; height: 12px; width: 16px; transform: translateY(-4px);\"><\/div>\n<div style=\"width: 0; height: 0; border-top: 8px solid #F4F4F4; border-left: 8px solid transparent; transform: translateY(-4px) translateX(8px);\"><\/div>\n<\/div>\n<\/div>\n<div style=\"display: flex; flex-direction: column; flex-grow: 1; justify-content: center; margin-bottom: 24px;\">\n<div style=\"background-color: #f4f4f4; border-radius: 4px; flex-grow: 0; height: 14px; margin-bottom: 6px; width: 224px;\"><\/div>\n<div style=\"background-color: #f4f4f4; border-radius: 4px; flex-grow: 0; height: 14px; width: 144px;\"><\/div>\n<\/div>\n<p>&nbsp;<\/p>\n<p style=\"color: #c9c8cd; font-family: Arial,sans-serif; font-size: 14px; line-height: 17px; margin-bottom: 0; margin-top: 8px; overflow: hidden; padding: 8px 0 7px; text-align: center; text-overflow: ellipsis; white-space: nowrap;\"><a style=\"color: #c9c8cd; font-family: Arial,sans-serif; font-size: 14px; font-style: normal; font-weight: normal; line-height: 17px; text-decoration: none;\" href=\"https:\/\/www.instagram.com\/p\/ChMgfcEr848\/?utm_source=ig_embed&amp;utm_campaign=loading\" target=\"_blank\" rel=\"noopener\">Un post condiviso da SuperQuarkRai (@superquarkrai)<\/a><\/p>\n<\/div>\n<\/blockquote>\n<p><script async src=\"\/\/www.instagram.com\/embed.js\"><\/script><\/p>\n","protected":false},"excerpt":{"rendered":"<p>\u00c8 stato cittadino onorario per il suo rapporto con il gruppo astrofili, laurea honoris causa a Siena e ospite pi\u00f9 volte alla Versiliana: tutti hanno un pensiero per il divulgatore scientifico pi\u00f9 amato. Firenze gli dedicher\u00e0 una scuola<\/p>\n","protected":false},"author":545,"featured_media":143553,"comment_status":"open","ping_status":"open","sticky":false,"template":"","format":"standard","meta":{"_acf_changed":false,"footnotes":""},"categories":[4],"tags":[5048],"class_list":["post-242288","post","type-post","status-publish","format-standard","has-post-thumbnail","hentry","category-storie","tag-scienza"],"acf":[],"yoast_head":"<!-- This site is optimized with the Yoast SEO Premium plugin v24.2 (Yoast SEO v25.6) - https:\/\/yoast.com\/wordpress\/plugins\/seo\/ -->\n<title>Piero Angela, la Toscana ricorda: l&#039;asteroide 7197 che Montelupo gli ha &quot;dedicato&quot; e il legame con la Versilia - intoscana<\/title>\n<meta name=\"description\" content=\"\u00c8 stato cittadino onorario per il suo forte legame con il gruppo astrofili, ospite pi\u00f9 volte alla Versiliana: tutti hanno un pensiero per il divulgatore scientifico pi\u00f9 amato\" \/>\n<meta name=\"robots\" content=\"index, follow, max-snippet:-1, max-image-preview:large, max-video-preview:-1\" \/>\n<link rel=\"canonical\" href=\"https:\/\/www.intoscana.it\/it\/piero-angela-la-toscana-ricorda-lasteroide-7197-che-montelupo-gli-ha-dedicato-e-il-legame-con-la-versilia\/\" \/>\n<meta property=\"og:locale\" content=\"it_IT\" \/>\n<meta property=\"og:type\" content=\"article\" \/>\n<meta property=\"og:title\" content=\"Piero Angela, la Toscana ricorda: l&#039;asteroide 7197 che Montelupo gli ha &quot;dedicato&quot; e il legame con la Versilia\" \/>\n<meta property=\"og:description\" content=\"\u00c8 stato cittadino onorario per il suo forte legame con il gruppo astrofili, ospite pi\u00f9 volte alla Versiliana: tutti hanno un pensiero per il divulgatore scientifico pi\u00f9 amato\" \/>\n<meta property=\"og:url\" content=\"https:\/\/www.intoscana.it\/it\/piero-angela-la-toscana-ricorda-lasteroide-7197-che-montelupo-gli-ha-dedicato-e-il-legame-con-la-versilia\/\" \/>\n<meta property=\"og:site_name\" content=\"intoscana\" \/>\n<meta property=\"article:publisher\" content=\"https:\/\/www.facebook.com\/intoscana.it\" \/>\n<meta property=\"article:published_time\" content=\"2022-08-13T14:13:13+00:00\" \/>\n<meta property=\"article:modified_time\" content=\"2022-08-24T13:05:14+00:00\" \/>\n<meta property=\"og:image\" content=\"https:\/\/www.intoscana.it\/wp-content\/uploads\/piero-angela-foto-rai.jpg\" \/>\n\t<meta property=\"og:image:width\" content=\"1280\" \/>\n\t<meta property=\"og:image:height\" content=\"720\" \/>\n\t<meta property=\"og:image:type\" content=\"image\/jpeg\" \/>\n<meta name=\"author\" content=\"Clara D&#039;Acunto\" \/>\n<meta name=\"twitter:card\" content=\"summary_large_image\" \/>\n<meta name=\"twitter:creator\" content=\"@intoscana\" \/>\n<meta name=\"twitter:site\" content=\"@intoscana\" \/>\n<meta name=\"twitter:label1\" content=\"Written by\" \/>\n\t<meta name=\"twitter:data1\" content=\"Clara D&#039;Acunto\" \/>\n\t<meta name=\"twitter:label2\" content=\"Est. reading time\" \/>\n\t<meta name=\"twitter:data2\" content=\"3 minuti\" \/>\n<script type=\"application\/ld+json\" class=\"yoast-schema-graph\">{\"@context\":\"https:\/\/schema.org\",\"@graph\":[{\"@type\":\"WebPage\",\"@id\":\"https:\/\/www.intoscana.it\/it\/piero-angela-la-toscana-ricorda-lasteroide-7197-che-montelupo-gli-ha-dedicato-e-il-legame-con-la-versilia\/\",\"url\":\"https:\/\/www.intoscana.it\/it\/piero-angela-la-toscana-ricorda-lasteroide-7197-che-montelupo-gli-ha-dedicato-e-il-legame-con-la-versilia\/\",\"name\":\"Piero Angela, la Toscana ricorda: l'asteroide 7197 che Montelupo gli ha \\\"dedicato\\\" e il legame con la Versilia - intoscana\",\"isPartOf\":{\"@id\":\"https:\/\/www.intoscana.it\/it\/#website\"},\"primaryImageOfPage\":{\"@id\":\"https:\/\/www.intoscana.it\/it\/piero-angela-la-toscana-ricorda-lasteroide-7197-che-montelupo-gli-ha-dedicato-e-il-legame-con-la-versilia\/#primaryimage\"},\"image\":{\"@id\":\"https:\/\/www.intoscana.it\/it\/piero-angela-la-toscana-ricorda-lasteroide-7197-che-montelupo-gli-ha-dedicato-e-il-legame-con-la-versilia\/#primaryimage\"},\"thumbnailUrl\":\"https:\/\/www.intoscana.it\/wp-content\/uploads\/piero-angela-foto-rai.jpg\",\"datePublished\":\"2022-08-13T14:13:13+00:00\",\"dateModified\":\"2022-08-24T13:05:14+00:00\",\"author\":{\"@id\":\"https:\/\/www.intoscana.it\/it\/#\/schema\/person\/137419af9ef5d385bde52864a841e6ce\"},\"description\":\"\u00c8 stato cittadino onorario per il suo forte legame con il gruppo astrofili, ospite pi\u00f9 volte alla Versiliana: tutti hanno un pensiero per il divulgatore scientifico pi\u00f9 amato\",\"breadcrumb\":{\"@id\":\"https:\/\/www.intoscana.it\/it\/piero-angela-la-toscana-ricorda-lasteroide-7197-che-montelupo-gli-ha-dedicato-e-il-legame-con-la-versilia\/#breadcrumb\"},\"inLanguage\":\"it-IT\",\"potentialAction\":[{\"@type\":\"ReadAction\",\"target\":[\"https:\/\/www.intoscana.it\/it\/piero-angela-la-toscana-ricorda-lasteroide-7197-che-montelupo-gli-ha-dedicato-e-il-legame-con-la-versilia\/\"]}]},{\"@type\":\"ImageObject\",\"inLanguage\":\"it-IT\",\"@id\":\"https:\/\/www.intoscana.it\/it\/piero-angela-la-toscana-ricorda-lasteroide-7197-che-montelupo-gli-ha-dedicato-e-il-legame-con-la-versilia\/#primaryimage\",\"url\":\"https:\/\/www.intoscana.it\/wp-content\/uploads\/piero-angela-foto-rai.jpg\",\"contentUrl\":\"https:\/\/www.intoscana.it\/wp-content\/uploads\/piero-angela-foto-rai.jpg\",\"width\":1280,\"height\":720,\"caption\":\"Piero Angela, cittadino onorario di Montelupo Fiorentino in diretta FB con il sindaco.\"},{\"@type\":\"BreadcrumbList\",\"@id\":\"https:\/\/www.intoscana.it\/it\/piero-angela-la-toscana-ricorda-lasteroide-7197-che-montelupo-gli-ha-dedicato-e-il-legame-con-la-versilia\/#breadcrumb\",\"itemListElement\":[{\"@type\":\"ListItem\",\"position\":1,\"name\":\"Home\",\"item\":\"https:\/\/www.intoscana.it\/it\/\"},{\"@type\":\"ListItem\",\"position\":2,\"name\":\"Piero Angela, la Toscana ricorda: l&#8217;asteroide 7197 che Montelupo gli ha &#8220;dedicato&#8221; e il legame con la Versilia\"}]},{\"@type\":\"WebSite\",\"@id\":\"https:\/\/www.intoscana.it\/it\/#website\",\"url\":\"https:\/\/www.intoscana.it\/it\/\",\"name\":\"intoscana\",\"description\":\"\",\"potentialAction\":[{\"@type\":\"SearchAction\",\"target\":{\"@type\":\"EntryPoint\",\"urlTemplate\":\"https:\/\/www.intoscana.it\/it\/?s={search_term_string}\"},\"query-input\":{\"@type\":\"PropertyValueSpecification\",\"valueRequired\":true,\"valueName\":\"search_term_string\"}}],\"inLanguage\":\"it-IT\"},{\"@type\":\"Person\",\"@id\":\"https:\/\/www.intoscana.it\/it\/#\/schema\/person\/137419af9ef5d385bde52864a841e6ce\",\"name\":\"Clara D'Acunto\",\"url\":\"https:\/\/www.intoscana.it\/it\/author\/clara-d_acunto\/\"}]}<\/script>\n<!-- \/ Yoast SEO Premium plugin. -->","yoast_head_json":{"title":"Piero Angela, la Toscana ricorda: l'asteroide 7197 che Montelupo gli ha \"dedicato\" e il legame con la Versilia - intoscana","description":"\u00c8 stato cittadino onorario per il suo forte legame con il gruppo astrofili, ospite pi\u00f9 volte alla Versiliana: tutti hanno un pensiero per il divulgatore scientifico pi\u00f9 amato","robots":{"index":"index","follow":"follow","max-snippet":"max-snippet:-1","max-image-preview":"max-image-preview:large","max-video-preview":"max-video-preview:-1"},"canonical":"https:\/\/www.intoscana.it\/it\/piero-angela-la-toscana-ricorda-lasteroide-7197-che-montelupo-gli-ha-dedicato-e-il-legame-con-la-versilia\/","og_locale":"it_IT","og_type":"article","og_title":"Piero Angela, la Toscana ricorda: l'asteroide 7197 che Montelupo gli ha \"dedicato\" e il legame con la Versilia","og_description":"\u00c8 stato cittadino onorario per il suo forte legame con il gruppo astrofili, ospite pi\u00f9 volte alla Versiliana: tutti hanno un pensiero per il divulgatore scientifico pi\u00f9 amato","og_url":"https:\/\/www.intoscana.it\/it\/piero-angela-la-toscana-ricorda-lasteroide-7197-che-montelupo-gli-ha-dedicato-e-il-legame-con-la-versilia\/","og_site_name":"intoscana","article_publisher":"https:\/\/www.facebook.com\/intoscana.it","article_published_time":"2022-08-13T14:13:13+00:00","article_modified_time":"2022-08-24T13:05:14+00:00","og_image":[{"width":1280,"height":720,"url":"https:\/\/www.intoscana.it\/wp-content\/uploads\/piero-angela-foto-rai.jpg","type":"image\/jpeg"}],"author":"Clara D'Acunto","twitter_card":"summary_large_image","twitter_creator":"@intoscana","twitter_site":"@intoscana","twitter_misc":{"Written by":"Clara D'Acunto","Est. reading time":"3 minuti"},"schema":{"@context":"https:\/\/schema.org","@graph":[{"@type":"WebPage","@id":"https:\/\/www.intoscana.it\/it\/piero-angela-la-toscana-ricorda-lasteroide-7197-che-montelupo-gli-ha-dedicato-e-il-legame-con-la-versilia\/","url":"https:\/\/www.intoscana.it\/it\/piero-angela-la-toscana-ricorda-lasteroide-7197-che-montelupo-gli-ha-dedicato-e-il-legame-con-la-versilia\/","name":"Piero Angela, la Toscana ricorda: l'asteroide 7197 che Montelupo gli ha \"dedicato\" e il legame con la Versilia - intoscana","isPartOf":{"@id":"https:\/\/www.intoscana.it\/it\/#website"},"primaryImageOfPage":{"@id":"https:\/\/www.intoscana.it\/it\/piero-angela-la-toscana-ricorda-lasteroide-7197-che-montelupo-gli-ha-dedicato-e-il-legame-con-la-versilia\/#primaryimage"},"image":{"@id":"https:\/\/www.intoscana.it\/it\/piero-angela-la-toscana-ricorda-lasteroide-7197-che-montelupo-gli-ha-dedicato-e-il-legame-con-la-versilia\/#primaryimage"},"thumbnailUrl":"https:\/\/www.intoscana.it\/wp-content\/uploads\/piero-angela-foto-rai.jpg","datePublished":"2022-08-13T14:13:13+00:00","dateModified":"2022-08-24T13:05:14+00:00","author":{"@id":"https:\/\/www.intoscana.it\/it\/#\/schema\/person\/137419af9ef5d385bde52864a841e6ce"},"description":"\u00c8 stato cittadino onorario per il suo forte legame con il gruppo astrofili, ospite pi\u00f9 volte alla Versiliana: tutti hanno un pensiero per il divulgatore scientifico pi\u00f9 amato","breadcrumb":{"@id":"https:\/\/www.intoscana.it\/it\/piero-angela-la-toscana-ricorda-lasteroide-7197-che-montelupo-gli-ha-dedicato-e-il-legame-con-la-versilia\/#breadcrumb"},"inLanguage":"it-IT","potentialAction":[{"@type":"ReadAction","target":["https:\/\/www.intoscana.it\/it\/piero-angela-la-toscana-ricorda-lasteroide-7197-che-montelupo-gli-ha-dedicato-e-il-legame-con-la-versilia\/"]}]},{"@type":"ImageObject","inLanguage":"it-IT","@id":"https:\/\/www.intoscana.it\/it\/piero-angela-la-toscana-ricorda-lasteroide-7197-che-montelupo-gli-ha-dedicato-e-il-legame-con-la-versilia\/#primaryimage","url":"https:\/\/www.intoscana.it\/wp-content\/uploads\/piero-angela-foto-rai.jpg","contentUrl":"https:\/\/www.intoscana.it\/wp-content\/uploads\/piero-angela-foto-rai.jpg","width":1280,"height":720,"caption":"Piero Angela, cittadino onorario di Montelupo Fiorentino in diretta FB con il sindaco."},{"@type":"BreadcrumbList","@id":"https:\/\/www.intoscana.it\/it\/piero-angela-la-toscana-ricorda-lasteroide-7197-che-montelupo-gli-ha-dedicato-e-il-legame-con-la-versilia\/#breadcrumb","itemListElement":[{"@type":"ListItem","position":1,"name":"Home","item":"https:\/\/www.intoscana.it\/it\/"},{"@type":"ListItem","position":2,"name":"Piero Angela, la Toscana ricorda: l&#8217;asteroide 7197 che Montelupo gli ha &#8220;dedicato&#8221; e il legame con la Versilia"}]},{"@type":"WebSite","@id":"https:\/\/www.intoscana.it\/it\/#website","url":"https:\/\/www.intoscana.it\/it\/","name":"intoscana","description":"","potentialAction":[{"@type":"SearchAction","target":{"@type":"EntryPoint","urlTemplate":"https:\/\/www.intoscana.it\/it\/?s={search_term_string}"},"query-input":{"@type":"PropertyValueSpecification","valueRequired":true,"valueName":"search_term_string"}}],"inLanguage":"it-IT"},{"@type":"Person","@id":"https:\/\/www.intoscana.it\/it\/#\/schema\/person\/137419af9ef5d385bde52864a841e6ce","name":"Clara D'Acunto","url":"https:\/\/www.intoscana.it\/it\/author\/clara-d_acunto\/"}]}},"_links":{"self":[{"href":"https:\/\/www.intoscana.it\/it\/wp-json\/wp\/v2\/posts\/242288","targetHints":{"allow":["GET"]}}],"collection":[{"href":"https:\/\/www.intoscana.it\/it\/wp-json\/wp\/v2\/posts"}],"about":[{"href":"https:\/\/www.intoscana.it\/it\/wp-json\/wp\/v2\/types\/post"}],"author":[{"embeddable":true,"href":"https:\/\/www.intoscana.it\/it\/wp-json\/wp\/v2\/users\/545"}],"replies":[{"embeddable":true,"href":"https:\/\/www.intoscana.it\/it\/wp-json\/wp\/v2\/comments?post=242288"}],"version-history":[{"count":0,"href":"https:\/\/www.intoscana.it\/it\/wp-json\/wp\/v2\/posts\/242288\/revisions"}],"wp:featuredmedia":[{"embeddable":true,"href":"https:\/\/www.intoscana.it\/it\/wp-json\/wp\/v2\/media\/143553"}],"wp:attachment":[{"href":"https:\/\/www.intoscana.it\/it\/wp-json\/wp\/v2\/media?parent=242288"}],"wp:term":[{"taxonomy":"category","embeddable":true,"href":"https:\/\/www.intoscana.it\/it\/wp-json\/wp\/v2\/categories?post=242288"},{"taxonomy":"post_tag","embeddable":true,"href":"https:\/\/www.intoscana.it\/it\/wp-json\/wp\/v2\/tags?post=242288"}],"curies":[{"name":"wp","href":"https:\/\/api.w.org\/{rel}","templated":true}]}}