{"id":242412,"date":"2022-08-16T10:01:02","date_gmt":"2022-08-16T08:01:02","guid":{"rendered":"https:\/\/www.intoscana.it\/it\/?p=242412"},"modified":"2022-08-17T11:25:04","modified_gmt":"2022-08-17T09:25:04","slug":"covid-19-in-toscana-223-nuovi-casi-eta-media-48-anni-un-decesso","status":"publish","type":"post","link":"https:\/\/www.intoscana.it\/it\/covid-19-in-toscana-223-nuovi-casi-eta-media-48-anni-un-decesso\/","title":{"rendered":"Covid-19: in Toscana 223 nuovi casi. Et\u00e0 media 48 anni. Un decesso"},"content":{"rendered":"<p>In Toscana sono<strong> 1.361.089 i casi di positivit\u00e0 al Coronavirus, 223 in pi\u00f9 rispetto a ieri<\/strong> (51 confermati con tampone molecolare e 172 da test rapido antigenico). I nuovi casi sono lo 0,02% in pi\u00f9 rispetto al totale del giorno precedente. I guariti crescono dello 0,03% e raggiungono quota 1.266.298 (93% dei casi totali).<\/p>\n<p><strong>Oggi sono stati eseguiti 279 tamponi molecolari<\/strong> e 2.112 tamponi antigenici rapidi, di questi il 9,3% \u00e8 risultato positivo.<\/p>\n<p>Sono invece 372 i soggetti testati oggi (con tampone antigenico e\/o molecolare, escludendo i tamponi di controllo), di cui il 59,9% \u00e8 risultato positivo. Gli attualmente positivi sono oggi 84.227, -0,2% rispetto a ieri. I ricoverati sono 448 (3 in meno rispetto a ieri), di cui 20 in terapia intensiva (stabili). Oggi si registra 1 nuovo decesso: una donna di 76 anni.<\/p>\n<p>L&#8217;et\u00e0 media dei 223 nuovi positivi odierni \u00e8 di<strong> 48 anni circa<\/strong> (14% ha meno di 20 anni, 18% tra 20 e 39 anni, 34% tra 40 e 59 anni, 27% tra 60 e 79 anni, 7% ha 80 anni o pi\u00f9).<\/p>\n<h3>I casi di positivit\u00e0 sul territorio<\/h3>\n<p>Di seguito i casi di positivit\u00e0 sul territorio con la variazione rispetto a ieri (51 confermati con tampone molecolare e 172 da test rapido antigenico). <strong>Sono 373.256 i casi complessivi ad oggi a Firenze<\/strong> (28 in pi\u00f9 rispetto a ieri), 91.534 a Prato (4 in pi\u00f9), 107.388 a Pistoia (17 in pi\u00f9), 67.741 a Massa (39 in pi\u00f9), 144.983 a Lucca (30 in pi\u00f9), 157.836 a Pisa (20 in pi\u00f9), 122.788 a Livorno (17 in pi\u00f9), 123.102 ad Arezzo (31 in pi\u00f9), 97.612 a Siena (19 in pi\u00f9), 74.294 a Grosseto (18 in pi\u00f9). Sono 555 i casi positivi notificati in Toscana, ma residenti in altre regioni.<\/p>\n<p>Sono 52 i casi riscontrati oggi nell&#8217;Asl Centro, 103 nella Nord Ovest, 68 nella Sud est.<\/p>\n<p><strong>La Toscana si trova al 9\u00b0 posto in Italia come numerosit\u00e0 di casi<\/strong> (comprensivi di residenti e non residenti), con circa 36.857 casi per 100.000 abitanti (media italiana circa 36.311 x100.000, dato di ieri). Le province di notifica con il tasso pi\u00f9 alto sono Pisa con 37.761 casi x100.000 abitanti, Lucca con 37.760, Firenze con 37.384, la pi\u00f9 bassa Grosseto con 34.104.<\/p>\n<p>Complessivamente,<strong> 83.779 persone sono in isolamento a casa<\/strong>, poich\u00e9 presentano sintomi lievi che non richiedono cure ospedaliere, o risultano prive di sintomi (152 in meno rispetto a ieri, meno 0,2%).<\/p>\n<p><strong>Le persone ricoverate nei posti letto dedicati ai pazienti COVID oggi sono complessivamente 448<\/strong> (3 in meno rispetto a ieri, meno 0,7%), 20 in terapia intensiva (stabili rispetto a ieri).<\/p>\n<p><strong>Le persone complessivamente guarite sono 1.266.298<\/strong> (377 in pi\u00f9 rispetto a ieri, pi\u00f9 0,03%): 0 persone clinicamente guarite (stabili rispetto a ieri), divenute cio\u00e8 asintomatiche dopo aver presentato manifestazioni cliniche associate all&#8217;infezione e 1.266.298 (377 in pi\u00f9 rispetto a ieri, pi\u00f9 0,03%) dichiarate guarite a tutti gli effetti, le cosiddette guarigioni virali, con tampone negativo.<\/p>\n<h3>Un decesso<\/h3>\n<p>Relativamente alla provincia di residenza, la<strong> persona deceduta \u00e8 a Pisa.<\/strong><\/p>\n<p>Sono <strong>10.564 i deceduti dall&#8217;inizio dell&#8217;epidemia<\/strong> cosi ripartiti: 3.310 a Firenze, 865 a Prato, 946 a Pistoia, 677 a Massa Carrara, 1.004 a Lucca, 1.198 a Pisa, 800 a Livorno, 666 ad Arezzo, 555 a Siena, 392 a Grosseto, 151 persone sono decedute sul suolo toscano ma erano residenti fuori regione.<\/p>\n<p>Il tasso grezzo di mortalit\u00e0 toscano (numero di deceduti\/popolazione residente) per Covid-19 \u00e8 di 286,1 x100.000 residenti contro il 293,9 x100.000 della media italiana (9\u00b0 regione). Per quanto riguarda le province, il tasso di mortalit\u00e0 pi\u00f9 alto si riscontra a Massa Carrara (356,6 x100.000), Firenze (331,5 x100.000) e Prato (326,1 x100.000), il pi\u00f9 basso a Grosseto (179,9 x100.000).<\/p>\n","protected":false},"excerpt":{"rendered":"<p>Oggi sono stati eseguiti 279 tamponi molecolari e 2.112 tamponi antigenici rapidi, di questi il 9,3% \u00e8 risultato positivo<\/p>\n","protected":false},"author":525,"featured_media":186853,"comment_status":"open","ping_status":"open","sticky":false,"template":"","format":"standard","meta":{"_acf_changed":false,"footnotes":""},"categories":[494],"tags":[4868,418],"class_list":["post-242412","post","type-post","status-publish","format-standard","has-post-thumbnail","hentry","category-attualita","tag-bollettino-covid-toscana","tag-covid-19"],"acf":[],"yoast_head":"<!-- This site is optimized with the Yoast SEO Premium plugin v24.2 (Yoast SEO v25.6) - https:\/\/yoast.com\/wordpress\/plugins\/seo\/ -->\n<title>Covid-19: in Toscana 223 nuovi casi. Et\u00e0 media 48 anni. Un decesso - intoscana<\/title>\n<meta name=\"description\" content=\"Oggi sono stati eseguiti 279 tamponi molecolari e 2.112 tamponi antigenici rapidi, di questi il 9,3% \u00e8 risultato positivo\" \/>\n<meta name=\"robots\" content=\"index, follow, max-snippet:-1, max-image-preview:large, max-video-preview:-1\" \/>\n<link rel=\"canonical\" href=\"https:\/\/www.intoscana.it\/it\/covid-19-in-toscana-223-nuovi-casi-eta-media-48-anni-un-decesso\/\" \/>\n<meta property=\"og:locale\" content=\"it_IT\" \/>\n<meta property=\"og:type\" content=\"article\" \/>\n<meta property=\"og:title\" content=\"Covid-19: in Toscana 223 nuovi casi. Et\u00e0 media 48 anni. Un decesso\" \/>\n<meta property=\"og:description\" content=\"Oggi sono stati eseguiti 279 tamponi molecolari e 2.112 tamponi antigenici rapidi, di questi il 9,3% \u00e8 risultato positivo\" \/>\n<meta property=\"og:url\" content=\"https:\/\/www.intoscana.it\/it\/covid-19-in-toscana-223-nuovi-casi-eta-media-48-anni-un-decesso\/\" \/>\n<meta property=\"og:site_name\" content=\"intoscana\" \/>\n<meta property=\"article:publisher\" content=\"https:\/\/www.facebook.com\/intoscana.it\" \/>\n<meta property=\"article:published_time\" content=\"2022-08-16T08:01:02+00:00\" \/>\n<meta property=\"article:modified_time\" content=\"2022-08-17T09:25:04+00:00\" \/>\n<meta property=\"og:image\" content=\"https:\/\/www.intoscana.it\/wp-content\/uploads\/dati-covid-toscana-19-agosto.001-e1648558488291.jpeg\" \/>\n\t<meta property=\"og:image:width\" content=\"927\" \/>\n\t<meta property=\"og:image:height\" content=\"531\" \/>\n\t<meta property=\"og:image:type\" content=\"image\/jpeg\" \/>\n<meta name=\"author\" content=\"Redazione\" \/>\n<meta name=\"twitter:card\" content=\"summary_large_image\" \/>\n<meta name=\"twitter:creator\" content=\"@intoscana\" \/>\n<meta name=\"twitter:site\" content=\"@intoscana\" \/>\n<meta name=\"twitter:label1\" content=\"Written by\" \/>\n\t<meta name=\"twitter:data1\" content=\"Redazione\" \/>\n\t<meta name=\"twitter:label2\" content=\"Est. reading time\" \/>\n\t<meta name=\"twitter:data2\" content=\"3 minuti\" \/>\n<script type=\"application\/ld+json\" class=\"yoast-schema-graph\">{\"@context\":\"https:\/\/schema.org\",\"@graph\":[{\"@type\":\"WebPage\",\"@id\":\"https:\/\/www.intoscana.it\/it\/covid-19-in-toscana-223-nuovi-casi-eta-media-48-anni-un-decesso\/\",\"url\":\"https:\/\/www.intoscana.it\/it\/covid-19-in-toscana-223-nuovi-casi-eta-media-48-anni-un-decesso\/\",\"name\":\"Covid-19: in Toscana 223 nuovi casi. Et\u00e0 media 48 anni. Un decesso - intoscana\",\"isPartOf\":{\"@id\":\"https:\/\/www.intoscana.it\/it\/#website\"},\"primaryImageOfPage\":{\"@id\":\"https:\/\/www.intoscana.it\/it\/covid-19-in-toscana-223-nuovi-casi-eta-media-48-anni-un-decesso\/#primaryimage\"},\"image\":{\"@id\":\"https:\/\/www.intoscana.it\/it\/covid-19-in-toscana-223-nuovi-casi-eta-media-48-anni-un-decesso\/#primaryimage\"},\"thumbnailUrl\":\"https:\/\/www.intoscana.it\/wp-content\/uploads\/dati-covid-toscana-19-agosto.001-e1648558488291.jpeg\",\"datePublished\":\"2022-08-16T08:01:02+00:00\",\"dateModified\":\"2022-08-17T09:25:04+00:00\",\"author\":{\"@id\":\"https:\/\/www.intoscana.it\/it\/#\/schema\/person\/9223810753230f20bd670fdd322661f8\"},\"description\":\"Oggi sono stati eseguiti 279 tamponi molecolari e 2.112 tamponi antigenici rapidi, di questi il 9,3% \u00e8 risultato positivo\",\"breadcrumb\":{\"@id\":\"https:\/\/www.intoscana.it\/it\/covid-19-in-toscana-223-nuovi-casi-eta-media-48-anni-un-decesso\/#breadcrumb\"},\"inLanguage\":\"it-IT\",\"potentialAction\":[{\"@type\":\"ReadAction\",\"target\":[\"https:\/\/www.intoscana.it\/it\/covid-19-in-toscana-223-nuovi-casi-eta-media-48-anni-un-decesso\/\"]}]},{\"@type\":\"ImageObject\",\"inLanguage\":\"it-IT\",\"@id\":\"https:\/\/www.intoscana.it\/it\/covid-19-in-toscana-223-nuovi-casi-eta-media-48-anni-un-decesso\/#primaryimage\",\"url\":\"https:\/\/www.intoscana.it\/wp-content\/uploads\/dati-covid-toscana-19-agosto.001-e1648558488291.jpeg\",\"contentUrl\":\"https:\/\/www.intoscana.it\/wp-content\/uploads\/dati-covid-toscana-19-agosto.001-e1648558488291.jpeg\",\"width\":927,\"height\":531,\"caption\":\"Covid-19\"},{\"@type\":\"BreadcrumbList\",\"@id\":\"https:\/\/www.intoscana.it\/it\/covid-19-in-toscana-223-nuovi-casi-eta-media-48-anni-un-decesso\/#breadcrumb\",\"itemListElement\":[{\"@type\":\"ListItem\",\"position\":1,\"name\":\"Home\",\"item\":\"https:\/\/www.intoscana.it\/it\/\"},{\"@type\":\"ListItem\",\"position\":2,\"name\":\"Covid-19: in Toscana 223 nuovi casi. Et\u00e0 media 48 anni. Un decesso\"}]},{\"@type\":\"WebSite\",\"@id\":\"https:\/\/www.intoscana.it\/it\/#website\",\"url\":\"https:\/\/www.intoscana.it\/it\/\",\"name\":\"intoscana\",\"description\":\"\",\"potentialAction\":[{\"@type\":\"SearchAction\",\"target\":{\"@type\":\"EntryPoint\",\"urlTemplate\":\"https:\/\/www.intoscana.it\/it\/?s={search_term_string}\"},\"query-input\":{\"@type\":\"PropertyValueSpecification\",\"valueRequired\":true,\"valueName\":\"search_term_string\"}}],\"inLanguage\":\"it-IT\"},{\"@type\":\"Person\",\"@id\":\"https:\/\/www.intoscana.it\/it\/#\/schema\/person\/9223810753230f20bd670fdd322661f8\",\"name\":\"Redazione\",\"url\":\"https:\/\/www.intoscana.it\/it\/author\/redazione\/\"}]}<\/script>\n<!-- \/ Yoast SEO Premium plugin. -->","yoast_head_json":{"title":"Covid-19: in Toscana 223 nuovi casi. Et\u00e0 media 48 anni. Un decesso - intoscana","description":"Oggi sono stati eseguiti 279 tamponi molecolari e 2.112 tamponi antigenici rapidi, di questi il 9,3% \u00e8 risultato positivo","robots":{"index":"index","follow":"follow","max-snippet":"max-snippet:-1","max-image-preview":"max-image-preview:large","max-video-preview":"max-video-preview:-1"},"canonical":"https:\/\/www.intoscana.it\/it\/covid-19-in-toscana-223-nuovi-casi-eta-media-48-anni-un-decesso\/","og_locale":"it_IT","og_type":"article","og_title":"Covid-19: in Toscana 223 nuovi casi. Et\u00e0 media 48 anni. Un decesso","og_description":"Oggi sono stati eseguiti 279 tamponi molecolari e 2.112 tamponi antigenici rapidi, di questi il 9,3% \u00e8 risultato positivo","og_url":"https:\/\/www.intoscana.it\/it\/covid-19-in-toscana-223-nuovi-casi-eta-media-48-anni-un-decesso\/","og_site_name":"intoscana","article_publisher":"https:\/\/www.facebook.com\/intoscana.it","article_published_time":"2022-08-16T08:01:02+00:00","article_modified_time":"2022-08-17T09:25:04+00:00","og_image":[{"width":927,"height":531,"url":"https:\/\/www.intoscana.it\/wp-content\/uploads\/dati-covid-toscana-19-agosto.001-e1648558488291.jpeg","type":"image\/jpeg"}],"author":"Redazione","twitter_card":"summary_large_image","twitter_creator":"@intoscana","twitter_site":"@intoscana","twitter_misc":{"Written by":"Redazione","Est. reading time":"3 minuti"},"schema":{"@context":"https:\/\/schema.org","@graph":[{"@type":"WebPage","@id":"https:\/\/www.intoscana.it\/it\/covid-19-in-toscana-223-nuovi-casi-eta-media-48-anni-un-decesso\/","url":"https:\/\/www.intoscana.it\/it\/covid-19-in-toscana-223-nuovi-casi-eta-media-48-anni-un-decesso\/","name":"Covid-19: in Toscana 223 nuovi casi. Et\u00e0 media 48 anni. Un decesso - intoscana","isPartOf":{"@id":"https:\/\/www.intoscana.it\/it\/#website"},"primaryImageOfPage":{"@id":"https:\/\/www.intoscana.it\/it\/covid-19-in-toscana-223-nuovi-casi-eta-media-48-anni-un-decesso\/#primaryimage"},"image":{"@id":"https:\/\/www.intoscana.it\/it\/covid-19-in-toscana-223-nuovi-casi-eta-media-48-anni-un-decesso\/#primaryimage"},"thumbnailUrl":"https:\/\/www.intoscana.it\/wp-content\/uploads\/dati-covid-toscana-19-agosto.001-e1648558488291.jpeg","datePublished":"2022-08-16T08:01:02+00:00","dateModified":"2022-08-17T09:25:04+00:00","author":{"@id":"https:\/\/www.intoscana.it\/it\/#\/schema\/person\/9223810753230f20bd670fdd322661f8"},"description":"Oggi sono stati eseguiti 279 tamponi molecolari e 2.112 tamponi antigenici rapidi, di questi il 9,3% \u00e8 risultato positivo","breadcrumb":{"@id":"https:\/\/www.intoscana.it\/it\/covid-19-in-toscana-223-nuovi-casi-eta-media-48-anni-un-decesso\/#breadcrumb"},"inLanguage":"it-IT","potentialAction":[{"@type":"ReadAction","target":["https:\/\/www.intoscana.it\/it\/covid-19-in-toscana-223-nuovi-casi-eta-media-48-anni-un-decesso\/"]}]},{"@type":"ImageObject","inLanguage":"it-IT","@id":"https:\/\/www.intoscana.it\/it\/covid-19-in-toscana-223-nuovi-casi-eta-media-48-anni-un-decesso\/#primaryimage","url":"https:\/\/www.intoscana.it\/wp-content\/uploads\/dati-covid-toscana-19-agosto.001-e1648558488291.jpeg","contentUrl":"https:\/\/www.intoscana.it\/wp-content\/uploads\/dati-covid-toscana-19-agosto.001-e1648558488291.jpeg","width":927,"height":531,"caption":"Covid-19"},{"@type":"BreadcrumbList","@id":"https:\/\/www.intoscana.it\/it\/covid-19-in-toscana-223-nuovi-casi-eta-media-48-anni-un-decesso\/#breadcrumb","itemListElement":[{"@type":"ListItem","position":1,"name":"Home","item":"https:\/\/www.intoscana.it\/it\/"},{"@type":"ListItem","position":2,"name":"Covid-19: in Toscana 223 nuovi casi. Et\u00e0 media 48 anni. Un decesso"}]},{"@type":"WebSite","@id":"https:\/\/www.intoscana.it\/it\/#website","url":"https:\/\/www.intoscana.it\/it\/","name":"intoscana","description":"","potentialAction":[{"@type":"SearchAction","target":{"@type":"EntryPoint","urlTemplate":"https:\/\/www.intoscana.it\/it\/?s={search_term_string}"},"query-input":{"@type":"PropertyValueSpecification","valueRequired":true,"valueName":"search_term_string"}}],"inLanguage":"it-IT"},{"@type":"Person","@id":"https:\/\/www.intoscana.it\/it\/#\/schema\/person\/9223810753230f20bd670fdd322661f8","name":"Redazione","url":"https:\/\/www.intoscana.it\/it\/author\/redazione\/"}]}},"_links":{"self":[{"href":"https:\/\/www.intoscana.it\/it\/wp-json\/wp\/v2\/posts\/242412","targetHints":{"allow":["GET"]}}],"collection":[{"href":"https:\/\/www.intoscana.it\/it\/wp-json\/wp\/v2\/posts"}],"about":[{"href":"https:\/\/www.intoscana.it\/it\/wp-json\/wp\/v2\/types\/post"}],"author":[{"embeddable":true,"href":"https:\/\/www.intoscana.it\/it\/wp-json\/wp\/v2\/users\/525"}],"replies":[{"embeddable":true,"href":"https:\/\/www.intoscana.it\/it\/wp-json\/wp\/v2\/comments?post=242412"}],"version-history":[{"count":0,"href":"https:\/\/www.intoscana.it\/it\/wp-json\/wp\/v2\/posts\/242412\/revisions"}],"wp:featuredmedia":[{"embeddable":true,"href":"https:\/\/www.intoscana.it\/it\/wp-json\/wp\/v2\/media\/186853"}],"wp:attachment":[{"href":"https:\/\/www.intoscana.it\/it\/wp-json\/wp\/v2\/media?parent=242412"}],"wp:term":[{"taxonomy":"category","embeddable":true,"href":"https:\/\/www.intoscana.it\/it\/wp-json\/wp\/v2\/categories?post=242412"},{"taxonomy":"post_tag","embeddable":true,"href":"https:\/\/www.intoscana.it\/it\/wp-json\/wp\/v2\/tags?post=242412"}],"curies":[{"name":"wp","href":"https:\/\/api.w.org\/{rel}","templated":true}]}}