{"id":242938,"date":"2022-08-18T11:01:52","date_gmt":"2022-08-18T09:01:52","guid":{"rendered":"https:\/\/www.intoscana.it\/it\/?p=242938"},"modified":"2022-08-19T10:17:57","modified_gmt":"2022-08-19T08:17:57","slug":"covid-19-1-204-nuovi-casi-e-11-decessi-in-toscana","status":"publish","type":"post","link":"https:\/\/www.intoscana.it\/it\/covid-19-1-204-nuovi-casi-e-11-decessi-in-toscana\/","title":{"rendered":"Covid-19: 1.204 nuovi casi e 11 decessi in Toscana"},"content":{"rendered":"<p>Sono <strong>1.204 in pi\u00f9 rispetto a ieri i nuovi casi di Covid-19 oggi in Toscana, 214 confermati con tampone molecolare e 990 da test rapido antigenico<\/strong>, pari allo 0,1% in pi\u00f9 rispetto al totale del giorno precedente. I guariti crescono dello 0,1% e raggiungono quota 1.269.225 (93% dei casi totali).<\/p>\n<p>Oggi sono stati eseguiti 1.224 tamponi molecolari e 7.943 tamponi antigenici rapidi, di questi il 13,1% \u00e8 risultato positivo. Sono invece 1.809 i soggetti testati oggi (con tampone antigenico e\/o molecolare, escludendo i tamponi di controllo), di cui il 66,6% \u00e8 risultato positivo. Gli attualmente positivi sono oggi 84.279, -0,6% rispetto a ieri. <strong>I ricoverati sono 412 (32 in meno rispetto a ieri), di cui 17 in terapia intensiva (2 in meno). Oggi si registrano 11 nuovi decessi: 5 uomini e 6 donne con un&#8217;et\u00e0 media di 85,1 anni.<\/strong><\/p>\n<p>Questi i dati &#8211; accertati alle ore 12 di oggi sulla base delle richieste della Protezione Civile Nazionale &#8211; relativi all&#8217;andamento dell&#8217;epidemia in regione.<\/p>\n<h3>L&#8217;et\u00e0 media dei nuovi positivi \u00e8 52 anni<\/h3>\n<p>L&#8217;et\u00e0 media dei 1.204 nuovi positivi odierni \u00e8 di 52 anni circa (9% ha meno di 20 anni, 16% tra 20 e 39 anni, 29% tra 40 e 59 anni, 31% tra 60 e 79 anni, 13% ha 80 anni o pi\u00f9).<\/p>\n<p>Di seguito i casi di positivit\u00e0 sul territorio con la variazione rispetto a ieri (214 confermati con tampone molecolare e 990 da test rapido antigenico). Sono 373.769 i casi complessivi ad oggi a Firenze (227 in pi\u00f9 rispetto a ieri), 91.687 a Prato (74 in pi\u00f9), 107.617 a Pistoia (89 in pi\u00f9), 67.999 a Massa (97 in pi\u00f9), 145.427 a Lucca (165 in pi\u00f9), 158.210 a Pisa (149 in pi\u00f9), 123.164 a Livorno (124 in pi\u00f9), 123.328 ad Arezzo (79 in pi\u00f9), 97.799 a Siena (95 in pi\u00f9), 74.538 a Grosseto (105 in pi\u00f9). Sono 555 i casi positivi notificati in Toscana, ma residenti in altre regioni.<\/p>\n<p><strong>Sono 408 i casi riscontrati oggi nell&#8217;Asl Centro, 517 nella Nord Ovest, 279 nella Sud est.<\/strong><\/p>\n<p>La Toscana si trova al 9\u00b0 posto in Italia come numerosit\u00e0 di casi (comprensivi di residenti e non residenti), con circa 36.939 casi per 100.000 abitanti (media italiana circa 36.388 x100.000, dato di ieri). Le province di notifica con il tasso pi\u00f9 alto sono Lucca con 37.876 casi x100.000 abitanti, Pisa con 37.851, Livorno con 37.436, la pi\u00f9 bassa Grosseto con 34.216.<\/p>\n<h3>83mila in isolamento, in calo i ricoveri<\/h3>\n<p>Complessivamente<strong>, 83.867 persone sono in isolamento a casa, poich\u00e9 presentano sintomi lievi<\/strong> che non richiedono cure ospedaliere, o risultano prive di sintomi (447 in meno rispetto a ieri, meno 0,5%).<br \/>\nLe persone ricoverate nei posti letto dedicati ai pazienti COVID oggi sono complessivamente 412 (32 in meno rispetto a ieri, meno 7,2%), 17 in terapia intensiva (2 in meno rispetto a ieri, meno 10,5%).<br \/>\n<strong>Le persone complessivamente guarite sono 1.269.225 (1.672 in pi\u00f9 rispetto a ieri, pi\u00f9 0,1%):<\/strong> 0 persone clinicamente guarite (stabili rispetto a ieri), divenute cio\u00e8 asintomatiche dopo aver presentato manifestazioni cliniche associate all&#8217;infezione e 1.269.225 (1.672 in pi\u00f9 rispetto a ieri, pi\u00f9 0,1%) dichiarate guarite a tutti gli effetti, le cosiddette guarigioni virali, con tampone negativo.<\/p>\n<h3>11 nuovi decessi con et\u00e0 media di 85,1 anni<\/h3>\n<p><strong>Oggi si registrano 11 nuovi decessi: 5 uomini e 6 donne con un&#8217;et\u00e0 media di 85,1 anni. <\/strong>Relativamente alla provincia di residenza, le 11 persone decedute sono: 1 a Firenze, 2 a Pistoia, 1 a Massa Carrara, 2 a Lucca, 1 a Pisa, 1 a Livorno, 1 a Arezzo, 2 a Grosseto.<\/p>\n<p><strong>Sono 10.589 i deceduti dall&#8217;inizio dell&#8217;epidemia<\/strong> cosi ripartiti: 3.320 a Firenze, 866 a Prato, 950 a Pistoia, 678 a Massa Carrara, 1.006 a Lucca, 1.200 a Pisa, 802 a Livorno, 667 ad Arezzo, 555 a Siena, 394 a Grosseto, 151 persone sono decedute sul suolo toscano ma erano residenti fuori regione.<\/p>\n<p>Il tasso grezzo di mortalit\u00e0 toscano (numero di deceduti\/popolazione residente) per Covid-19 \u00e8 di 286,7 x100.000 residenti contro il 294,2 x100.000 della media italiana (9\u00b0 regione). Per quanto riguarda le province, il tasso di mortalit\u00e0 pi\u00f9 alto si riscontra a Massa Carrara (357,2 x100.000), Firenze (332,5 x100.000) e Pistoia (327,3 x100.000), il pi\u00f9 basso a Grosseto (180,9 x100.000).<\/p>\n","protected":false},"excerpt":{"rendered":"<p>I ricoverati sono 412 (32 in meno rispetto a ieri), di cui 17 in terapia intensiva (2 in meno)<\/p>\n","protected":false},"author":525,"featured_media":194296,"comment_status":"open","ping_status":"open","sticky":false,"template":"","format":"standard","meta":{"_acf_changed":false,"footnotes":""},"categories":[494],"tags":[4868,418],"class_list":["post-242938","post","type-post","status-publish","format-standard","has-post-thumbnail","hentry","category-attualita","tag-bollettino-covid-toscana","tag-covid-19"],"acf":[],"yoast_head":"<!-- This site is optimized with the Yoast SEO Premium plugin v24.2 (Yoast SEO v25.6) - https:\/\/yoast.com\/wordpress\/plugins\/seo\/ -->\n<title>Covid-19: 1.204 nuovi casi e 11 decessi in Toscana - intoscana<\/title>\n<meta name=\"robots\" content=\"index, follow, max-snippet:-1, max-image-preview:large, max-video-preview:-1\" \/>\n<link rel=\"canonical\" href=\"https:\/\/www.intoscana.it\/it\/covid-19-1-204-nuovi-casi-e-11-decessi-in-toscana\/\" \/>\n<meta property=\"og:locale\" content=\"it_IT\" \/>\n<meta property=\"og:type\" content=\"article\" \/>\n<meta property=\"og:title\" content=\"Covid-19: 1.204 nuovi casi e 11 decessi in Toscana\" \/>\n<meta property=\"og:description\" content=\"I ricoverati sono 412 (32 in meno rispetto a ieri), di cui 17 in terapia intensiva (2 in meno)\" \/>\n<meta property=\"og:url\" content=\"https:\/\/www.intoscana.it\/it\/covid-19-1-204-nuovi-casi-e-11-decessi-in-toscana\/\" \/>\n<meta property=\"og:site_name\" content=\"intoscana\" \/>\n<meta property=\"article:publisher\" content=\"https:\/\/www.facebook.com\/intoscana.it\" \/>\n<meta property=\"article:published_time\" content=\"2022-08-18T09:01:52+00:00\" \/>\n<meta property=\"article:modified_time\" content=\"2022-08-19T08:17:57+00:00\" \/>\n<meta property=\"og:image\" content=\"https:\/\/www.intoscana.it\/wp-content\/uploads\/creaf_prato_vaccini_7-scaled.jpg\" \/>\n\t<meta property=\"og:image:width\" content=\"2048\" \/>\n\t<meta property=\"og:image:height\" content=\"1363\" \/>\n\t<meta property=\"og:image:type\" content=\"image\/jpeg\" \/>\n<meta name=\"author\" content=\"Redazione\" \/>\n<meta name=\"twitter:card\" content=\"summary_large_image\" \/>\n<meta name=\"twitter:creator\" content=\"@intoscana\" \/>\n<meta name=\"twitter:site\" content=\"@intoscana\" \/>\n<meta name=\"twitter:label1\" content=\"Written by\" \/>\n\t<meta name=\"twitter:data1\" content=\"Redazione\" \/>\n\t<meta name=\"twitter:label2\" content=\"Est. reading time\" \/>\n\t<meta name=\"twitter:data2\" content=\"3 minuti\" \/>\n<script type=\"application\/ld+json\" class=\"yoast-schema-graph\">{\"@context\":\"https:\/\/schema.org\",\"@graph\":[{\"@type\":\"WebPage\",\"@id\":\"https:\/\/www.intoscana.it\/it\/covid-19-1-204-nuovi-casi-e-11-decessi-in-toscana\/\",\"url\":\"https:\/\/www.intoscana.it\/it\/covid-19-1-204-nuovi-casi-e-11-decessi-in-toscana\/\",\"name\":\"Covid-19: 1.204 nuovi casi e 11 decessi in Toscana - intoscana\",\"isPartOf\":{\"@id\":\"https:\/\/www.intoscana.it\/it\/#website\"},\"primaryImageOfPage\":{\"@id\":\"https:\/\/www.intoscana.it\/it\/covid-19-1-204-nuovi-casi-e-11-decessi-in-toscana\/#primaryimage\"},\"image\":{\"@id\":\"https:\/\/www.intoscana.it\/it\/covid-19-1-204-nuovi-casi-e-11-decessi-in-toscana\/#primaryimage\"},\"thumbnailUrl\":\"https:\/\/www.intoscana.it\/wp-content\/uploads\/creaf_prato_vaccini_7-scaled.jpg\",\"datePublished\":\"2022-08-18T09:01:52+00:00\",\"dateModified\":\"2022-08-19T08:17:57+00:00\",\"author\":{\"@id\":\"https:\/\/www.intoscana.it\/it\/#\/schema\/person\/9223810753230f20bd670fdd322661f8\"},\"breadcrumb\":{\"@id\":\"https:\/\/www.intoscana.it\/it\/covid-19-1-204-nuovi-casi-e-11-decessi-in-toscana\/#breadcrumb\"},\"inLanguage\":\"it-IT\",\"potentialAction\":[{\"@type\":\"ReadAction\",\"target\":[\"https:\/\/www.intoscana.it\/it\/covid-19-1-204-nuovi-casi-e-11-decessi-in-toscana\/\"]}]},{\"@type\":\"ImageObject\",\"inLanguage\":\"it-IT\",\"@id\":\"https:\/\/www.intoscana.it\/it\/covid-19-1-204-nuovi-casi-e-11-decessi-in-toscana\/#primaryimage\",\"url\":\"https:\/\/www.intoscana.it\/wp-content\/uploads\/creaf_prato_vaccini_7-scaled.jpg\",\"contentUrl\":\"https:\/\/www.intoscana.it\/wp-content\/uploads\/creaf_prato_vaccini_7-scaled.jpg\",\"width\":2048,\"height\":1363,\"caption\":\"Infermieri e personale sanitario in reperto Covid (Centro Pegaso di Prato)\"},{\"@type\":\"BreadcrumbList\",\"@id\":\"https:\/\/www.intoscana.it\/it\/covid-19-1-204-nuovi-casi-e-11-decessi-in-toscana\/#breadcrumb\",\"itemListElement\":[{\"@type\":\"ListItem\",\"position\":1,\"name\":\"Home\",\"item\":\"https:\/\/www.intoscana.it\/it\/\"},{\"@type\":\"ListItem\",\"position\":2,\"name\":\"Covid-19: 1.204 nuovi casi e 11 decessi in Toscana\"}]},{\"@type\":\"WebSite\",\"@id\":\"https:\/\/www.intoscana.it\/it\/#website\",\"url\":\"https:\/\/www.intoscana.it\/it\/\",\"name\":\"intoscana\",\"description\":\"\",\"potentialAction\":[{\"@type\":\"SearchAction\",\"target\":{\"@type\":\"EntryPoint\",\"urlTemplate\":\"https:\/\/www.intoscana.it\/it\/?s={search_term_string}\"},\"query-input\":{\"@type\":\"PropertyValueSpecification\",\"valueRequired\":true,\"valueName\":\"search_term_string\"}}],\"inLanguage\":\"it-IT\"},{\"@type\":\"Person\",\"@id\":\"https:\/\/www.intoscana.it\/it\/#\/schema\/person\/9223810753230f20bd670fdd322661f8\",\"name\":\"Redazione\",\"url\":\"https:\/\/www.intoscana.it\/it\/author\/redazione\/\"}]}<\/script>\n<!-- \/ Yoast SEO Premium plugin. -->","yoast_head_json":{"title":"Covid-19: 1.204 nuovi casi e 11 decessi in Toscana - intoscana","robots":{"index":"index","follow":"follow","max-snippet":"max-snippet:-1","max-image-preview":"max-image-preview:large","max-video-preview":"max-video-preview:-1"},"canonical":"https:\/\/www.intoscana.it\/it\/covid-19-1-204-nuovi-casi-e-11-decessi-in-toscana\/","og_locale":"it_IT","og_type":"article","og_title":"Covid-19: 1.204 nuovi casi e 11 decessi in Toscana","og_description":"I ricoverati sono 412 (32 in meno rispetto a ieri), di cui 17 in terapia intensiva (2 in meno)","og_url":"https:\/\/www.intoscana.it\/it\/covid-19-1-204-nuovi-casi-e-11-decessi-in-toscana\/","og_site_name":"intoscana","article_publisher":"https:\/\/www.facebook.com\/intoscana.it","article_published_time":"2022-08-18T09:01:52+00:00","article_modified_time":"2022-08-19T08:17:57+00:00","og_image":[{"width":2048,"height":1363,"url":"https:\/\/www.intoscana.it\/wp-content\/uploads\/creaf_prato_vaccini_7-scaled.jpg","type":"image\/jpeg"}],"author":"Redazione","twitter_card":"summary_large_image","twitter_creator":"@intoscana","twitter_site":"@intoscana","twitter_misc":{"Written by":"Redazione","Est. reading time":"3 minuti"},"schema":{"@context":"https:\/\/schema.org","@graph":[{"@type":"WebPage","@id":"https:\/\/www.intoscana.it\/it\/covid-19-1-204-nuovi-casi-e-11-decessi-in-toscana\/","url":"https:\/\/www.intoscana.it\/it\/covid-19-1-204-nuovi-casi-e-11-decessi-in-toscana\/","name":"Covid-19: 1.204 nuovi casi e 11 decessi in Toscana - intoscana","isPartOf":{"@id":"https:\/\/www.intoscana.it\/it\/#website"},"primaryImageOfPage":{"@id":"https:\/\/www.intoscana.it\/it\/covid-19-1-204-nuovi-casi-e-11-decessi-in-toscana\/#primaryimage"},"image":{"@id":"https:\/\/www.intoscana.it\/it\/covid-19-1-204-nuovi-casi-e-11-decessi-in-toscana\/#primaryimage"},"thumbnailUrl":"https:\/\/www.intoscana.it\/wp-content\/uploads\/creaf_prato_vaccini_7-scaled.jpg","datePublished":"2022-08-18T09:01:52+00:00","dateModified":"2022-08-19T08:17:57+00:00","author":{"@id":"https:\/\/www.intoscana.it\/it\/#\/schema\/person\/9223810753230f20bd670fdd322661f8"},"breadcrumb":{"@id":"https:\/\/www.intoscana.it\/it\/covid-19-1-204-nuovi-casi-e-11-decessi-in-toscana\/#breadcrumb"},"inLanguage":"it-IT","potentialAction":[{"@type":"ReadAction","target":["https:\/\/www.intoscana.it\/it\/covid-19-1-204-nuovi-casi-e-11-decessi-in-toscana\/"]}]},{"@type":"ImageObject","inLanguage":"it-IT","@id":"https:\/\/www.intoscana.it\/it\/covid-19-1-204-nuovi-casi-e-11-decessi-in-toscana\/#primaryimage","url":"https:\/\/www.intoscana.it\/wp-content\/uploads\/creaf_prato_vaccini_7-scaled.jpg","contentUrl":"https:\/\/www.intoscana.it\/wp-content\/uploads\/creaf_prato_vaccini_7-scaled.jpg","width":2048,"height":1363,"caption":"Infermieri e personale sanitario in reperto Covid (Centro Pegaso di Prato)"},{"@type":"BreadcrumbList","@id":"https:\/\/www.intoscana.it\/it\/covid-19-1-204-nuovi-casi-e-11-decessi-in-toscana\/#breadcrumb","itemListElement":[{"@type":"ListItem","position":1,"name":"Home","item":"https:\/\/www.intoscana.it\/it\/"},{"@type":"ListItem","position":2,"name":"Covid-19: 1.204 nuovi casi e 11 decessi in Toscana"}]},{"@type":"WebSite","@id":"https:\/\/www.intoscana.it\/it\/#website","url":"https:\/\/www.intoscana.it\/it\/","name":"intoscana","description":"","potentialAction":[{"@type":"SearchAction","target":{"@type":"EntryPoint","urlTemplate":"https:\/\/www.intoscana.it\/it\/?s={search_term_string}"},"query-input":{"@type":"PropertyValueSpecification","valueRequired":true,"valueName":"search_term_string"}}],"inLanguage":"it-IT"},{"@type":"Person","@id":"https:\/\/www.intoscana.it\/it\/#\/schema\/person\/9223810753230f20bd670fdd322661f8","name":"Redazione","url":"https:\/\/www.intoscana.it\/it\/author\/redazione\/"}]}},"_links":{"self":[{"href":"https:\/\/www.intoscana.it\/it\/wp-json\/wp\/v2\/posts\/242938","targetHints":{"allow":["GET"]}}],"collection":[{"href":"https:\/\/www.intoscana.it\/it\/wp-json\/wp\/v2\/posts"}],"about":[{"href":"https:\/\/www.intoscana.it\/it\/wp-json\/wp\/v2\/types\/post"}],"author":[{"embeddable":true,"href":"https:\/\/www.intoscana.it\/it\/wp-json\/wp\/v2\/users\/525"}],"replies":[{"embeddable":true,"href":"https:\/\/www.intoscana.it\/it\/wp-json\/wp\/v2\/comments?post=242938"}],"version-history":[{"count":0,"href":"https:\/\/www.intoscana.it\/it\/wp-json\/wp\/v2\/posts\/242938\/revisions"}],"wp:featuredmedia":[{"embeddable":true,"href":"https:\/\/www.intoscana.it\/it\/wp-json\/wp\/v2\/media\/194296"}],"wp:attachment":[{"href":"https:\/\/www.intoscana.it\/it\/wp-json\/wp\/v2\/media?parent=242938"}],"wp:term":[{"taxonomy":"category","embeddable":true,"href":"https:\/\/www.intoscana.it\/it\/wp-json\/wp\/v2\/categories?post=242938"},{"taxonomy":"post_tag","embeddable":true,"href":"https:\/\/www.intoscana.it\/it\/wp-json\/wp\/v2\/tags?post=242938"}],"curies":[{"name":"wp","href":"https:\/\/api.w.org\/{rel}","templated":true}]}}