{"id":243135,"date":"2022-08-19T10:48:23","date_gmt":"2022-08-19T08:48:23","guid":{"rendered":"https:\/\/www.intoscana.it\/it\/?p=243135"},"modified":"2022-08-19T10:48:51","modified_gmt":"2022-08-19T08:48:51","slug":"orbetello-jazz-festival-2022","status":"publish","type":"post","link":"https:\/\/www.intoscana.it\/it\/orbetello-jazz-festival-2022\/","title":{"rendered":"In uno dei luoghi pi\u00f9 suggestivi della Toscana torna l\u2019Orbetello Jazz Festival con ospiti internazionali"},"content":{"rendered":"<p>Settembre all\u2019insegna della grande musica jazz in uno dei luoghi pi\u00f9 suggestivi della<strong> Toscana<\/strong>: \u00e8 quanto propone la nuova edizione di <strong>Orbetello Jazz Festival\u00a0<\/strong>che quest\u2019anno viene dedicata alla memoria di <strong>Paolo Rubei, ideatore visionario e geniale<\/strong> della manifestazione prematuramente scomparso lo scorso mese di febbraio.<\/p>\n<p>Dal 1 al 10 settembre,<strong> otto imperdibili appuntamenti<\/strong> vedranno protagonisti alcuni dei pi\u00f9 acclamati artisti internazionali del mondo del jazz che si alterneranno nella meravigliosa<strong> terrazza sulla Laguna della Polveriera Guzman<\/strong> offrendo spettacoli unici e originali.<\/p>\n<p>Si comincia il <strong>1 settembre<\/strong> con un trio espressione del miglior jazz italiano nel mondo: sul palco <strong>Giovanni Tommaso (contrabbasso) e Rita Marcotulli (pianoforte)<\/strong> accompagnati dal talentuoso <strong>Alessandro Paternesi (batteria)<\/strong> daranno vita a<em><strong> &#8220;Around Gershwin&#8221;<\/strong> <\/em>un appuntamento trascinante con un repertorio che spazia dalle composizioni originali di Giovanni Tommaso per arrivare ai celebri standards di George Gershwin rivisitati con arrangiamenti contemporanei.<\/p>\n<p>Appuntamento internazionale il<strong> 2 settembre<\/strong> con <em><strong>\u201cLove in Translation\u201d<\/strong><\/em>: a suggellare il ventennale di una sfavillante interazione reciproca, diventata ben presto amicizia, <strong>il sassofonista italiano Rosario Giuliani e il vibrafonista newyorkese Joe Locke<\/strong>, protagonisti indiscussi della scena jazzistica internazionale si incontrano sulla Terrazza Guzmann coadiuvati da altri maestri assoluti nei loro strumenti, il bassista Dario Deidda, il batterista Marco Valeri e il pianista Pietro Lussu.<\/p>\n<p>Sar\u00e0 intenso e trascinante il concerto che <strong>3 settembre<\/strong> vedr\u00e0 impegnati un gruppo straordinario di artisti. Ad entusiasmare il pubblico della laguna arriva <strong>Pippo Matino<\/strong>, tra i pi\u00f9 interessanti bassisti del panorama jazz rock europeo, che incontra la leggenda cubana della batteria <strong>Horacio El Negro Hernandez,<\/strong> universalmente considerato tra i migliori batteristi latin jazz al mondo. Con loro sul palco, a rendere unico l\u2019appuntamento, tutta la classe di un fuoriclasse come Maurizio Giammarco (sassofoni) e l\u2019energia Tommy De Paola (tastiere).<\/p>\n<p>Il festival riprende il<strong> 6 settembre<\/strong> con <em><strong>\u201cONIROTREE\u201d<\/strong> <\/em>il progetto del chitarrista e compositore <strong>Francesco Bruno<\/strong> che scaturisce dalla collaborazione con l\u2019attrice e cantante <strong>Silvia Lorenzo,<\/strong> un lavoro che parte dal comune desiderio di riscoprire alcune tra le pi\u00f9 affascinanti melodie divenute parte della tradizione musicale di vari paesi del bacino del mediterraneo e oltre, le cui origini sono ancora oggi spesso ignote. L\u2019ensemble vede la partecipazione del batterista Marco Rovinelli e del contrabbassista Andrea Colella, due tra i pi\u00f9 apprezzati musicisti della scena jazz nazionale.<\/p>\n<p>Sar\u00e0 invece un appuntamento all\u2019insegna della<strong> tradizione musicale toscana<\/strong> quello che il <strong>7 settembre<\/strong> vedr\u00e0 protagonista <strong>Paola Lorenzoni<\/strong> con <em><strong>Maremma Stories,<\/strong><\/em> un progetto che si arricchisce del <strong>Nicola Buffa Mediterranean Jazz Quartet<\/strong>, formazione di musicisti che hanno scelto di percorrere con coraggio e fino in fondo la strada della musica originale, basandosi sulle creazioni di Nicola Buffa, chitarrista e leader del quartetto, la cui cifra compositiva, di chiara ispirazione jazzistica, viene positivamente contaminata dalle influenze derivanti dalla musica dei paesi del mediterraneo.<\/p>\n<p>Con un<strong> omaggio Billie Holiday,<\/strong> star assoluta del jazz e del blues, l\u2019<strong>8 settembre<\/strong> sul palco di Orbetello Jazz Festival arriva <strong>Ada Montellanico,<\/strong> cantante e compositrice tra le pi\u00f9 importanti e originali del panorama italiano. Ad accompagnarla ci sar\u00e0 il suo quartetto formato dai musicisti pi\u00f9 importanti dell\u2019attuale scena italiana: Enrico Zanisi al pianoforte, Jacopo Ferrazza al contrabbasso e Ermanno Baron alla batteria.<\/p>\n<p><strong>Quattro talenti internazionali<\/strong> per una serata indimenticabile: il <strong>9 settembre<\/strong> la Terrazza Guzman ospita il <strong>Matt Chalk &#8211; Danny Grissett European Quartet<\/strong>. Dal suo arrivo a New York nel 2010, il sassofonista <strong>Matt Chalk<\/strong> (originario di Kansas City, Missouri) ha intagliato una singolare identit\u00e0 da inseguitore di una bellezza fuori dal tempo. Prodigioso compositore, la musica di Chalk intreccia audace suspense e inaspettata moderazione. <strong>Danny Grissett,<\/strong> pianista compositore californiano \u00e8 stato uno dei musicisti pi\u00f9 ricercati della scena jazz di New York e internazionale negli ultimi 20 anni. Dopo essersi trasferito a New York, Danny \u00e8 diventato rapidamente un sideman preferito da artisti come Vincent Herring, Nicholas Payton, Jeremy Pelt e Vanessa Rubin. Con loro Luca Fattorini (contrabbasso) e Marco Valeri (batteria), saliranno sul palco per un concerto speciale che spazier\u00e0 al tempo stesso da un\u2019intensit\u00e0 ardente ad un&#8217;eleganza sentimentale.<\/p>\n<p>Gran finale il 10 settembre con l\u2019energia trascinante di <strong>Fabien Mary\/Gianluca Figliola French Connection Quartet.<\/strong> Il trombettista francese <strong>Fabien Mary<\/strong> incontra il chitarrista napoletano <strong>Gianluca Figliola<\/strong> per dare vita a una serata che celebra il talento pi\u00f9 puro. Con loro, sul palco di Orbetello Jazz Festival saliranno alcuni tra i musicisti pi\u00f9 interessanti della scena jazz internazionale come Vincenzo Florio al contrabbasso e Andrea Nunzi alla batteria.<\/p>\n","protected":false},"excerpt":{"rendered":"<p>Dl 1 al 10 settembre otto concerti sulla terrazza sulla Laguna della Polveriera Guzman che diventa palcoscenico d\u2019eccezione per la grande musica jazz<\/p>\n","protected":false},"author":525,"featured_media":243136,"comment_status":"open","ping_status":"open","sticky":false,"template":"","format":"standard","meta":{"_acf_changed":false,"footnotes":""},"categories":[14],"tags":[216,4495,4814],"class_list":["post-243135","post","type-post","status-publish","format-standard","has-post-thumbnail","hentry","category-musica","tag-concerti","tag-jazz","tag-orbetello"],"acf":[],"yoast_head":"<!-- This site is optimized with the Yoast SEO Premium plugin v24.2 (Yoast SEO v25.6) - https:\/\/yoast.com\/wordpress\/plugins\/seo\/ -->\n<title>In uno dei luoghi pi\u00f9 suggestivi della Toscana torna l\u2019Orbetello Jazz Festival con ospiti internazionali - intoscana<\/title>\n<meta name=\"robots\" content=\"index, follow, max-snippet:-1, max-image-preview:large, max-video-preview:-1\" \/>\n<link rel=\"canonical\" href=\"https:\/\/www.intoscana.it\/it\/orbetello-jazz-festival-2022\/\" \/>\n<meta property=\"og:locale\" content=\"it_IT\" \/>\n<meta property=\"og:type\" content=\"article\" \/>\n<meta property=\"og:title\" content=\"In uno dei luoghi pi\u00f9 suggestivi della Toscana torna l\u2019Orbetello Jazz Festival con ospiti internazionali\" \/>\n<meta property=\"og:description\" content=\"Dl 1 al 10 settembre otto concerti sulla terrazza sulla Laguna della Polveriera Guzman che diventa palcoscenico d\u2019eccezione per la grande musica jazz\" \/>\n<meta property=\"og:url\" content=\"https:\/\/www.intoscana.it\/it\/orbetello-jazz-festival-2022\/\" \/>\n<meta property=\"og:site_name\" content=\"intoscana\" \/>\n<meta property=\"article:publisher\" content=\"https:\/\/www.facebook.com\/intoscana.it\" \/>\n<meta property=\"article:published_time\" content=\"2022-08-19T08:48:23+00:00\" \/>\n<meta property=\"article:modified_time\" content=\"2022-08-19T08:48:51+00:00\" \/>\n<meta property=\"og:image\" content=\"https:\/\/www.intoscana.it\/wp-content\/uploads\/Orbetello-1.jpg\" \/>\n\t<meta property=\"og:image:width\" content=\"1920\" \/>\n\t<meta property=\"og:image:height\" content=\"1279\" \/>\n\t<meta property=\"og:image:type\" content=\"image\/jpeg\" \/>\n<meta name=\"author\" content=\"Redazione\" \/>\n<meta name=\"twitter:card\" content=\"summary_large_image\" \/>\n<meta name=\"twitter:creator\" content=\"@intoscana\" \/>\n<meta name=\"twitter:site\" content=\"@intoscana\" \/>\n<meta name=\"twitter:label1\" content=\"Written by\" \/>\n\t<meta name=\"twitter:data1\" content=\"Redazione\" \/>\n\t<meta name=\"twitter:label2\" content=\"Est. reading time\" \/>\n\t<meta name=\"twitter:data2\" content=\"4 minuti\" \/>\n<script type=\"application\/ld+json\" class=\"yoast-schema-graph\">{\"@context\":\"https:\/\/schema.org\",\"@graph\":[{\"@type\":\"WebPage\",\"@id\":\"https:\/\/www.intoscana.it\/it\/orbetello-jazz-festival-2022\/\",\"url\":\"https:\/\/www.intoscana.it\/it\/orbetello-jazz-festival-2022\/\",\"name\":\"In uno dei luoghi pi\u00f9 suggestivi della Toscana torna l\u2019Orbetello Jazz Festival con ospiti internazionali - intoscana\",\"isPartOf\":{\"@id\":\"https:\/\/www.intoscana.it\/it\/#website\"},\"primaryImageOfPage\":{\"@id\":\"https:\/\/www.intoscana.it\/it\/orbetello-jazz-festival-2022\/#primaryimage\"},\"image\":{\"@id\":\"https:\/\/www.intoscana.it\/it\/orbetello-jazz-festival-2022\/#primaryimage\"},\"thumbnailUrl\":\"https:\/\/www.intoscana.it\/wp-content\/uploads\/Orbetello-1.jpg\",\"datePublished\":\"2022-08-19T08:48:23+00:00\",\"dateModified\":\"2022-08-19T08:48:51+00:00\",\"author\":{\"@id\":\"https:\/\/www.intoscana.it\/it\/#\/schema\/person\/9223810753230f20bd670fdd322661f8\"},\"breadcrumb\":{\"@id\":\"https:\/\/www.intoscana.it\/it\/orbetello-jazz-festival-2022\/#breadcrumb\"},\"inLanguage\":\"it-IT\",\"potentialAction\":[{\"@type\":\"ReadAction\",\"target\":[\"https:\/\/www.intoscana.it\/it\/orbetello-jazz-festival-2022\/\"]}]},{\"@type\":\"ImageObject\",\"inLanguage\":\"it-IT\",\"@id\":\"https:\/\/www.intoscana.it\/it\/orbetello-jazz-festival-2022\/#primaryimage\",\"url\":\"https:\/\/www.intoscana.it\/wp-content\/uploads\/Orbetello-1.jpg\",\"contentUrl\":\"https:\/\/www.intoscana.it\/wp-content\/uploads\/Orbetello-1.jpg\",\"width\":1920,\"height\":1279},{\"@type\":\"BreadcrumbList\",\"@id\":\"https:\/\/www.intoscana.it\/it\/orbetello-jazz-festival-2022\/#breadcrumb\",\"itemListElement\":[{\"@type\":\"ListItem\",\"position\":1,\"name\":\"Home\",\"item\":\"https:\/\/www.intoscana.it\/it\/\"},{\"@type\":\"ListItem\",\"position\":2,\"name\":\"In uno dei luoghi pi\u00f9 suggestivi della Toscana torna l\u2019Orbetello Jazz Festival con ospiti internazionali\"}]},{\"@type\":\"WebSite\",\"@id\":\"https:\/\/www.intoscana.it\/it\/#website\",\"url\":\"https:\/\/www.intoscana.it\/it\/\",\"name\":\"intoscana\",\"description\":\"\",\"potentialAction\":[{\"@type\":\"SearchAction\",\"target\":{\"@type\":\"EntryPoint\",\"urlTemplate\":\"https:\/\/www.intoscana.it\/it\/?s={search_term_string}\"},\"query-input\":{\"@type\":\"PropertyValueSpecification\",\"valueRequired\":true,\"valueName\":\"search_term_string\"}}],\"inLanguage\":\"it-IT\"},{\"@type\":\"Person\",\"@id\":\"https:\/\/www.intoscana.it\/it\/#\/schema\/person\/9223810753230f20bd670fdd322661f8\",\"name\":\"Redazione\",\"url\":\"https:\/\/www.intoscana.it\/it\/author\/redazione\/\"}]}<\/script>\n<!-- \/ Yoast SEO Premium plugin. -->","yoast_head_json":{"title":"In uno dei luoghi pi\u00f9 suggestivi della Toscana torna l\u2019Orbetello Jazz Festival con ospiti internazionali - intoscana","robots":{"index":"index","follow":"follow","max-snippet":"max-snippet:-1","max-image-preview":"max-image-preview:large","max-video-preview":"max-video-preview:-1"},"canonical":"https:\/\/www.intoscana.it\/it\/orbetello-jazz-festival-2022\/","og_locale":"it_IT","og_type":"article","og_title":"In uno dei luoghi pi\u00f9 suggestivi della Toscana torna l\u2019Orbetello Jazz Festival con ospiti internazionali","og_description":"Dl 1 al 10 settembre otto concerti sulla terrazza sulla Laguna della Polveriera Guzman che diventa palcoscenico d\u2019eccezione per la grande musica jazz","og_url":"https:\/\/www.intoscana.it\/it\/orbetello-jazz-festival-2022\/","og_site_name":"intoscana","article_publisher":"https:\/\/www.facebook.com\/intoscana.it","article_published_time":"2022-08-19T08:48:23+00:00","article_modified_time":"2022-08-19T08:48:51+00:00","og_image":[{"width":1920,"height":1279,"url":"https:\/\/www.intoscana.it\/wp-content\/uploads\/Orbetello-1.jpg","type":"image\/jpeg"}],"author":"Redazione","twitter_card":"summary_large_image","twitter_creator":"@intoscana","twitter_site":"@intoscana","twitter_misc":{"Written by":"Redazione","Est. reading time":"4 minuti"},"schema":{"@context":"https:\/\/schema.org","@graph":[{"@type":"WebPage","@id":"https:\/\/www.intoscana.it\/it\/orbetello-jazz-festival-2022\/","url":"https:\/\/www.intoscana.it\/it\/orbetello-jazz-festival-2022\/","name":"In uno dei luoghi pi\u00f9 suggestivi della Toscana torna l\u2019Orbetello Jazz Festival con ospiti internazionali - intoscana","isPartOf":{"@id":"https:\/\/www.intoscana.it\/it\/#website"},"primaryImageOfPage":{"@id":"https:\/\/www.intoscana.it\/it\/orbetello-jazz-festival-2022\/#primaryimage"},"image":{"@id":"https:\/\/www.intoscana.it\/it\/orbetello-jazz-festival-2022\/#primaryimage"},"thumbnailUrl":"https:\/\/www.intoscana.it\/wp-content\/uploads\/Orbetello-1.jpg","datePublished":"2022-08-19T08:48:23+00:00","dateModified":"2022-08-19T08:48:51+00:00","author":{"@id":"https:\/\/www.intoscana.it\/it\/#\/schema\/person\/9223810753230f20bd670fdd322661f8"},"breadcrumb":{"@id":"https:\/\/www.intoscana.it\/it\/orbetello-jazz-festival-2022\/#breadcrumb"},"inLanguage":"it-IT","potentialAction":[{"@type":"ReadAction","target":["https:\/\/www.intoscana.it\/it\/orbetello-jazz-festival-2022\/"]}]},{"@type":"ImageObject","inLanguage":"it-IT","@id":"https:\/\/www.intoscana.it\/it\/orbetello-jazz-festival-2022\/#primaryimage","url":"https:\/\/www.intoscana.it\/wp-content\/uploads\/Orbetello-1.jpg","contentUrl":"https:\/\/www.intoscana.it\/wp-content\/uploads\/Orbetello-1.jpg","width":1920,"height":1279},{"@type":"BreadcrumbList","@id":"https:\/\/www.intoscana.it\/it\/orbetello-jazz-festival-2022\/#breadcrumb","itemListElement":[{"@type":"ListItem","position":1,"name":"Home","item":"https:\/\/www.intoscana.it\/it\/"},{"@type":"ListItem","position":2,"name":"In uno dei luoghi pi\u00f9 suggestivi della Toscana torna l\u2019Orbetello Jazz Festival con ospiti internazionali"}]},{"@type":"WebSite","@id":"https:\/\/www.intoscana.it\/it\/#website","url":"https:\/\/www.intoscana.it\/it\/","name":"intoscana","description":"","potentialAction":[{"@type":"SearchAction","target":{"@type":"EntryPoint","urlTemplate":"https:\/\/www.intoscana.it\/it\/?s={search_term_string}"},"query-input":{"@type":"PropertyValueSpecification","valueRequired":true,"valueName":"search_term_string"}}],"inLanguage":"it-IT"},{"@type":"Person","@id":"https:\/\/www.intoscana.it\/it\/#\/schema\/person\/9223810753230f20bd670fdd322661f8","name":"Redazione","url":"https:\/\/www.intoscana.it\/it\/author\/redazione\/"}]}},"_links":{"self":[{"href":"https:\/\/www.intoscana.it\/it\/wp-json\/wp\/v2\/posts\/243135","targetHints":{"allow":["GET"]}}],"collection":[{"href":"https:\/\/www.intoscana.it\/it\/wp-json\/wp\/v2\/posts"}],"about":[{"href":"https:\/\/www.intoscana.it\/it\/wp-json\/wp\/v2\/types\/post"}],"author":[{"embeddable":true,"href":"https:\/\/www.intoscana.it\/it\/wp-json\/wp\/v2\/users\/525"}],"replies":[{"embeddable":true,"href":"https:\/\/www.intoscana.it\/it\/wp-json\/wp\/v2\/comments?post=243135"}],"version-history":[{"count":0,"href":"https:\/\/www.intoscana.it\/it\/wp-json\/wp\/v2\/posts\/243135\/revisions"}],"wp:featuredmedia":[{"embeddable":true,"href":"https:\/\/www.intoscana.it\/it\/wp-json\/wp\/v2\/media\/243136"}],"wp:attachment":[{"href":"https:\/\/www.intoscana.it\/it\/wp-json\/wp\/v2\/media?parent=243135"}],"wp:term":[{"taxonomy":"category","embeddable":true,"href":"https:\/\/www.intoscana.it\/it\/wp-json\/wp\/v2\/categories?post=243135"},{"taxonomy":"post_tag","embeddable":true,"href":"https:\/\/www.intoscana.it\/it\/wp-json\/wp\/v2\/tags?post=243135"}],"curies":[{"name":"wp","href":"https:\/\/api.w.org\/{rel}","templated":true}]}}