{"id":243458,"date":"2022-08-22T13:42:58","date_gmt":"2022-08-22T11:42:58","guid":{"rendered":"https:\/\/www.intoscana.it\/it\/?p=243458"},"modified":"2022-08-23T10:07:27","modified_gmt":"2022-08-23T08:07:27","slug":"covid-il-bollettino-della-toscana-330-nuovi-casi-un-decesso","status":"publish","type":"post","link":"https:\/\/www.intoscana.it\/it\/covid-il-bollettino-della-toscana-330-nuovi-casi-un-decesso\/","title":{"rendered":"Covid, il bollettino della Toscana: 330 nuovi casi, un decesso"},"content":{"rendered":"<p>Sono 330 i nuovi casi <strong>Covid<\/strong> rilevati oggi in Toscana. Sono stati eseguiti 306 tamponi molecolari e 1.819 tamponi antigenici rapidi, di questi il 15,5% \u00e8 risultato positivo. <mark>L&#8217;et\u00e0 media dei 330 nuovi positivi odierni \u00e8 di 56 anni: 10% ha meno di 20 anni, 20% tra 20 e 39 anni, 31% tra 40 e 59 anni, 28% tra 60 e 79 anni, 11% ha 80 anni o pi\u00f9.<\/mark><\/p>\n<p>I ricoverati sono 368 (3 in meno rispetto a ieri), di cui 18 in terapia intensiva (1 in pi\u00f9). Oggi si registra un nuovo decesso: una donna di 86 anni.<\/p>\n<h3>I casi di positivit\u00e0 sul territorio<\/h3>\n<p>Sono 374.400 i casi complessivi ad oggi a Firenze (66 in pi\u00f9 rispetto a ieri), 91.878 a Prato (22 in pi\u00f9), 107.838 a Pistoia (33 in pi\u00f9), 68.268 a Massa-Carrara (24 in pi\u00f9), 145.875 a Lucca (30 in pi\u00f9), 158.598 a Pisa (25 in pi\u00f9), 123.527 a Livorno (37 in pi\u00f9), 123.629 ad Arezzo (45 in pi\u00f9), 98.014 a Siena (25 in pi\u00f9), 74.840 a Grosseto (23 in pi\u00f9).<\/p>\n<p>Complessivamente, 82.573 persone sono in <strong>isolamento<\/strong> a casa, poich\u00e9 presentano sintomi lievi che non richiedono cure ospedaliere, o risultano prive di sintomi (174 in meno rispetto a ieri, meno 0,2%).<\/p>\n<p>Sono <mark>10.608 i deceduti dall&#8217;inizio dell&#8217;epidemia<\/mark>: 3.324 a Firenze, 866 a Prato, 951 a Pistoia, 680 a Massa Carrara, 1.006 a Lucca, 1.204 a Pisa, 805 a Livorno, 669 ad Arezzo, 555 a Siena, 397 a Grosseto, 151 persone sono decedute sul suolo toscano ma erano residenti fuori regione.<\/p>\n","protected":false},"excerpt":{"rendered":"<p>L&#8217;et\u00e0 media dei positivi \u00e8 di 56 anni<\/p>\n","protected":false},"author":525,"featured_media":235724,"comment_status":"open","ping_status":"open","sticky":false,"template":"","format":"standard","meta":{"_acf_changed":false,"footnotes":""},"categories":[494],"tags":[4868,418],"class_list":["post-243458","post","type-post","status-publish","format-standard","has-post-thumbnail","hentry","category-attualita","tag-bollettino-covid-toscana","tag-covid-19"],"acf":[],"yoast_head":"<!-- This site is optimized with the Yoast SEO Premium plugin v24.2 (Yoast SEO v25.6) - https:\/\/yoast.com\/wordpress\/plugins\/seo\/ -->\n<title>Covid, il bollettino della Toscana: 330 nuovi casi, un decesso - intoscana<\/title>\n<meta name=\"description\" content=\"L&#039;et\u00e0 media dei positivi \u00e8 di 56 anni\" \/>\n<meta name=\"robots\" content=\"index, follow, max-snippet:-1, max-image-preview:large, max-video-preview:-1\" \/>\n<link rel=\"canonical\" href=\"https:\/\/www.intoscana.it\/it\/covid-il-bollettino-della-toscana-330-nuovi-casi-un-decesso\/\" \/>\n<meta property=\"og:locale\" content=\"it_IT\" \/>\n<meta property=\"og:type\" content=\"article\" \/>\n<meta property=\"og:title\" content=\"Covid, il bollettino della Toscana: 330 nuovi casi, un decesso\" \/>\n<meta property=\"og:description\" content=\"L&#039;et\u00e0 media dei positivi \u00e8 di 56 anni\" \/>\n<meta property=\"og:url\" content=\"https:\/\/www.intoscana.it\/it\/covid-il-bollettino-della-toscana-330-nuovi-casi-un-decesso\/\" \/>\n<meta property=\"og:site_name\" content=\"intoscana\" \/>\n<meta property=\"article:publisher\" content=\"https:\/\/www.facebook.com\/intoscana.it\" \/>\n<meta property=\"article:published_time\" content=\"2022-08-22T11:42:58+00:00\" \/>\n<meta property=\"article:modified_time\" content=\"2022-08-23T08:07:27+00:00\" \/>\n<meta property=\"og:image\" content=\"https:\/\/www.intoscana.it\/wp-content\/uploads\/infermiera-ospedale-sanita\u0300-covid-Cryptographer.jpg\" \/>\n\t<meta property=\"og:image:width\" content=\"2000\" \/>\n\t<meta property=\"og:image:height\" content=\"1333\" \/>\n\t<meta property=\"og:image:type\" content=\"image\/jpeg\" \/>\n<meta name=\"author\" content=\"Redazione\" \/>\n<meta name=\"twitter:card\" content=\"summary_large_image\" \/>\n<meta name=\"twitter:creator\" content=\"@intoscana\" \/>\n<meta name=\"twitter:site\" content=\"@intoscana\" \/>\n<meta name=\"twitter:label1\" content=\"Written by\" \/>\n\t<meta name=\"twitter:data1\" content=\"Redazione\" \/>\n\t<meta name=\"twitter:label2\" content=\"Est. reading time\" \/>\n\t<meta name=\"twitter:data2\" content=\"1 minuto\" \/>\n<script type=\"application\/ld+json\" class=\"yoast-schema-graph\">{\"@context\":\"https:\/\/schema.org\",\"@graph\":[{\"@type\":\"WebPage\",\"@id\":\"https:\/\/www.intoscana.it\/it\/covid-il-bollettino-della-toscana-330-nuovi-casi-un-decesso\/\",\"url\":\"https:\/\/www.intoscana.it\/it\/covid-il-bollettino-della-toscana-330-nuovi-casi-un-decesso\/\",\"name\":\"Covid, il bollettino della Toscana: 330 nuovi casi, un decesso - intoscana\",\"isPartOf\":{\"@id\":\"https:\/\/www.intoscana.it\/it\/#website\"},\"primaryImageOfPage\":{\"@id\":\"https:\/\/www.intoscana.it\/it\/covid-il-bollettino-della-toscana-330-nuovi-casi-un-decesso\/#primaryimage\"},\"image\":{\"@id\":\"https:\/\/www.intoscana.it\/it\/covid-il-bollettino-della-toscana-330-nuovi-casi-un-decesso\/#primaryimage\"},\"thumbnailUrl\":\"https:\/\/www.intoscana.it\/wp-content\/uploads\/infermiera-ospedale-sanita\u0300-covid-Cryptographer.jpg\",\"datePublished\":\"2022-08-22T11:42:58+00:00\",\"dateModified\":\"2022-08-23T08:07:27+00:00\",\"author\":{\"@id\":\"https:\/\/www.intoscana.it\/it\/#\/schema\/person\/9223810753230f20bd670fdd322661f8\"},\"description\":\"L'et\u00e0 media dei positivi \u00e8 di 56 anni\",\"breadcrumb\":{\"@id\":\"https:\/\/www.intoscana.it\/it\/covid-il-bollettino-della-toscana-330-nuovi-casi-un-decesso\/#breadcrumb\"},\"inLanguage\":\"it-IT\",\"potentialAction\":[{\"@type\":\"ReadAction\",\"target\":[\"https:\/\/www.intoscana.it\/it\/covid-il-bollettino-della-toscana-330-nuovi-casi-un-decesso\/\"]}]},{\"@type\":\"ImageObject\",\"inLanguage\":\"it-IT\",\"@id\":\"https:\/\/www.intoscana.it\/it\/covid-il-bollettino-della-toscana-330-nuovi-casi-un-decesso\/#primaryimage\",\"url\":\"https:\/\/www.intoscana.it\/wp-content\/uploads\/infermiera-ospedale-sanita\u0300-covid-Cryptographer.jpg\",\"contentUrl\":\"https:\/\/www.intoscana.it\/wp-content\/uploads\/infermiera-ospedale-sanita\u0300-covid-Cryptographer.jpg\",\"width\":2000,\"height\":1333,\"caption\":\"Dottoressa, infermiera, Covid19, sanit\u00e0, salute, ospedale, coronavirus\"},{\"@type\":\"BreadcrumbList\",\"@id\":\"https:\/\/www.intoscana.it\/it\/covid-il-bollettino-della-toscana-330-nuovi-casi-un-decesso\/#breadcrumb\",\"itemListElement\":[{\"@type\":\"ListItem\",\"position\":1,\"name\":\"Home\",\"item\":\"https:\/\/www.intoscana.it\/it\/\"},{\"@type\":\"ListItem\",\"position\":2,\"name\":\"Covid, il bollettino della Toscana: 330 nuovi casi, un decesso\"}]},{\"@type\":\"WebSite\",\"@id\":\"https:\/\/www.intoscana.it\/it\/#website\",\"url\":\"https:\/\/www.intoscana.it\/it\/\",\"name\":\"intoscana\",\"description\":\"\",\"potentialAction\":[{\"@type\":\"SearchAction\",\"target\":{\"@type\":\"EntryPoint\",\"urlTemplate\":\"https:\/\/www.intoscana.it\/it\/?s={search_term_string}\"},\"query-input\":{\"@type\":\"PropertyValueSpecification\",\"valueRequired\":true,\"valueName\":\"search_term_string\"}}],\"inLanguage\":\"it-IT\"},{\"@type\":\"Person\",\"@id\":\"https:\/\/www.intoscana.it\/it\/#\/schema\/person\/9223810753230f20bd670fdd322661f8\",\"name\":\"Redazione\",\"url\":\"https:\/\/www.intoscana.it\/it\/author\/redazione\/\"}]}<\/script>\n<!-- \/ Yoast SEO Premium plugin. -->","yoast_head_json":{"title":"Covid, il bollettino della Toscana: 330 nuovi casi, un decesso - intoscana","description":"L'et\u00e0 media dei positivi \u00e8 di 56 anni","robots":{"index":"index","follow":"follow","max-snippet":"max-snippet:-1","max-image-preview":"max-image-preview:large","max-video-preview":"max-video-preview:-1"},"canonical":"https:\/\/www.intoscana.it\/it\/covid-il-bollettino-della-toscana-330-nuovi-casi-un-decesso\/","og_locale":"it_IT","og_type":"article","og_title":"Covid, il bollettino della Toscana: 330 nuovi casi, un decesso","og_description":"L'et\u00e0 media dei positivi \u00e8 di 56 anni","og_url":"https:\/\/www.intoscana.it\/it\/covid-il-bollettino-della-toscana-330-nuovi-casi-un-decesso\/","og_site_name":"intoscana","article_publisher":"https:\/\/www.facebook.com\/intoscana.it","article_published_time":"2022-08-22T11:42:58+00:00","article_modified_time":"2022-08-23T08:07:27+00:00","og_image":[{"width":2000,"height":1333,"url":"https:\/\/www.intoscana.it\/wp-content\/uploads\/infermiera-ospedale-sanita\u0300-covid-Cryptographer.jpg","type":"image\/jpeg"}],"author":"Redazione","twitter_card":"summary_large_image","twitter_creator":"@intoscana","twitter_site":"@intoscana","twitter_misc":{"Written by":"Redazione","Est. reading time":"1 minuto"},"schema":{"@context":"https:\/\/schema.org","@graph":[{"@type":"WebPage","@id":"https:\/\/www.intoscana.it\/it\/covid-il-bollettino-della-toscana-330-nuovi-casi-un-decesso\/","url":"https:\/\/www.intoscana.it\/it\/covid-il-bollettino-della-toscana-330-nuovi-casi-un-decesso\/","name":"Covid, il bollettino della Toscana: 330 nuovi casi, un decesso - intoscana","isPartOf":{"@id":"https:\/\/www.intoscana.it\/it\/#website"},"primaryImageOfPage":{"@id":"https:\/\/www.intoscana.it\/it\/covid-il-bollettino-della-toscana-330-nuovi-casi-un-decesso\/#primaryimage"},"image":{"@id":"https:\/\/www.intoscana.it\/it\/covid-il-bollettino-della-toscana-330-nuovi-casi-un-decesso\/#primaryimage"},"thumbnailUrl":"https:\/\/www.intoscana.it\/wp-content\/uploads\/infermiera-ospedale-sanita\u0300-covid-Cryptographer.jpg","datePublished":"2022-08-22T11:42:58+00:00","dateModified":"2022-08-23T08:07:27+00:00","author":{"@id":"https:\/\/www.intoscana.it\/it\/#\/schema\/person\/9223810753230f20bd670fdd322661f8"},"description":"L'et\u00e0 media dei positivi \u00e8 di 56 anni","breadcrumb":{"@id":"https:\/\/www.intoscana.it\/it\/covid-il-bollettino-della-toscana-330-nuovi-casi-un-decesso\/#breadcrumb"},"inLanguage":"it-IT","potentialAction":[{"@type":"ReadAction","target":["https:\/\/www.intoscana.it\/it\/covid-il-bollettino-della-toscana-330-nuovi-casi-un-decesso\/"]}]},{"@type":"ImageObject","inLanguage":"it-IT","@id":"https:\/\/www.intoscana.it\/it\/covid-il-bollettino-della-toscana-330-nuovi-casi-un-decesso\/#primaryimage","url":"https:\/\/www.intoscana.it\/wp-content\/uploads\/infermiera-ospedale-sanita\u0300-covid-Cryptographer.jpg","contentUrl":"https:\/\/www.intoscana.it\/wp-content\/uploads\/infermiera-ospedale-sanita\u0300-covid-Cryptographer.jpg","width":2000,"height":1333,"caption":"Dottoressa, infermiera, Covid19, sanit\u00e0, salute, ospedale, coronavirus"},{"@type":"BreadcrumbList","@id":"https:\/\/www.intoscana.it\/it\/covid-il-bollettino-della-toscana-330-nuovi-casi-un-decesso\/#breadcrumb","itemListElement":[{"@type":"ListItem","position":1,"name":"Home","item":"https:\/\/www.intoscana.it\/it\/"},{"@type":"ListItem","position":2,"name":"Covid, il bollettino della Toscana: 330 nuovi casi, un decesso"}]},{"@type":"WebSite","@id":"https:\/\/www.intoscana.it\/it\/#website","url":"https:\/\/www.intoscana.it\/it\/","name":"intoscana","description":"","potentialAction":[{"@type":"SearchAction","target":{"@type":"EntryPoint","urlTemplate":"https:\/\/www.intoscana.it\/it\/?s={search_term_string}"},"query-input":{"@type":"PropertyValueSpecification","valueRequired":true,"valueName":"search_term_string"}}],"inLanguage":"it-IT"},{"@type":"Person","@id":"https:\/\/www.intoscana.it\/it\/#\/schema\/person\/9223810753230f20bd670fdd322661f8","name":"Redazione","url":"https:\/\/www.intoscana.it\/it\/author\/redazione\/"}]}},"_links":{"self":[{"href":"https:\/\/www.intoscana.it\/it\/wp-json\/wp\/v2\/posts\/243458","targetHints":{"allow":["GET"]}}],"collection":[{"href":"https:\/\/www.intoscana.it\/it\/wp-json\/wp\/v2\/posts"}],"about":[{"href":"https:\/\/www.intoscana.it\/it\/wp-json\/wp\/v2\/types\/post"}],"author":[{"embeddable":true,"href":"https:\/\/www.intoscana.it\/it\/wp-json\/wp\/v2\/users\/525"}],"replies":[{"embeddable":true,"href":"https:\/\/www.intoscana.it\/it\/wp-json\/wp\/v2\/comments?post=243458"}],"version-history":[{"count":0,"href":"https:\/\/www.intoscana.it\/it\/wp-json\/wp\/v2\/posts\/243458\/revisions"}],"wp:featuredmedia":[{"embeddable":true,"href":"https:\/\/www.intoscana.it\/it\/wp-json\/wp\/v2\/media\/235724"}],"wp:attachment":[{"href":"https:\/\/www.intoscana.it\/it\/wp-json\/wp\/v2\/media?parent=243458"}],"wp:term":[{"taxonomy":"category","embeddable":true,"href":"https:\/\/www.intoscana.it\/it\/wp-json\/wp\/v2\/categories?post=243458"},{"taxonomy":"post_tag","embeddable":true,"href":"https:\/\/www.intoscana.it\/it\/wp-json\/wp\/v2\/tags?post=243458"}],"curies":[{"name":"wp","href":"https:\/\/api.w.org\/{rel}","templated":true}]}}