{"id":243489,"date":"2022-08-22T15:12:25","date_gmt":"2022-08-22T13:12:25","guid":{"rendered":"https:\/\/www.intoscana.it\/it\/?p=243489"},"modified":"2022-08-22T15:12:40","modified_gmt":"2022-08-22T13:12:40","slug":"summer-knights-2022-a-pisa-in-concerto-elisa-achille-lauro-ariete-francesco-gabbani","status":"publish","type":"post","link":"https:\/\/www.intoscana.it\/it\/summer-knights-2022-a-pisa-in-concerto-elisa-achille-lauro-ariete-francesco-gabbani\/","title":{"rendered":"Summer Knights 2022 a Pisa: in concerto Elisa, Achille Lauro, Ariete, Francesco Gabbani"},"content":{"rendered":"<p>Grandi nomi dello spettacolo per la terza edizione del festival <strong>&#8220;Summer Knights&#8221;<\/strong> a Pisa organizzato dalla <strong>LEG Live Emotion Group.<\/strong><\/p>\n<p>Gli artisti si esibiranno\u00a0<strong>dall\u20198 al 17 settembre<\/strong>\u00a0nello splendido scenario di <strong>piazza dei Cavalieri.<\/strong><\/p>\n<p>Primo appuntamento gioved\u00ec 8 settembre con<strong> Ariete,<\/strong> giovane voce di riferimento con oltre 37 milioni di stream nel brano \u201cL\u2019ultima notte\u201d certificato platino, luned\u00ec 12 settembre appuntamento con <strong>Achille Lauro<\/strong> che porter\u00e0 in scena uno show tutto nuovo dagli arrangiamenti ai costumi, mentre il giorno successivo, marted\u00ec 13 settembre, toccher\u00e0 a <strong>Francesco Gabbani,<\/strong> amatissimo cantautore e polistrumentista che di recente si \u00e8 cimentato nella conduzione, con successo, di un programma su Rai1. Ultimo appuntamento sabato 17 settembre, con <strong>Elisa<\/strong> che con il suo \u201cBack to the Future Live Tour\u201d far\u00e0 un \u00a0viaggio in Italia tra spettacolari vedute panoramiche e aree di grande interesse storico e culturale e Pisa \u00e8 tra \u00a0le location selezionate per il suo grande valore artistico.<\/p>\n<p>Iniziata nel 2019, interrotta nel 2020 a causa del Covid, e ripresa nel 2021, la rassegna \u201cSummer Knights\u201d ha gi\u00e0 ospitato artisti del calibro di <strong>Brignano, Sgarbi, Paoli, Consoli, Bandabard\u00f2, Nannini, Panariello, Bert\u00e8, De Gregori<\/strong> e molti altri.<\/p>\n<div class=\"titleimg\">\n<figure id=\"post-223467 media-223467\" class=\"align-none\"><img decoding=\"async\" src=\"https:\/\/www.intoscana.it\/wp-content\/uploads\/278175522_537742117722284_2404543576992725226_n.jpeg\" alt=\"\" \/><\/figure>\n<div class=\"titleimg\">Francesco Gabbani<\/div>\n<\/div>\n<h3>Il programma<\/h3>\n<p><strong>Gioved\u00ec 8 settembre Ariete\u00a0in \u201cSpecchio Tour 2022\u201d<\/strong><br \/>\nDopo la tourn\u00e9e estiva del 2021 che l\u2019ha portata a soli 19 anni in tutta Italia con 27 date che hanno visto un grande successo di pubblico, Ariete torna dal vivo per presentare per il suo primo e atteso album <strong>\u201cSpecchio\u201d.<\/strong> Uscito il 25 febbraio 2022, contiene 11 tracce gi\u00e0 anticipate dai singoli \u201cL\u201d e \u201cClub\u201d. Dopo il successo dei due EP del 2020 <strong>\u201cSpazio\u201d e \u201c18 anni\u201d,<\/strong> Ariete \u00e8 ormai una giovane voce di riferimento con oltre 37 milioni di stream nel brano \u201cL\u2019ultima notte\u201d certificato platino. \u201cSpecchio\u201d \u00e8 un disco in cui emerge un atteggiamento pi\u00f9 consapevole e maturo dell\u2019artista. <strong>Semplicit\u00e0, schiettezza e sincerit\u00e0<\/strong> sono la colonna portante e il filo conduttore di tutti i brani, conferendo quel tocco di autenticit\u00e0 in pi\u00f9 che abbraccia e fa sentire capiti chi ascolta. Ariete, con il suo <strong>\u201cBedroom pop\u201d, r<\/strong>iesce da sempre a creare dimensioni profonde che vanno a toccare le corde pi\u00f9 segrete e intime dell\u2019anima, raccontandosi senza filtri. Frequenti sono le immagini simboliche che caratterizzano il suo stile, dal desiderio di fare un tuffo nel passato per fermare il tempo riportando alla mente istanti di vita passata, alla fragilit\u00e0 dell\u2019anima tormentata dalle dolorose delusioni sentimentali. Un viaggio introspettivo e una finestra aperta su se stessi, che indaga il passato, le paure, i ricordi e le proprie debolezze attraverso un sound malinconico e nostalgico. Per questo progetto, Ariete si affianca ad alcuni artisti che caratterizzano la scena contemporanea, tra rap e cantautorato. In \u201cSpecchio\u201d partecipano infatti <strong>Madame,<\/strong> la giovanissima rapper che firma il brano \u201cCicatrici\u201d e <strong>Franco126,<\/strong> tra i pi\u00f9 apprezzati autori indie pop del momento, che ha collaborato nel brano \u201cFragili\u201d.<\/p>\n<p><strong>Luned\u00ec 12 settembre\u00a0\u201cAchille Lauro Superstar &#8211; Electric Orchestra Tour\u201d<\/strong><br \/>\nAchille Lauro sar\u00e0 accompagnato da<strong> 52 elementi,<\/strong> oltre ai 5 componenti della band, e metter\u00e0 in scena uno show tutto nuovo, dagli arrangiamenti ai costumi, evoluzione di tutto ci\u00f2 che abbiamo visto finora. L\u2019Artista porter\u00e0 sul palco, tra gli altri, i brani contenuti in<strong> \u201cLauro &#8211; Achille Idol Superstar\u201d,<\/strong> nuova edizione dell\u2019album Lauro uscita l\u201911 febbraio. L\u2019opera include 7 nuove bonus track, rappresentando una naturale prosecuzione evolutiva del percorso fatto con il precedente album <strong>\u201c1969\u201d.<\/strong> Tra queste, \u00e8 inclusa, <strong>\u201cDomenica\u201d,<\/strong> la canzone con cui Achille Lauro ha gareggiato al settantaduesimo Festival di Sanremo, stupendo il pubblico con la sua performance iconica.<\/p>\n<p><strong>Marted\u00ec 13 settembre Francesco Gabbani\u00a0in \u201cLive 2022\u201d<\/strong><br \/>\nFrancesco Gabbani sar\u00e0 presente con il tour estivo con cui girer\u00e0 l\u2019Italia per presentare dal vivo il suo nuovo lavoro discografico <strong>\u201cVolevamo solo essere felici\u201d<\/strong>. Un tour con cui Gabbani torner\u00e0 dal vivo dopo l\u2019ultimo concerto tenuto all\u2019<strong>Arena di Verona<\/strong> e potr\u00e0 finalmente riabbracciare i suoi sostenitori in attesa delle date autunnali nei palazzetti. Francesco Gabbani sar\u00e0 accompagnato dalla sua band composta da : Filippo Gabbani (Batteria), Lorenzo Bertelloni (tastiere), Giacomo Spagnoli (basso) e Marco Baruffetti (chitarra).<\/p>\n<p><strong>Sabato 17 settembre Elisa in\u00a0\u201cBack To The Future Live Tour\u201d<\/strong><br \/>\nElisa torna sul palco con un mastodontico progetto live che la vedr\u00e0 esibirsi in tutta Italia, nessuna regione esclusa, a partire da fine maggio. Il <strong>\u201cBack to the Future Live Tour\u201d<\/strong> inizier\u00e0 ufficialmente il suo viaggio a giugno e proseguir\u00e0 fino a settembre tra spettacolari vedute panoramiche e aree di grande interesse storico e culturale. Per la prima volta Elisa sar\u00e0 protagonista di <strong>una tourn\u00e9e che toccher\u00e0 tutte le regioni d\u2019Italia<\/strong> e le location scelte saranno tutte teatro di arte e natura. Ogni tappa diventer\u00e0 occasione per valorizzare il luogo che la ospiter\u00e0, ciascuna sar\u00e0 caratterizzata da una particolare importanza naturalistica, storica e\/o culturale: un parco, una zona di calanchi, un bosco, un borgo antico, un luogo storico (la scelta delle tappe \u00e8 stata fatta coinvolgendo i territori stessi). Cos\u00ec \u201cBack to the Future Live Tour\u201d non sar\u00e0 solo un tour ma un festival itinerante con una serie di contenuti creati in collaborazione con <strong>Music Innovation Hub e altri compagni di viaggio<\/strong> per sensibilizzare il pubblico sull\u2019argomento green. Al centro, infatti, ci sar\u00e0 sempre un impegno particolare per l\u2019ambiente, seguendo un importante protocollo redatto dal Politecnico di Milano e Music Innovation Hub.<\/p>\n<figure id=\"post-220941 media-220941\" class=\"align-none\"><img decoding=\"async\" src=\"https:\/\/www.intoscana.it\/wp-content\/uploads\/Elisa-scaled.jpg\" alt=\"\" \/><\/figure>\n<div class=\"titleimg\">Elisa<\/div>\n","protected":false},"excerpt":{"rendered":"<p>Dall\u20198 al 17 settembre\u00a0ospiti nello splendido scenario di piazza dei Cavalieri grandi nomi della canzone italiana<\/p>\n","protected":false},"author":525,"featured_media":97997,"comment_status":"open","ping_status":"open","sticky":false,"template":"","format":"standard","meta":{"_acf_changed":false,"footnotes":""},"categories":[14],"tags":[216,235,399,203],"class_list":["post-243489","post","type-post","status-publish","format-standard","has-post-thumbnail","hentry","category-musica","tag-concerti","tag-estate","tag-estate-in-toscana","tag-pisa"],"acf":[],"yoast_head":"<!-- This site is optimized with the Yoast SEO Premium plugin v24.2 (Yoast SEO v25.6) - https:\/\/yoast.com\/wordpress\/plugins\/seo\/ -->\n<title>Summer Knights 2022 a Pisa: in concerto Elisa, Achille Lauro, Ariete, Francesco Gabbani - intoscana<\/title>\n<meta name=\"description\" content=\"Dall\u20198 al 17 settembre\u00a0ospiti nello splendido scenario di piazza dei Cavalieri grandi nomi della canzone italiana\" \/>\n<meta name=\"robots\" content=\"index, follow, max-snippet:-1, max-image-preview:large, max-video-preview:-1\" \/>\n<link rel=\"canonical\" href=\"https:\/\/www.intoscana.it\/it\/summer-knights-2022-a-pisa-in-concerto-elisa-achille-lauro-ariete-francesco-gabbani\/\" \/>\n<meta property=\"og:locale\" content=\"it_IT\" \/>\n<meta property=\"og:type\" content=\"article\" \/>\n<meta property=\"og:title\" content=\"Summer Knights 2022 a Pisa: in concerto Elisa, Achille Lauro, Ariete, Francesco Gabbani\" \/>\n<meta property=\"og:description\" content=\"Dall\u20198 al 17 settembre\u00a0ospiti nello splendido scenario di piazza dei Cavalieri grandi nomi della canzone italiana\" \/>\n<meta property=\"og:url\" content=\"https:\/\/www.intoscana.it\/it\/summer-knights-2022-a-pisa-in-concerto-elisa-achille-lauro-ariete-francesco-gabbani\/\" \/>\n<meta property=\"og:site_name\" content=\"intoscana\" \/>\n<meta property=\"article:publisher\" content=\"https:\/\/www.facebook.com\/intoscana.it\" \/>\n<meta property=\"article:published_time\" content=\"2022-08-22T13:12:25+00:00\" \/>\n<meta property=\"article:modified_time\" content=\"2022-08-22T13:12:40+00:00\" \/>\n<meta property=\"og:image\" content=\"https:\/\/www.intoscana.it\/wp-content\/uploads\/achille-lauro_ph-luca-damelio-1-b-2.jpg\" \/>\n\t<meta property=\"og:image:width\" content=\"1024\" \/>\n\t<meta property=\"og:image:height\" content=\"915\" \/>\n\t<meta property=\"og:image:type\" content=\"image\/jpeg\" \/>\n<meta name=\"author\" content=\"Redazione\" \/>\n<meta name=\"twitter:card\" content=\"summary_large_image\" \/>\n<meta name=\"twitter:creator\" content=\"@intoscana\" \/>\n<meta name=\"twitter:site\" content=\"@intoscana\" \/>\n<meta name=\"twitter:label1\" content=\"Written by\" \/>\n\t<meta name=\"twitter:data1\" content=\"Redazione\" \/>\n\t<meta name=\"twitter:label2\" content=\"Est. reading time\" \/>\n\t<meta name=\"twitter:data2\" content=\"4 minuti\" \/>\n<script type=\"application\/ld+json\" class=\"yoast-schema-graph\">{\"@context\":\"https:\/\/schema.org\",\"@graph\":[{\"@type\":\"WebPage\",\"@id\":\"https:\/\/www.intoscana.it\/it\/summer-knights-2022-a-pisa-in-concerto-elisa-achille-lauro-ariete-francesco-gabbani\/\",\"url\":\"https:\/\/www.intoscana.it\/it\/summer-knights-2022-a-pisa-in-concerto-elisa-achille-lauro-ariete-francesco-gabbani\/\",\"name\":\"Summer Knights 2022 a Pisa: in concerto Elisa, Achille Lauro, Ariete, Francesco Gabbani - intoscana\",\"isPartOf\":{\"@id\":\"https:\/\/www.intoscana.it\/it\/#website\"},\"primaryImageOfPage\":{\"@id\":\"https:\/\/www.intoscana.it\/it\/summer-knights-2022-a-pisa-in-concerto-elisa-achille-lauro-ariete-francesco-gabbani\/#primaryimage\"},\"image\":{\"@id\":\"https:\/\/www.intoscana.it\/it\/summer-knights-2022-a-pisa-in-concerto-elisa-achille-lauro-ariete-francesco-gabbani\/#primaryimage\"},\"thumbnailUrl\":\"https:\/\/www.intoscana.it\/wp-content\/uploads\/achille-lauro_ph-luca-damelio-1-b-2.jpg\",\"datePublished\":\"2022-08-22T13:12:25+00:00\",\"dateModified\":\"2022-08-22T13:12:40+00:00\",\"author\":{\"@id\":\"https:\/\/www.intoscana.it\/it\/#\/schema\/person\/9223810753230f20bd670fdd322661f8\"},\"description\":\"Dall\u20198 al 17 settembre\u00a0ospiti nello splendido scenario di piazza dei Cavalieri grandi nomi della canzone italiana\",\"breadcrumb\":{\"@id\":\"https:\/\/www.intoscana.it\/it\/summer-knights-2022-a-pisa-in-concerto-elisa-achille-lauro-ariete-francesco-gabbani\/#breadcrumb\"},\"inLanguage\":\"it-IT\",\"potentialAction\":[{\"@type\":\"ReadAction\",\"target\":[\"https:\/\/www.intoscana.it\/it\/summer-knights-2022-a-pisa-in-concerto-elisa-achille-lauro-ariete-francesco-gabbani\/\"]}]},{\"@type\":\"ImageObject\",\"inLanguage\":\"it-IT\",\"@id\":\"https:\/\/www.intoscana.it\/it\/summer-knights-2022-a-pisa-in-concerto-elisa-achille-lauro-ariete-francesco-gabbani\/#primaryimage\",\"url\":\"https:\/\/www.intoscana.it\/wp-content\/uploads\/achille-lauro_ph-luca-damelio-1-b-2.jpg\",\"contentUrl\":\"https:\/\/www.intoscana.it\/wp-content\/uploads\/achille-lauro_ph-luca-damelio-1-b-2.jpg\",\"width\":1024,\"height\":915,\"caption\":\"Achille Lauro\"},{\"@type\":\"BreadcrumbList\",\"@id\":\"https:\/\/www.intoscana.it\/it\/summer-knights-2022-a-pisa-in-concerto-elisa-achille-lauro-ariete-francesco-gabbani\/#breadcrumb\",\"itemListElement\":[{\"@type\":\"ListItem\",\"position\":1,\"name\":\"Home\",\"item\":\"https:\/\/www.intoscana.it\/it\/\"},{\"@type\":\"ListItem\",\"position\":2,\"name\":\"Summer Knights 2022 a Pisa: in concerto Elisa, Achille Lauro, Ariete, Francesco Gabbani\"}]},{\"@type\":\"WebSite\",\"@id\":\"https:\/\/www.intoscana.it\/it\/#website\",\"url\":\"https:\/\/www.intoscana.it\/it\/\",\"name\":\"intoscana\",\"description\":\"\",\"potentialAction\":[{\"@type\":\"SearchAction\",\"target\":{\"@type\":\"EntryPoint\",\"urlTemplate\":\"https:\/\/www.intoscana.it\/it\/?s={search_term_string}\"},\"query-input\":{\"@type\":\"PropertyValueSpecification\",\"valueRequired\":true,\"valueName\":\"search_term_string\"}}],\"inLanguage\":\"it-IT\"},{\"@type\":\"Person\",\"@id\":\"https:\/\/www.intoscana.it\/it\/#\/schema\/person\/9223810753230f20bd670fdd322661f8\",\"name\":\"Redazione\",\"url\":\"https:\/\/www.intoscana.it\/it\/author\/redazione\/\"}]}<\/script>\n<!-- \/ Yoast SEO Premium plugin. -->","yoast_head_json":{"title":"Summer Knights 2022 a Pisa: in concerto Elisa, Achille Lauro, Ariete, Francesco Gabbani - intoscana","description":"Dall\u20198 al 17 settembre\u00a0ospiti nello splendido scenario di piazza dei Cavalieri grandi nomi della canzone italiana","robots":{"index":"index","follow":"follow","max-snippet":"max-snippet:-1","max-image-preview":"max-image-preview:large","max-video-preview":"max-video-preview:-1"},"canonical":"https:\/\/www.intoscana.it\/it\/summer-knights-2022-a-pisa-in-concerto-elisa-achille-lauro-ariete-francesco-gabbani\/","og_locale":"it_IT","og_type":"article","og_title":"Summer Knights 2022 a Pisa: in concerto Elisa, Achille Lauro, Ariete, Francesco Gabbani","og_description":"Dall\u20198 al 17 settembre\u00a0ospiti nello splendido scenario di piazza dei Cavalieri grandi nomi della canzone italiana","og_url":"https:\/\/www.intoscana.it\/it\/summer-knights-2022-a-pisa-in-concerto-elisa-achille-lauro-ariete-francesco-gabbani\/","og_site_name":"intoscana","article_publisher":"https:\/\/www.facebook.com\/intoscana.it","article_published_time":"2022-08-22T13:12:25+00:00","article_modified_time":"2022-08-22T13:12:40+00:00","og_image":[{"width":1024,"height":915,"url":"https:\/\/www.intoscana.it\/wp-content\/uploads\/achille-lauro_ph-luca-damelio-1-b-2.jpg","type":"image\/jpeg"}],"author":"Redazione","twitter_card":"summary_large_image","twitter_creator":"@intoscana","twitter_site":"@intoscana","twitter_misc":{"Written by":"Redazione","Est. reading time":"4 minuti"},"schema":{"@context":"https:\/\/schema.org","@graph":[{"@type":"WebPage","@id":"https:\/\/www.intoscana.it\/it\/summer-knights-2022-a-pisa-in-concerto-elisa-achille-lauro-ariete-francesco-gabbani\/","url":"https:\/\/www.intoscana.it\/it\/summer-knights-2022-a-pisa-in-concerto-elisa-achille-lauro-ariete-francesco-gabbani\/","name":"Summer Knights 2022 a Pisa: in concerto Elisa, Achille Lauro, Ariete, Francesco Gabbani - intoscana","isPartOf":{"@id":"https:\/\/www.intoscana.it\/it\/#website"},"primaryImageOfPage":{"@id":"https:\/\/www.intoscana.it\/it\/summer-knights-2022-a-pisa-in-concerto-elisa-achille-lauro-ariete-francesco-gabbani\/#primaryimage"},"image":{"@id":"https:\/\/www.intoscana.it\/it\/summer-knights-2022-a-pisa-in-concerto-elisa-achille-lauro-ariete-francesco-gabbani\/#primaryimage"},"thumbnailUrl":"https:\/\/www.intoscana.it\/wp-content\/uploads\/achille-lauro_ph-luca-damelio-1-b-2.jpg","datePublished":"2022-08-22T13:12:25+00:00","dateModified":"2022-08-22T13:12:40+00:00","author":{"@id":"https:\/\/www.intoscana.it\/it\/#\/schema\/person\/9223810753230f20bd670fdd322661f8"},"description":"Dall\u20198 al 17 settembre\u00a0ospiti nello splendido scenario di piazza dei Cavalieri grandi nomi della canzone italiana","breadcrumb":{"@id":"https:\/\/www.intoscana.it\/it\/summer-knights-2022-a-pisa-in-concerto-elisa-achille-lauro-ariete-francesco-gabbani\/#breadcrumb"},"inLanguage":"it-IT","potentialAction":[{"@type":"ReadAction","target":["https:\/\/www.intoscana.it\/it\/summer-knights-2022-a-pisa-in-concerto-elisa-achille-lauro-ariete-francesco-gabbani\/"]}]},{"@type":"ImageObject","inLanguage":"it-IT","@id":"https:\/\/www.intoscana.it\/it\/summer-knights-2022-a-pisa-in-concerto-elisa-achille-lauro-ariete-francesco-gabbani\/#primaryimage","url":"https:\/\/www.intoscana.it\/wp-content\/uploads\/achille-lauro_ph-luca-damelio-1-b-2.jpg","contentUrl":"https:\/\/www.intoscana.it\/wp-content\/uploads\/achille-lauro_ph-luca-damelio-1-b-2.jpg","width":1024,"height":915,"caption":"Achille Lauro"},{"@type":"BreadcrumbList","@id":"https:\/\/www.intoscana.it\/it\/summer-knights-2022-a-pisa-in-concerto-elisa-achille-lauro-ariete-francesco-gabbani\/#breadcrumb","itemListElement":[{"@type":"ListItem","position":1,"name":"Home","item":"https:\/\/www.intoscana.it\/it\/"},{"@type":"ListItem","position":2,"name":"Summer Knights 2022 a Pisa: in concerto Elisa, Achille Lauro, Ariete, Francesco Gabbani"}]},{"@type":"WebSite","@id":"https:\/\/www.intoscana.it\/it\/#website","url":"https:\/\/www.intoscana.it\/it\/","name":"intoscana","description":"","potentialAction":[{"@type":"SearchAction","target":{"@type":"EntryPoint","urlTemplate":"https:\/\/www.intoscana.it\/it\/?s={search_term_string}"},"query-input":{"@type":"PropertyValueSpecification","valueRequired":true,"valueName":"search_term_string"}}],"inLanguage":"it-IT"},{"@type":"Person","@id":"https:\/\/www.intoscana.it\/it\/#\/schema\/person\/9223810753230f20bd670fdd322661f8","name":"Redazione","url":"https:\/\/www.intoscana.it\/it\/author\/redazione\/"}]}},"_links":{"self":[{"href":"https:\/\/www.intoscana.it\/it\/wp-json\/wp\/v2\/posts\/243489","targetHints":{"allow":["GET"]}}],"collection":[{"href":"https:\/\/www.intoscana.it\/it\/wp-json\/wp\/v2\/posts"}],"about":[{"href":"https:\/\/www.intoscana.it\/it\/wp-json\/wp\/v2\/types\/post"}],"author":[{"embeddable":true,"href":"https:\/\/www.intoscana.it\/it\/wp-json\/wp\/v2\/users\/525"}],"replies":[{"embeddable":true,"href":"https:\/\/www.intoscana.it\/it\/wp-json\/wp\/v2\/comments?post=243489"}],"version-history":[{"count":0,"href":"https:\/\/www.intoscana.it\/it\/wp-json\/wp\/v2\/posts\/243489\/revisions"}],"wp:featuredmedia":[{"embeddable":true,"href":"https:\/\/www.intoscana.it\/it\/wp-json\/wp\/v2\/media\/97997"}],"wp:attachment":[{"href":"https:\/\/www.intoscana.it\/it\/wp-json\/wp\/v2\/media?parent=243489"}],"wp:term":[{"taxonomy":"category","embeddable":true,"href":"https:\/\/www.intoscana.it\/it\/wp-json\/wp\/v2\/categories?post=243489"},{"taxonomy":"post_tag","embeddable":true,"href":"https:\/\/www.intoscana.it\/it\/wp-json\/wp\/v2\/tags?post=243489"}],"curies":[{"name":"wp","href":"https:\/\/api.w.org\/{rel}","templated":true}]}}